{"id":8382,"date":"2018-09-05T14:36:29","date_gmt":"2018-09-05T18:36:29","guid":{"rendered":"http:\/\/www.fieam.org.br\/senai\/?p=8382"},"modified":"2018-09-05T14:36:29","modified_gmt":"2018-09-05T18:36:29","slug":"senai-amazonas-prepara-empresas-para-industria-4-0","status":"publish","type":"post","link":"https:\/\/fieam.org.br\/senai\/senai-amazonas-prepara-empresas-para-industria-4-0\/","title":{"rendered":"SENAI Amazonas prepara empresas para ind\u00fastria 4.0"},"content":{"rendered":"<p><a href=\"http:\/\/www.fieam.org.br\/senai\/wp-content\/uploads\/sites\/3\/2018\/09\/Servi\u00e7os-de-baixo-custo-s\u00e3o-oferecidos-pelo-SENAI-para-atender-\u00e0s-mudan\u00e7as-na-ind\u00fastria.jpg\"><img fetchpriority=\"high\" decoding=\"async\" class=\"alignnone size-large wp-image-8384\" src=\"http:\/\/www.fieam.org.br\/senai\/wp-content\/uploads\/sites\/3\/2018\/09\/Servi\u00e7os-de-baixo-custo-s\u00e3o-oferecidos-pelo-SENAI-para-atender-\u00e0s-mudan\u00e7as-na-ind\u00fastria-1024x683.jpg\" alt=\"\" width=\"1024\" height=\"683\" \/><\/a><\/p>\n<p>Empresas de todos os portes j\u00e1 podem se inserir na ind\u00fastria 4.0 com medidas de baixo custo. \u00c9 o que anuncia o presidente da Federa\u00e7\u00e3o das Ind\u00fastrias do Estado do Amazonas (FIEAM) e presidente do Conselho Regional do Servi\u00e7o Nacional de Aprendizagem Industrial (SENAI Amazonas), Antonio Silva. Para demonstrar como a quarta revolu\u00e7\u00e3o industrial \u00e9 uma grande oportunidade para tornar uma empresa mais produtiva e competitiva, o SENAI vai promover no dia 12, \u00e0s 17 horas, o evento gratuito \u201cDesvendar 4.0\u201d, no audit\u00f3rio Arivaldo Silveira Fontes &#8211; Avenida Rodrigo Ot\u00e1vio, 2394, Distrito Industrial.<\/p>\n<p>No Amazonas, o SENAI j\u00e1 come\u00e7ou a preparar empresas para o uso de novas tecnologias digitais, por meio do projeto-piloto Ind\u00fastria + Avan\u00e7ada (I+A), primeiro passo para o aumento da produtividade com upgrade tecnol\u00f3gico e mudan\u00e7as de cultura na gest\u00e3o do ch\u00e3o de f\u00e1brica, que leva em m\u00e9dia de tr\u00eas a quatro meses.<\/p>\n<p>\u201cA expectativa do SENAI com projeto I+A \u00e9 a continuidade do Programa Ind\u00fastria mais Produtiva (Manufatura Enxuta), composto por uma plataforma de compet\u00eancia e m\u00e9todos de consultoria em digitaliza\u00e7\u00e3o e conectividade, com foco na sustenta\u00e7\u00e3o e melhoria dos resultados alcan\u00e7ados ap\u00f3s a primeira interven\u00e7\u00e3o em manufatura enxuta\u201d, explica o consultor t\u00e9cnico do SENAI, Charles Guimar\u00e3es.<\/p>\n<p>Inicialmente, participam do I+A a Natan Congelados (Panificadora Cintia) e a Vinagre Virrosas, empresas que v\u00e3o receber sensores e equipamentos digitais, que monitoram em tempo real seus processos produtivos, com previs\u00e3o de finaliza\u00e7\u00e3o em dezembro. As empresas participantes do I+A est\u00e3o dando continuidade ao processo de melhorias, iniciado com o Programa Brasil Mais Produtivo (B+P).<\/p>\n<p>Para atender \u00e0s necessidades em ind\u00fastria 4.0, o SENAI Amazonas conta com o Instituto SENAI de Inova\u00e7\u00e3o (ISI), que realiza acompanhamento t\u00e9cnico e ajuda a encontrar solu\u00e7\u00f5es espec\u00edficas para o setor, para que o gestor consiga obter respostas r\u00e1pidas ao que est\u00e1 acontecendo em seu processo produtivo.<\/p>\n<p>\u201cPara que as pequenas e m\u00e9dias empresas possam ingressar no I+A e se adequarem \u00e0 ind\u00fastria 4.0, precisam passar por an\u00e1lises de seus processos para identifica\u00e7\u00e3o dos custos envolvidos. Caso seja uma solu\u00e7\u00e3o j\u00e1 existente o processo de digitaliza\u00e7\u00e3o e conectividade pode ocorrer com um custo bastante acess\u00edvel\u201d, revela Guimar\u00e3es.<\/p>\n<p>Para atender ao novo modelo da ind\u00fastria, a educa\u00e7\u00e3o \u00e9 o caminho para quem deseja dominar as novas tecnologias, por isso o SENAI Amazonas tamb\u00e9m j\u00e1 oferece capacita\u00e7\u00e3o aos profissionais com os cursos \u201cConectando a Ind\u00fastria Avan\u00e7ada\u201d, de 1\u00ba a 15 de outubro, \u201cPrograma\u00e7\u00e3o para IoT (Internet of Things)\u201d, de 16 de outubro a 14 de novembro, e \u201cExplorando Big Data\u201d, de 21 de novembro a 11 de dezembro.<\/p>\n<p>&nbsp;<\/p>\n<p>O evento \u201cDesvendar 4.0\u201d \u00e9 uma iniciativa da CNI e tem vagas limitadas, veja programa\u00e7\u00e3o:<\/p>\n<p>17h00 \u2013 Credenciamento<\/p>\n<p>17h45 \u2013 Boas Vindas<\/p>\n<p>18h00 &#8211; Palestra Nacional: Desvendar 4.0, com Silvio Romero de Lemos Meira, cientista, professor e empreendedor\u00a0brasileiro com atua\u00e7\u00e3o na \u00e1rea de engenharia de software e inova\u00e7\u00e3o.<\/p>\n<p>18h50 &#8211; Palestra Entendendo a Ind\u00fastria 4.0, com Marcelo Aguiar, Gerente Geral de Tecnologia e Inova\u00e7\u00e3o do SENAI-Amazonas e Coordenador das a\u00e7\u00f5es da Ind\u00fastria SENAI 4.0 no Amazonas.<\/p>\n<p>19h20 \u2013 Oportunidades da Ind\u00fastria 4.0 \u2013 Aplicabilidades<\/p>\n<p>19h30 \u2013 Painel de Inova\u00e7\u00e3o \u2013 Mediador Marcos Souza e Convidados<\/p>\n<p>\u2013 Sorteio de Brindes<\/p>\n<p>20h30 \u2013 Coquetel de Encerramento<\/p>\n<p>&nbsp;<\/p>\n<p>Inscri\u00e7\u00f5es abertas no site <a href=\"http:\/\/www.fieam.org.br\">www.fieam.org.br<\/a>, enquanto houver vagas.<\/p>\n<p>Cr\u00e9ditos: CNI e Diretoria de Comunica\u00e7\u00e3o e Marketing<\/p>\n","protected":false},"excerpt":{"rendered":"<p>Empresas de todos os portes j\u00e1 podem se inserir na ind\u00fastria 4.0 com medidas de baixo custo. \u00c9 o que anuncia o presidente da Federa\u00e7\u00e3o das Ind\u00fastrias do Estado do Amazonas (FIEAM) e presidente do Conselho Regional do Servi\u00e7o Nacional de Aprendizagem Industrial (SENAI Amazonas), Antonio Silva. Para demonstrar como a quarta revolu\u00e7\u00e3o industrial \u00e9 [&hellip;]<\/p>\n","protected":false},"author":1,"featured_media":8383,"comment_status":"closed","ping_status":"open","sticky":false,"template":"","format":"standard","meta":{"footnotes":""},"categories":[25],"tags":[],"class_list":["post-8382","post","type-post","status-publish","format-standard","has-post-thumbnail","hentry","category-sem-categoria"],"yoast_head":"<!-- This site is optimized with the Yoast SEO plugin v26.8 - https:\/\/yoast.com\/product\/yoast-seo-wordpress\/ -->\n<title>SENAI Amazonas prepara empresas para ind\u00fastria 4.0 - SENAI<\/title>\n<meta name=\"robots\" content=\"index, follow, max-snippet:-1, max-image-preview:large, max-video-preview:-1\" \/>\n<link rel=\"canonical\" href=\"https:\/\/fieam.org.br\/senai\/senai-amazonas-prepara-empresas-para-industria-4-0\/\" \/>\n<meta property=\"og:locale\" content=\"pt_BR\" \/>\n<meta property=\"og:type\" content=\"article\" \/>\n<meta property=\"og:title\" content=\"SENAI Amazonas prepara empresas para ind\u00fastria 4.0 - SENAI\" \/>\n<meta property=\"og:description\" content=\"Empresas de todos os portes j\u00e1 podem se inserir na ind\u00fastria 4.0 com medidas de baixo custo. \u00c9 o que anuncia o presidente da Federa\u00e7\u00e3o das Ind\u00fastrias do Estado do Amazonas (FIEAM) e presidente do Conselho Regional do Servi\u00e7o Nacional de Aprendizagem Industrial (SENAI Amazonas), Antonio Silva. Para demonstrar como a quarta revolu\u00e7\u00e3o industrial \u00e9 [&hellip;]\" \/>\n<meta property=\"og:url\" content=\"https:\/\/fieam.org.br\/senai\/senai-amazonas-prepara-empresas-para-industria-4-0\/\" \/>\n<meta property=\"og:site_name\" content=\"SENAI\" \/>\n<meta property=\"article:published_time\" content=\"2018-09-05T18:36:29+00:00\" \/>\n<meta name=\"author\" content=\"Autor\" \/>\n<meta name=\"twitter:card\" content=\"summary_large_image\" \/>\n<meta name=\"twitter:label1\" content=\"Escrito por\" \/>\n\t<meta name=\"twitter:data1\" content=\"Autor\" \/>\n\t<meta name=\"twitter:label2\" content=\"Est. tempo de leitura\" \/>\n\t<meta name=\"twitter:data2\" content=\"3 minutos\" \/>\n<script type=\"application\/ld+json\" class=\"yoast-schema-graph\">{\"@context\":\"https:\/\/schema.org\",\"@graph\":[{\"@type\":\"Article\",\"@id\":\"https:\/\/fieam.org.br\/senai\/senai-amazonas-prepara-empresas-para-industria-4-0\/#article\",\"isPartOf\":{\"@id\":\"https:\/\/fieam.org.br\/senai\/senai-amazonas-prepara-empresas-para-industria-4-0\/\"},\"author\":{\"name\":\"Autor\",\"@id\":\"https:\/\/fieam.org.br\/senai\/#\/schema\/person\/c1ceda8321521b291cee22da0a7d34be\"},\"headline\":\"SENAI Amazonas prepara empresas para ind\u00fastria 4.0\",\"datePublished\":\"2018-09-05T18:36:29+00:00\",\"mainEntityOfPage\":{\"@id\":\"https:\/\/fieam.org.br\/senai\/senai-amazonas-prepara-empresas-para-industria-4-0\/\"},\"wordCount\":592,\"publisher\":{\"@id\":\"https:\/\/fieam.org.br\/senai\/#organization\"},\"image\":{\"@id\":\"https:\/\/fieam.org.br\/senai\/senai-amazonas-prepara-empresas-para-industria-4-0\/#primaryimage\"},\"thumbnailUrl\":\"\",\"inLanguage\":\"pt-BR\"},{\"@type\":\"WebPage\",\"@id\":\"https:\/\/fieam.org.br\/senai\/senai-amazonas-prepara-empresas-para-industria-4-0\/\",\"url\":\"https:\/\/fieam.org.br\/senai\/senai-amazonas-prepara-empresas-para-industria-4-0\/\",\"name\":\"SENAI Amazonas prepara empresas para ind\u00fastria 4.0 - SENAI\",\"isPartOf\":{\"@id\":\"https:\/\/fieam.org.br\/senai\/#website\"},\"primaryImageOfPage\":{\"@id\":\"https:\/\/fieam.org.br\/senai\/senai-amazonas-prepara-empresas-para-industria-4-0\/#primaryimage\"},\"image\":{\"@id\":\"https:\/\/fieam.org.br\/senai\/senai-amazonas-prepara-empresas-para-industria-4-0\/#primaryimage\"},\"thumbnailUrl\":\"\",\"datePublished\":\"2018-09-05T18:36:29+00:00\",\"breadcrumb\":{\"@id\":\"https:\/\/fieam.org.br\/senai\/senai-amazonas-prepara-empresas-para-industria-4-0\/#breadcrumb\"},\"inLanguage\":\"pt-BR\",\"potentialAction\":[{\"@type\":\"ReadAction\",\"target\":[\"https:\/\/fieam.org.br\/senai\/senai-amazonas-prepara-empresas-para-industria-4-0\/\"]}]},{\"@type\":\"ImageObject\",\"inLanguage\":\"pt-BR\",\"@id\":\"https:\/\/fieam.org.br\/senai\/senai-amazonas-prepara-empresas-para-industria-4-0\/#primaryimage\",\"url\":\"\",\"contentUrl\":\"\"},{\"@type\":\"BreadcrumbList\",\"@id\":\"https:\/\/fieam.org.br\/senai\/senai-amazonas-prepara-empresas-para-industria-4-0\/#breadcrumb\",\"itemListElement\":[{\"@type\":\"ListItem\",\"position\":1,\"name\":\"In\u00edcio\",\"item\":\"https:\/\/fieam.org.br\/senai\/\"},{\"@type\":\"ListItem\",\"position\":2,\"name\":\"SENAI Amazonas prepara empresas para ind\u00fastria 4.0\"}]},{\"@type\":\"WebSite\",\"@id\":\"https:\/\/fieam.org.br\/senai\/#website\",\"url\":\"https:\/\/fieam.org.br\/senai\/\",\"name\":\"SENAI\",\"description\":\"Site Oficial!\",\"publisher\":{\"@id\":\"https:\/\/fieam.org.br\/senai\/#organization\"},\"potentialAction\":[{\"@type\":\"SearchAction\",\"target\":{\"@type\":\"EntryPoint\",\"urlTemplate\":\"https:\/\/fieam.org.br\/senai\/?s={search_term_string}\"},\"query-input\":{\"@type\":\"PropertyValueSpecification\",\"valueRequired\":true,\"valueName\":\"search_term_string\"}}],\"inLanguage\":\"pt-BR\"},{\"@type\":\"Organization\",\"@id\":\"https:\/\/fieam.org.br\/senai\/#organization\",\"name\":\"SENAI\",\"url\":\"https:\/\/fieam.org.br\/senai\/\",\"logo\":{\"@type\":\"ImageObject\",\"inLanguage\":\"pt-BR\",\"@id\":\"https:\/\/fieam.org.br\/senai\/#\/schema\/logo\/image\/\",\"url\":\"https:\/\/fieam.org.br\/senai\/wp-content\/uploads\/sites\/16\/2024\/03\/cropped-fav.png\",\"contentUrl\":\"https:\/\/fieam.org.br\/senai\/wp-content\/uploads\/sites\/16\/2024\/03\/cropped-fav.png\",\"width\":592,\"height\":577,\"caption\":\"SENAI\"},\"image\":{\"@id\":\"https:\/\/fieam.org.br\/senai\/#\/schema\/logo\/image\/\"}},{\"@type\":\"Person\",\"@id\":\"https:\/\/fieam.org.br\/senai\/#\/schema\/person\/c1ceda8321521b291cee22da0a7d34be\",\"name\":\"Autor\",\"image\":{\"@type\":\"ImageObject\",\"inLanguage\":\"pt-BR\",\"@id\":\"https:\/\/fieam.org.br\/senai\/#\/schema\/person\/image\/\",\"url\":\"https:\/\/secure.gravatar.com\/avatar\/3732c223e0e1fad69062a8f770955c9068d37b055204f310a0be18d4069fe380?s=96&d=mm&r=g\",\"contentUrl\":\"https:\/\/secure.gravatar.com\/avatar\/3732c223e0e1fad69062a8f770955c9068d37b055204f310a0be18d4069fe380?s=96&d=mm&r=g\",\"caption\":\"Autor\"},\"sameAs\":[\"https:\/\/marketingmassivo.com.br\"],\"url\":\"https:\/\/fieam.org.br\/senai\/author\/admin\/\"}]}<\/script>\n<!-- \/ Yoast SEO plugin. -->","yoast_head_json":{"title":"SENAI Amazonas prepara empresas para ind\u00fastria 4.0 - SENAI","robots":{"index":"index","follow":"follow","max-snippet":"max-snippet:-1","max-image-preview":"max-image-preview:large","max-video-preview":"max-video-preview:-1"},"canonical":"https:\/\/fieam.org.br\/senai\/senai-amazonas-prepara-empresas-para-industria-4-0\/","og_locale":"pt_BR","og_type":"article","og_title":"SENAI Amazonas prepara empresas para ind\u00fastria 4.0 - SENAI","og_description":"Empresas de todos os portes j\u00e1 podem se inserir na ind\u00fastria 4.0 com medidas de baixo custo. \u00c9 o que anuncia o presidente da Federa\u00e7\u00e3o das Ind\u00fastrias do Estado do Amazonas (FIEAM) e presidente do Conselho Regional do Servi\u00e7o Nacional de Aprendizagem Industrial (SENAI Amazonas), Antonio Silva. Para demonstrar como a quarta revolu\u00e7\u00e3o industrial \u00e9 [&hellip;]","og_url":"https:\/\/fieam.org.br\/senai\/senai-amazonas-prepara-empresas-para-industria-4-0\/","og_site_name":"SENAI","article_published_time":"2018-09-05T18:36:29+00:00","author":"Autor","twitter_card":"summary_large_image","twitter_misc":{"Escrito por":"Autor","Est. tempo de leitura":"3 minutos"},"schema":{"@context":"https:\/\/schema.org","@graph":[{"@type":"Article","@id":"https:\/\/fieam.org.br\/senai\/senai-amazonas-prepara-empresas-para-industria-4-0\/#article","isPartOf":{"@id":"https:\/\/fieam.org.br\/senai\/senai-amazonas-prepara-empresas-para-industria-4-0\/"},"author":{"name":"Autor","@id":"https:\/\/fieam.org.br\/senai\/#\/schema\/person\/c1ceda8321521b291cee22da0a7d34be"},"headline":"SENAI Amazonas prepara empresas para ind\u00fastria 4.0","datePublished":"2018-09-05T18:36:29+00:00","mainEntityOfPage":{"@id":"https:\/\/fieam.org.br\/senai\/senai-amazonas-prepara-empresas-para-industria-4-0\/"},"wordCount":592,"publisher":{"@id":"https:\/\/fieam.org.br\/senai\/#organization"},"image":{"@id":"https:\/\/fieam.org.br\/senai\/senai-amazonas-prepara-empresas-para-industria-4-0\/#primaryimage"},"thumbnailUrl":"","inLanguage":"pt-BR"},{"@type":"WebPage","@id":"https:\/\/fieam.org.br\/senai\/senai-amazonas-prepara-empresas-para-industria-4-0\/","url":"https:\/\/fieam.org.br\/senai\/senai-amazonas-prepara-empresas-para-industria-4-0\/","name":"SENAI Amazonas prepara empresas para ind\u00fastria 4.0 - SENAI","isPartOf":{"@id":"https:\/\/fieam.org.br\/senai\/#website"},"primaryImageOfPage":{"@id":"https:\/\/fieam.org.br\/senai\/senai-amazonas-prepara-empresas-para-industria-4-0\/#primaryimage"},"image":{"@id":"https:\/\/fieam.org.br\/senai\/senai-amazonas-prepara-empresas-para-industria-4-0\/#primaryimage"},"thumbnailUrl":"","datePublished":"2018-09-05T18:36:29+00:00","breadcrumb":{"@id":"https:\/\/fieam.org.br\/senai\/senai-amazonas-prepara-empresas-para-industria-4-0\/#breadcrumb"},"inLanguage":"pt-BR","potentialAction":[{"@type":"ReadAction","target":["https:\/\/fieam.org.br\/senai\/senai-amazonas-prepara-empresas-para-industria-4-0\/"]}]},{"@type":"ImageObject","inLanguage":"pt-BR","@id":"https:\/\/fieam.org.br\/senai\/senai-amazonas-prepara-empresas-para-industria-4-0\/#primaryimage","url":"","contentUrl":""},{"@type":"BreadcrumbList","@id":"https:\/\/fieam.org.br\/senai\/senai-amazonas-prepara-empresas-para-industria-4-0\/#breadcrumb","itemListElement":[{"@type":"ListItem","position":1,"name":"In\u00edcio","item":"https:\/\/fieam.org.br\/senai\/"},{"@type":"ListItem","position":2,"name":"SENAI Amazonas prepara empresas para ind\u00fastria 4.0"}]},{"@type":"WebSite","@id":"https:\/\/fieam.org.br\/senai\/#website","url":"https:\/\/fieam.org.br\/senai\/","name":"SENAI","description":"Site Oficial!","publisher":{"@id":"https:\/\/fieam.org.br\/senai\/#organization"},"potentialAction":[{"@type":"SearchAction","target":{"@type":"EntryPoint","urlTemplate":"https:\/\/fieam.org.br\/senai\/?s={search_term_string}"},"query-input":{"@type":"PropertyValueSpecification","valueRequired":true,"valueName":"search_term_string"}}],"inLanguage":"pt-BR"},{"@type":"Organization","@id":"https:\/\/fieam.org.br\/senai\/#organization","name":"SENAI","url":"https:\/\/fieam.org.br\/senai\/","logo":{"@type":"ImageObject","inLanguage":"pt-BR","@id":"https:\/\/fieam.org.br\/senai\/#\/schema\/logo\/image\/","url":"https:\/\/fieam.org.br\/senai\/wp-content\/uploads\/sites\/16\/2024\/03\/cropped-fav.png","contentUrl":"https:\/\/fieam.org.br\/senai\/wp-content\/uploads\/sites\/16\/2024\/03\/cropped-fav.png","width":592,"height":577,"caption":"SENAI"},"image":{"@id":"https:\/\/fieam.org.br\/senai\/#\/schema\/logo\/image\/"}},{"@type":"Person","@id":"https:\/\/fieam.org.br\/senai\/#\/schema\/person\/c1ceda8321521b291cee22da0a7d34be","name":"Autor","image":{"@type":"ImageObject","inLanguage":"pt-BR","@id":"https:\/\/fieam.org.br\/senai\/#\/schema\/person\/image\/","url":"https:\/\/secure.gravatar.com\/avatar\/3732c223e0e1fad69062a8f770955c9068d37b055204f310a0be18d4069fe380?s=96&d=mm&r=g","contentUrl":"https:\/\/secure.gravatar.com\/avatar\/3732c223e0e1fad69062a8f770955c9068d37b055204f310a0be18d4069fe380?s=96&d=mm&r=g","caption":"Autor"},"sameAs":["https:\/\/marketingmassivo.com.br"],"url":"https:\/\/fieam.org.br\/senai\/author\/admin\/"}]}},"_links":{"self":[{"href":"https:\/\/fieam.org.br\/senai\/wp-json\/wp\/v2\/posts\/8382","targetHints":{"allow":["GET"]}}],"collection":[{"href":"https:\/\/fieam.org.br\/senai\/wp-json\/wp\/v2\/posts"}],"about":[{"href":"https:\/\/fieam.org.br\/senai\/wp-json\/wp\/v2\/types\/post"}],"author":[{"embeddable":true,"href":"https:\/\/fieam.org.br\/senai\/wp-json\/wp\/v2\/users\/1"}],"replies":[{"embeddable":true,"href":"https:\/\/fieam.org.br\/senai\/wp-json\/wp\/v2\/comments?post=8382"}],"version-history":[{"count":0,"href":"https:\/\/fieam.org.br\/senai\/wp-json\/wp\/v2\/posts\/8382\/revisions"}],"wp:featuredmedia":[{"embeddable":true,"href":"https:\/\/fieam.org.br\/senai\/wp-json\/"}],"wp:attachment":[{"href":"https:\/\/fieam.org.br\/senai\/wp-json\/wp\/v2\/media?parent=8382"}],"wp:term":[{"taxonomy":"category","embeddable":true,"href":"https:\/\/fieam.org.br\/senai\/wp-json\/wp\/v2\/categories?post=8382"},{"taxonomy":"post_tag","embeddable":true,"href":"https:\/\/fieam.org.br\/senai\/wp-json\/wp\/v2\/tags?post=8382"}],"curies":[{"name":"wp","href":"https:\/\/api.w.org\/{rel}","templated":true}]}}