{"id":8114,"date":"2018-06-25T08:09:59","date_gmt":"2018-06-25T12:09:59","guid":{"rendered":"http:\/\/www.fieam.org.br\/senai\/?p=8114"},"modified":"2018-06-25T08:09:59","modified_gmt":"2018-06-25T12:09:59","slug":"profissionais-que-dominarem-competencias-da-industria-4-0-vao-ter-mais-chances-no-mercado","status":"publish","type":"post","link":"https:\/\/fieam.org.br\/senai\/profissionais-que-dominarem-competencias-da-industria-4-0-vao-ter-mais-chances-no-mercado\/","title":{"rendered":"Profissionais que dominarem compet\u00eancias da Ind\u00fastria 4.0  v\u00e3o ter mais chances no mercado"},"content":{"rendered":"<p style=\"text-align: center\"><em>A afirma\u00e7\u00e3o \u00e9 do diretor-geral do SENAI, Rafael Lucchesi. Em entrevista, ele analisa os impactos da quarta revolu\u00e7\u00e3o industrial, aponta quais s\u00e3o as profiss\u00f5es que devem ganhar com as mudan\u00e7as e fala sobre o novo formato da Olimp\u00edada do Conhecimento, que ocorre em Bras\u00edlia, de 5 a 8 de julho<\/em><\/p>\n<p>&nbsp;<\/p>\n<p>Novas tecnologias, como big data, intelig\u00eancia artificial e internet das coisas v\u00e3o transformar os neg\u00f3cios e o mercado de trabalho. A tend\u00eancia \u00e9 que atividades repetitivas e insalubres sejam realizadas por m\u00e1quinas. Por outro lado, profissionais que dominem as novas tecnologias e tenham compet\u00eancias socioemocionais \u2013 como saber trabalhar em equipe com criatividade e empreededorismo \u2013 devem se posicionar melhor no novo mundo que vai mudar completamente.<\/p>\n<p>A avalia\u00e7\u00e3o \u00e9 do diretor-geral do\u00a0<a href=\"http:\/\/www.portaldaindustria.com.br\/senai\">Servi\u00e7o Nacional de Aprendizagem Industrial (SENAI)<\/a>, Rafael Lucchesi, nesta\u00a0entrevista \u00e0\u00a0<a href=\"http:\/\/noticias.portaldaindustria.com.br\/\">Ag\u00eancia CNI de Not\u00edcias<\/a>. Ele analisa os impactos da quarta revolu\u00e7\u00e3o industrial, tamb\u00e9m chamada de Ind\u00fastria 4.0; aponta quais s\u00e3o as profiss\u00f5es que devem ganhar com as mudan\u00e7as e fala sobre o novo formato da\u00a0<a href=\"http:\/\/www.portaldaindustria.com.br\/senai\/canais\/oc2018\/\"><strong>Olimp\u00edada do Conhecimento<\/strong><\/a>, que ocorre em Bras\u00edlia, de 5 a 8 de julho.<\/p>\n<p>Em sua 10\u00aa edi\u00e7\u00e3o, o evento vai apresentar como ser\u00e3o as cidades inteligentes, a educa\u00e7\u00e3o do futuro e como as novas tecnologias podem promover o uso eficiente de recursos, a redu\u00e7\u00e3o dos impactos ambientais e a melhoria da qualidade de vida das pessoas.<\/p>\n<p><strong>AG\u00caNCIA CNI DE NOT\u00cdCIAS &#8211; O\u00a0mundo passa pela 4\u00aa revolu\u00e7\u00e3o industrial. Quais s\u00e3o os impactos dessa transforma\u00e7\u00e3o?\u00a0<\/strong><\/p>\n<p><strong>RAFAEL LUCCHESI &#8211;\u00a0<\/strong>Existe um conjunto de novas tecnologias tranformadoras baseado em novas rotas tecnol\u00f3gicas como big data, internet das coisas, produ\u00e7\u00e3o integrada e conectada, manufatura avan\u00e7ada, ind\u00fastria aditiva e intelig\u00eancia artificial. H\u00e1 200 anos temos mudan\u00e7as no paradigma t\u00e9cnico-econ\u00f4mico, mas eram rotas tecnol\u00f3gicas mais simples \u2013 m\u00e1quina a vapor, motor a combust\u00e3o interno e motor el\u00e9trico e, mais tarde, as mudan\u00e7as baseadas em microeletr\u00f4nica e telecomunica\u00e7\u00f5es. T\u00ednhamos uma ou duas rotas t\u00e9cnicas e agora temos um conjunto mais complexo. Historicamente, essas transforma\u00e7\u00f5es propiciam mais conforto e qualidade de vida para popula\u00e7\u00e3o.<\/p>\n<p>H\u00e1 tamb\u00e9m uma mudan\u00e7a cultural no estilo de vida das pessoas, no emprego e nas rela\u00e7\u00f5es de produ\u00e7\u00e3o. Os pr\u00f3ximos dez anos v\u00e3o ter um forte de impacto em definir empresas e atores econ\u00f4micos que estar\u00e3o mais bem posicionados. \u00a0\u00c9 claro que pa\u00edses com pol\u00edticas p\u00fablicas que est\u00e3o estimulando fortemente esses novos vetores tecnol\u00f3gicos e reconfigurando a economia mundial v\u00e3o ter empresas mais bem sucedidas e com repercuss\u00e3o sobre seu territ\u00f3rio.<\/p>\n<p><strong>AG\u00caNCIA CNI DE NOT\u00cdCIAS &#8211; E como o Brasil se posiciona nessa quest\u00e3o?\u00a0<\/strong><\/p>\n<p><strong>RAFAEL LUCCHESI &#8211;\u00a0<\/strong>H\u00e1 uma diferen\u00e7a enorme entre os US$ 500 bilh\u00f5es por ano que os Estados Unidos t\u00eam colocado nesses novos fatores de competitividade para o futuro, a partir de uma agenda de pol\u00edticas p\u00fablicas, e os cerca de US$ 15 bilh\u00f5es a US$ 20 bilh\u00f5es que o Brasil tem posto. Ent\u00e3o, o pa\u00eds ainda precisa fazer uma a\u00e7\u00e3o forte na agenda de pol\u00edticas p\u00fablicas nesse campo.<\/p>\n<p>Al\u00e9m disso, no s\u00e9culo XX, as sociedades avan\u00e7aram com estabilidade macroecon\u00f4mica, com rela\u00e7\u00f5es de trabalho que se modernizaram, com infraestrutura que prosperou e impulsinou a economia. N\u00f3s n\u00e3o resolvemos essa agenda e estamos encarando um mundo que se transforma velozmente.\u00a0Por isso, o Brasil tem um duplo desafio: teremos de ser capazes de solucionar os problemas do s\u00e9culo XX que deixamos para tr\u00e1s e resolver simultaneamente os problemas da capacidade inovativa. Evidentemente, todo processo de mudan\u00e7a cria janelas de oportunidades que s\u00e3o importantes.<\/p>\n<p>Est\u00e1 se abrindo novamente um novo per\u00edodo de mudan\u00e7a e as sociedades que v\u00e3o melhor capturar isso s\u00e3o aquelas com estruturas institucionais mais flex\u00edveis. Os emergentes, normalmente, fazem da sua capacidade adaptativa uma vantagem. O mundo ser\u00e1 impositivo, o Brasil n\u00e3o ser\u00e1 uma bolha no mundo. O pa\u00eds tem oportunidades, depende de como ele vai se movimentar.<\/p>\n<p><strong>AG\u00caNCIA CNI DE NOT\u00cdCIAS &#8211; Como o mercado de trabalho deve ser afetado?<\/strong><\/p>\n<p><strong>RAFAEL LUCCHESI &#8211;\u00a0<\/strong>Primeiro, as novas tecnologias v\u00e3o redefinir muito as novas cadeias de valor. Deve haver uma mir\u00edade de novos neg\u00f3cios poss\u00edveis, desde uma geladeira que vai gerenciar as compras de reposi\u00e7\u00e3o do seu consumo dom\u00e9stico, passando por ve\u00edculos de condu\u00e7\u00e3o aut\u00f4noma, vias inteligentes, assim como uma s\u00e9rie de novas possibilidades que as tecnologias v\u00e3o prover.<\/p>\n<p>Estudos demonstram que 40% das profiss\u00f5es nos Estados Unidos v\u00e3o sofrer o impacto das novas tecnologias. A tend\u00eancia \u00e9 haver menos rela\u00e7\u00f5es de trabalho permanentes e mais v\u00ednculos tempor\u00e1rios, que incorporam um pouco padr\u00f5es culturais que os jovens que entram hoje no mercado de trabalho j\u00e1 buscam voluntariamente. As pessoas v\u00e3o ter um processo cont\u00ednuo de aprendizado ao longo de vida. V\u00e3o precisar se requalificar permanentemente para adquirir novas compet\u00eancias. \u00c9 claro que ainda \u00e9 cedo, prematuro, afirmar o que vai acontecer, mas s\u00e3o tend\u00eancias que est\u00e3o se desenhando.<\/p>\n<p><strong>AG\u00caNCIA CNI DE NOT\u00cdCIAS &#8211; Quais s\u00e3o as profiss\u00f5es que devem ganhar mais relev\u00e2ncia?<\/strong><\/p>\n<p><strong>RAFAEL LUCCHESI &#8211;\u00a0<\/strong>No geral, deve haver uma substitui\u00e7\u00e3o forte de atividades de compet\u00eancias repetitivas. A tend\u00eancia \u00e9 que as novas tecnologias sejam poupadoras desse tipo de trabalho e criem novas oportunidades para interpreta\u00e7\u00e3o de dados, criticidade de dados, tomada de decis\u00f5es mais avan\u00e7adas a partir de intelig\u00eancia artificial, que v\u00e3o propiciar novas formas de ocupa\u00e7\u00e3o.<\/p>\n<p>Ent\u00e3o, profiss\u00f5es mais transversais, que dialogam mais com essas tecnologias devem ser profiss\u00f5es mais valorizadas porque atuam em diversas cadeias e atividades econ\u00f4micas, por exemplo, o t\u00e9cnico de inform\u00e1tica para internet, o t\u00e9cnico em tecnologia da informa\u00e7\u00e3o para hardware e softwares, o t\u00e9cnico em automa\u00e7\u00e3o, em mecatr\u00f4nica, em eletr\u00f4nica, entre outros.<\/p>\n<p><strong>AG\u00caNCIA CNI DE NOT\u00cdCIAS &#8211; As compet\u00eancias socioemocionais, ou softskills, j\u00e1 s\u00e3o necess\u00e1rias no mercado de trabalho hoje. Por que devem ganhar ainda mais import\u00e2ncia?\u00a0<\/strong><\/p>\n<p><strong>RAFAEL LUCCHESI &#8211;\u00a0<\/strong>De fato, essas compet\u00eancias sempre foram importantes no mercado de trabalho. As empresas reconhecem no SENAI, por exemplo, uma capacidade, h\u00e1 d\u00e9cadas, de trabalhar com seus alunos as compet\u00eancias socioemocionais. \u00c9 comum que outras atividades econ\u00f4micas contratem pessoas formadas pelo SENAI e, quando voc\u00ea pergunta o motivo, as empresas dizem que \u00e9 porque a forma\u00e7\u00e3o conta com um conjunto de valores, que podemos chamar de ethos, importantes para os trabalhadores serem mais produtivos. Essas compet\u00eancias s\u00e3o ainda mais importantes porque existe um evolu\u00e7\u00e3o constante da sociedade do conhecimento.<\/p>\n<p>As estruturas empresariais hoje s\u00e3o menos verticalizadas, s\u00e3o mais horizontais e colaborativas. O processo de intera\u00e7\u00e3o dentro da c\u00e9lula de produ\u00e7\u00e3o, das empresas e at\u00e9 mesmo com clientes e fornecedores s\u00e3o cada vez mais importantes para ganhos de produtividade, de efici\u00eancia e para o processo de aprendizagem, ou seja, para se identificar oportunidades de inova\u00e7\u00e3o e de agrega\u00e7\u00e3o de valor aos produtos. A conex\u00e3o dessas compet\u00eancias de relacionamento, trabalho colaborativo, criatividade, interpreta\u00e7\u00e3o de dados, empreendedorismo com compet\u00eancias de forma\u00e7\u00e3o, associada a um trabalho em time no qual as pessoas colaboram porque est\u00e3o comprometidas com o resultado reverte-se em inventividade, criatividade e o ambiente positivo cria uma cultura organizacional mais favor\u00e1vel para a gera\u00e7\u00e3o de riqueza.<\/p>\n<p>Segundo Lucchesi, a fam\u00edlia e os jovens que visitarem a Olimp\u00edada do Conhecimento v\u00e3o se defrontrar com um mundo que se transforma por meio de um conjunto de novas tecnologias e que, evidentemente, vai impactar no futuro de cada um deles<\/p>\n<p><strong>AG\u00caNCIA CNI DE NOT\u00cdCIAS &#8211; Como o jovem que busca uma profiss\u00e3o e o profissional que j\u00e1 est\u00e1 no mercado de trabalho podem se adequar melhor a este momento?<\/strong><\/p>\n<p><strong>RAFAEL LUCCHESI &#8211;\u00a0<\/strong>Minha mensagem para a juventude brasileira \u00e9 convergir para esse movimento que ocorre no mundo inteiro. Uma recomenda\u00e7\u00e3o seria que as pessoas se informem sobre as novas tecnologias e as novas compet\u00eancias exigidas pelo mercado de trabalho. A educa\u00e7\u00e3o profissional \u00e9 uma boa alternativa para essa inser\u00e7\u00e3o profissional.<\/p>\n<p>As profiss\u00f5es t\u00e9cnicas s\u00e3o bem remuneradas, evoluem ao longo do tempo e v\u00e3o permitir uma carreira s\u00f3lida, est\u00e1vel com a possibilidade de prosseguimento dos estudos, por meio de curso superior j\u00e1 com uma profiss\u00e3o definida, seja nas \u00e1reas de gradua\u00e7\u00e3o tecnol\u00f3gica ou nos cursos de Engenharia. Para quem j\u00e1 est\u00e1 no mercado de trabalho, a requalifica\u00e7\u00e3o \u00e9 algo importante porque as tecnologias v\u00e3o estabelecer novos par\u00e2metros de exig\u00eancia para os profissionais.<\/p>\n<p>Aqueles que dominam as compet\u00eancias v\u00e3o ter uma chance muito maior de manter seus v\u00ednculos. \u00c9 tamb\u00e9m uma estrat\u00e9gia importante para quem, eventualmente nesta crise, perdeu o emprego. O caminho mais r\u00e1pido para a reinser\u00e7\u00e3o no mercado de trabalho \u00e9 estabelecer conex\u00e3o com o futuro, ter o dom\u00ednio dessas novas compet\u00eancias porque as chances de reinser\u00e7\u00e3o ser\u00e3o muito maiores. N\u00e3o \u00e9 \u00e0 toa que existe uma enorme valoriza\u00e7\u00e3o da educa\u00e7\u00e3o profissional no mundo.<\/p>\n<p><strong>AG\u00caNCIA CNI DE NOT\u00cdCIAS &#8211; Por que a educa\u00e7\u00e3o profissional tem sido mais valorizada?<\/strong><\/p>\n<p><strong>RAFAEL LUCCHESI &#8211;\u00a0<\/strong>H\u00e1 uma tend\u00eancia no mundo de fortalecer os marcos legais com foco no conceito de compet\u00eancias e habilidades, e a educa\u00e7\u00e3o profissional propicia \u00e0s pessoas justamente dominar as compet\u00eancias que s\u00e3o afirmadas no mundo do trabalho. Isso ocorre na Alemanha, na Finl\u00e2ndia, na Europa continental, nos pa\u00edses asi\u00e1ticos, na Am\u00e9rica do Norte.<\/p>\n<p>H\u00e1 uma tend\u00eancia nos sistemas educacionais do mundo de fortalecer a agenda de educa\u00e7\u00e3o profissional como um modelo de dupla sa\u00edda do sistemas educacionais, especialmente no ensino m\u00e9dio. O Brasil tamb\u00e9m est\u00e1 avan\u00e7ando nessa quest\u00e3o. Foi aprovada a nova lei do ensino m\u00e9dio, que inclui a forma\u00e7\u00e3o t\u00e9cnica e profissional no curr\u00edculo regular, e tem o papel de convergir o sistema educacional brasileiro para a experi\u00eancia dos pa\u00edses mais avan\u00e7ados.<\/p>\n<p><strong>AG\u00caNCIA CNI DE NOT\u00cdCIAS &#8211; Nesta edi\u00e7\u00e3o, a Olimp\u00edada do Conhecimento vai mostrar como a tecnologia deve impactar a vida nas cidades e a educa\u00e7\u00e3o. Por que o evento tem esse novo formato?<\/strong><\/p>\n<p><strong>RAFAEL LUCCHESI &#8211;\u00a0<\/strong>Na edi\u00e7\u00e3o passada (em 2016), j\u00e1 houve uma grande mudan\u00e7a na Olimp\u00edada do Conhecimento, com provas mais curtas, maior intera\u00e7\u00e3o com o p\u00fablico e foi um grande sucesso. Estamos intensificando isso neste ano. Pelas caracter\u00edsticas do calend\u00e1rio eleitoral, estamos fazendo um evento de demonstra\u00e7\u00e3o e debate sobre as novas tecnologias da Ind\u00fastria 4.0. As cidades inteligentes abrigam empresas, resid\u00eancias e as mudan\u00e7as tecnol\u00f3gicas interferem na vida cotidiana de todos n\u00f3s.<\/p>\n<p>Como h\u00e1 uma grande discuss\u00e3o na sociedade, em um ano de elei\u00e7\u00e3o presidencial, fizemos algo mais aberto, mais voltado para o debate na sociedade. O Sistema Ind\u00fastria quer sensibilizar as autoridades para a import\u00e2ncia deste novo momento hist\u00f3rico. O SESI e o SENAI v\u00e3o estar na Olimp\u00edada como parte afirmativa dessas transforma\u00e7\u00f5es da sociedade, dialogando com os novos vetores tecnol\u00f3gicos.<\/p>\n<p>H\u00e1 um conjunto de novas tecnologias que ir\u00e3o transformar o mundo e n\u00f3s queremos estimular esse debate na sociedade para que haja uma melhor compreens\u00e3o da import\u00e2ncia de o Brasil buscar o protagonismo nessa agenda transformadora, baseada em inova\u00e7\u00e3o que vai impactar fortemente na gera\u00e7\u00e3o de riqueza no futuro.<\/p>\n<p><strong>AG\u00caNCIA CNI DE NOT\u00cdCIAS &#8211; De que forma a Olimp\u00edada pode inspirar a fam\u00edlia que vai visitar o evento?\u00a0<\/strong><\/p>\n<p><strong>RAFAEL LUCCHESI &#8211;\u00a0<\/strong>A fam\u00edlia e os jovens que visitarem a Olimp\u00edada v\u00e3o se defrontrar com um mundo que se transforma por meio de um conjunto de novas tecnologias e que, evidentemente, vai impactar no futuro de cada um deles. Os mais bem sucedidos ser\u00e3o aqueles que fizerem um plano de desenvolvimento indidivual que dialogue melhor com esse futuro que vir\u00e1 r\u00e1pido, intenso e transformador. Se as pessoas estiverem dialogando melhor com essas novas tend\u00eancias e moverem o dom\u00ednio das suas compet\u00eancias individuais com as compet\u00eancias que ser\u00e3o requeridas no futuro, elas certamente v\u00e3o ser mais bem sucedidas.<\/p>\n<p>&nbsp;<\/p>\n<p><strong>ATENDIMENTO \u00c0 IMPRENSA<\/strong><\/p>\n<p><strong>Superintend\u00eancia de Jornalismo da CNI<\/strong><\/p>\n<p>(61) 3317-9578 \/ 9895<\/p>\n<p><a href=\"mailto:imprensa@cni.org.br\">imprensa@cni.com.br<\/a><\/p>\n<p>&nbsp;<\/p>\n<p><strong>SITE<\/strong><\/p>\n<p><a href=\"https:\/\/app.workr.com.br\/LinkOpen.aspx?mid=af2af379-d494-4a15-93bc-6a1e9de08a95&amp;lid=l3F\/6PRlspEfYCFK5XBNIw==\">http:\/\/www.portaldaindustria.com.br\/<\/a><\/p>\n<p>&nbsp;<\/p>\n<p><strong>REDES SOCIAIS<\/strong><\/p>\n<p><a href=\"https:\/\/app.workr.com.br\/LinkOpen.aspx?mid=af2af379-d494-4a15-93bc-6a1e9de08a95&amp;lid=RfCCwsPEqHLMfZZVp9lOoA==\">https:\/\/twitter.com\/CNI_br<\/a><\/p>\n<p><a href=\"https:\/\/app.workr.com.br\/LinkOpen.aspx?mid=af2af379-d494-4a15-93bc-6a1e9de08a95&amp;lid=0OUT2PyMN70tsQMsCsqCmQ==\">https:\/\/www.facebook.com\/cnibrasil<\/a><\/p>\n<p><a href=\"https:\/\/app.workr.com.br\/LinkOpen.aspx?mid=af2af379-d494-4a15-93bc-6a1e9de08a95&amp;lid=OIBBmj9oSP0YBxURbQObLQ==\">http:\/\/www.youtube.com\/user\/cniweb<\/a><\/p>\n<p>&nbsp;<\/p>\n<p><strong>IMAGENS<\/strong><\/p>\n<p><a href=\"https:\/\/app.workr.com.br\/LinkOpen.aspx?mid=af2af379-d494-4a15-93bc-6a1e9de08a95&amp;lid=DMTnzIVSDvot1XkW1si4ww==\">https:\/\/www.flickr.com\/photos\/cniweb\/<\/a><\/p>\n","protected":false},"excerpt":{"rendered":"<p>A afirma\u00e7\u00e3o \u00e9 do diretor-geral do SENAI, Rafael Lucchesi. Em entrevista, ele analisa os impactos da quarta revolu\u00e7\u00e3o industrial, aponta quais s\u00e3o as profiss\u00f5es que devem ganhar com as mudan\u00e7as e fala sobre o novo formato da Olimp\u00edada do Conhecimento, que ocorre em Bras\u00edlia, de 5 a 8 de julho &nbsp; Novas tecnologias, como big [&hellip;]<\/p>\n","protected":false},"author":1,"featured_media":8115,"comment_status":"closed","ping_status":"open","sticky":false,"template":"","format":"standard","meta":{"footnotes":""},"categories":[20,22],"tags":[],"class_list":["post-8114","post","type-post","status-publish","format-standard","has-post-thumbnail","hentry","category-banner-destaque","category-news_destaque"],"yoast_head":"<!-- This site is optimized with the Yoast SEO plugin v26.8 - https:\/\/yoast.com\/product\/yoast-seo-wordpress\/ -->\n<title>Profissionais que dominarem compet\u00eancias da Ind\u00fastria 4.0 v\u00e3o ter mais chances no mercado - SENAI<\/title>\n<meta name=\"robots\" content=\"index, follow, max-snippet:-1, max-image-preview:large, max-video-preview:-1\" \/>\n<link rel=\"canonical\" href=\"https:\/\/fieam.org.br\/senai\/profissionais-que-dominarem-competencias-da-industria-4-0-vao-ter-mais-chances-no-mercado\/\" \/>\n<meta property=\"og:locale\" content=\"pt_BR\" \/>\n<meta property=\"og:type\" content=\"article\" \/>\n<meta property=\"og:title\" content=\"Profissionais que dominarem compet\u00eancias da Ind\u00fastria 4.0 v\u00e3o ter mais chances no mercado - SENAI\" \/>\n<meta property=\"og:description\" content=\"A afirma\u00e7\u00e3o \u00e9 do diretor-geral do SENAI, Rafael Lucchesi. Em entrevista, ele analisa os impactos da quarta revolu\u00e7\u00e3o industrial, aponta quais s\u00e3o as profiss\u00f5es que devem ganhar com as mudan\u00e7as e fala sobre o novo formato da Olimp\u00edada do Conhecimento, que ocorre em Bras\u00edlia, de 5 a 8 de julho &nbsp; Novas tecnologias, como big [&hellip;]\" \/>\n<meta property=\"og:url\" content=\"https:\/\/fieam.org.br\/senai\/profissionais-que-dominarem-competencias-da-industria-4-0-vao-ter-mais-chances-no-mercado\/\" \/>\n<meta property=\"og:site_name\" content=\"SENAI\" \/>\n<meta property=\"article:published_time\" content=\"2018-06-25T12:09:59+00:00\" \/>\n<meta property=\"og:image\" content=\"https:\/\/fieam.org.br\/senai\/wp-content\/uploads\/sites\/16\/2018\/06\/250618-Lucchese-SENAI.jpg\" \/>\n\t<meta property=\"og:image:width\" content=\"1292\" \/>\n\t<meta property=\"og:image:height\" content=\"861\" \/>\n\t<meta property=\"og:image:type\" content=\"image\/jpeg\" \/>\n<meta name=\"author\" content=\"Autor\" \/>\n<meta name=\"twitter:card\" content=\"summary_large_image\" \/>\n<meta name=\"twitter:label1\" content=\"Escrito por\" \/>\n\t<meta name=\"twitter:data1\" content=\"Autor\" \/>\n\t<meta name=\"twitter:label2\" content=\"Est. tempo de leitura\" \/>\n\t<meta name=\"twitter:data2\" content=\"11 minutos\" \/>\n<script type=\"application\/ld+json\" class=\"yoast-schema-graph\">{\"@context\":\"https:\/\/schema.org\",\"@graph\":[{\"@type\":\"Article\",\"@id\":\"https:\/\/fieam.org.br\/senai\/profissionais-que-dominarem-competencias-da-industria-4-0-vao-ter-mais-chances-no-mercado\/#article\",\"isPartOf\":{\"@id\":\"https:\/\/fieam.org.br\/senai\/profissionais-que-dominarem-competencias-da-industria-4-0-vao-ter-mais-chances-no-mercado\/\"},\"author\":{\"name\":\"Autor\",\"@id\":\"https:\/\/fieam.org.br\/senai\/#\/schema\/person\/c1ceda8321521b291cee22da0a7d34be\"},\"headline\":\"Profissionais que dominarem compet\u00eancias da Ind\u00fastria 4.0 v\u00e3o ter mais chances no mercado\",\"datePublished\":\"2018-06-25T12:09:59+00:00\",\"mainEntityOfPage\":{\"@id\":\"https:\/\/fieam.org.br\/senai\/profissionais-que-dominarem-competencias-da-industria-4-0-vao-ter-mais-chances-no-mercado\/\"},\"wordCount\":2201,\"publisher\":{\"@id\":\"https:\/\/fieam.org.br\/senai\/#organization\"},\"image\":{\"@id\":\"https:\/\/fieam.org.br\/senai\/profissionais-que-dominarem-competencias-da-industria-4-0-vao-ter-mais-chances-no-mercado\/#primaryimage\"},\"thumbnailUrl\":\"https:\/\/fieam.org.br\/senai\/wp-content\/uploads\/sites\/16\/2018\/06\/250618-Lucchese-SENAI.jpg\",\"articleSection\":[\"Banner Destaque\",\"News Destaques\"],\"inLanguage\":\"pt-BR\"},{\"@type\":\"WebPage\",\"@id\":\"https:\/\/fieam.org.br\/senai\/profissionais-que-dominarem-competencias-da-industria-4-0-vao-ter-mais-chances-no-mercado\/\",\"url\":\"https:\/\/fieam.org.br\/senai\/profissionais-que-dominarem-competencias-da-industria-4-0-vao-ter-mais-chances-no-mercado\/\",\"name\":\"Profissionais que dominarem compet\u00eancias da Ind\u00fastria 4.0 v\u00e3o ter mais chances no mercado - SENAI\",\"isPartOf\":{\"@id\":\"https:\/\/fieam.org.br\/senai\/#website\"},\"primaryImageOfPage\":{\"@id\":\"https:\/\/fieam.org.br\/senai\/profissionais-que-dominarem-competencias-da-industria-4-0-vao-ter-mais-chances-no-mercado\/#primaryimage\"},\"image\":{\"@id\":\"https:\/\/fieam.org.br\/senai\/profissionais-que-dominarem-competencias-da-industria-4-0-vao-ter-mais-chances-no-mercado\/#primaryimage\"},\"thumbnailUrl\":\"https:\/\/fieam.org.br\/senai\/wp-content\/uploads\/sites\/16\/2018\/06\/250618-Lucchese-SENAI.jpg\",\"datePublished\":\"2018-06-25T12:09:59+00:00\",\"breadcrumb\":{\"@id\":\"https:\/\/fieam.org.br\/senai\/profissionais-que-dominarem-competencias-da-industria-4-0-vao-ter-mais-chances-no-mercado\/#breadcrumb\"},\"inLanguage\":\"pt-BR\",\"potentialAction\":[{\"@type\":\"ReadAction\",\"target\":[\"https:\/\/fieam.org.br\/senai\/profissionais-que-dominarem-competencias-da-industria-4-0-vao-ter-mais-chances-no-mercado\/\"]}]},{\"@type\":\"ImageObject\",\"inLanguage\":\"pt-BR\",\"@id\":\"https:\/\/fieam.org.br\/senai\/profissionais-que-dominarem-competencias-da-industria-4-0-vao-ter-mais-chances-no-mercado\/#primaryimage\",\"url\":\"https:\/\/fieam.org.br\/senai\/wp-content\/uploads\/sites\/16\/2018\/06\/250618-Lucchese-SENAI.jpg\",\"contentUrl\":\"https:\/\/fieam.org.br\/senai\/wp-content\/uploads\/sites\/16\/2018\/06\/250618-Lucchese-SENAI.jpg\",\"width\":1292,\"height\":861},{\"@type\":\"BreadcrumbList\",\"@id\":\"https:\/\/fieam.org.br\/senai\/profissionais-que-dominarem-competencias-da-industria-4-0-vao-ter-mais-chances-no-mercado\/#breadcrumb\",\"itemListElement\":[{\"@type\":\"ListItem\",\"position\":1,\"name\":\"In\u00edcio\",\"item\":\"https:\/\/fieam.org.br\/senai\/\"},{\"@type\":\"ListItem\",\"position\":2,\"name\":\"Profissionais que dominarem compet\u00eancias da Ind\u00fastria 4.0 v\u00e3o ter mais chances no mercado\"}]},{\"@type\":\"WebSite\",\"@id\":\"https:\/\/fieam.org.br\/senai\/#website\",\"url\":\"https:\/\/fieam.org.br\/senai\/\",\"name\":\"SENAI\",\"description\":\"Site Oficial!\",\"publisher\":{\"@id\":\"https:\/\/fieam.org.br\/senai\/#organization\"},\"potentialAction\":[{\"@type\":\"SearchAction\",\"target\":{\"@type\":\"EntryPoint\",\"urlTemplate\":\"https:\/\/fieam.org.br\/senai\/?s={search_term_string}\"},\"query-input\":{\"@type\":\"PropertyValueSpecification\",\"valueRequired\":true,\"valueName\":\"search_term_string\"}}],\"inLanguage\":\"pt-BR\"},{\"@type\":\"Organization\",\"@id\":\"https:\/\/fieam.org.br\/senai\/#organization\",\"name\":\"SENAI\",\"url\":\"https:\/\/fieam.org.br\/senai\/\",\"logo\":{\"@type\":\"ImageObject\",\"inLanguage\":\"pt-BR\",\"@id\":\"https:\/\/fieam.org.br\/senai\/#\/schema\/logo\/image\/\",\"url\":\"https:\/\/fieam.org.br\/senai\/wp-content\/uploads\/sites\/16\/2024\/03\/cropped-fav.png\",\"contentUrl\":\"https:\/\/fieam.org.br\/senai\/wp-content\/uploads\/sites\/16\/2024\/03\/cropped-fav.png\",\"width\":592,\"height\":577,\"caption\":\"SENAI\"},\"image\":{\"@id\":\"https:\/\/fieam.org.br\/senai\/#\/schema\/logo\/image\/\"}},{\"@type\":\"Person\",\"@id\":\"https:\/\/fieam.org.br\/senai\/#\/schema\/person\/c1ceda8321521b291cee22da0a7d34be\",\"name\":\"Autor\",\"image\":{\"@type\":\"ImageObject\",\"inLanguage\":\"pt-BR\",\"@id\":\"https:\/\/fieam.org.br\/senai\/#\/schema\/person\/image\/\",\"url\":\"https:\/\/secure.gravatar.com\/avatar\/3732c223e0e1fad69062a8f770955c9068d37b055204f310a0be18d4069fe380?s=96&d=mm&r=g\",\"contentUrl\":\"https:\/\/secure.gravatar.com\/avatar\/3732c223e0e1fad69062a8f770955c9068d37b055204f310a0be18d4069fe380?s=96&d=mm&r=g\",\"caption\":\"Autor\"},\"sameAs\":[\"https:\/\/marketingmassivo.com.br\"],\"url\":\"https:\/\/fieam.org.br\/senai\/author\/admin\/\"}]}<\/script>\n<!-- \/ Yoast SEO plugin. -->","yoast_head_json":{"title":"Profissionais que dominarem compet\u00eancias da Ind\u00fastria 4.0 v\u00e3o ter mais chances no mercado - SENAI","robots":{"index":"index","follow":"follow","max-snippet":"max-snippet:-1","max-image-preview":"max-image-preview:large","max-video-preview":"max-video-preview:-1"},"canonical":"https:\/\/fieam.org.br\/senai\/profissionais-que-dominarem-competencias-da-industria-4-0-vao-ter-mais-chances-no-mercado\/","og_locale":"pt_BR","og_type":"article","og_title":"Profissionais que dominarem compet\u00eancias da Ind\u00fastria 4.0 v\u00e3o ter mais chances no mercado - SENAI","og_description":"A afirma\u00e7\u00e3o \u00e9 do diretor-geral do SENAI, Rafael Lucchesi. Em entrevista, ele analisa os impactos da quarta revolu\u00e7\u00e3o industrial, aponta quais s\u00e3o as profiss\u00f5es que devem ganhar com as mudan\u00e7as e fala sobre o novo formato da Olimp\u00edada do Conhecimento, que ocorre em Bras\u00edlia, de 5 a 8 de julho &nbsp; Novas tecnologias, como big [&hellip;]","og_url":"https:\/\/fieam.org.br\/senai\/profissionais-que-dominarem-competencias-da-industria-4-0-vao-ter-mais-chances-no-mercado\/","og_site_name":"SENAI","article_published_time":"2018-06-25T12:09:59+00:00","og_image":[{"width":1292,"height":861,"url":"https:\/\/fieam.org.br\/senai\/wp-content\/uploads\/sites\/16\/2018\/06\/250618-Lucchese-SENAI.jpg","type":"image\/jpeg"}],"author":"Autor","twitter_card":"summary_large_image","twitter_misc":{"Escrito por":"Autor","Est. tempo de leitura":"11 minutos"},"schema":{"@context":"https:\/\/schema.org","@graph":[{"@type":"Article","@id":"https:\/\/fieam.org.br\/senai\/profissionais-que-dominarem-competencias-da-industria-4-0-vao-ter-mais-chances-no-mercado\/#article","isPartOf":{"@id":"https:\/\/fieam.org.br\/senai\/profissionais-que-dominarem-competencias-da-industria-4-0-vao-ter-mais-chances-no-mercado\/"},"author":{"name":"Autor","@id":"https:\/\/fieam.org.br\/senai\/#\/schema\/person\/c1ceda8321521b291cee22da0a7d34be"},"headline":"Profissionais que dominarem compet\u00eancias da Ind\u00fastria 4.0 v\u00e3o ter mais chances no mercado","datePublished":"2018-06-25T12:09:59+00:00","mainEntityOfPage":{"@id":"https:\/\/fieam.org.br\/senai\/profissionais-que-dominarem-competencias-da-industria-4-0-vao-ter-mais-chances-no-mercado\/"},"wordCount":2201,"publisher":{"@id":"https:\/\/fieam.org.br\/senai\/#organization"},"image":{"@id":"https:\/\/fieam.org.br\/senai\/profissionais-que-dominarem-competencias-da-industria-4-0-vao-ter-mais-chances-no-mercado\/#primaryimage"},"thumbnailUrl":"https:\/\/fieam.org.br\/senai\/wp-content\/uploads\/sites\/16\/2018\/06\/250618-Lucchese-SENAI.jpg","articleSection":["Banner Destaque","News Destaques"],"inLanguage":"pt-BR"},{"@type":"WebPage","@id":"https:\/\/fieam.org.br\/senai\/profissionais-que-dominarem-competencias-da-industria-4-0-vao-ter-mais-chances-no-mercado\/","url":"https:\/\/fieam.org.br\/senai\/profissionais-que-dominarem-competencias-da-industria-4-0-vao-ter-mais-chances-no-mercado\/","name":"Profissionais que dominarem compet\u00eancias da Ind\u00fastria 4.0 v\u00e3o ter mais chances no mercado - SENAI","isPartOf":{"@id":"https:\/\/fieam.org.br\/senai\/#website"},"primaryImageOfPage":{"@id":"https:\/\/fieam.org.br\/senai\/profissionais-que-dominarem-competencias-da-industria-4-0-vao-ter-mais-chances-no-mercado\/#primaryimage"},"image":{"@id":"https:\/\/fieam.org.br\/senai\/profissionais-que-dominarem-competencias-da-industria-4-0-vao-ter-mais-chances-no-mercado\/#primaryimage"},"thumbnailUrl":"https:\/\/fieam.org.br\/senai\/wp-content\/uploads\/sites\/16\/2018\/06\/250618-Lucchese-SENAI.jpg","datePublished":"2018-06-25T12:09:59+00:00","breadcrumb":{"@id":"https:\/\/fieam.org.br\/senai\/profissionais-que-dominarem-competencias-da-industria-4-0-vao-ter-mais-chances-no-mercado\/#breadcrumb"},"inLanguage":"pt-BR","potentialAction":[{"@type":"ReadAction","target":["https:\/\/fieam.org.br\/senai\/profissionais-que-dominarem-competencias-da-industria-4-0-vao-ter-mais-chances-no-mercado\/"]}]},{"@type":"ImageObject","inLanguage":"pt-BR","@id":"https:\/\/fieam.org.br\/senai\/profissionais-que-dominarem-competencias-da-industria-4-0-vao-ter-mais-chances-no-mercado\/#primaryimage","url":"https:\/\/fieam.org.br\/senai\/wp-content\/uploads\/sites\/16\/2018\/06\/250618-Lucchese-SENAI.jpg","contentUrl":"https:\/\/fieam.org.br\/senai\/wp-content\/uploads\/sites\/16\/2018\/06\/250618-Lucchese-SENAI.jpg","width":1292,"height":861},{"@type":"BreadcrumbList","@id":"https:\/\/fieam.org.br\/senai\/profissionais-que-dominarem-competencias-da-industria-4-0-vao-ter-mais-chances-no-mercado\/#breadcrumb","itemListElement":[{"@type":"ListItem","position":1,"name":"In\u00edcio","item":"https:\/\/fieam.org.br\/senai\/"},{"@type":"ListItem","position":2,"name":"Profissionais que dominarem compet\u00eancias da Ind\u00fastria 4.0 v\u00e3o ter mais chances no mercado"}]},{"@type":"WebSite","@id":"https:\/\/fieam.org.br\/senai\/#website","url":"https:\/\/fieam.org.br\/senai\/","name":"SENAI","description":"Site Oficial!","publisher":{"@id":"https:\/\/fieam.org.br\/senai\/#organization"},"potentialAction":[{"@type":"SearchAction","target":{"@type":"EntryPoint","urlTemplate":"https:\/\/fieam.org.br\/senai\/?s={search_term_string}"},"query-input":{"@type":"PropertyValueSpecification","valueRequired":true,"valueName":"search_term_string"}}],"inLanguage":"pt-BR"},{"@type":"Organization","@id":"https:\/\/fieam.org.br\/senai\/#organization","name":"SENAI","url":"https:\/\/fieam.org.br\/senai\/","logo":{"@type":"ImageObject","inLanguage":"pt-BR","@id":"https:\/\/fieam.org.br\/senai\/#\/schema\/logo\/image\/","url":"https:\/\/fieam.org.br\/senai\/wp-content\/uploads\/sites\/16\/2024\/03\/cropped-fav.png","contentUrl":"https:\/\/fieam.org.br\/senai\/wp-content\/uploads\/sites\/16\/2024\/03\/cropped-fav.png","width":592,"height":577,"caption":"SENAI"},"image":{"@id":"https:\/\/fieam.org.br\/senai\/#\/schema\/logo\/image\/"}},{"@type":"Person","@id":"https:\/\/fieam.org.br\/senai\/#\/schema\/person\/c1ceda8321521b291cee22da0a7d34be","name":"Autor","image":{"@type":"ImageObject","inLanguage":"pt-BR","@id":"https:\/\/fieam.org.br\/senai\/#\/schema\/person\/image\/","url":"https:\/\/secure.gravatar.com\/avatar\/3732c223e0e1fad69062a8f770955c9068d37b055204f310a0be18d4069fe380?s=96&d=mm&r=g","contentUrl":"https:\/\/secure.gravatar.com\/avatar\/3732c223e0e1fad69062a8f770955c9068d37b055204f310a0be18d4069fe380?s=96&d=mm&r=g","caption":"Autor"},"sameAs":["https:\/\/marketingmassivo.com.br"],"url":"https:\/\/fieam.org.br\/senai\/author\/admin\/"}]}},"_links":{"self":[{"href":"https:\/\/fieam.org.br\/senai\/wp-json\/wp\/v2\/posts\/8114","targetHints":{"allow":["GET"]}}],"collection":[{"href":"https:\/\/fieam.org.br\/senai\/wp-json\/wp\/v2\/posts"}],"about":[{"href":"https:\/\/fieam.org.br\/senai\/wp-json\/wp\/v2\/types\/post"}],"author":[{"embeddable":true,"href":"https:\/\/fieam.org.br\/senai\/wp-json\/wp\/v2\/users\/1"}],"replies":[{"embeddable":true,"href":"https:\/\/fieam.org.br\/senai\/wp-json\/wp\/v2\/comments?post=8114"}],"version-history":[{"count":0,"href":"https:\/\/fieam.org.br\/senai\/wp-json\/wp\/v2\/posts\/8114\/revisions"}],"wp:featuredmedia":[{"embeddable":true,"href":"https:\/\/fieam.org.br\/senai\/wp-json\/wp\/v2\/media\/8115"}],"wp:attachment":[{"href":"https:\/\/fieam.org.br\/senai\/wp-json\/wp\/v2\/media?parent=8114"}],"wp:term":[{"taxonomy":"category","embeddable":true,"href":"https:\/\/fieam.org.br\/senai\/wp-json\/wp\/v2\/categories?post=8114"},{"taxonomy":"post_tag","embeddable":true,"href":"https:\/\/fieam.org.br\/senai\/wp-json\/wp\/v2\/tags?post=8114"}],"curies":[{"name":"wp","href":"https:\/\/api.w.org\/{rel}","templated":true}]}}