{"id":7457,"date":"2017-05-12T17:46:14","date_gmt":"2017-05-12T21:46:14","guid":{"rendered":"http:\/\/www.fieam.org.br\/senai\/?p=7457"},"modified":"2017-05-12T17:46:14","modified_gmt":"2017-05-12T21:46:14","slug":"processo-seletivo-no-0012-2017-cargo-tecnico-i-pedagogia-senai","status":"publish","type":"post","link":"https:\/\/fieam.org.br\/senai\/processo-seletivo-no-0012-2017-cargo-tecnico-i-pedagogia-senai\/","title":{"rendered":"Processo Seletivo n\u00ba 0012\/2017 &#8211; T\u00c9CNICO I &#8211; Pedagogia &#8211; SENAI"},"content":{"rendered":"<table>\n<tbody>\n<tr>\n<td width=\"538\">COMUNICADO DE PROCESSO SELETIVO &#8211; N\u00ba 0012-2017<\/p>\n<p>CARGO: T\u00c9CNICO I &#8211; PEDAGOGIA<\/p>\n<p>&nbsp;<\/p>\n<p>MANAUS<\/td>\n<\/tr>\n<\/tbody>\n<\/table>\n<p>&nbsp;<\/p>\n<p>O SENAI \u2013 Servi\u00e7o Nacional de Aprendizagem Industrial, por meio do Departamento de Gest\u00e3o de Pessoas do Sistema Federa\u00e7\u00e3o das Ind\u00fastrias do Estado do Amazonas, abre inscri\u00e7\u00f5es para candidatos interessados em participar do processo seletivo para 1 vaga ao cargo acima e forma\u00e7\u00e3o de cadastro reserva para preenchimento de vagas cidade de Manaus.<\/p>\n<p>&nbsp;<\/p>\n<table>\n<tbody>\n<tr>\n<td width=\"538\"><strong>REQUISITOS M\u00cdNIMOS EXIGIDOS PARA O CARGO<\/strong><\/td>\n<\/tr>\n<\/tbody>\n<\/table>\n<ul>\n<li>Escolaridade em Superior Completo no curso de Pedagogia com habilita\u00e7\u00e3o em Supervis\u00e3o Escolar ou Orienta\u00e7\u00e3o Escolar.<\/li>\n<li>Experi\u00eancia, m\u00ednimo de 01 ano, comprovada na \u00e1rea de processo ensino-aprendizagem, acompanhamento e avalia\u00e7\u00e3o de projetos educacionais, educa\u00e7\u00e3o profissional, programas de forma\u00e7\u00e3o inicial e continuada.<\/li>\n<li>Cursos de aperfei\u00e7oamentos na \u00e1rea de sua especialidade ou correlatas.<\/li>\n<li>Conhecimento da Norma ISO 9001:2008 e Inform\u00e1tica B\u00e1sica (Word, Excel, Power Point).<\/li>\n<li>Conhecimento das diretrizes da Legisla\u00e7\u00e3o B\u00e1sica da Educa\u00e7\u00e3o Brasileira \u2013 9394\/96 e outras Legisla\u00e7\u00f5es Educacionais vigentes.<\/li>\n<li>Disponibilidade para viagens.<\/li>\n<li>Disponibilidade para trabalhar de segunda a s\u00e1bado.<\/li>\n<li>Residir em Manaus.<\/li>\n<\/ul>\n<p>&nbsp;<\/p>\n<p><a href=\"http:\/\/www.fieam.org.br\/senai\/wp-content\/uploads\/sites\/3\/2017\/05\/COMUNICADO-DE-PROCESSO-SELETIVO-SENAI-T\u00c9CNICO-I-PEDAGOGO-N\u00ba-00012-2017.pdf\"><strong>Clique aqui para obter todas as informa\u00e7\u00f5es pertinentes ao processo de sele\u00e7\u00e3o.<\/strong><\/a><\/p>\n<p>&nbsp;<\/p>\n<p><a href=\"http:\/\/www.fieam.org.br\/senai\/wp-content\/uploads\/sites\/3\/2017\/05\/CONVOCA\u00c7\u00c3O-PARA-AVALIA\u00c7\u00c3O-TE\u00d3RICA-SENAI-T\u00e9cnico-I-Pedagogia-N\u00ba-0012-2017.pdf\">CONVOCA\u00c7\u00c3O PARA AVALIA\u00c7\u00c3O TE\u00d3RICA \u00a0SENAI T\u00e9cnico I -Pedagogia N\u00ba 0012-2017<\/a><\/p>\n<p>&nbsp;<\/p>\n<p><a href=\"http:\/\/www.fieam.org.br\/senai\/wp-content\/uploads\/sites\/3\/2017\/05\/CONVOCA\u00c7\u00c3O-PARA-3\u00aa-ETAPA-SENAI-Tecnico-I-Pedagogia-N\u00ba-0012-2017.pdf\">CONVOCA\u00c7\u00c3O PARA 3\u00aa \u00a0ETAPA SENAI \u00a0T\u00e9cnico I &#8211; Pedagogia N\u00ba 0012-2017<\/a><\/p>\n<p><a href=\"http:\/\/www.fieam.org.br\/senai\/wp-content\/uploads\/sites\/3\/2017\/05\/Resultado-Final-T\u00e9cnico-I-Pedagogia-N\u00ba-0012-2017.pdf\"><strong>RESULTADO FINAL<\/strong><\/a><\/p>\n","protected":false},"excerpt":{"rendered":"<p>COMUNICADO DE PROCESSO SELETIVO &#8211; N\u00ba 0012-2017 CARGO: T\u00c9CNICO I &#8211; PEDAGOGIA &nbsp; MANAUS &nbsp; O SENAI \u2013 Servi\u00e7o Nacional de Aprendizagem Industrial, por meio do Departamento de Gest\u00e3o de Pessoas do Sistema Federa\u00e7\u00e3o das Ind\u00fastrias do Estado do Amazonas, abre inscri\u00e7\u00f5es para candidatos interessados em participar do processo seletivo para 1 vaga ao cargo [&hellip;]<\/p>\n","protected":false},"author":1,"featured_media":2482,"comment_status":"open","ping_status":"open","sticky":false,"template":"","format":"standard","meta":{"footnotes":""},"categories":[24],"tags":[],"class_list":["post-7457","post","type-post","status-publish","format-standard","has-post-thumbnail","hentry","category-selecao"],"yoast_head":"<!-- This site is optimized with the Yoast SEO plugin v26.8 - https:\/\/yoast.com\/product\/yoast-seo-wordpress\/ -->\n<title>Processo Seletivo n\u00ba 0012\/2017 - T\u00c9CNICO I - Pedagogia - SENAI - SENAI<\/title>\n<meta name=\"robots\" content=\"index, follow, max-snippet:-1, max-image-preview:large, max-video-preview:-1\" \/>\n<link rel=\"canonical\" href=\"https:\/\/fieam.org.br\/senai\/processo-seletivo-no-0012-2017-cargo-tecnico-i-pedagogia-senai\/\" \/>\n<meta property=\"og:locale\" content=\"pt_BR\" \/>\n<meta property=\"og:type\" content=\"article\" \/>\n<meta property=\"og:title\" content=\"Processo Seletivo n\u00ba 0012\/2017 - T\u00c9CNICO I - Pedagogia - SENAI - SENAI\" \/>\n<meta property=\"og:description\" content=\"COMUNICADO DE PROCESSO SELETIVO &#8211; N\u00ba 0012-2017 CARGO: T\u00c9CNICO I &#8211; PEDAGOGIA &nbsp; MANAUS &nbsp; O SENAI \u2013 Servi\u00e7o Nacional de Aprendizagem Industrial, por meio do Departamento de Gest\u00e3o de Pessoas do Sistema Federa\u00e7\u00e3o das Ind\u00fastrias do Estado do Amazonas, abre inscri\u00e7\u00f5es para candidatos interessados em participar do processo seletivo para 1 vaga ao cargo [&hellip;]\" \/>\n<meta property=\"og:url\" content=\"https:\/\/fieam.org.br\/senai\/processo-seletivo-no-0012-2017-cargo-tecnico-i-pedagogia-senai\/\" \/>\n<meta property=\"og:site_name\" content=\"SENAI\" \/>\n<meta property=\"article:published_time\" content=\"2017-05-12T21:46:14+00:00\" \/>\n<meta property=\"og:image\" content=\"https:\/\/fieam.org.br\/senai\/wp-content\/uploads\/sites\/16\/2013\/01\/selecao.jpg\" \/>\n\t<meta property=\"og:image:width\" content=\"250\" \/>\n\t<meta property=\"og:image:height\" content=\"250\" \/>\n\t<meta property=\"og:image:type\" content=\"image\/jpeg\" \/>\n<meta name=\"author\" content=\"Autor\" \/>\n<meta name=\"twitter:card\" content=\"summary_large_image\" \/>\n<meta name=\"twitter:label1\" content=\"Escrito por\" \/>\n\t<meta name=\"twitter:data1\" content=\"Autor\" \/>\n\t<meta name=\"twitter:label2\" content=\"Est. tempo de leitura\" \/>\n\t<meta name=\"twitter:data2\" content=\"1 minuto\" \/>\n<script type=\"application\/ld+json\" class=\"yoast-schema-graph\">{\"@context\":\"https:\/\/schema.org\",\"@graph\":[{\"@type\":\"Article\",\"@id\":\"https:\/\/fieam.org.br\/senai\/processo-seletivo-no-0012-2017-cargo-tecnico-i-pedagogia-senai\/#article\",\"isPartOf\":{\"@id\":\"https:\/\/fieam.org.br\/senai\/processo-seletivo-no-0012-2017-cargo-tecnico-i-pedagogia-senai\/\"},\"author\":{\"name\":\"Autor\",\"@id\":\"https:\/\/fieam.org.br\/senai\/#\/schema\/person\/c1ceda8321521b291cee22da0a7d34be\"},\"headline\":\"Processo Seletivo n\u00ba 0012\/2017 &#8211; T\u00c9CNICO I &#8211; Pedagogia &#8211; SENAI\",\"datePublished\":\"2017-05-12T21:46:14+00:00\",\"mainEntityOfPage\":{\"@id\":\"https:\/\/fieam.org.br\/senai\/processo-seletivo-no-0012-2017-cargo-tecnico-i-pedagogia-senai\/\"},\"wordCount\":241,\"commentCount\":22,\"publisher\":{\"@id\":\"https:\/\/fieam.org.br\/senai\/#organization\"},\"image\":{\"@id\":\"https:\/\/fieam.org.br\/senai\/processo-seletivo-no-0012-2017-cargo-tecnico-i-pedagogia-senai\/#primaryimage\"},\"thumbnailUrl\":\"https:\/\/fieam.org.br\/senai\/wp-content\/uploads\/sites\/16\/2013\/01\/selecao.jpg\",\"articleSection\":[\"selecao\"],\"inLanguage\":\"pt-BR\",\"potentialAction\":[{\"@type\":\"CommentAction\",\"name\":\"Comment\",\"target\":[\"https:\/\/fieam.org.br\/senai\/processo-seletivo-no-0012-2017-cargo-tecnico-i-pedagogia-senai\/#respond\"]}]},{\"@type\":\"WebPage\",\"@id\":\"https:\/\/fieam.org.br\/senai\/processo-seletivo-no-0012-2017-cargo-tecnico-i-pedagogia-senai\/\",\"url\":\"https:\/\/fieam.org.br\/senai\/processo-seletivo-no-0012-2017-cargo-tecnico-i-pedagogia-senai\/\",\"name\":\"Processo Seletivo n\u00ba 0012\/2017 - T\u00c9CNICO I - Pedagogia - SENAI - SENAI\",\"isPartOf\":{\"@id\":\"https:\/\/fieam.org.br\/senai\/#website\"},\"primaryImageOfPage\":{\"@id\":\"https:\/\/fieam.org.br\/senai\/processo-seletivo-no-0012-2017-cargo-tecnico-i-pedagogia-senai\/#primaryimage\"},\"image\":{\"@id\":\"https:\/\/fieam.org.br\/senai\/processo-seletivo-no-0012-2017-cargo-tecnico-i-pedagogia-senai\/#primaryimage\"},\"thumbnailUrl\":\"https:\/\/fieam.org.br\/senai\/wp-content\/uploads\/sites\/16\/2013\/01\/selecao.jpg\",\"datePublished\":\"2017-05-12T21:46:14+00:00\",\"breadcrumb\":{\"@id\":\"https:\/\/fieam.org.br\/senai\/processo-seletivo-no-0012-2017-cargo-tecnico-i-pedagogia-senai\/#breadcrumb\"},\"inLanguage\":\"pt-BR\",\"potentialAction\":[{\"@type\":\"ReadAction\",\"target\":[\"https:\/\/fieam.org.br\/senai\/processo-seletivo-no-0012-2017-cargo-tecnico-i-pedagogia-senai\/\"]}]},{\"@type\":\"ImageObject\",\"inLanguage\":\"pt-BR\",\"@id\":\"https:\/\/fieam.org.br\/senai\/processo-seletivo-no-0012-2017-cargo-tecnico-i-pedagogia-senai\/#primaryimage\",\"url\":\"https:\/\/fieam.org.br\/senai\/wp-content\/uploads\/sites\/16\/2013\/01\/selecao.jpg\",\"contentUrl\":\"https:\/\/fieam.org.br\/senai\/wp-content\/uploads\/sites\/16\/2013\/01\/selecao.jpg\",\"width\":250,\"height\":250},{\"@type\":\"BreadcrumbList\",\"@id\":\"https:\/\/fieam.org.br\/senai\/processo-seletivo-no-0012-2017-cargo-tecnico-i-pedagogia-senai\/#breadcrumb\",\"itemListElement\":[{\"@type\":\"ListItem\",\"position\":1,\"name\":\"In\u00edcio\",\"item\":\"https:\/\/fieam.org.br\/senai\/\"},{\"@type\":\"ListItem\",\"position\":2,\"name\":\"Processo Seletivo n\u00ba 0012\/2017 &#8211; T\u00c9CNICO I &#8211; Pedagogia &#8211; SENAI\"}]},{\"@type\":\"WebSite\",\"@id\":\"https:\/\/fieam.org.br\/senai\/#website\",\"url\":\"https:\/\/fieam.org.br\/senai\/\",\"name\":\"SENAI\",\"description\":\"Site Oficial!\",\"publisher\":{\"@id\":\"https:\/\/fieam.org.br\/senai\/#organization\"},\"potentialAction\":[{\"@type\":\"SearchAction\",\"target\":{\"@type\":\"EntryPoint\",\"urlTemplate\":\"https:\/\/fieam.org.br\/senai\/?s={search_term_string}\"},\"query-input\":{\"@type\":\"PropertyValueSpecification\",\"valueRequired\":true,\"valueName\":\"search_term_string\"}}],\"inLanguage\":\"pt-BR\"},{\"@type\":\"Organization\",\"@id\":\"https:\/\/fieam.org.br\/senai\/#organization\",\"name\":\"SENAI\",\"url\":\"https:\/\/fieam.org.br\/senai\/\",\"logo\":{\"@type\":\"ImageObject\",\"inLanguage\":\"pt-BR\",\"@id\":\"https:\/\/fieam.org.br\/senai\/#\/schema\/logo\/image\/\",\"url\":\"https:\/\/fieam.org.br\/senai\/wp-content\/uploads\/sites\/16\/2024\/03\/cropped-fav.png\",\"contentUrl\":\"https:\/\/fieam.org.br\/senai\/wp-content\/uploads\/sites\/16\/2024\/03\/cropped-fav.png\",\"width\":592,\"height\":577,\"caption\":\"SENAI\"},\"image\":{\"@id\":\"https:\/\/fieam.org.br\/senai\/#\/schema\/logo\/image\/\"}},{\"@type\":\"Person\",\"@id\":\"https:\/\/fieam.org.br\/senai\/#\/schema\/person\/c1ceda8321521b291cee22da0a7d34be\",\"name\":\"Autor\",\"image\":{\"@type\":\"ImageObject\",\"inLanguage\":\"pt-BR\",\"@id\":\"https:\/\/fieam.org.br\/senai\/#\/schema\/person\/image\/\",\"url\":\"https:\/\/secure.gravatar.com\/avatar\/3732c223e0e1fad69062a8f770955c9068d37b055204f310a0be18d4069fe380?s=96&d=mm&r=g\",\"contentUrl\":\"https:\/\/secure.gravatar.com\/avatar\/3732c223e0e1fad69062a8f770955c9068d37b055204f310a0be18d4069fe380?s=96&d=mm&r=g\",\"caption\":\"Autor\"},\"sameAs\":[\"https:\/\/marketingmassivo.com.br\"],\"url\":\"https:\/\/fieam.org.br\/senai\/author\/admin\/\"}]}<\/script>\n<!-- \/ Yoast SEO plugin. -->","yoast_head_json":{"title":"Processo Seletivo n\u00ba 0012\/2017 - T\u00c9CNICO I - Pedagogia - SENAI - SENAI","robots":{"index":"index","follow":"follow","max-snippet":"max-snippet:-1","max-image-preview":"max-image-preview:large","max-video-preview":"max-video-preview:-1"},"canonical":"https:\/\/fieam.org.br\/senai\/processo-seletivo-no-0012-2017-cargo-tecnico-i-pedagogia-senai\/","og_locale":"pt_BR","og_type":"article","og_title":"Processo Seletivo n\u00ba 0012\/2017 - T\u00c9CNICO I - Pedagogia - SENAI - SENAI","og_description":"COMUNICADO DE PROCESSO SELETIVO &#8211; N\u00ba 0012-2017 CARGO: T\u00c9CNICO I &#8211; PEDAGOGIA &nbsp; MANAUS &nbsp; O SENAI \u2013 Servi\u00e7o Nacional de Aprendizagem Industrial, por meio do Departamento de Gest\u00e3o de Pessoas do Sistema Federa\u00e7\u00e3o das Ind\u00fastrias do Estado do Amazonas, abre inscri\u00e7\u00f5es para candidatos interessados em participar do processo seletivo para 1 vaga ao cargo [&hellip;]","og_url":"https:\/\/fieam.org.br\/senai\/processo-seletivo-no-0012-2017-cargo-tecnico-i-pedagogia-senai\/","og_site_name":"SENAI","article_published_time":"2017-05-12T21:46:14+00:00","og_image":[{"width":250,"height":250,"url":"https:\/\/fieam.org.br\/senai\/wp-content\/uploads\/sites\/16\/2013\/01\/selecao.jpg","type":"image\/jpeg"}],"author":"Autor","twitter_card":"summary_large_image","twitter_misc":{"Escrito por":"Autor","Est. tempo de leitura":"1 minuto"},"schema":{"@context":"https:\/\/schema.org","@graph":[{"@type":"Article","@id":"https:\/\/fieam.org.br\/senai\/processo-seletivo-no-0012-2017-cargo-tecnico-i-pedagogia-senai\/#article","isPartOf":{"@id":"https:\/\/fieam.org.br\/senai\/processo-seletivo-no-0012-2017-cargo-tecnico-i-pedagogia-senai\/"},"author":{"name":"Autor","@id":"https:\/\/fieam.org.br\/senai\/#\/schema\/person\/c1ceda8321521b291cee22da0a7d34be"},"headline":"Processo Seletivo n\u00ba 0012\/2017 &#8211; T\u00c9CNICO I &#8211; Pedagogia &#8211; SENAI","datePublished":"2017-05-12T21:46:14+00:00","mainEntityOfPage":{"@id":"https:\/\/fieam.org.br\/senai\/processo-seletivo-no-0012-2017-cargo-tecnico-i-pedagogia-senai\/"},"wordCount":241,"commentCount":22,"publisher":{"@id":"https:\/\/fieam.org.br\/senai\/#organization"},"image":{"@id":"https:\/\/fieam.org.br\/senai\/processo-seletivo-no-0012-2017-cargo-tecnico-i-pedagogia-senai\/#primaryimage"},"thumbnailUrl":"https:\/\/fieam.org.br\/senai\/wp-content\/uploads\/sites\/16\/2013\/01\/selecao.jpg","articleSection":["selecao"],"inLanguage":"pt-BR","potentialAction":[{"@type":"CommentAction","name":"Comment","target":["https:\/\/fieam.org.br\/senai\/processo-seletivo-no-0012-2017-cargo-tecnico-i-pedagogia-senai\/#respond"]}]},{"@type":"WebPage","@id":"https:\/\/fieam.org.br\/senai\/processo-seletivo-no-0012-2017-cargo-tecnico-i-pedagogia-senai\/","url":"https:\/\/fieam.org.br\/senai\/processo-seletivo-no-0012-2017-cargo-tecnico-i-pedagogia-senai\/","name":"Processo Seletivo n\u00ba 0012\/2017 - T\u00c9CNICO I - Pedagogia - SENAI - SENAI","isPartOf":{"@id":"https:\/\/fieam.org.br\/senai\/#website"},"primaryImageOfPage":{"@id":"https:\/\/fieam.org.br\/senai\/processo-seletivo-no-0012-2017-cargo-tecnico-i-pedagogia-senai\/#primaryimage"},"image":{"@id":"https:\/\/fieam.org.br\/senai\/processo-seletivo-no-0012-2017-cargo-tecnico-i-pedagogia-senai\/#primaryimage"},"thumbnailUrl":"https:\/\/fieam.org.br\/senai\/wp-content\/uploads\/sites\/16\/2013\/01\/selecao.jpg","datePublished":"2017-05-12T21:46:14+00:00","breadcrumb":{"@id":"https:\/\/fieam.org.br\/senai\/processo-seletivo-no-0012-2017-cargo-tecnico-i-pedagogia-senai\/#breadcrumb"},"inLanguage":"pt-BR","potentialAction":[{"@type":"ReadAction","target":["https:\/\/fieam.org.br\/senai\/processo-seletivo-no-0012-2017-cargo-tecnico-i-pedagogia-senai\/"]}]},{"@type":"ImageObject","inLanguage":"pt-BR","@id":"https:\/\/fieam.org.br\/senai\/processo-seletivo-no-0012-2017-cargo-tecnico-i-pedagogia-senai\/#primaryimage","url":"https:\/\/fieam.org.br\/senai\/wp-content\/uploads\/sites\/16\/2013\/01\/selecao.jpg","contentUrl":"https:\/\/fieam.org.br\/senai\/wp-content\/uploads\/sites\/16\/2013\/01\/selecao.jpg","width":250,"height":250},{"@type":"BreadcrumbList","@id":"https:\/\/fieam.org.br\/senai\/processo-seletivo-no-0012-2017-cargo-tecnico-i-pedagogia-senai\/#breadcrumb","itemListElement":[{"@type":"ListItem","position":1,"name":"In\u00edcio","item":"https:\/\/fieam.org.br\/senai\/"},{"@type":"ListItem","position":2,"name":"Processo Seletivo n\u00ba 0012\/2017 &#8211; T\u00c9CNICO I &#8211; Pedagogia &#8211; SENAI"}]},{"@type":"WebSite","@id":"https:\/\/fieam.org.br\/senai\/#website","url":"https:\/\/fieam.org.br\/senai\/","name":"SENAI","description":"Site Oficial!","publisher":{"@id":"https:\/\/fieam.org.br\/senai\/#organization"},"potentialAction":[{"@type":"SearchAction","target":{"@type":"EntryPoint","urlTemplate":"https:\/\/fieam.org.br\/senai\/?s={search_term_string}"},"query-input":{"@type":"PropertyValueSpecification","valueRequired":true,"valueName":"search_term_string"}}],"inLanguage":"pt-BR"},{"@type":"Organization","@id":"https:\/\/fieam.org.br\/senai\/#organization","name":"SENAI","url":"https:\/\/fieam.org.br\/senai\/","logo":{"@type":"ImageObject","inLanguage":"pt-BR","@id":"https:\/\/fieam.org.br\/senai\/#\/schema\/logo\/image\/","url":"https:\/\/fieam.org.br\/senai\/wp-content\/uploads\/sites\/16\/2024\/03\/cropped-fav.png","contentUrl":"https:\/\/fieam.org.br\/senai\/wp-content\/uploads\/sites\/16\/2024\/03\/cropped-fav.png","width":592,"height":577,"caption":"SENAI"},"image":{"@id":"https:\/\/fieam.org.br\/senai\/#\/schema\/logo\/image\/"}},{"@type":"Person","@id":"https:\/\/fieam.org.br\/senai\/#\/schema\/person\/c1ceda8321521b291cee22da0a7d34be","name":"Autor","image":{"@type":"ImageObject","inLanguage":"pt-BR","@id":"https:\/\/fieam.org.br\/senai\/#\/schema\/person\/image\/","url":"https:\/\/secure.gravatar.com\/avatar\/3732c223e0e1fad69062a8f770955c9068d37b055204f310a0be18d4069fe380?s=96&d=mm&r=g","contentUrl":"https:\/\/secure.gravatar.com\/avatar\/3732c223e0e1fad69062a8f770955c9068d37b055204f310a0be18d4069fe380?s=96&d=mm&r=g","caption":"Autor"},"sameAs":["https:\/\/marketingmassivo.com.br"],"url":"https:\/\/fieam.org.br\/senai\/author\/admin\/"}]}},"_links":{"self":[{"href":"https:\/\/fieam.org.br\/senai\/wp-json\/wp\/v2\/posts\/7457","targetHints":{"allow":["GET"]}}],"collection":[{"href":"https:\/\/fieam.org.br\/senai\/wp-json\/wp\/v2\/posts"}],"about":[{"href":"https:\/\/fieam.org.br\/senai\/wp-json\/wp\/v2\/types\/post"}],"author":[{"embeddable":true,"href":"https:\/\/fieam.org.br\/senai\/wp-json\/wp\/v2\/users\/1"}],"replies":[{"embeddable":true,"href":"https:\/\/fieam.org.br\/senai\/wp-json\/wp\/v2\/comments?post=7457"}],"version-history":[{"count":0,"href":"https:\/\/fieam.org.br\/senai\/wp-json\/wp\/v2\/posts\/7457\/revisions"}],"wp:featuredmedia":[{"embeddable":true,"href":"https:\/\/fieam.org.br\/senai\/wp-json\/wp\/v2\/media\/2482"}],"wp:attachment":[{"href":"https:\/\/fieam.org.br\/senai\/wp-json\/wp\/v2\/media?parent=7457"}],"wp:term":[{"taxonomy":"category","embeddable":true,"href":"https:\/\/fieam.org.br\/senai\/wp-json\/wp\/v2\/categories?post=7457"},{"taxonomy":"post_tag","embeddable":true,"href":"https:\/\/fieam.org.br\/senai\/wp-json\/wp\/v2\/tags?post=7457"}],"curies":[{"name":"wp","href":"https:\/\/api.w.org\/{rel}","templated":true}]}}