{"id":6441,"date":"2016-07-25T16:59:23","date_gmt":"2016-07-25T20:59:23","guid":{"rendered":"http:\/\/www.fieam.org.br\/2015\/senai\/?p=6441"},"modified":"2016-07-25T16:59:23","modified_gmt":"2016-07-25T20:59:23","slug":"comeca-seletiva-worldskills-de-drywall","status":"publish","type":"post","link":"https:\/\/fieam.org.br\/senai\/comeca-seletiva-worldskills-de-drywall\/","title":{"rendered":"Come\u00e7a Seletiva Worldskills de Drywall"},"content":{"rendered":"<figure id=\"attachment_6454\" aria-describedby=\"caption-attachment-6454\" style=\"width: 425px\" class=\"wp-caption alignright\"><a href=\"http:\/\/www.fieam.org.br\/2015\/senai\/wp-content\/uploads\/sites\/3\/2016\/07\/Reunia\u0303o-para-ini\u0301cio-da-ambientac\u0327a\u0303o-da-Seletiva-Worldskills-de-Draywall-no-SENAI-AM.jpg\"><img fetchpriority=\"high\" decoding=\"async\" class=\"wp-image-6454\" src=\"http:\/\/www.fieam.org.br\/2015\/senai\/wp-content\/uploads\/sites\/3\/2016\/07\/Reunia\u0303o-para-ini\u0301cio-da-ambientac\u0327a\u0303o-da-Seletiva-Worldskills-de-Draywall-no-SENAI-AM-1024x700.jpg\" alt=\"Reunia\u0303o para ini\u0301cio da ambientac\u0327a\u0303o da Seletiva Worldskills de Draywall no SENAI AM\" width=\"425\" height=\"291\" \/><\/a><figcaption id=\"caption-attachment-6454\" class=\"wp-caption-text\">Reunia\u0303o para ini\u0301cio da ambientac\u0327a\u0303o da Seletiva Worldskills de Draywall no SENAI AM.<\/figcaption><\/figure>\n<p>A competi\u00e7\u00e3o de educa\u00e7\u00e3o profissional em Sistemas Drywall e Estucagem come\u00e7ou nesta segunda-feira (25) na quadra poliesportiva da Escola SENAI Ant\u00f4nio Sim\u00f5es, Distrito Industrial.\u00a0 O torneio re\u00fane sete alunos da Rede <a href=\"http:\/\/www.fieam.org.br\/2015\/senai\/\">SENAI<\/a> que disputam vaga para representar o Brasil na competi\u00e7\u00e3o internacional do ensino t\u00e9cnico a ser realizada em outubro de 2017, nos Emirados \u00c1rabes Unidos.<\/p>\n<p>A etapa nacional ocorrer\u00e1 at\u00e9 sexta-feira (29), das 8h \u00e0s 17h, com os melhores alunos da ocupa\u00e7\u00e3o Drywall do SENAI Amazonas, Distrito Federal, Minas Gerais, Paran\u00e1, Rio Grande do Sul, S\u00e3o Paulo e Santa Catarina. Os jovens com idade entre 17 a 21 anos desenvolvem atividades do dia a dia de um montador de drywall. A seletiva \u00e9 aberta ao p\u00fablico para visita\u00e7\u00e3o gratuita.<\/p>\n<p>\u201cEstamos com as melhores expectativas de selecionar o competidor mais competente para representar o nosso pa\u00eds no torneio mundial em 2017, al\u00e9m de replicar t\u00e9cnicas aqui apresentadas dentro das unidades do SENAI, visando \u00e0 melhoria do processo ensino e aprendizagem da institui\u00e7\u00e3o\u201d, declarou o diretor regional do SENAI Amazonas, Rog\u00e9rio Pereira.<\/p>\n<p>O Amazonas est\u00e1 sendo representado por Thiago Pereira, de 18 anos, que tem como desafio mostrar as t\u00e9cnicas e habilidades aprendidas nos \u00faltimos nove meses.<\/p>\n<p>\u201cFoco e planejamento s\u00e3o as minhas prioridades na realiza\u00e7\u00e3o dos quatro m\u00f3dulos da seletiva e fazer o meu melhor, apresentando qualidade, habilidade, t\u00e9cnica e rapidez na solu\u00e7\u00e3o de problemas em todos os projetos testes\u201d, disse Thiago.<\/p>\n<p>Outro candidato determinado a conquistar o ouro \u00e9 o competidor do SENAI Rio Grande do Sul, Yuri Maia, de 17 anos. \u201cQuero aprender mais aqui, pois as provas ter\u00e3o n\u00edvel de dificuldade maior na competi\u00e7\u00e3o WorldSkills e esta etapa me far\u00e1 adquirir conhecimento e resist\u00eancia \u00e0 press\u00e3o. Representarei bem o meu estado e espero conquistar a medalha de ouro para o SENAI do Rio Grande do Sul\u201d, ressaltou Yuri.<\/p>\n<figure id=\"attachment_6455\" aria-describedby=\"caption-attachment-6455\" style=\"width: 529px\" class=\"wp-caption alignleft\"><a href=\"https:\/\/marketingmassivo.com.br\/senai\/wp-content\/uploads\/sites\/13\/2016\/07\/Yuri-Maia-competidor-do-SENAI-RS.jpg\"><img decoding=\"async\" class=\" wp-image-6455\" src=\"http:\/\/www.fieam.org.br\/2015\/senai\/wp-content\/uploads\/sites\/3\/2016\/07\/Yuri-Maia-competidor-do-SENAI-RS-1024x683.jpg\" alt=\"Yuri Maia, competidor do SENAI RS.\" width=\"529\" height=\"353\" \/><\/a><figcaption id=\"caption-attachment-6455\" class=\"wp-caption-text\">Yuri Maia, competidor do SENAI RS.<\/figcaption><\/figure>\n<p>A ocupa\u00e7\u00e3o \u00e9 uma das atividades mais recentes no segmento da constru\u00e7\u00e3o civil no Brasil como alternativa da constru\u00e7\u00e3o de ambientes internos em perfis met\u00e1licos, chapa de gesso acartonado e parafusos.<\/p>\n<p>A nova tecnologia \u00e9 utilizada h\u00e1 mais de 100 anos na Europa e nos Estados Unidos, pa\u00edses que priorizam o drywall por ser um sistema mais limpo, mais econ\u00f4mico, menos volumoso e de mais r\u00e1pida constru\u00e7\u00e3o ao contr\u00e1rio das tradicionais estruturas erguidas com blocos cer\u00e2micos ou de concreto.<\/p>\n<p>&nbsp;<\/p>\n<p><strong>Feira de Projetos Tecnol\u00f3gicos<\/strong><\/p>\n<p><strong>\u00a0<\/strong><\/p>\n<p>Simultaneamente \u00e0 competi\u00e7\u00e3o de Drywall, alunos da Escola SENAI Ant\u00f4nio Sim\u00f5es exp\u00f5em 26 projetos industriais inovadores nos dias 28 e 29. A a\u00e7\u00e3o faz parte da programa\u00e7\u00e3o de nova edi\u00e7\u00e3o da Feira de Projetos Tecnol\u00f3gicos que reunir\u00e1 400 alunos.<\/p>\n<p>As ideias concretizadas em projetos buscam atender demandas da ind\u00fastria local, bem como da sociedade, como \u00e9 o caso do projeto \u201c\u00d3culos para deficientes visuais\u201d que apresenta um dispositivo eletr\u00f4nico com sensor que auxilia na locomo\u00e7\u00e3o de pessoas com defici\u00eancia visual, contribuindo com a detec\u00e7\u00e3o de obst\u00e1culos e facilitando o uso da bengala.<\/p>\n<p>Outro projeto a ser apresentado pelos alunos ser\u00e1 o \u201cPisada el\u00e9trica\u201d, que apresenta a op\u00e7\u00e3o industrial de produ\u00e7\u00e3o de energia el\u00e9trica por meio de sensores em um piso para ser usado como fonte de energia para acender l\u00e2mpadas ou ligar ventiladores de um refeit\u00f3rio de uma ind\u00fastria.<\/p>\n<p>Projetos industriais que integram a vertente de inclus\u00e3o social, sustentabilidade e inova\u00e7\u00e3o, ser\u00e3o apresentados pelos alunos e autores de todas as ideias geradas em salas aula e laborat\u00f3rios do SENAI Amazonas.<\/p>\n<p>&nbsp;<\/p>\n<p>[nggallery id=17]<\/p>\n<p>&nbsp;<\/p>\n<p><strong>\u00a0\u00a0\u00a0\u00a0\u00a0\u00a0\u00a0\u00a0\u00a0\u00a0\u00a0\u00a0 ATENDIMENTO \u00c0 IMPRENSA<\/strong><\/p>\n<p>&nbsp;<\/p>\n<p><strong>Diretoria de Comunica\u00e7\u00e3o e Marketing do Sistema FIEAM<\/strong><\/p>\n<p>Tel: (92) 3186-6576 Fax: (92) 3186-6579<\/p>\n<p>E-mail: <a href=\"mailto:imprensa@fieam.org.br\">imprensa@fieam.org.br<\/a><\/p>\n<p>Portal: <a href=\"http:\/\/www.fieam.org.br\/\">http:\/\/www.fieam.org.br<\/a><\/p>\n<p><strong>\u00a0\u00a0\u00a0\u00a0\u00a0\u00a0\u00a0\u00a0\u00a0\u00a0\u00a0 Sistema FIEAM nas redes sociais<\/strong><\/p>\n<p><strong>\u00a0\u00a0\u00a0\u00a0\u00a0\u00a0\u00a0\u00a0\u00a0\u00a0\u00a0 FIEAM:<\/strong> <a href=\"https:\/\/www.facebook.com\/fieamoficial\">Facebook<\/a>| <a href=\"https:\/\/twitter.com\/fieam\">Twitter<\/a>| <a href=\"https:\/\/www.instagram.com\/sistemafieam\/\">Instagram<\/a>| \u00a0<a href=\"https:\/\/www.youtube.com\/user\/FIEAM\">You Tube<\/a><\/p>\n<p><strong>\u00a0\u00a0\u00a0\u00a0\u00a0\u00a0\u00a0\u00a0\u00a0\u00a0\u00a0 <\/strong><strong>SESI:<\/strong> <a href=\"https:\/\/www.facebook.com\/sesiamazonas\">Facebook<\/a>| <a href=\"https:\/\/twitter.com\/sesiamazonas\">Twitter<\/a>| <a href=\"https:\/\/www.instagram.com\/sistemafieam\/\">Instagram<\/a>| \u00a0<a href=\"https:\/\/www.youtube.com\/user\/SESIAmazonas\">You Tube<\/a><\/p>\n<p><strong>\u00a0\u00a0\u00a0\u00a0\u00a0\u00a0\u00a0\u00a0\u00a0\u00a0\u00a0 SENAI:<\/strong> <a href=\"https:\/\/www.facebook.com\/senaiamazonas\">Facebook<\/a>| <a href=\"https:\/\/twitter.com\/senaiamazonas\">Twitter<\/a>| <a href=\"https:\/\/www.instagram.com\/sistemafieam\/\">Instagram<\/a>| \u00a0<a href=\"https:\/\/www.youtube.com\/user\/SENAIAmazonas\">You Tube<\/a><\/p>\n<p><strong>\u00a0\u00a0\u00a0\u00a0\u00a0\u00a0\u00a0\u00a0\u00a0\u00a0\u00a0 IEL:<\/strong> <a href=\"https:\/\/www.facebook.com\/ielamazonas\">Facebook<\/a>| <a href=\"https:\/\/twitter.com\/ielamazonas\">Twitter<\/a>| <a href=\"https:\/\/www.instagram.com\/sistemafieam\/\">Instagram<\/a>| \u00a0<a href=\"https:\/\/www.youtube.com\/user\/IELAmazonas\">You Tube<\/a><\/p>\n<p>&nbsp;<\/p>\n","protected":false},"excerpt":{"rendered":"<p>A competi\u00e7\u00e3o de educa\u00e7\u00e3o profissional em Sistemas Drywall e Estucagem come\u00e7ou nesta segunda-feira (25) na quadra poliesportiva da Escola SENAI Ant\u00f4nio Sim\u00f5es, Distrito Industrial.\u00a0 O torneio re\u00fane sete alunos da Rede SENAI que disputam vaga para representar o Brasil na competi\u00e7\u00e3o internacional do ensino t\u00e9cnico a ser realizada em outubro de 2017, nos Emirados \u00c1rabes [&hellip;]<\/p>\n","protected":false},"author":1,"featured_media":6456,"comment_status":"open","ping_status":"open","sticky":false,"template":"","format":"standard","meta":{"footnotes":""},"categories":[21],"tags":[],"class_list":["post-6441","post","type-post","status-publish","format-standard","has-post-thumbnail","hentry","category-news"],"yoast_head":"<!-- This site is optimized with the Yoast SEO plugin v26.8 - https:\/\/yoast.com\/product\/yoast-seo-wordpress\/ -->\n<title>Come\u00e7a Seletiva Worldskills de Drywall - SENAI<\/title>\n<meta name=\"robots\" content=\"index, follow, max-snippet:-1, max-image-preview:large, max-video-preview:-1\" \/>\n<link rel=\"canonical\" href=\"https:\/\/fieam.org.br\/senai\/comeca-seletiva-worldskills-de-drywall\/\" \/>\n<meta property=\"og:locale\" content=\"pt_BR\" \/>\n<meta property=\"og:type\" content=\"article\" \/>\n<meta property=\"og:title\" content=\"Come\u00e7a Seletiva Worldskills de Drywall - SENAI\" \/>\n<meta property=\"og:description\" content=\"A competi\u00e7\u00e3o de educa\u00e7\u00e3o profissional em Sistemas Drywall e Estucagem come\u00e7ou nesta segunda-feira (25) na quadra poliesportiva da Escola SENAI Ant\u00f4nio Sim\u00f5es, Distrito Industrial.\u00a0 O torneio re\u00fane sete alunos da Rede SENAI que disputam vaga para representar o Brasil na competi\u00e7\u00e3o internacional do ensino t\u00e9cnico a ser realizada em outubro de 2017, nos Emirados \u00c1rabes [&hellip;]\" \/>\n<meta property=\"og:url\" content=\"https:\/\/fieam.org.br\/senai\/comeca-seletiva-worldskills-de-drywall\/\" \/>\n<meta property=\"og:site_name\" content=\"SENAI\" \/>\n<meta property=\"article:published_time\" content=\"2016-07-25T20:59:23+00:00\" \/>\n<meta name=\"author\" content=\"Autor\" \/>\n<meta name=\"twitter:card\" content=\"summary_large_image\" \/>\n<meta name=\"twitter:label1\" content=\"Escrito por\" \/>\n\t<meta name=\"twitter:data1\" content=\"Autor\" \/>\n\t<meta name=\"twitter:label2\" content=\"Est. tempo de leitura\" \/>\n\t<meta name=\"twitter:data2\" content=\"3 minutos\" \/>\n<script type=\"application\/ld+json\" class=\"yoast-schema-graph\">{\"@context\":\"https:\/\/schema.org\",\"@graph\":[{\"@type\":\"Article\",\"@id\":\"https:\/\/fieam.org.br\/senai\/comeca-seletiva-worldskills-de-drywall\/#article\",\"isPartOf\":{\"@id\":\"https:\/\/fieam.org.br\/senai\/comeca-seletiva-worldskills-de-drywall\/\"},\"author\":{\"name\":\"Autor\",\"@id\":\"https:\/\/fieam.org.br\/senai\/#\/schema\/person\/c1ceda8321521b291cee22da0a7d34be\"},\"headline\":\"Come\u00e7a Seletiva Worldskills de Drywall\",\"datePublished\":\"2016-07-25T20:59:23+00:00\",\"mainEntityOfPage\":{\"@id\":\"https:\/\/fieam.org.br\/senai\/comeca-seletiva-worldskills-de-drywall\/\"},\"wordCount\":702,\"commentCount\":0,\"publisher\":{\"@id\":\"https:\/\/fieam.org.br\/senai\/#organization\"},\"image\":{\"@id\":\"https:\/\/fieam.org.br\/senai\/comeca-seletiva-worldskills-de-drywall\/#primaryimage\"},\"thumbnailUrl\":\"\",\"articleSection\":[\"News\"],\"inLanguage\":\"pt-BR\",\"potentialAction\":[{\"@type\":\"CommentAction\",\"name\":\"Comment\",\"target\":[\"https:\/\/fieam.org.br\/senai\/comeca-seletiva-worldskills-de-drywall\/#respond\"]}]},{\"@type\":\"WebPage\",\"@id\":\"https:\/\/fieam.org.br\/senai\/comeca-seletiva-worldskills-de-drywall\/\",\"url\":\"https:\/\/fieam.org.br\/senai\/comeca-seletiva-worldskills-de-drywall\/\",\"name\":\"Come\u00e7a Seletiva Worldskills de Drywall - SENAI\",\"isPartOf\":{\"@id\":\"https:\/\/fieam.org.br\/senai\/#website\"},\"primaryImageOfPage\":{\"@id\":\"https:\/\/fieam.org.br\/senai\/comeca-seletiva-worldskills-de-drywall\/#primaryimage\"},\"image\":{\"@id\":\"https:\/\/fieam.org.br\/senai\/comeca-seletiva-worldskills-de-drywall\/#primaryimage\"},\"thumbnailUrl\":\"\",\"datePublished\":\"2016-07-25T20:59:23+00:00\",\"breadcrumb\":{\"@id\":\"https:\/\/fieam.org.br\/senai\/comeca-seletiva-worldskills-de-drywall\/#breadcrumb\"},\"inLanguage\":\"pt-BR\",\"potentialAction\":[{\"@type\":\"ReadAction\",\"target\":[\"https:\/\/fieam.org.br\/senai\/comeca-seletiva-worldskills-de-drywall\/\"]}]},{\"@type\":\"ImageObject\",\"inLanguage\":\"pt-BR\",\"@id\":\"https:\/\/fieam.org.br\/senai\/comeca-seletiva-worldskills-de-drywall\/#primaryimage\",\"url\":\"\",\"contentUrl\":\"\"},{\"@type\":\"BreadcrumbList\",\"@id\":\"https:\/\/fieam.org.br\/senai\/comeca-seletiva-worldskills-de-drywall\/#breadcrumb\",\"itemListElement\":[{\"@type\":\"ListItem\",\"position\":1,\"name\":\"In\u00edcio\",\"item\":\"https:\/\/fieam.org.br\/senai\/\"},{\"@type\":\"ListItem\",\"position\":2,\"name\":\"Come\u00e7a Seletiva Worldskills de Drywall\"}]},{\"@type\":\"WebSite\",\"@id\":\"https:\/\/fieam.org.br\/senai\/#website\",\"url\":\"https:\/\/fieam.org.br\/senai\/\",\"name\":\"SENAI\",\"description\":\"Site Oficial!\",\"publisher\":{\"@id\":\"https:\/\/fieam.org.br\/senai\/#organization\"},\"potentialAction\":[{\"@type\":\"SearchAction\",\"target\":{\"@type\":\"EntryPoint\",\"urlTemplate\":\"https:\/\/fieam.org.br\/senai\/?s={search_term_string}\"},\"query-input\":{\"@type\":\"PropertyValueSpecification\",\"valueRequired\":true,\"valueName\":\"search_term_string\"}}],\"inLanguage\":\"pt-BR\"},{\"@type\":\"Organization\",\"@id\":\"https:\/\/fieam.org.br\/senai\/#organization\",\"name\":\"SENAI\",\"url\":\"https:\/\/fieam.org.br\/senai\/\",\"logo\":{\"@type\":\"ImageObject\",\"inLanguage\":\"pt-BR\",\"@id\":\"https:\/\/fieam.org.br\/senai\/#\/schema\/logo\/image\/\",\"url\":\"https:\/\/fieam.org.br\/senai\/wp-content\/uploads\/sites\/16\/2024\/03\/cropped-fav.png\",\"contentUrl\":\"https:\/\/fieam.org.br\/senai\/wp-content\/uploads\/sites\/16\/2024\/03\/cropped-fav.png\",\"width\":592,\"height\":577,\"caption\":\"SENAI\"},\"image\":{\"@id\":\"https:\/\/fieam.org.br\/senai\/#\/schema\/logo\/image\/\"}},{\"@type\":\"Person\",\"@id\":\"https:\/\/fieam.org.br\/senai\/#\/schema\/person\/c1ceda8321521b291cee22da0a7d34be\",\"name\":\"Autor\",\"image\":{\"@type\":\"ImageObject\",\"inLanguage\":\"pt-BR\",\"@id\":\"https:\/\/fieam.org.br\/senai\/#\/schema\/person\/image\/\",\"url\":\"https:\/\/secure.gravatar.com\/avatar\/3732c223e0e1fad69062a8f770955c9068d37b055204f310a0be18d4069fe380?s=96&d=mm&r=g\",\"contentUrl\":\"https:\/\/secure.gravatar.com\/avatar\/3732c223e0e1fad69062a8f770955c9068d37b055204f310a0be18d4069fe380?s=96&d=mm&r=g\",\"caption\":\"Autor\"},\"sameAs\":[\"https:\/\/marketingmassivo.com.br\"],\"url\":\"https:\/\/fieam.org.br\/senai\/author\/admin\/\"}]}<\/script>\n<!-- \/ Yoast SEO plugin. -->","yoast_head_json":{"title":"Come\u00e7a Seletiva Worldskills de Drywall - SENAI","robots":{"index":"index","follow":"follow","max-snippet":"max-snippet:-1","max-image-preview":"max-image-preview:large","max-video-preview":"max-video-preview:-1"},"canonical":"https:\/\/fieam.org.br\/senai\/comeca-seletiva-worldskills-de-drywall\/","og_locale":"pt_BR","og_type":"article","og_title":"Come\u00e7a Seletiva Worldskills de Drywall - SENAI","og_description":"A competi\u00e7\u00e3o de educa\u00e7\u00e3o profissional em Sistemas Drywall e Estucagem come\u00e7ou nesta segunda-feira (25) na quadra poliesportiva da Escola SENAI Ant\u00f4nio Sim\u00f5es, Distrito Industrial.\u00a0 O torneio re\u00fane sete alunos da Rede SENAI que disputam vaga para representar o Brasil na competi\u00e7\u00e3o internacional do ensino t\u00e9cnico a ser realizada em outubro de 2017, nos Emirados \u00c1rabes [&hellip;]","og_url":"https:\/\/fieam.org.br\/senai\/comeca-seletiva-worldskills-de-drywall\/","og_site_name":"SENAI","article_published_time":"2016-07-25T20:59:23+00:00","author":"Autor","twitter_card":"summary_large_image","twitter_misc":{"Escrito por":"Autor","Est. tempo de leitura":"3 minutos"},"schema":{"@context":"https:\/\/schema.org","@graph":[{"@type":"Article","@id":"https:\/\/fieam.org.br\/senai\/comeca-seletiva-worldskills-de-drywall\/#article","isPartOf":{"@id":"https:\/\/fieam.org.br\/senai\/comeca-seletiva-worldskills-de-drywall\/"},"author":{"name":"Autor","@id":"https:\/\/fieam.org.br\/senai\/#\/schema\/person\/c1ceda8321521b291cee22da0a7d34be"},"headline":"Come\u00e7a Seletiva Worldskills de Drywall","datePublished":"2016-07-25T20:59:23+00:00","mainEntityOfPage":{"@id":"https:\/\/fieam.org.br\/senai\/comeca-seletiva-worldskills-de-drywall\/"},"wordCount":702,"commentCount":0,"publisher":{"@id":"https:\/\/fieam.org.br\/senai\/#organization"},"image":{"@id":"https:\/\/fieam.org.br\/senai\/comeca-seletiva-worldskills-de-drywall\/#primaryimage"},"thumbnailUrl":"","articleSection":["News"],"inLanguage":"pt-BR","potentialAction":[{"@type":"CommentAction","name":"Comment","target":["https:\/\/fieam.org.br\/senai\/comeca-seletiva-worldskills-de-drywall\/#respond"]}]},{"@type":"WebPage","@id":"https:\/\/fieam.org.br\/senai\/comeca-seletiva-worldskills-de-drywall\/","url":"https:\/\/fieam.org.br\/senai\/comeca-seletiva-worldskills-de-drywall\/","name":"Come\u00e7a Seletiva Worldskills de Drywall - SENAI","isPartOf":{"@id":"https:\/\/fieam.org.br\/senai\/#website"},"primaryImageOfPage":{"@id":"https:\/\/fieam.org.br\/senai\/comeca-seletiva-worldskills-de-drywall\/#primaryimage"},"image":{"@id":"https:\/\/fieam.org.br\/senai\/comeca-seletiva-worldskills-de-drywall\/#primaryimage"},"thumbnailUrl":"","datePublished":"2016-07-25T20:59:23+00:00","breadcrumb":{"@id":"https:\/\/fieam.org.br\/senai\/comeca-seletiva-worldskills-de-drywall\/#breadcrumb"},"inLanguage":"pt-BR","potentialAction":[{"@type":"ReadAction","target":["https:\/\/fieam.org.br\/senai\/comeca-seletiva-worldskills-de-drywall\/"]}]},{"@type":"ImageObject","inLanguage":"pt-BR","@id":"https:\/\/fieam.org.br\/senai\/comeca-seletiva-worldskills-de-drywall\/#primaryimage","url":"","contentUrl":""},{"@type":"BreadcrumbList","@id":"https:\/\/fieam.org.br\/senai\/comeca-seletiva-worldskills-de-drywall\/#breadcrumb","itemListElement":[{"@type":"ListItem","position":1,"name":"In\u00edcio","item":"https:\/\/fieam.org.br\/senai\/"},{"@type":"ListItem","position":2,"name":"Come\u00e7a Seletiva Worldskills de Drywall"}]},{"@type":"WebSite","@id":"https:\/\/fieam.org.br\/senai\/#website","url":"https:\/\/fieam.org.br\/senai\/","name":"SENAI","description":"Site Oficial!","publisher":{"@id":"https:\/\/fieam.org.br\/senai\/#organization"},"potentialAction":[{"@type":"SearchAction","target":{"@type":"EntryPoint","urlTemplate":"https:\/\/fieam.org.br\/senai\/?s={search_term_string}"},"query-input":{"@type":"PropertyValueSpecification","valueRequired":true,"valueName":"search_term_string"}}],"inLanguage":"pt-BR"},{"@type":"Organization","@id":"https:\/\/fieam.org.br\/senai\/#organization","name":"SENAI","url":"https:\/\/fieam.org.br\/senai\/","logo":{"@type":"ImageObject","inLanguage":"pt-BR","@id":"https:\/\/fieam.org.br\/senai\/#\/schema\/logo\/image\/","url":"https:\/\/fieam.org.br\/senai\/wp-content\/uploads\/sites\/16\/2024\/03\/cropped-fav.png","contentUrl":"https:\/\/fieam.org.br\/senai\/wp-content\/uploads\/sites\/16\/2024\/03\/cropped-fav.png","width":592,"height":577,"caption":"SENAI"},"image":{"@id":"https:\/\/fieam.org.br\/senai\/#\/schema\/logo\/image\/"}},{"@type":"Person","@id":"https:\/\/fieam.org.br\/senai\/#\/schema\/person\/c1ceda8321521b291cee22da0a7d34be","name":"Autor","image":{"@type":"ImageObject","inLanguage":"pt-BR","@id":"https:\/\/fieam.org.br\/senai\/#\/schema\/person\/image\/","url":"https:\/\/secure.gravatar.com\/avatar\/3732c223e0e1fad69062a8f770955c9068d37b055204f310a0be18d4069fe380?s=96&d=mm&r=g","contentUrl":"https:\/\/secure.gravatar.com\/avatar\/3732c223e0e1fad69062a8f770955c9068d37b055204f310a0be18d4069fe380?s=96&d=mm&r=g","caption":"Autor"},"sameAs":["https:\/\/marketingmassivo.com.br"],"url":"https:\/\/fieam.org.br\/senai\/author\/admin\/"}]}},"_links":{"self":[{"href":"https:\/\/fieam.org.br\/senai\/wp-json\/wp\/v2\/posts\/6441","targetHints":{"allow":["GET"]}}],"collection":[{"href":"https:\/\/fieam.org.br\/senai\/wp-json\/wp\/v2\/posts"}],"about":[{"href":"https:\/\/fieam.org.br\/senai\/wp-json\/wp\/v2\/types\/post"}],"author":[{"embeddable":true,"href":"https:\/\/fieam.org.br\/senai\/wp-json\/wp\/v2\/users\/1"}],"replies":[{"embeddable":true,"href":"https:\/\/fieam.org.br\/senai\/wp-json\/wp\/v2\/comments?post=6441"}],"version-history":[{"count":0,"href":"https:\/\/fieam.org.br\/senai\/wp-json\/wp\/v2\/posts\/6441\/revisions"}],"wp:featuredmedia":[{"embeddable":true,"href":"https:\/\/fieam.org.br\/senai\/wp-json\/"}],"wp:attachment":[{"href":"https:\/\/fieam.org.br\/senai\/wp-json\/wp\/v2\/media?parent=6441"}],"wp:term":[{"taxonomy":"category","embeddable":true,"href":"https:\/\/fieam.org.br\/senai\/wp-json\/wp\/v2\/categories?post=6441"},{"taxonomy":"post_tag","embeddable":true,"href":"https:\/\/fieam.org.br\/senai\/wp-json\/wp\/v2\/tags?post=6441"}],"curies":[{"name":"wp","href":"https:\/\/api.w.org\/{rel}","templated":true}]}}