{"id":6338,"date":"2016-07-20T16:10:02","date_gmt":"2016-07-20T20:10:02","guid":{"rendered":"http:\/\/www.fieam.org.br\/2015\/senai\/?p=6338"},"modified":"2016-07-20T16:10:02","modified_gmt":"2016-07-20T20:10:02","slug":"ldo-2016-dirigentes-do-conselho-regional-senai-2o-trimestre","status":"publish","type":"post","link":"https:\/\/fieam.org.br\/senai\/ldo-2016-dirigentes-do-conselho-regional-senai-2o-trimestre\/","title":{"rendered":"LDO 2016 &#8211; Dirigentes do Conselho Regional SENAI &#8211; 3\u00ba Trimestre"},"content":{"rendered":"<table width=\"834\">\n<tbody>\n<tr>\n<td width=\"834\">LDO 2016<\/p>\n<p>&nbsp;<\/td>\n<\/tr>\n<tr>\n<td width=\"834\">Dirigentes &#8211; Conselho Regional do SENAI-DR\/AM*<\/td>\n<\/tr>\n<tr>\n<td width=\"834\">Ant\u00f4nio Carlos da Silva &#8211; Presidente do Conselho Regional do SENAI Amazonas<\/td>\n<\/tr>\n<tr>\n<td width=\"834\">Rog\u00e9rio Azevedo Pereira &#8211; Diretor do SENAI\/AM**<\/td>\n<\/tr>\n<tr>\n<td width=\"834\">Adalberto Antonio dos Santos &#8211; Representante das Comunica\u00e7\u00f5es (Suplente)<\/td>\n<\/tr>\n<tr>\n<td width=\"834\">Agostinho de Oliveira Freitas Junior &#8211; Representante das Atividades Industriais (Suplente)<\/td>\n<\/tr>\n<tr>\n<td width=\"834\">Aldimar Jos\u00e9 Diger Paes &#8211; Representante das Atividades Industriais<\/td>\n<\/tr>\n<tr>\n<td width=\"834\">Ana Paula Franssinete Sarubi Perrone &#8211; Representante das Atividades Industriais (Suplente)<\/td>\n<\/tr>\n<tr>\n<td width=\"834\">Antonio Ven\u00e2ncio Castelo Branco &#8211; Representante do Minist\u00e9rio de Educa\u00e7\u00e3o<\/td>\n<\/tr>\n<tr>\n<td width=\"834\">Let\u00edcia Barros Santos &#8211; Representante Superindent\u00eancia Reg.do Trabalho e Emprego\u00a0 (Suplente)<\/td>\n<\/tr>\n<tr>\n<td width=\"834\">Marcia Kristina Amazonas Prado do Nascimento &#8211; Superindent\u00eancia Reg.do Trabalho e Emprego<\/td>\n<\/tr>\n<tr>\n<td width=\"834\">Moys\u00e9s Benarros Israel &#8211; Representante das Atividades Industriais<\/td>\n<\/tr>\n<tr>\n<td width=\"834\">Nelson Azevedo dos Santos &#8211; Representante das Atividades Industriais<\/td>\n<\/tr>\n<tr>\n<td width=\"834\">Sandra Magni Darwich &#8211; Representante do Minist\u00e9rio de Educa\u00e7\u00e3o ( Suplente)<\/td>\n<\/tr>\n<tr>\n<td width=\"834\">Sebasti\u00e3o Montefusco Cavalcante Junior &#8211; Representante das Atividades Industriais (Suplente)<\/td>\n<\/tr>\n<tr>\n<td width=\"834\">Sebasti\u00e3o Nascimento Guerreiro &#8211; Representante das Atividades Industriais (Suplente)<\/td>\n<\/tr>\n<tr>\n<td width=\"834\">S\u00f3crates Bomfim Neto &#8211; Representante das Comunica\u00e7\u00f5es<\/td>\n<\/tr>\n<tr>\n<td width=\"834\">Vicente de Lima Filizzola &#8211; Representante dos Sindicatos dos Trabalhadores<\/td>\n<\/tr>\n<tr>\n<td width=\"834\">Wilson Luiz Buzato P\u00e9rico &#8211; Representante das Atividades Industriais<\/td>\n<\/tr>\n<tr>\n<td><\/td>\n<\/tr>\n<tr>\n<td width=\"834\">Nota Informativa:<\/td>\n<\/tr>\n<tr>\n<td width=\"834\">* N\u00e3o recebem sal\u00e1rio<\/td>\n<\/tr>\n<tr>\n<td width=\"834\">** Cargo Cargo do Diretor do Departamento Regional \u00e9 de natureza t\u00e9cnica e ocupado por empregado (art. 39 do Regimento do SENAI)<\/td>\n<\/tr>\n<\/tbody>\n<\/table>\n","protected":false},"excerpt":{"rendered":"<p>LDO 2016 &nbsp; Dirigentes &#8211; Conselho Regional do SENAI-DR\/AM* Ant\u00f4nio Carlos da Silva &#8211; Presidente do Conselho Regional do SENAI Amazonas Rog\u00e9rio Azevedo Pereira &#8211; Diretor do SENAI\/AM** Adalberto Antonio dos Santos &#8211; Representante das Comunica\u00e7\u00f5es (Suplente) Agostinho de Oliveira Freitas Junior &#8211; Representante das Atividades Industriais (Suplente) Aldimar Jos\u00e9 Diger Paes &#8211; Representante das [&hellip;]<\/p>\n","protected":false},"author":1,"featured_media":0,"comment_status":"open","ping_status":"open","sticky":false,"template":"","format":"standard","meta":{"footnotes":""},"categories":[25],"tags":[],"class_list":["post-6338","post","type-post","status-publish","format-standard","hentry","category-sem-categoria"],"yoast_head":"<!-- This site is optimized with the Yoast SEO plugin v26.8 - https:\/\/yoast.com\/product\/yoast-seo-wordpress\/ -->\n<title>LDO 2016 - Dirigentes do Conselho Regional SENAI - 3\u00ba Trimestre - SENAI<\/title>\n<meta name=\"robots\" content=\"index, follow, max-snippet:-1, max-image-preview:large, max-video-preview:-1\" \/>\n<link rel=\"canonical\" href=\"https:\/\/fieam.org.br\/senai\/ldo-2016-dirigentes-do-conselho-regional-senai-2o-trimestre\/\" \/>\n<meta property=\"og:locale\" content=\"pt_BR\" \/>\n<meta property=\"og:type\" content=\"article\" \/>\n<meta property=\"og:title\" content=\"LDO 2016 - Dirigentes do Conselho Regional SENAI - 3\u00ba Trimestre - SENAI\" \/>\n<meta property=\"og:description\" content=\"LDO 2016 &nbsp; Dirigentes &#8211; Conselho Regional do SENAI-DR\/AM* Ant\u00f4nio Carlos da Silva &#8211; Presidente do Conselho Regional do SENAI Amazonas Rog\u00e9rio Azevedo Pereira &#8211; Diretor do SENAI\/AM** Adalberto Antonio dos Santos &#8211; Representante das Comunica\u00e7\u00f5es (Suplente) Agostinho de Oliveira Freitas Junior &#8211; Representante das Atividades Industriais (Suplente) Aldimar Jos\u00e9 Diger Paes &#8211; Representante das [&hellip;]\" \/>\n<meta property=\"og:url\" content=\"https:\/\/fieam.org.br\/senai\/ldo-2016-dirigentes-do-conselho-regional-senai-2o-trimestre\/\" \/>\n<meta property=\"og:site_name\" content=\"SENAI\" \/>\n<meta property=\"article:published_time\" content=\"2016-07-20T20:10:02+00:00\" \/>\n<meta name=\"author\" content=\"Autor\" \/>\n<meta name=\"twitter:card\" content=\"summary_large_image\" \/>\n<meta name=\"twitter:label1\" content=\"Escrito por\" \/>\n\t<meta name=\"twitter:data1\" content=\"Autor\" \/>\n\t<meta name=\"twitter:label2\" content=\"Est. tempo de leitura\" \/>\n\t<meta name=\"twitter:data2\" content=\"1 minuto\" \/>\n<script type=\"application\/ld+json\" class=\"yoast-schema-graph\">{\"@context\":\"https:\/\/schema.org\",\"@graph\":[{\"@type\":\"Article\",\"@id\":\"https:\/\/fieam.org.br\/senai\/ldo-2016-dirigentes-do-conselho-regional-senai-2o-trimestre\/#article\",\"isPartOf\":{\"@id\":\"https:\/\/fieam.org.br\/senai\/ldo-2016-dirigentes-do-conselho-regional-senai-2o-trimestre\/\"},\"author\":{\"name\":\"Autor\",\"@id\":\"https:\/\/fieam.org.br\/senai\/#\/schema\/person\/c1ceda8321521b291cee22da0a7d34be\"},\"headline\":\"LDO 2016 &#8211; Dirigentes do Conselho Regional SENAI &#8211; 3\u00ba Trimestre\",\"datePublished\":\"2016-07-20T20:10:02+00:00\",\"mainEntityOfPage\":{\"@id\":\"https:\/\/fieam.org.br\/senai\/ldo-2016-dirigentes-do-conselho-regional-senai-2o-trimestre\/\"},\"wordCount\":229,\"commentCount\":0,\"publisher\":{\"@id\":\"https:\/\/fieam.org.br\/senai\/#organization\"},\"inLanguage\":\"pt-BR\",\"potentialAction\":[{\"@type\":\"CommentAction\",\"name\":\"Comment\",\"target\":[\"https:\/\/fieam.org.br\/senai\/ldo-2016-dirigentes-do-conselho-regional-senai-2o-trimestre\/#respond\"]}]},{\"@type\":\"WebPage\",\"@id\":\"https:\/\/fieam.org.br\/senai\/ldo-2016-dirigentes-do-conselho-regional-senai-2o-trimestre\/\",\"url\":\"https:\/\/fieam.org.br\/senai\/ldo-2016-dirigentes-do-conselho-regional-senai-2o-trimestre\/\",\"name\":\"LDO 2016 - Dirigentes do Conselho Regional SENAI - 3\u00ba Trimestre - SENAI\",\"isPartOf\":{\"@id\":\"https:\/\/fieam.org.br\/senai\/#website\"},\"datePublished\":\"2016-07-20T20:10:02+00:00\",\"breadcrumb\":{\"@id\":\"https:\/\/fieam.org.br\/senai\/ldo-2016-dirigentes-do-conselho-regional-senai-2o-trimestre\/#breadcrumb\"},\"inLanguage\":\"pt-BR\",\"potentialAction\":[{\"@type\":\"ReadAction\",\"target\":[\"https:\/\/fieam.org.br\/senai\/ldo-2016-dirigentes-do-conselho-regional-senai-2o-trimestre\/\"]}]},{\"@type\":\"BreadcrumbList\",\"@id\":\"https:\/\/fieam.org.br\/senai\/ldo-2016-dirigentes-do-conselho-regional-senai-2o-trimestre\/#breadcrumb\",\"itemListElement\":[{\"@type\":\"ListItem\",\"position\":1,\"name\":\"In\u00edcio\",\"item\":\"https:\/\/fieam.org.br\/senai\/\"},{\"@type\":\"ListItem\",\"position\":2,\"name\":\"LDO 2016 &#8211; Dirigentes do Conselho Regional SENAI &#8211; 3\u00ba Trimestre\"}]},{\"@type\":\"WebSite\",\"@id\":\"https:\/\/fieam.org.br\/senai\/#website\",\"url\":\"https:\/\/fieam.org.br\/senai\/\",\"name\":\"SENAI\",\"description\":\"Site Oficial!\",\"publisher\":{\"@id\":\"https:\/\/fieam.org.br\/senai\/#organization\"},\"potentialAction\":[{\"@type\":\"SearchAction\",\"target\":{\"@type\":\"EntryPoint\",\"urlTemplate\":\"https:\/\/fieam.org.br\/senai\/?s={search_term_string}\"},\"query-input\":{\"@type\":\"PropertyValueSpecification\",\"valueRequired\":true,\"valueName\":\"search_term_string\"}}],\"inLanguage\":\"pt-BR\"},{\"@type\":\"Organization\",\"@id\":\"https:\/\/fieam.org.br\/senai\/#organization\",\"name\":\"SENAI\",\"url\":\"https:\/\/fieam.org.br\/senai\/\",\"logo\":{\"@type\":\"ImageObject\",\"inLanguage\":\"pt-BR\",\"@id\":\"https:\/\/fieam.org.br\/senai\/#\/schema\/logo\/image\/\",\"url\":\"https:\/\/fieam.org.br\/senai\/wp-content\/uploads\/sites\/16\/2024\/03\/cropped-fav.png\",\"contentUrl\":\"https:\/\/fieam.org.br\/senai\/wp-content\/uploads\/sites\/16\/2024\/03\/cropped-fav.png\",\"width\":592,\"height\":577,\"caption\":\"SENAI\"},\"image\":{\"@id\":\"https:\/\/fieam.org.br\/senai\/#\/schema\/logo\/image\/\"}},{\"@type\":\"Person\",\"@id\":\"https:\/\/fieam.org.br\/senai\/#\/schema\/person\/c1ceda8321521b291cee22da0a7d34be\",\"name\":\"Autor\",\"image\":{\"@type\":\"ImageObject\",\"inLanguage\":\"pt-BR\",\"@id\":\"https:\/\/fieam.org.br\/senai\/#\/schema\/person\/image\/\",\"url\":\"https:\/\/secure.gravatar.com\/avatar\/3732c223e0e1fad69062a8f770955c9068d37b055204f310a0be18d4069fe380?s=96&d=mm&r=g\",\"contentUrl\":\"https:\/\/secure.gravatar.com\/avatar\/3732c223e0e1fad69062a8f770955c9068d37b055204f310a0be18d4069fe380?s=96&d=mm&r=g\",\"caption\":\"Autor\"},\"sameAs\":[\"https:\/\/marketingmassivo.com.br\"],\"url\":\"https:\/\/fieam.org.br\/senai\/author\/admin\/\"}]}<\/script>\n<!-- \/ Yoast SEO plugin. -->","yoast_head_json":{"title":"LDO 2016 - Dirigentes do Conselho Regional SENAI - 3\u00ba Trimestre - SENAI","robots":{"index":"index","follow":"follow","max-snippet":"max-snippet:-1","max-image-preview":"max-image-preview:large","max-video-preview":"max-video-preview:-1"},"canonical":"https:\/\/fieam.org.br\/senai\/ldo-2016-dirigentes-do-conselho-regional-senai-2o-trimestre\/","og_locale":"pt_BR","og_type":"article","og_title":"LDO 2016 - Dirigentes do Conselho Regional SENAI - 3\u00ba Trimestre - SENAI","og_description":"LDO 2016 &nbsp; Dirigentes &#8211; Conselho Regional do SENAI-DR\/AM* Ant\u00f4nio Carlos da Silva &#8211; Presidente do Conselho Regional do SENAI Amazonas Rog\u00e9rio Azevedo Pereira &#8211; Diretor do SENAI\/AM** Adalberto Antonio dos Santos &#8211; Representante das Comunica\u00e7\u00f5es (Suplente) Agostinho de Oliveira Freitas Junior &#8211; Representante das Atividades Industriais (Suplente) Aldimar Jos\u00e9 Diger Paes &#8211; Representante das [&hellip;]","og_url":"https:\/\/fieam.org.br\/senai\/ldo-2016-dirigentes-do-conselho-regional-senai-2o-trimestre\/","og_site_name":"SENAI","article_published_time":"2016-07-20T20:10:02+00:00","author":"Autor","twitter_card":"summary_large_image","twitter_misc":{"Escrito por":"Autor","Est. tempo de leitura":"1 minuto"},"schema":{"@context":"https:\/\/schema.org","@graph":[{"@type":"Article","@id":"https:\/\/fieam.org.br\/senai\/ldo-2016-dirigentes-do-conselho-regional-senai-2o-trimestre\/#article","isPartOf":{"@id":"https:\/\/fieam.org.br\/senai\/ldo-2016-dirigentes-do-conselho-regional-senai-2o-trimestre\/"},"author":{"name":"Autor","@id":"https:\/\/fieam.org.br\/senai\/#\/schema\/person\/c1ceda8321521b291cee22da0a7d34be"},"headline":"LDO 2016 &#8211; Dirigentes do Conselho Regional SENAI &#8211; 3\u00ba Trimestre","datePublished":"2016-07-20T20:10:02+00:00","mainEntityOfPage":{"@id":"https:\/\/fieam.org.br\/senai\/ldo-2016-dirigentes-do-conselho-regional-senai-2o-trimestre\/"},"wordCount":229,"commentCount":0,"publisher":{"@id":"https:\/\/fieam.org.br\/senai\/#organization"},"inLanguage":"pt-BR","potentialAction":[{"@type":"CommentAction","name":"Comment","target":["https:\/\/fieam.org.br\/senai\/ldo-2016-dirigentes-do-conselho-regional-senai-2o-trimestre\/#respond"]}]},{"@type":"WebPage","@id":"https:\/\/fieam.org.br\/senai\/ldo-2016-dirigentes-do-conselho-regional-senai-2o-trimestre\/","url":"https:\/\/fieam.org.br\/senai\/ldo-2016-dirigentes-do-conselho-regional-senai-2o-trimestre\/","name":"LDO 2016 - Dirigentes do Conselho Regional SENAI - 3\u00ba Trimestre - SENAI","isPartOf":{"@id":"https:\/\/fieam.org.br\/senai\/#website"},"datePublished":"2016-07-20T20:10:02+00:00","breadcrumb":{"@id":"https:\/\/fieam.org.br\/senai\/ldo-2016-dirigentes-do-conselho-regional-senai-2o-trimestre\/#breadcrumb"},"inLanguage":"pt-BR","potentialAction":[{"@type":"ReadAction","target":["https:\/\/fieam.org.br\/senai\/ldo-2016-dirigentes-do-conselho-regional-senai-2o-trimestre\/"]}]},{"@type":"BreadcrumbList","@id":"https:\/\/fieam.org.br\/senai\/ldo-2016-dirigentes-do-conselho-regional-senai-2o-trimestre\/#breadcrumb","itemListElement":[{"@type":"ListItem","position":1,"name":"In\u00edcio","item":"https:\/\/fieam.org.br\/senai\/"},{"@type":"ListItem","position":2,"name":"LDO 2016 &#8211; Dirigentes do Conselho Regional SENAI &#8211; 3\u00ba Trimestre"}]},{"@type":"WebSite","@id":"https:\/\/fieam.org.br\/senai\/#website","url":"https:\/\/fieam.org.br\/senai\/","name":"SENAI","description":"Site Oficial!","publisher":{"@id":"https:\/\/fieam.org.br\/senai\/#organization"},"potentialAction":[{"@type":"SearchAction","target":{"@type":"EntryPoint","urlTemplate":"https:\/\/fieam.org.br\/senai\/?s={search_term_string}"},"query-input":{"@type":"PropertyValueSpecification","valueRequired":true,"valueName":"search_term_string"}}],"inLanguage":"pt-BR"},{"@type":"Organization","@id":"https:\/\/fieam.org.br\/senai\/#organization","name":"SENAI","url":"https:\/\/fieam.org.br\/senai\/","logo":{"@type":"ImageObject","inLanguage":"pt-BR","@id":"https:\/\/fieam.org.br\/senai\/#\/schema\/logo\/image\/","url":"https:\/\/fieam.org.br\/senai\/wp-content\/uploads\/sites\/16\/2024\/03\/cropped-fav.png","contentUrl":"https:\/\/fieam.org.br\/senai\/wp-content\/uploads\/sites\/16\/2024\/03\/cropped-fav.png","width":592,"height":577,"caption":"SENAI"},"image":{"@id":"https:\/\/fieam.org.br\/senai\/#\/schema\/logo\/image\/"}},{"@type":"Person","@id":"https:\/\/fieam.org.br\/senai\/#\/schema\/person\/c1ceda8321521b291cee22da0a7d34be","name":"Autor","image":{"@type":"ImageObject","inLanguage":"pt-BR","@id":"https:\/\/fieam.org.br\/senai\/#\/schema\/person\/image\/","url":"https:\/\/secure.gravatar.com\/avatar\/3732c223e0e1fad69062a8f770955c9068d37b055204f310a0be18d4069fe380?s=96&d=mm&r=g","contentUrl":"https:\/\/secure.gravatar.com\/avatar\/3732c223e0e1fad69062a8f770955c9068d37b055204f310a0be18d4069fe380?s=96&d=mm&r=g","caption":"Autor"},"sameAs":["https:\/\/marketingmassivo.com.br"],"url":"https:\/\/fieam.org.br\/senai\/author\/admin\/"}]}},"_links":{"self":[{"href":"https:\/\/fieam.org.br\/senai\/wp-json\/wp\/v2\/posts\/6338","targetHints":{"allow":["GET"]}}],"collection":[{"href":"https:\/\/fieam.org.br\/senai\/wp-json\/wp\/v2\/posts"}],"about":[{"href":"https:\/\/fieam.org.br\/senai\/wp-json\/wp\/v2\/types\/post"}],"author":[{"embeddable":true,"href":"https:\/\/fieam.org.br\/senai\/wp-json\/wp\/v2\/users\/1"}],"replies":[{"embeddable":true,"href":"https:\/\/fieam.org.br\/senai\/wp-json\/wp\/v2\/comments?post=6338"}],"version-history":[{"count":0,"href":"https:\/\/fieam.org.br\/senai\/wp-json\/wp\/v2\/posts\/6338\/revisions"}],"wp:attachment":[{"href":"https:\/\/fieam.org.br\/senai\/wp-json\/wp\/v2\/media?parent=6338"}],"wp:term":[{"taxonomy":"category","embeddable":true,"href":"https:\/\/fieam.org.br\/senai\/wp-json\/wp\/v2\/categories?post=6338"},{"taxonomy":"post_tag","embeddable":true,"href":"https:\/\/fieam.org.br\/senai\/wp-json\/wp\/v2\/tags?post=6338"}],"curies":[{"name":"wp","href":"https:\/\/api.w.org\/{rel}","templated":true}]}}