{"id":6050,"date":"2016-06-13T16:45:35","date_gmt":"2016-06-13T20:45:35","guid":{"rendered":"http:\/\/www.fieam.org.br\/2015\/senai\/?p=6050"},"modified":"2016-06-13T16:45:35","modified_gmt":"2016-06-13T20:45:35","slug":"senai-qualifica-alunos-do-bairro-santa-etelvina-em-doces-salgados-e-paes-caseiros","status":"publish","type":"post","link":"https:\/\/fieam.org.br\/senai\/senai-qualifica-alunos-do-bairro-santa-etelvina-em-doces-salgados-e-paes-caseiros\/","title":{"rendered":"SENAI qualifica alunos do bairro Santa Etelvina em doces, salgados e p\u00e3es caseiros"},"content":{"rendered":"<figure id=\"attachment_6051\" aria-describedby=\"caption-attachment-6051\" style=\"width: 691px\" class=\"wp-caption aligncenter\"><a href=\"http:\/\/www.fieam.org.br\/2015\/senai\/wp-content\/uploads\/sites\/3\/2016\/06\/SENAI-entrega-63-certifica\u00e7\u00f5es-na-\u00e1rea-de-alimenta\u00e7\u00e3o.jpg\"><img fetchpriority=\"high\" decoding=\"async\" class=\" wp-image-6051\" src=\"http:\/\/www.fieam.org.br\/2015\/senai\/wp-content\/uploads\/sites\/3\/2016\/06\/SENAI-entrega-63-certifica\u00e7\u00f5es-na-\u00e1rea-de-alimenta\u00e7\u00e3o-1024x511.jpg\" alt=\"SENAI entrega 63 certifica\u00e7\u00f5es na \u00e1rea de alimenta\u00e7\u00e3o\" width=\"691\" height=\"345\" \/><\/a><figcaption id=\"caption-attachment-6051\" class=\"wp-caption-text\">SENAI entrega 63 certifica\u00e7\u00f5es na \u00e1rea de alimenta\u00e7\u00e3o<\/figcaption><\/figure>\n<p style=\"text-align: justify\"><a href=\"http:\/\/www.fieam.org.br\/2015\/senai\/\" data-saferedirecturl=\"https:\/\/www.google.com\/url?hl=pt-BR&amp;q=http:\/\/www.fieam.org.br\/2015\/senai\/&amp;source=gmail&amp;ust=1465936320457000&amp;usg=AFQjCNE0Cl7zBA1ojoMvcB3o5MG_XRDzbQ\">O Servi\u00e7o Nacional de Aprendizagem Industrial (SENAI Amazonas)<\/a>, por meio da Escola SENAI de A\u00e7\u00f5es M\u00f3veis e Comunit\u00e1rias (ESAMC), entregou na sexta-feira (10) 63 certificados aos concluintes dos cursos de Doces e Salgados e P\u00e3es Caseiros, ambos com carga hor\u00e1ria de 40 horas. O SENAI\/AM realizou os cursos no entorno do N\u00facleo de Amparo Social Tom\u00e1s de Aquino (Lar Francisco de Assis), no bairro de Santa Etelvina, em parceria com o Servi\u00e7o de Assist\u00eancia a Micro e Pequenas Empresas do Amazonas (Sebrae).<\/p>\n<p style=\"text-align: justify\">\u201cA inten\u00e7\u00e3o do SENAI \u00e9 dar condi\u00e7\u00f5es para que as pessoas possam trabalhar, ainda mais com a crise que estamos passando\u201d, disse o coordenador de Rela\u00e7\u00f5es com o Mercado do SENAI, Sergio Furtado. \u201cSe voc\u00ea tem uma qualifica\u00e7\u00e3o no ramo de alimenta\u00e7\u00e3o, como \u00e9 o caso desses alunos, voc\u00ea consegue trabalhar com preparo de caf\u00e9s regionais, produ\u00e7\u00e3o de salgados e doces para encomendas de lanchonetes ou mesmo para a abertura de um pr\u00f3prio neg\u00f3cio\u201d, explicou o t\u00e9cnico.<\/p>\n<p style=\"text-align: justify\">A oportunidade dada \u00e0 comunidade de Santa Etelvina veio por meio da diretora do Lar Francisco de Assis, Gra\u00e7a Castro, 62, que busca ajudar as pessoas do entorno da institui\u00e7\u00e3o com cursos de qualifica\u00e7\u00e3o para gera\u00e7\u00e3o de renda e diminui\u00e7\u00e3o da ociosidade. \u201cMuitos dos alunos j\u00e1 colocaram em pr\u00e1tica o que aprenderam, o que \u00e9 gratificante para n\u00f3s da institui\u00e7\u00e3o. Sabemos que de alguma forma estamos contribuindo para as pessoas\u201d, disse a diretora.<\/p>\n<p style=\"text-align: justify\">Para a industri\u00e1ria Viviane Amazonas, 34, desempregada, o curso veio em boa hora, principalmente por n\u00e3o ter condi\u00e7\u00f5es de pagar um. \u201cPara mim foi gratificante participar, pois hoje j\u00e1 consigo fazer salgados e tortas para festas, antes n\u00e3o sabia fazer nada\u201d, disse Viviane.<\/p>\n<p style=\"text-align: justify\">Paulo Moraes, 41, tamb\u00e9m n\u00e3o desperdi\u00e7ou a oportunidade de se qualificar. Realizou os dois cursos e agora pretende inovar na oferta de lanches para aumentar as vendas e melhorar os\u00a0 equipamentos da lanchonete que possui, para assim expandir os seus servi\u00e7os. \u201cO curso foi excelente, vi aqui a oportunidade de melhorar o que fa\u00e7o e me qualificar\u201d, disse Paulo.<\/p>\n<p style=\"text-align: justify\">O SENAI est\u00e1 com matr\u00edculas abertas para cursos da \u00e1rea de alimenta\u00e7\u00e3o para o m\u00eas de julho. Mais informa\u00e7\u00f5es pelos n\u00fameros (92) 3186-9975, 3186-9976 ou pelo e-mail<a href=\"mailto:corem.esamc@am.senai.br\">corem.esamc@am.senai.br<\/a>.<\/p>\n<p>&nbsp;<\/p>\n<p>[nggallery id=9]<\/p>\n<p>&nbsp;<\/p>\n<p><strong>\u00a0\u00a0\u00a0\u00a0\u00a0\u00a0\u00a0\u00a0\u00a0\u00a0\u00a0 ATENDIMENTO \u00c0 IMPRENSA<\/strong><\/p>\n<p>&nbsp;<\/p>\n<p><strong>Diretoria de Comunica\u00e7\u00e3o e Marketing do Sistema FIEAM<\/strong><\/p>\n<p>Tel: (92) 3186-6576 Fax: (92) 3186-6579<\/p>\n<p>E-mail: <a href=\"mailto:imprensa@fieam.org.br\">imprensa@fieam.org.br<\/a><\/p>\n<p>Portal: <a href=\"http:\/\/www.fieam.org.br\/\" data-saferedirecturl=\"https:\/\/www.google.com\/url?hl=pt-BR&amp;q=http:\/\/www.fieam.org.br&amp;source=gmail&amp;ust=1465936320457000&amp;usg=AFQjCNHbrjNBR9VQIpeuhtpP1--0xIXI9A\">http:\/\/www.fieam.org.br<\/a><\/p>\n<p><strong>\u00a0 \u00a0\u00a0\u00a0\u00a0\u00a0\u00a0\u00a0\u00a0\u00a0\u00a0Sistema FIEAM nas redes sociais<\/strong><\/p>\n<p><strong>\u00a0\u00a0\u00a0\u00a0\u00a0\u00a0\u00a0\u00a0\u00a0\u00a0\u00a0 FIEAM:<\/strong> <a href=\"https:\/\/www.facebook.com\/fieamoficial\" data-saferedirecturl=\"https:\/\/www.google.com\/url?hl=pt-BR&amp;q=https:\/\/www.facebook.com\/fieamoficial&amp;source=gmail&amp;ust=1465936320457000&amp;usg=AFQjCNHwiBgoB-KJWMWu0jkgXEPyDRQO7w\">Facebook<\/a>| <a href=\"https:\/\/twitter.com\/fieam\" data-saferedirecturl=\"https:\/\/www.google.com\/url?hl=pt-BR&amp;q=https:\/\/twitter.com\/fieam&amp;source=gmail&amp;ust=1465936320458000&amp;usg=AFQjCNHxt6VRinTL1j-_6jniePZbphJNGw\">Twitter<\/a>| <a href=\"https:\/\/www.instagram.com\/sistemafieam\/\" data-saferedirecturl=\"https:\/\/www.google.com\/url?hl=pt-BR&amp;q=https:\/\/www.instagram.com\/sistemafieam\/&amp;source=gmail&amp;ust=1465936320458000&amp;usg=AFQjCNG_ZZ9eOUxUzmaxzw7eJyAjX1HfTw\">Instagram<\/a>| \u00a0<a href=\"https:\/\/www.youtube.com\/user\/FIEAM\" data-saferedirecturl=\"https:\/\/www.google.com\/url?hl=pt-BR&amp;q=https:\/\/www.youtube.com\/user\/FIEAM&amp;source=gmail&amp;ust=1465936320458000&amp;usg=AFQjCNEH-hCeYH_x8g4Dwp2lQXjMdH318w\">You Tube<\/a><\/p>\n<p><strong>\u00a0\u00a0\u00a0\u00a0\u00a0\u00a0\u00a0\u00a0\u00a0\u00a0 <\/strong><strong>SESI:<\/strong> <a href=\"https:\/\/www.facebook.com\/sesiamazonas\" data-saferedirecturl=\"https:\/\/www.google.com\/url?hl=pt-BR&amp;q=https:\/\/www.facebook.com\/sesiamazonas&amp;source=gmail&amp;ust=1465936320458000&amp;usg=AFQjCNHYqQXavVZEXRXIbXTOf7dss-lRYA\">Facebook<\/a>| <a href=\"https:\/\/twitter.com\/sesiamazonas\" data-saferedirecturl=\"https:\/\/www.google.com\/url?hl=pt-BR&amp;q=https:\/\/twitter.com\/sesiamazonas&amp;source=gmail&amp;ust=1465936320458000&amp;usg=AFQjCNF8pbaHkNQNX6g581utXYorZWkUyQ\">Twitter<\/a>| <a href=\"https:\/\/www.instagram.com\/sistemafieam\/\" data-saferedirecturl=\"https:\/\/www.google.com\/url?hl=pt-BR&amp;q=https:\/\/www.instagram.com\/sistemafieam\/&amp;source=gmail&amp;ust=1465936320458000&amp;usg=AFQjCNG_ZZ9eOUxUzmaxzw7eJyAjX1HfTw\">Instagram<\/a>| \u00a0<a href=\"https:\/\/www.youtube.com\/user\/SESIAmazonas\" data-saferedirecturl=\"https:\/\/www.google.com\/url?hl=pt-BR&amp;q=https:\/\/www.youtube.com\/user\/SESIAmazonas&amp;source=gmail&amp;ust=1465936320458000&amp;usg=AFQjCNHs6BOdgjtuVO3vsbfxeQlbV2rw4w\">You Tube<\/a><\/p>\n<p><strong>\u00a0\u00a0\u00a0\u00a0\u00a0\u00a0\u00a0\u00a0\u00a0\u00a0 SENAI:<\/strong> <a href=\"https:\/\/www.facebook.com\/senaiamazonas\" data-saferedirecturl=\"https:\/\/www.google.com\/url?hl=pt-BR&amp;q=https:\/\/www.facebook.com\/senaiamazonas&amp;source=gmail&amp;ust=1465936320458000&amp;usg=AFQjCNF4LHmZSzCS2Qsiv278-EXVvt1rLw\">Facebook<\/a>| <a href=\"https:\/\/twitter.com\/senaiamazonas\" data-saferedirecturl=\"https:\/\/www.google.com\/url?hl=pt-BR&amp;q=https:\/\/twitter.com\/senaiamazonas&amp;source=gmail&amp;ust=1465936320458000&amp;usg=AFQjCNFMo3yUE36nWOKfBjTXxUnTR6fxqg\">Twitter<\/a>| <a href=\"https:\/\/www.instagram.com\/sistemafieam\/\" data-saferedirecturl=\"https:\/\/www.google.com\/url?hl=pt-BR&amp;q=https:\/\/www.instagram.com\/sistemafieam\/&amp;source=gmail&amp;ust=1465936320458000&amp;usg=AFQjCNG_ZZ9eOUxUzmaxzw7eJyAjX1HfTw\">Instagram<\/a>| \u00a0<a href=\"https:\/\/www.youtube.com\/user\/SENAIAmazonas\" data-saferedirecturl=\"https:\/\/www.google.com\/url?hl=pt-BR&amp;q=https:\/\/www.youtube.com\/user\/SENAIAmazonas&amp;source=gmail&amp;ust=1465936320458000&amp;usg=AFQjCNEX2UHh9SRoaslMD0eTs6P1H7Ur-g\">You Tube<\/a><\/p>\n<p><strong>\u00a0\u00a0\u00a0\u00a0\u00a0\u00a0\u00a0\u00a0\u00a0\u00a0 IEL:<\/strong> <a href=\"https:\/\/www.facebook.com\/ielamazonas\" data-saferedirecturl=\"https:\/\/www.google.com\/url?hl=pt-BR&amp;q=https:\/\/www.facebook.com\/ielamazonas&amp;source=gmail&amp;ust=1465936320458000&amp;usg=AFQjCNGMXpjtAPLNRO3oN4X2tvCQGvOabQ\">Facebook<\/a>| <a href=\"https:\/\/twitter.com\/ielamazonas\" data-saferedirecturl=\"https:\/\/www.google.com\/url?hl=pt-BR&amp;q=https:\/\/twitter.com\/ielamazonas&amp;source=gmail&amp;ust=1465936320458000&amp;usg=AFQjCNGkU7s6EV-E3q-NqTigrGj6nsLnfw\">Twitter<\/a>| <a href=\"https:\/\/www.instagram.com\/sistemafieam\/\" data-saferedirecturl=\"https:\/\/www.google.com\/url?hl=pt-BR&amp;q=https:\/\/www.instagram.com\/sistemafieam\/&amp;source=gmail&amp;ust=1465936320458000&amp;usg=AFQjCNG_ZZ9eOUxUzmaxzw7eJyAjX1HfTw\">Instagram<\/a>| \u00a0<a href=\"https:\/\/www.youtube.com\/user\/IELAmazonas\" data-saferedirecturl=\"https:\/\/www.google.com\/url?hl=pt-BR&amp;q=https:\/\/www.youtube.com\/user\/IELAmazonas&amp;source=gmail&amp;ust=1465936320458000&amp;usg=AFQjCNGDQ3EueTDjlqeSz4cXWda_l3wlLg\">You Tube<\/a><\/p>\n","protected":false},"excerpt":{"rendered":"<p>O Servi\u00e7o Nacional de Aprendizagem Industrial (SENAI Amazonas), por meio da Escola SENAI de A\u00e7\u00f5es M\u00f3veis e Comunit\u00e1rias (ESAMC), entregou na sexta-feira (10) 63 certificados aos concluintes dos cursos de Doces e Salgados e P\u00e3es Caseiros, ambos com carga hor\u00e1ria de 40 horas. O SENAI\/AM realizou os cursos no entorno do N\u00facleo de Amparo Social [&hellip;]<\/p>\n","protected":false},"author":1,"featured_media":6051,"comment_status":"open","ping_status":"open","sticky":false,"template":"","format":"standard","meta":{"footnotes":""},"categories":[21],"tags":[],"class_list":["post-6050","post","type-post","status-publish","format-standard","has-post-thumbnail","hentry","category-news"],"yoast_head":"<!-- This site is optimized with the Yoast SEO plugin v26.8 - https:\/\/yoast.com\/product\/yoast-seo-wordpress\/ -->\n<title>SENAI qualifica alunos do bairro Santa Etelvina em doces, salgados e p\u00e3es caseiros - SENAI<\/title>\n<meta name=\"robots\" content=\"index, follow, max-snippet:-1, max-image-preview:large, max-video-preview:-1\" \/>\n<link rel=\"canonical\" href=\"https:\/\/fieam.org.br\/senai\/senai-qualifica-alunos-do-bairro-santa-etelvina-em-doces-salgados-e-paes-caseiros\/\" \/>\n<meta property=\"og:locale\" content=\"pt_BR\" \/>\n<meta property=\"og:type\" content=\"article\" \/>\n<meta property=\"og:title\" content=\"SENAI qualifica alunos do bairro Santa Etelvina em doces, salgados e p\u00e3es caseiros - SENAI\" \/>\n<meta property=\"og:description\" content=\"O Servi\u00e7o Nacional de Aprendizagem Industrial (SENAI Amazonas), por meio da Escola SENAI de A\u00e7\u00f5es M\u00f3veis e Comunit\u00e1rias (ESAMC), entregou na sexta-feira (10) 63 certificados aos concluintes dos cursos de Doces e Salgados e P\u00e3es Caseiros, ambos com carga hor\u00e1ria de 40 horas. O SENAI\/AM realizou os cursos no entorno do N\u00facleo de Amparo Social [&hellip;]\" \/>\n<meta property=\"og:url\" content=\"https:\/\/fieam.org.br\/senai\/senai-qualifica-alunos-do-bairro-santa-etelvina-em-doces-salgados-e-paes-caseiros\/\" \/>\n<meta property=\"og:site_name\" content=\"SENAI\" \/>\n<meta property=\"article:published_time\" content=\"2016-06-13T20:45:35+00:00\" \/>\n<meta name=\"author\" content=\"Autor\" \/>\n<meta name=\"twitter:card\" content=\"summary_large_image\" \/>\n<meta name=\"twitter:label1\" content=\"Escrito por\" \/>\n\t<meta name=\"twitter:data1\" content=\"Autor\" \/>\n\t<meta name=\"twitter:label2\" content=\"Est. tempo de leitura\" \/>\n\t<meta name=\"twitter:data2\" content=\"2 minutos\" \/>\n<script type=\"application\/ld+json\" class=\"yoast-schema-graph\">{\"@context\":\"https:\/\/schema.org\",\"@graph\":[{\"@type\":\"Article\",\"@id\":\"https:\/\/fieam.org.br\/senai\/senai-qualifica-alunos-do-bairro-santa-etelvina-em-doces-salgados-e-paes-caseiros\/#article\",\"isPartOf\":{\"@id\":\"https:\/\/fieam.org.br\/senai\/senai-qualifica-alunos-do-bairro-santa-etelvina-em-doces-salgados-e-paes-caseiros\/\"},\"author\":{\"name\":\"Autor\",\"@id\":\"https:\/\/fieam.org.br\/senai\/#\/schema\/person\/c1ceda8321521b291cee22da0a7d34be\"},\"headline\":\"SENAI qualifica alunos do bairro Santa Etelvina em doces, salgados e p\u00e3es caseiros\",\"datePublished\":\"2016-06-13T20:45:35+00:00\",\"mainEntityOfPage\":{\"@id\":\"https:\/\/fieam.org.br\/senai\/senai-qualifica-alunos-do-bairro-santa-etelvina-em-doces-salgados-e-paes-caseiros\/\"},\"wordCount\":487,\"commentCount\":0,\"publisher\":{\"@id\":\"https:\/\/fieam.org.br\/senai\/#organization\"},\"image\":{\"@id\":\"https:\/\/fieam.org.br\/senai\/senai-qualifica-alunos-do-bairro-santa-etelvina-em-doces-salgados-e-paes-caseiros\/#primaryimage\"},\"thumbnailUrl\":\"\",\"articleSection\":[\"News\"],\"inLanguage\":\"pt-BR\",\"potentialAction\":[{\"@type\":\"CommentAction\",\"name\":\"Comment\",\"target\":[\"https:\/\/fieam.org.br\/senai\/senai-qualifica-alunos-do-bairro-santa-etelvina-em-doces-salgados-e-paes-caseiros\/#respond\"]}]},{\"@type\":\"WebPage\",\"@id\":\"https:\/\/fieam.org.br\/senai\/senai-qualifica-alunos-do-bairro-santa-etelvina-em-doces-salgados-e-paes-caseiros\/\",\"url\":\"https:\/\/fieam.org.br\/senai\/senai-qualifica-alunos-do-bairro-santa-etelvina-em-doces-salgados-e-paes-caseiros\/\",\"name\":\"SENAI qualifica alunos do bairro Santa Etelvina em doces, salgados e p\u00e3es caseiros - SENAI\",\"isPartOf\":{\"@id\":\"https:\/\/fieam.org.br\/senai\/#website\"},\"primaryImageOfPage\":{\"@id\":\"https:\/\/fieam.org.br\/senai\/senai-qualifica-alunos-do-bairro-santa-etelvina-em-doces-salgados-e-paes-caseiros\/#primaryimage\"},\"image\":{\"@id\":\"https:\/\/fieam.org.br\/senai\/senai-qualifica-alunos-do-bairro-santa-etelvina-em-doces-salgados-e-paes-caseiros\/#primaryimage\"},\"thumbnailUrl\":\"\",\"datePublished\":\"2016-06-13T20:45:35+00:00\",\"breadcrumb\":{\"@id\":\"https:\/\/fieam.org.br\/senai\/senai-qualifica-alunos-do-bairro-santa-etelvina-em-doces-salgados-e-paes-caseiros\/#breadcrumb\"},\"inLanguage\":\"pt-BR\",\"potentialAction\":[{\"@type\":\"ReadAction\",\"target\":[\"https:\/\/fieam.org.br\/senai\/senai-qualifica-alunos-do-bairro-santa-etelvina-em-doces-salgados-e-paes-caseiros\/\"]}]},{\"@type\":\"ImageObject\",\"inLanguage\":\"pt-BR\",\"@id\":\"https:\/\/fieam.org.br\/senai\/senai-qualifica-alunos-do-bairro-santa-etelvina-em-doces-salgados-e-paes-caseiros\/#primaryimage\",\"url\":\"\",\"contentUrl\":\"\"},{\"@type\":\"BreadcrumbList\",\"@id\":\"https:\/\/fieam.org.br\/senai\/senai-qualifica-alunos-do-bairro-santa-etelvina-em-doces-salgados-e-paes-caseiros\/#breadcrumb\",\"itemListElement\":[{\"@type\":\"ListItem\",\"position\":1,\"name\":\"In\u00edcio\",\"item\":\"https:\/\/fieam.org.br\/senai\/\"},{\"@type\":\"ListItem\",\"position\":2,\"name\":\"SENAI qualifica alunos do bairro Santa Etelvina em doces, salgados e p\u00e3es caseiros\"}]},{\"@type\":\"WebSite\",\"@id\":\"https:\/\/fieam.org.br\/senai\/#website\",\"url\":\"https:\/\/fieam.org.br\/senai\/\",\"name\":\"SENAI\",\"description\":\"Site Oficial!\",\"publisher\":{\"@id\":\"https:\/\/fieam.org.br\/senai\/#organization\"},\"potentialAction\":[{\"@type\":\"SearchAction\",\"target\":{\"@type\":\"EntryPoint\",\"urlTemplate\":\"https:\/\/fieam.org.br\/senai\/?s={search_term_string}\"},\"query-input\":{\"@type\":\"PropertyValueSpecification\",\"valueRequired\":true,\"valueName\":\"search_term_string\"}}],\"inLanguage\":\"pt-BR\"},{\"@type\":\"Organization\",\"@id\":\"https:\/\/fieam.org.br\/senai\/#organization\",\"name\":\"SENAI\",\"url\":\"https:\/\/fieam.org.br\/senai\/\",\"logo\":{\"@type\":\"ImageObject\",\"inLanguage\":\"pt-BR\",\"@id\":\"https:\/\/fieam.org.br\/senai\/#\/schema\/logo\/image\/\",\"url\":\"https:\/\/fieam.org.br\/senai\/wp-content\/uploads\/sites\/16\/2024\/03\/cropped-fav.png\",\"contentUrl\":\"https:\/\/fieam.org.br\/senai\/wp-content\/uploads\/sites\/16\/2024\/03\/cropped-fav.png\",\"width\":592,\"height\":577,\"caption\":\"SENAI\"},\"image\":{\"@id\":\"https:\/\/fieam.org.br\/senai\/#\/schema\/logo\/image\/\"}},{\"@type\":\"Person\",\"@id\":\"https:\/\/fieam.org.br\/senai\/#\/schema\/person\/c1ceda8321521b291cee22da0a7d34be\",\"name\":\"Autor\",\"image\":{\"@type\":\"ImageObject\",\"inLanguage\":\"pt-BR\",\"@id\":\"https:\/\/fieam.org.br\/senai\/#\/schema\/person\/image\/\",\"url\":\"https:\/\/secure.gravatar.com\/avatar\/3732c223e0e1fad69062a8f770955c9068d37b055204f310a0be18d4069fe380?s=96&d=mm&r=g\",\"contentUrl\":\"https:\/\/secure.gravatar.com\/avatar\/3732c223e0e1fad69062a8f770955c9068d37b055204f310a0be18d4069fe380?s=96&d=mm&r=g\",\"caption\":\"Autor\"},\"sameAs\":[\"https:\/\/marketingmassivo.com.br\"],\"url\":\"https:\/\/fieam.org.br\/senai\/author\/admin\/\"}]}<\/script>\n<!-- \/ Yoast SEO plugin. -->","yoast_head_json":{"title":"SENAI qualifica alunos do bairro Santa Etelvina em doces, salgados e p\u00e3es caseiros - SENAI","robots":{"index":"index","follow":"follow","max-snippet":"max-snippet:-1","max-image-preview":"max-image-preview:large","max-video-preview":"max-video-preview:-1"},"canonical":"https:\/\/fieam.org.br\/senai\/senai-qualifica-alunos-do-bairro-santa-etelvina-em-doces-salgados-e-paes-caseiros\/","og_locale":"pt_BR","og_type":"article","og_title":"SENAI qualifica alunos do bairro Santa Etelvina em doces, salgados e p\u00e3es caseiros - SENAI","og_description":"O Servi\u00e7o Nacional de Aprendizagem Industrial (SENAI Amazonas), por meio da Escola SENAI de A\u00e7\u00f5es M\u00f3veis e Comunit\u00e1rias (ESAMC), entregou na sexta-feira (10) 63 certificados aos concluintes dos cursos de Doces e Salgados e P\u00e3es Caseiros, ambos com carga hor\u00e1ria de 40 horas. O SENAI\/AM realizou os cursos no entorno do N\u00facleo de Amparo Social [&hellip;]","og_url":"https:\/\/fieam.org.br\/senai\/senai-qualifica-alunos-do-bairro-santa-etelvina-em-doces-salgados-e-paes-caseiros\/","og_site_name":"SENAI","article_published_time":"2016-06-13T20:45:35+00:00","author":"Autor","twitter_card":"summary_large_image","twitter_misc":{"Escrito por":"Autor","Est. tempo de leitura":"2 minutos"},"schema":{"@context":"https:\/\/schema.org","@graph":[{"@type":"Article","@id":"https:\/\/fieam.org.br\/senai\/senai-qualifica-alunos-do-bairro-santa-etelvina-em-doces-salgados-e-paes-caseiros\/#article","isPartOf":{"@id":"https:\/\/fieam.org.br\/senai\/senai-qualifica-alunos-do-bairro-santa-etelvina-em-doces-salgados-e-paes-caseiros\/"},"author":{"name":"Autor","@id":"https:\/\/fieam.org.br\/senai\/#\/schema\/person\/c1ceda8321521b291cee22da0a7d34be"},"headline":"SENAI qualifica alunos do bairro Santa Etelvina em doces, salgados e p\u00e3es caseiros","datePublished":"2016-06-13T20:45:35+00:00","mainEntityOfPage":{"@id":"https:\/\/fieam.org.br\/senai\/senai-qualifica-alunos-do-bairro-santa-etelvina-em-doces-salgados-e-paes-caseiros\/"},"wordCount":487,"commentCount":0,"publisher":{"@id":"https:\/\/fieam.org.br\/senai\/#organization"},"image":{"@id":"https:\/\/fieam.org.br\/senai\/senai-qualifica-alunos-do-bairro-santa-etelvina-em-doces-salgados-e-paes-caseiros\/#primaryimage"},"thumbnailUrl":"","articleSection":["News"],"inLanguage":"pt-BR","potentialAction":[{"@type":"CommentAction","name":"Comment","target":["https:\/\/fieam.org.br\/senai\/senai-qualifica-alunos-do-bairro-santa-etelvina-em-doces-salgados-e-paes-caseiros\/#respond"]}]},{"@type":"WebPage","@id":"https:\/\/fieam.org.br\/senai\/senai-qualifica-alunos-do-bairro-santa-etelvina-em-doces-salgados-e-paes-caseiros\/","url":"https:\/\/fieam.org.br\/senai\/senai-qualifica-alunos-do-bairro-santa-etelvina-em-doces-salgados-e-paes-caseiros\/","name":"SENAI qualifica alunos do bairro Santa Etelvina em doces, salgados e p\u00e3es caseiros - SENAI","isPartOf":{"@id":"https:\/\/fieam.org.br\/senai\/#website"},"primaryImageOfPage":{"@id":"https:\/\/fieam.org.br\/senai\/senai-qualifica-alunos-do-bairro-santa-etelvina-em-doces-salgados-e-paes-caseiros\/#primaryimage"},"image":{"@id":"https:\/\/fieam.org.br\/senai\/senai-qualifica-alunos-do-bairro-santa-etelvina-em-doces-salgados-e-paes-caseiros\/#primaryimage"},"thumbnailUrl":"","datePublished":"2016-06-13T20:45:35+00:00","breadcrumb":{"@id":"https:\/\/fieam.org.br\/senai\/senai-qualifica-alunos-do-bairro-santa-etelvina-em-doces-salgados-e-paes-caseiros\/#breadcrumb"},"inLanguage":"pt-BR","potentialAction":[{"@type":"ReadAction","target":["https:\/\/fieam.org.br\/senai\/senai-qualifica-alunos-do-bairro-santa-etelvina-em-doces-salgados-e-paes-caseiros\/"]}]},{"@type":"ImageObject","inLanguage":"pt-BR","@id":"https:\/\/fieam.org.br\/senai\/senai-qualifica-alunos-do-bairro-santa-etelvina-em-doces-salgados-e-paes-caseiros\/#primaryimage","url":"","contentUrl":""},{"@type":"BreadcrumbList","@id":"https:\/\/fieam.org.br\/senai\/senai-qualifica-alunos-do-bairro-santa-etelvina-em-doces-salgados-e-paes-caseiros\/#breadcrumb","itemListElement":[{"@type":"ListItem","position":1,"name":"In\u00edcio","item":"https:\/\/fieam.org.br\/senai\/"},{"@type":"ListItem","position":2,"name":"SENAI qualifica alunos do bairro Santa Etelvina em doces, salgados e p\u00e3es caseiros"}]},{"@type":"WebSite","@id":"https:\/\/fieam.org.br\/senai\/#website","url":"https:\/\/fieam.org.br\/senai\/","name":"SENAI","description":"Site Oficial!","publisher":{"@id":"https:\/\/fieam.org.br\/senai\/#organization"},"potentialAction":[{"@type":"SearchAction","target":{"@type":"EntryPoint","urlTemplate":"https:\/\/fieam.org.br\/senai\/?s={search_term_string}"},"query-input":{"@type":"PropertyValueSpecification","valueRequired":true,"valueName":"search_term_string"}}],"inLanguage":"pt-BR"},{"@type":"Organization","@id":"https:\/\/fieam.org.br\/senai\/#organization","name":"SENAI","url":"https:\/\/fieam.org.br\/senai\/","logo":{"@type":"ImageObject","inLanguage":"pt-BR","@id":"https:\/\/fieam.org.br\/senai\/#\/schema\/logo\/image\/","url":"https:\/\/fieam.org.br\/senai\/wp-content\/uploads\/sites\/16\/2024\/03\/cropped-fav.png","contentUrl":"https:\/\/fieam.org.br\/senai\/wp-content\/uploads\/sites\/16\/2024\/03\/cropped-fav.png","width":592,"height":577,"caption":"SENAI"},"image":{"@id":"https:\/\/fieam.org.br\/senai\/#\/schema\/logo\/image\/"}},{"@type":"Person","@id":"https:\/\/fieam.org.br\/senai\/#\/schema\/person\/c1ceda8321521b291cee22da0a7d34be","name":"Autor","image":{"@type":"ImageObject","inLanguage":"pt-BR","@id":"https:\/\/fieam.org.br\/senai\/#\/schema\/person\/image\/","url":"https:\/\/secure.gravatar.com\/avatar\/3732c223e0e1fad69062a8f770955c9068d37b055204f310a0be18d4069fe380?s=96&d=mm&r=g","contentUrl":"https:\/\/secure.gravatar.com\/avatar\/3732c223e0e1fad69062a8f770955c9068d37b055204f310a0be18d4069fe380?s=96&d=mm&r=g","caption":"Autor"},"sameAs":["https:\/\/marketingmassivo.com.br"],"url":"https:\/\/fieam.org.br\/senai\/author\/admin\/"}]}},"_links":{"self":[{"href":"https:\/\/fieam.org.br\/senai\/wp-json\/wp\/v2\/posts\/6050","targetHints":{"allow":["GET"]}}],"collection":[{"href":"https:\/\/fieam.org.br\/senai\/wp-json\/wp\/v2\/posts"}],"about":[{"href":"https:\/\/fieam.org.br\/senai\/wp-json\/wp\/v2\/types\/post"}],"author":[{"embeddable":true,"href":"https:\/\/fieam.org.br\/senai\/wp-json\/wp\/v2\/users\/1"}],"replies":[{"embeddable":true,"href":"https:\/\/fieam.org.br\/senai\/wp-json\/wp\/v2\/comments?post=6050"}],"version-history":[{"count":0,"href":"https:\/\/fieam.org.br\/senai\/wp-json\/wp\/v2\/posts\/6050\/revisions"}],"wp:featuredmedia":[{"embeddable":true,"href":"https:\/\/fieam.org.br\/senai\/wp-json\/"}],"wp:attachment":[{"href":"https:\/\/fieam.org.br\/senai\/wp-json\/wp\/v2\/media?parent=6050"}],"wp:term":[{"taxonomy":"category","embeddable":true,"href":"https:\/\/fieam.org.br\/senai\/wp-json\/wp\/v2\/categories?post=6050"},{"taxonomy":"post_tag","embeddable":true,"href":"https:\/\/fieam.org.br\/senai\/wp-json\/wp\/v2\/tags?post=6050"}],"curies":[{"name":"wp","href":"https:\/\/api.w.org\/{rel}","templated":true}]}}