{"id":5959,"date":"2016-05-10T17:35:08","date_gmt":"2016-05-10T21:35:08","guid":{"rendered":"http:\/\/www.fieam.org.br\/2015\/senai\/?p=5959"},"modified":"2016-05-10T17:35:08","modified_gmt":"2016-05-10T21:35:08","slug":"semana-de-treinamento-de-coaching-com-delegacao-amazonense-da-olimpiada-do-conhecimento","status":"publish","type":"post","link":"https:\/\/fieam.org.br\/senai\/semana-de-treinamento-de-coaching-com-delegacao-amazonense-da-olimpiada-do-conhecimento\/","title":{"rendered":"Semana de treinamento de coaching com Delega\u00e7\u00e3o Amazonense da Olimp\u00edada do Conhecimento"},"content":{"rendered":"<p>&nbsp;<\/p>\n<figure id=\"attachment_5960\" aria-describedby=\"caption-attachment-5960\" style=\"width: 622px\" class=\"wp-caption aligncenter\"><a href=\"http:\/\/www.fieam.org.br\/2015\/senai\/wp-content\/uploads\/sites\/3\/2016\/05\/Encontro-reuniu-avaliadores-alunos-e-equipe-t\u00e9cnica-da-Olimp\u00edada-do-Conhecimento-2016.jpg\"><img fetchpriority=\"high\" decoding=\"async\" class=\" wp-image-5960\" src=\"http:\/\/www.fieam.org.br\/2015\/senai\/wp-content\/uploads\/sites\/3\/2016\/05\/Encontro-reuniu-avaliadores-alunos-e-equipe-t\u00e9cnica-da-Olimp\u00edada-do-Conhecimento-2016-1024x683.jpg\" alt=\"Encontro reuniu avaliadores, alunos e equipe t\u00e9cnica da Olimp\u00edada do Conhecimento 2016\" width=\"622\" height=\"415\" \/><\/a><figcaption id=\"caption-attachment-5960\" class=\"wp-caption-text\">Encontro reuniu avaliadores, alunos e equipe t\u00e9cnica da Olimp\u00edada do Conhecimento 2016<\/figcaption><\/figure>\n<p>&nbsp;<\/p>\n<p>O <em>coaching<\/em> Ademir Bassanesi, especialista no acompanhamento preparat\u00f3rio de alunos da Rede <a href=\"http:\/\/www.fieam.org.br\/2015\/senai\/\" data-saferedirecturl=\"https:\/\/www.google.com\/url?hl=pt-PT&amp;q=http:\/\/www.fieam.org.br\/2015\/senai\/&amp;source=gmail&amp;ust=1463000061089000&amp;usg=AFQjCNHPXBS3IJlVGioJ84nB-FTQdx3xaw\">SENAI<\/a> para a Olimp\u00edada do Conhecimento e a Worldskills coordena esta semana os participantes da delega\u00e7\u00e3o amazonense sobre os tr\u00eas pilares fundamentais para um competidor de educa\u00e7\u00e3o profissional: sonho, estrat\u00e9gia e mentalidade.<\/p>\n<p>As palestras interativas de Bassanesi, para potencializar a performance da delega\u00e7\u00e3o, contemplam 10 alunos do SENAI Amazonas que participar\u00e3o da Olimp\u00edada do Conhecimento 2016, evento que ser\u00e1 realizado em v\u00e1rios Departamentos Regionais da institui\u00e7\u00e3o de julho e agosto.<\/p>\n<p>Al\u00e9m dos competidores, os avaliadores das nove ocupa\u00e7\u00f5es com representa\u00e7\u00e3o amazonense tamb\u00e9m participam das atividades de motiva\u00e7\u00e3o e prepara\u00e7\u00e3o comportamental dos jovens.<\/p>\n<p>Os competidores amazonenses v\u00e3o disputar medalhas com outros alunos da Rede SENAI nas ocupa\u00e7\u00f5es de Mecatr\u00f4nica, Redes de Computadores, Eletr\u00f4nica, Solda, Sistemas Drywall e Estucagem, Constru\u00e7\u00e3o em Alvenaria, Movelaria, Tecnologia da Moda e Vitrinismo.<\/p>\n<p>No primeiro dia, Ademir aplicou teste de comportamento para os competidores e a leitura desta avalia\u00e7\u00e3o foi positiva, na qual a maioria dos participantes foi identificada com caracter\u00edsticas de tubar\u00e3o, isso quer dizer que s\u00e3o jovens que buscam bons resultados, almejam o melhor e est\u00e3o focados.<\/p>\n<p>\u201c\u00c9 uma delega\u00e7\u00e3o bem motivada e que d\u00e1 valor a oportunidade de participar de uma grande competi\u00e7\u00e3o de educa\u00e7\u00e3o profissional. Independente dos resultados que v\u00e3o alcan\u00e7ar, eles j\u00e1 s\u00e3o vencedores por serem alunos diferenciados nas ocupa\u00e7\u00f5es que ir\u00e3o disputar\u201d, avaliou o coaching.<\/p>\n<p>Faltando dois meses para as competi\u00e7\u00f5es, Bassanesi destaca que o comprometimento de toda a delega\u00e7\u00e3o ser\u00e1 decis\u00f3rio para alcan\u00e7ar suas metas e objetivos. \u201cAvaliadores e competidores precisam aproveitar o tempo restante, manter o foco no treinamento do dia a dia, fazer simulados de tempo em tempo para melhorar os processos e trabalhar a quest\u00e3o psicol\u00f3gica\u201d, elenca, destacando que o equil\u00edbrio do conhecimento t\u00e9cnico e controle emocional \u00e9 muito importante.<\/p>\n<p>At\u00e9 sexta-feira, o coaching estar\u00e1 aplicando um projeto teste para a dupla de mecatr\u00f4nica, Maur\u00edcio Cardoso e Wildes Dos Santos Filho. Bassanesi, que tem forma\u00e7\u00e3o em mecatr\u00f4nica e por 12 anos foi instrutor neste segmento em Rio Grande do Sul, Departamento Regional que ganhou sete medalhas de ouro nas ultimas oito Olimp\u00edadas do Conhecimento, vai mensurar os resultados desses jovens para avaliar como a dupla est\u00e1 para a competi\u00e7\u00e3o nacional.<\/p>\n<p>Nas duas ultimas competi\u00e7\u00f5es nacionais, em 2014 em Belo Horizonte (MG) e em S\u00e3o Paulo (SP), as duplas que representavam o Amazonas na ocupa\u00e7\u00e3o de mecatr\u00f4nica conquistaram a prata. O avaliador do SENAI Amazonas desta ocupa\u00e7\u00e3o, Marcos Alexandre, tamb\u00e9m participar\u00e1 desse acompanhamento de desempenho de seus alunos e a expectativa \u00e9 que nesta edi\u00e7\u00e3o os dois amazonenses conquistem o ouro. A competi\u00e7\u00e3o desta ocupa\u00e7\u00e3o ocorrer\u00e1 de 8 a 12 de agosto no Departamento Regional de Alagoas.<\/p>\n<p>Para o coaching, a Delega\u00e7\u00e3o do SENAI Amazonas vem crescendo em maturidade e na conquista de medalhas, resultados decorrente da experi\u00eancia de seus avaliadores, estrutura f\u00edsica da escola, e da escolha de fortes competidores.<\/p>\n<p>\u201cO cuidado maior agora, al\u00e9m do treinamento t\u00e9cnico, \u00e9 trabalhar a mentalidade de cada competidor e suas estrat\u00e9gias, pois sonhos eles possuem, por\u00e9m precisam acreditar mais que podem realiza-los\u201d, declarou Ademir Bassanesi.<\/p>\n<p>Os alunos que alcan\u00e7arem a melhor pontua\u00e7\u00e3o em suas modalidades estar\u00e3o automaticamente selecionados para compor a Delega\u00e7\u00e3o Brasileira que participar\u00e1 da Worldskills 2017 que ocorrer\u00e1 em Abu Dhabi.<\/p>\n<p>&nbsp;<\/p>\n<p>[nggallery id=6]<\/p>\n<p>&nbsp;<\/p>\n<p><strong>\u00a0\u00a0\u00a0\u00a0\u00a0\u00a0\u00a0\u00a0\u00a0\u00a0\u00a0 ATENDIMENTO \u00c0 IMPRENSA<\/strong><\/p>\n<p>&nbsp;<\/p>\n<p><strong>Diretoria de Comunica\u00e7\u00e3o e Marketing do Sistema FIEAM<\/strong><\/p>\n<p>Tel: (92) 3186-6576 Fax: (92) 3186-6579<\/p>\n<p>E-mail: <a href=\"mailto:imprensa@fieam.org.br\">imprensa@fieam.org.br<\/a><\/p>\n<p>Portal: <a href=\"http:\/\/www.fieam.org.br\/\" data-saferedirecturl=\"https:\/\/www.google.com\/url?hl=pt-PT&amp;q=http:\/\/www.fieam.org.br&amp;source=gmail&amp;ust=1463000061089000&amp;usg=AFQjCNEmGMx9GZYxGO8JAfygxLuApcMCFA\">http:\/\/www.fieam.org.br<\/a><\/p>\n<p><strong>\u00a0\u00a0\u00a0\u00a0\u00a0\u00a0\u00a0\u00a0\u00a0\u00a0\u00a0 Sistema FIEAM nas redes sociais<\/strong><\/p>\n<p><strong>\u00a0\u00a0\u00a0\u00a0\u00a0\u00a0\u00a0\u00a0\u00a0\u00a0\u00a0 FIEAM:<\/strong> <a href=\"https:\/\/www.facebook.com\/fieamoficial\" data-saferedirecturl=\"https:\/\/www.google.com\/url?hl=pt-PT&amp;q=https:\/\/www.facebook.com\/fieamoficial&amp;source=gmail&amp;ust=1463000061089000&amp;usg=AFQjCNHqkgiVMYadB5lhoLiivpr248k9qQ\">Facebook<\/a>| <a href=\"https:\/\/twitter.com\/fieam\" data-saferedirecturl=\"https:\/\/www.google.com\/url?hl=pt-PT&amp;q=https:\/\/twitter.com\/fieam&amp;source=gmail&amp;ust=1463000061089000&amp;usg=AFQjCNH2jiQ2qh0WLy9Qn_ZCto2Y3Vzgcw\">Twitter<\/a>| <a href=\"https:\/\/www.instagram.com\/sistemafieam\/\" data-saferedirecturl=\"https:\/\/www.google.com\/url?hl=pt-PT&amp;q=https:\/\/www.instagram.com\/sistemafieam\/&amp;source=gmail&amp;ust=1463000061089000&amp;usg=AFQjCNEIztl9I9f1fJK-wpDxeZTm5HvtDg\">Instagram<\/a>| \u00a0<a href=\"https:\/\/www.youtube.com\/user\/FIEAM\" data-saferedirecturl=\"https:\/\/www.google.com\/url?hl=pt-PT&amp;q=https:\/\/www.youtube.com\/user\/FIEAM&amp;source=gmail&amp;ust=1463000061089000&amp;usg=AFQjCNFE8GIgwjwXcrFLkRI6OZUs-IVlEw\">You Tube<\/a><\/p>\n<p><strong>\u00a0\u00a0\u00a0\u00a0\u00a0\u00a0\u00a0\u00a0\u00a0\u00a0 <\/strong><strong>SESI:<\/strong> <a href=\"https:\/\/www.facebook.com\/sesiamazonas\" data-saferedirecturl=\"https:\/\/www.google.com\/url?hl=pt-PT&amp;q=https:\/\/www.facebook.com\/sesiamazonas&amp;source=gmail&amp;ust=1463000061089000&amp;usg=AFQjCNFuhMHsjXj5UwKtzuOU4DqEDMTNuw\">Facebook<\/a>| <a href=\"https:\/\/twitter.com\/sesiamazonas\" data-saferedirecturl=\"https:\/\/www.google.com\/url?hl=pt-PT&amp;q=https:\/\/twitter.com\/sesiamazonas&amp;source=gmail&amp;ust=1463000061089000&amp;usg=AFQjCNE5KNxsbr82bpOjFL127jA6HMO6GQ\">Twitter<\/a>| <a href=\"https:\/\/www.instagram.com\/sistemafieam\/\" data-saferedirecturl=\"https:\/\/www.google.com\/url?hl=pt-PT&amp;q=https:\/\/www.instagram.com\/sistemafieam\/&amp;source=gmail&amp;ust=1463000061089000&amp;usg=AFQjCNEIztl9I9f1fJK-wpDxeZTm5HvtDg\">Instagram<\/a>| \u00a0<a href=\"https:\/\/www.youtube.com\/user\/SESIAmazonas\" data-saferedirecturl=\"https:\/\/www.google.com\/url?hl=pt-PT&amp;q=https:\/\/www.youtube.com\/user\/SESIAmazonas&amp;source=gmail&amp;ust=1463000061089000&amp;usg=AFQjCNEeQYGrblnYbbgaDmh0bUhb4wVkpA\">You Tube<\/a><\/p>\n<p><strong>\u00a0\u00a0\u00a0\u00a0\u00a0\u00a0\u00a0\u00a0\u00a0\u00a0 SENAI:<\/strong> <a href=\"https:\/\/www.facebook.com\/senaiamazonas\" data-saferedirecturl=\"https:\/\/www.google.com\/url?hl=pt-PT&amp;q=https:\/\/www.facebook.com\/senaiamazonas&amp;source=gmail&amp;ust=1463000061089000&amp;usg=AFQjCNEJXaorIO2xRFdKROGHliFj6THSXg\">Facebook<\/a>| <a href=\"https:\/\/twitter.com\/senaiamazonas\" data-saferedirecturl=\"https:\/\/www.google.com\/url?hl=pt-PT&amp;q=https:\/\/twitter.com\/senaiamazonas&amp;source=gmail&amp;ust=1463000061089000&amp;usg=AFQjCNHFlDTDhMDJ8Uxf_Dhw42WpHzNbWQ\">Twitter<\/a>| <a href=\"https:\/\/www.instagram.com\/sistemafieam\/\" data-saferedirecturl=\"https:\/\/www.google.com\/url?hl=pt-PT&amp;q=https:\/\/www.instagram.com\/sistemafieam\/&amp;source=gmail&amp;ust=1463000061089000&amp;usg=AFQjCNEIztl9I9f1fJK-wpDxeZTm5HvtDg\">Instagram<\/a>| \u00a0<a href=\"https:\/\/www.youtube.com\/user\/SENAIAmazonas\" data-saferedirecturl=\"https:\/\/www.google.com\/url?hl=pt-PT&amp;q=https:\/\/www.youtube.com\/user\/SENAIAmazonas&amp;source=gmail&amp;ust=1463000061089000&amp;usg=AFQjCNHSGfvRJnXIQyHli6LaIeOAmuYdQg\">You Tube<\/a><\/p>\n<p><strong>\u00a0\u00a0\u00a0\u00a0\u00a0\u00a0\u00a0\u00a0\u00a0\u00a0 IEL:<\/strong> <a href=\"https:\/\/www.facebook.com\/ielamazonas\" data-saferedirecturl=\"https:\/\/www.google.com\/url?hl=pt-PT&amp;q=https:\/\/www.facebook.com\/ielamazonas&amp;source=gmail&amp;ust=1463000061089000&amp;usg=AFQjCNG9ckDYDFMQ3q1S2YYqePSr-U7Qbw\">Facebook<\/a>| <a href=\"https:\/\/twitter.com\/ielamazonas\" data-saferedirecturl=\"https:\/\/www.google.com\/url?hl=pt-PT&amp;q=https:\/\/twitter.com\/ielamazonas&amp;source=gmail&amp;ust=1463000061089000&amp;usg=AFQjCNHBW68zAtWWDTBAbLw83VdqcT-MdQ\">Twitter<\/a>| <a href=\"https:\/\/www.instagram.com\/sistemafieam\/\" data-saferedirecturl=\"https:\/\/www.google.com\/url?hl=pt-PT&amp;q=https:\/\/www.instagram.com\/sistemafieam\/&amp;source=gmail&amp;ust=1463000061089000&amp;usg=AFQjCNEIztl9I9f1fJK-wpDxeZTm5HvtDg\">Instagram<\/a>| \u00a0<a href=\"https:\/\/www.youtube.com\/user\/IELAmazonas\" data-saferedirecturl=\"https:\/\/www.google.com\/url?hl=pt-PT&amp;q=https:\/\/www.youtube.com\/user\/IELAmazonas&amp;source=gmail&amp;ust=1463000061089000&amp;usg=AFQjCNHdjWt2xOretClWc_gxCoR4VtDRlg\">You Tube<\/a><\/p>\n","protected":false},"excerpt":{"rendered":"<p>&nbsp; &nbsp; O coaching Ademir Bassanesi, especialista no acompanhamento preparat\u00f3rio de alunos da Rede SENAI para a Olimp\u00edada do Conhecimento e a Worldskills coordena esta semana os participantes da delega\u00e7\u00e3o amazonense sobre os tr\u00eas pilares fundamentais para um competidor de educa\u00e7\u00e3o profissional: sonho, estrat\u00e9gia e mentalidade. As palestras interativas de Bassanesi, para potencializar a performance [&hellip;]<\/p>\n","protected":false},"author":1,"featured_media":5960,"comment_status":"open","ping_status":"open","sticky":false,"template":"","format":"standard","meta":{"footnotes":""},"categories":[21],"tags":[],"class_list":["post-5959","post","type-post","status-publish","format-standard","has-post-thumbnail","hentry","category-news"],"yoast_head":"<!-- This site is optimized with the Yoast SEO plugin v26.8 - https:\/\/yoast.com\/product\/yoast-seo-wordpress\/ -->\n<title>Semana de treinamento de coaching com Delega\u00e7\u00e3o Amazonense da Olimp\u00edada do Conhecimento - SENAI<\/title>\n<meta name=\"robots\" content=\"index, follow, max-snippet:-1, max-image-preview:large, max-video-preview:-1\" \/>\n<link rel=\"canonical\" href=\"https:\/\/fieam.org.br\/senai\/semana-de-treinamento-de-coaching-com-delegacao-amazonense-da-olimpiada-do-conhecimento\/\" \/>\n<meta property=\"og:locale\" content=\"pt_BR\" \/>\n<meta property=\"og:type\" content=\"article\" \/>\n<meta property=\"og:title\" content=\"Semana de treinamento de coaching com Delega\u00e7\u00e3o Amazonense da Olimp\u00edada do Conhecimento - SENAI\" \/>\n<meta property=\"og:description\" content=\"&nbsp; &nbsp; O coaching Ademir Bassanesi, especialista no acompanhamento preparat\u00f3rio de alunos da Rede SENAI para a Olimp\u00edada do Conhecimento e a Worldskills coordena esta semana os participantes da delega\u00e7\u00e3o amazonense sobre os tr\u00eas pilares fundamentais para um competidor de educa\u00e7\u00e3o profissional: sonho, estrat\u00e9gia e mentalidade. As palestras interativas de Bassanesi, para potencializar a performance [&hellip;]\" \/>\n<meta property=\"og:url\" content=\"https:\/\/fieam.org.br\/senai\/semana-de-treinamento-de-coaching-com-delegacao-amazonense-da-olimpiada-do-conhecimento\/\" \/>\n<meta property=\"og:site_name\" content=\"SENAI\" \/>\n<meta property=\"article:published_time\" content=\"2016-05-10T21:35:08+00:00\" \/>\n<meta name=\"author\" content=\"Autor\" \/>\n<meta name=\"twitter:card\" content=\"summary_large_image\" \/>\n<meta name=\"twitter:label1\" content=\"Escrito por\" \/>\n\t<meta name=\"twitter:data1\" content=\"Autor\" \/>\n\t<meta name=\"twitter:label2\" content=\"Est. tempo de leitura\" \/>\n\t<meta name=\"twitter:data2\" content=\"3 minutos\" \/>\n<script type=\"application\/ld+json\" class=\"yoast-schema-graph\">{\"@context\":\"https:\/\/schema.org\",\"@graph\":[{\"@type\":\"Article\",\"@id\":\"https:\/\/fieam.org.br\/senai\/semana-de-treinamento-de-coaching-com-delegacao-amazonense-da-olimpiada-do-conhecimento\/#article\",\"isPartOf\":{\"@id\":\"https:\/\/fieam.org.br\/senai\/semana-de-treinamento-de-coaching-com-delegacao-amazonense-da-olimpiada-do-conhecimento\/\"},\"author\":{\"name\":\"Autor\",\"@id\":\"https:\/\/fieam.org.br\/senai\/#\/schema\/person\/c1ceda8321521b291cee22da0a7d34be\"},\"headline\":\"Semana de treinamento de coaching com Delega\u00e7\u00e3o Amazonense da Olimp\u00edada do Conhecimento\",\"datePublished\":\"2016-05-10T21:35:08+00:00\",\"mainEntityOfPage\":{\"@id\":\"https:\/\/fieam.org.br\/senai\/semana-de-treinamento-de-coaching-com-delegacao-amazonense-da-olimpiada-do-conhecimento\/\"},\"wordCount\":689,\"commentCount\":0,\"publisher\":{\"@id\":\"https:\/\/fieam.org.br\/senai\/#organization\"},\"image\":{\"@id\":\"https:\/\/fieam.org.br\/senai\/semana-de-treinamento-de-coaching-com-delegacao-amazonense-da-olimpiada-do-conhecimento\/#primaryimage\"},\"thumbnailUrl\":\"\",\"articleSection\":[\"News\"],\"inLanguage\":\"pt-BR\",\"potentialAction\":[{\"@type\":\"CommentAction\",\"name\":\"Comment\",\"target\":[\"https:\/\/fieam.org.br\/senai\/semana-de-treinamento-de-coaching-com-delegacao-amazonense-da-olimpiada-do-conhecimento\/#respond\"]}]},{\"@type\":\"WebPage\",\"@id\":\"https:\/\/fieam.org.br\/senai\/semana-de-treinamento-de-coaching-com-delegacao-amazonense-da-olimpiada-do-conhecimento\/\",\"url\":\"https:\/\/fieam.org.br\/senai\/semana-de-treinamento-de-coaching-com-delegacao-amazonense-da-olimpiada-do-conhecimento\/\",\"name\":\"Semana de treinamento de coaching com Delega\u00e7\u00e3o Amazonense da Olimp\u00edada do Conhecimento - SENAI\",\"isPartOf\":{\"@id\":\"https:\/\/fieam.org.br\/senai\/#website\"},\"primaryImageOfPage\":{\"@id\":\"https:\/\/fieam.org.br\/senai\/semana-de-treinamento-de-coaching-com-delegacao-amazonense-da-olimpiada-do-conhecimento\/#primaryimage\"},\"image\":{\"@id\":\"https:\/\/fieam.org.br\/senai\/semana-de-treinamento-de-coaching-com-delegacao-amazonense-da-olimpiada-do-conhecimento\/#primaryimage\"},\"thumbnailUrl\":\"\",\"datePublished\":\"2016-05-10T21:35:08+00:00\",\"breadcrumb\":{\"@id\":\"https:\/\/fieam.org.br\/senai\/semana-de-treinamento-de-coaching-com-delegacao-amazonense-da-olimpiada-do-conhecimento\/#breadcrumb\"},\"inLanguage\":\"pt-BR\",\"potentialAction\":[{\"@type\":\"ReadAction\",\"target\":[\"https:\/\/fieam.org.br\/senai\/semana-de-treinamento-de-coaching-com-delegacao-amazonense-da-olimpiada-do-conhecimento\/\"]}]},{\"@type\":\"ImageObject\",\"inLanguage\":\"pt-BR\",\"@id\":\"https:\/\/fieam.org.br\/senai\/semana-de-treinamento-de-coaching-com-delegacao-amazonense-da-olimpiada-do-conhecimento\/#primaryimage\",\"url\":\"\",\"contentUrl\":\"\"},{\"@type\":\"BreadcrumbList\",\"@id\":\"https:\/\/fieam.org.br\/senai\/semana-de-treinamento-de-coaching-com-delegacao-amazonense-da-olimpiada-do-conhecimento\/#breadcrumb\",\"itemListElement\":[{\"@type\":\"ListItem\",\"position\":1,\"name\":\"In\u00edcio\",\"item\":\"https:\/\/fieam.org.br\/senai\/\"},{\"@type\":\"ListItem\",\"position\":2,\"name\":\"Semana de treinamento de coaching com Delega\u00e7\u00e3o Amazonense da Olimp\u00edada do Conhecimento\"}]},{\"@type\":\"WebSite\",\"@id\":\"https:\/\/fieam.org.br\/senai\/#website\",\"url\":\"https:\/\/fieam.org.br\/senai\/\",\"name\":\"SENAI\",\"description\":\"Site Oficial!\",\"publisher\":{\"@id\":\"https:\/\/fieam.org.br\/senai\/#organization\"},\"potentialAction\":[{\"@type\":\"SearchAction\",\"target\":{\"@type\":\"EntryPoint\",\"urlTemplate\":\"https:\/\/fieam.org.br\/senai\/?s={search_term_string}\"},\"query-input\":{\"@type\":\"PropertyValueSpecification\",\"valueRequired\":true,\"valueName\":\"search_term_string\"}}],\"inLanguage\":\"pt-BR\"},{\"@type\":\"Organization\",\"@id\":\"https:\/\/fieam.org.br\/senai\/#organization\",\"name\":\"SENAI\",\"url\":\"https:\/\/fieam.org.br\/senai\/\",\"logo\":{\"@type\":\"ImageObject\",\"inLanguage\":\"pt-BR\",\"@id\":\"https:\/\/fieam.org.br\/senai\/#\/schema\/logo\/image\/\",\"url\":\"https:\/\/fieam.org.br\/senai\/wp-content\/uploads\/sites\/16\/2024\/03\/cropped-fav.png\",\"contentUrl\":\"https:\/\/fieam.org.br\/senai\/wp-content\/uploads\/sites\/16\/2024\/03\/cropped-fav.png\",\"width\":592,\"height\":577,\"caption\":\"SENAI\"},\"image\":{\"@id\":\"https:\/\/fieam.org.br\/senai\/#\/schema\/logo\/image\/\"}},{\"@type\":\"Person\",\"@id\":\"https:\/\/fieam.org.br\/senai\/#\/schema\/person\/c1ceda8321521b291cee22da0a7d34be\",\"name\":\"Autor\",\"image\":{\"@type\":\"ImageObject\",\"inLanguage\":\"pt-BR\",\"@id\":\"https:\/\/fieam.org.br\/senai\/#\/schema\/person\/image\/\",\"url\":\"https:\/\/secure.gravatar.com\/avatar\/3732c223e0e1fad69062a8f770955c9068d37b055204f310a0be18d4069fe380?s=96&d=mm&r=g\",\"contentUrl\":\"https:\/\/secure.gravatar.com\/avatar\/3732c223e0e1fad69062a8f770955c9068d37b055204f310a0be18d4069fe380?s=96&d=mm&r=g\",\"caption\":\"Autor\"},\"sameAs\":[\"https:\/\/marketingmassivo.com.br\"],\"url\":\"https:\/\/fieam.org.br\/senai\/author\/admin\/\"}]}<\/script>\n<!-- \/ Yoast SEO plugin. -->","yoast_head_json":{"title":"Semana de treinamento de coaching com Delega\u00e7\u00e3o Amazonense da Olimp\u00edada do Conhecimento - SENAI","robots":{"index":"index","follow":"follow","max-snippet":"max-snippet:-1","max-image-preview":"max-image-preview:large","max-video-preview":"max-video-preview:-1"},"canonical":"https:\/\/fieam.org.br\/senai\/semana-de-treinamento-de-coaching-com-delegacao-amazonense-da-olimpiada-do-conhecimento\/","og_locale":"pt_BR","og_type":"article","og_title":"Semana de treinamento de coaching com Delega\u00e7\u00e3o Amazonense da Olimp\u00edada do Conhecimento - SENAI","og_description":"&nbsp; &nbsp; O coaching Ademir Bassanesi, especialista no acompanhamento preparat\u00f3rio de alunos da Rede SENAI para a Olimp\u00edada do Conhecimento e a Worldskills coordena esta semana os participantes da delega\u00e7\u00e3o amazonense sobre os tr\u00eas pilares fundamentais para um competidor de educa\u00e7\u00e3o profissional: sonho, estrat\u00e9gia e mentalidade. As palestras interativas de Bassanesi, para potencializar a performance [&hellip;]","og_url":"https:\/\/fieam.org.br\/senai\/semana-de-treinamento-de-coaching-com-delegacao-amazonense-da-olimpiada-do-conhecimento\/","og_site_name":"SENAI","article_published_time":"2016-05-10T21:35:08+00:00","author":"Autor","twitter_card":"summary_large_image","twitter_misc":{"Escrito por":"Autor","Est. tempo de leitura":"3 minutos"},"schema":{"@context":"https:\/\/schema.org","@graph":[{"@type":"Article","@id":"https:\/\/fieam.org.br\/senai\/semana-de-treinamento-de-coaching-com-delegacao-amazonense-da-olimpiada-do-conhecimento\/#article","isPartOf":{"@id":"https:\/\/fieam.org.br\/senai\/semana-de-treinamento-de-coaching-com-delegacao-amazonense-da-olimpiada-do-conhecimento\/"},"author":{"name":"Autor","@id":"https:\/\/fieam.org.br\/senai\/#\/schema\/person\/c1ceda8321521b291cee22da0a7d34be"},"headline":"Semana de treinamento de coaching com Delega\u00e7\u00e3o Amazonense da Olimp\u00edada do Conhecimento","datePublished":"2016-05-10T21:35:08+00:00","mainEntityOfPage":{"@id":"https:\/\/fieam.org.br\/senai\/semana-de-treinamento-de-coaching-com-delegacao-amazonense-da-olimpiada-do-conhecimento\/"},"wordCount":689,"commentCount":0,"publisher":{"@id":"https:\/\/fieam.org.br\/senai\/#organization"},"image":{"@id":"https:\/\/fieam.org.br\/senai\/semana-de-treinamento-de-coaching-com-delegacao-amazonense-da-olimpiada-do-conhecimento\/#primaryimage"},"thumbnailUrl":"","articleSection":["News"],"inLanguage":"pt-BR","potentialAction":[{"@type":"CommentAction","name":"Comment","target":["https:\/\/fieam.org.br\/senai\/semana-de-treinamento-de-coaching-com-delegacao-amazonense-da-olimpiada-do-conhecimento\/#respond"]}]},{"@type":"WebPage","@id":"https:\/\/fieam.org.br\/senai\/semana-de-treinamento-de-coaching-com-delegacao-amazonense-da-olimpiada-do-conhecimento\/","url":"https:\/\/fieam.org.br\/senai\/semana-de-treinamento-de-coaching-com-delegacao-amazonense-da-olimpiada-do-conhecimento\/","name":"Semana de treinamento de coaching com Delega\u00e7\u00e3o Amazonense da Olimp\u00edada do Conhecimento - SENAI","isPartOf":{"@id":"https:\/\/fieam.org.br\/senai\/#website"},"primaryImageOfPage":{"@id":"https:\/\/fieam.org.br\/senai\/semana-de-treinamento-de-coaching-com-delegacao-amazonense-da-olimpiada-do-conhecimento\/#primaryimage"},"image":{"@id":"https:\/\/fieam.org.br\/senai\/semana-de-treinamento-de-coaching-com-delegacao-amazonense-da-olimpiada-do-conhecimento\/#primaryimage"},"thumbnailUrl":"","datePublished":"2016-05-10T21:35:08+00:00","breadcrumb":{"@id":"https:\/\/fieam.org.br\/senai\/semana-de-treinamento-de-coaching-com-delegacao-amazonense-da-olimpiada-do-conhecimento\/#breadcrumb"},"inLanguage":"pt-BR","potentialAction":[{"@type":"ReadAction","target":["https:\/\/fieam.org.br\/senai\/semana-de-treinamento-de-coaching-com-delegacao-amazonense-da-olimpiada-do-conhecimento\/"]}]},{"@type":"ImageObject","inLanguage":"pt-BR","@id":"https:\/\/fieam.org.br\/senai\/semana-de-treinamento-de-coaching-com-delegacao-amazonense-da-olimpiada-do-conhecimento\/#primaryimage","url":"","contentUrl":""},{"@type":"BreadcrumbList","@id":"https:\/\/fieam.org.br\/senai\/semana-de-treinamento-de-coaching-com-delegacao-amazonense-da-olimpiada-do-conhecimento\/#breadcrumb","itemListElement":[{"@type":"ListItem","position":1,"name":"In\u00edcio","item":"https:\/\/fieam.org.br\/senai\/"},{"@type":"ListItem","position":2,"name":"Semana de treinamento de coaching com Delega\u00e7\u00e3o Amazonense da Olimp\u00edada do Conhecimento"}]},{"@type":"WebSite","@id":"https:\/\/fieam.org.br\/senai\/#website","url":"https:\/\/fieam.org.br\/senai\/","name":"SENAI","description":"Site Oficial!","publisher":{"@id":"https:\/\/fieam.org.br\/senai\/#organization"},"potentialAction":[{"@type":"SearchAction","target":{"@type":"EntryPoint","urlTemplate":"https:\/\/fieam.org.br\/senai\/?s={search_term_string}"},"query-input":{"@type":"PropertyValueSpecification","valueRequired":true,"valueName":"search_term_string"}}],"inLanguage":"pt-BR"},{"@type":"Organization","@id":"https:\/\/fieam.org.br\/senai\/#organization","name":"SENAI","url":"https:\/\/fieam.org.br\/senai\/","logo":{"@type":"ImageObject","inLanguage":"pt-BR","@id":"https:\/\/fieam.org.br\/senai\/#\/schema\/logo\/image\/","url":"https:\/\/fieam.org.br\/senai\/wp-content\/uploads\/sites\/16\/2024\/03\/cropped-fav.png","contentUrl":"https:\/\/fieam.org.br\/senai\/wp-content\/uploads\/sites\/16\/2024\/03\/cropped-fav.png","width":592,"height":577,"caption":"SENAI"},"image":{"@id":"https:\/\/fieam.org.br\/senai\/#\/schema\/logo\/image\/"}},{"@type":"Person","@id":"https:\/\/fieam.org.br\/senai\/#\/schema\/person\/c1ceda8321521b291cee22da0a7d34be","name":"Autor","image":{"@type":"ImageObject","inLanguage":"pt-BR","@id":"https:\/\/fieam.org.br\/senai\/#\/schema\/person\/image\/","url":"https:\/\/secure.gravatar.com\/avatar\/3732c223e0e1fad69062a8f770955c9068d37b055204f310a0be18d4069fe380?s=96&d=mm&r=g","contentUrl":"https:\/\/secure.gravatar.com\/avatar\/3732c223e0e1fad69062a8f770955c9068d37b055204f310a0be18d4069fe380?s=96&d=mm&r=g","caption":"Autor"},"sameAs":["https:\/\/marketingmassivo.com.br"],"url":"https:\/\/fieam.org.br\/senai\/author\/admin\/"}]}},"_links":{"self":[{"href":"https:\/\/fieam.org.br\/senai\/wp-json\/wp\/v2\/posts\/5959","targetHints":{"allow":["GET"]}}],"collection":[{"href":"https:\/\/fieam.org.br\/senai\/wp-json\/wp\/v2\/posts"}],"about":[{"href":"https:\/\/fieam.org.br\/senai\/wp-json\/wp\/v2\/types\/post"}],"author":[{"embeddable":true,"href":"https:\/\/fieam.org.br\/senai\/wp-json\/wp\/v2\/users\/1"}],"replies":[{"embeddable":true,"href":"https:\/\/fieam.org.br\/senai\/wp-json\/wp\/v2\/comments?post=5959"}],"version-history":[{"count":0,"href":"https:\/\/fieam.org.br\/senai\/wp-json\/wp\/v2\/posts\/5959\/revisions"}],"wp:featuredmedia":[{"embeddable":true,"href":"https:\/\/fieam.org.br\/senai\/wp-json\/"}],"wp:attachment":[{"href":"https:\/\/fieam.org.br\/senai\/wp-json\/wp\/v2\/media?parent=5959"}],"wp:term":[{"taxonomy":"category","embeddable":true,"href":"https:\/\/fieam.org.br\/senai\/wp-json\/wp\/v2\/categories?post=5959"},{"taxonomy":"post_tag","embeddable":true,"href":"https:\/\/fieam.org.br\/senai\/wp-json\/wp\/v2\/tags?post=5959"}],"curies":[{"name":"wp","href":"https:\/\/api.w.org\/{rel}","templated":true}]}}