{"id":5912,"date":"2016-04-20T21:50:05","date_gmt":"2016-04-20T21:50:05","guid":{"rendered":"http:\/\/www.fieam.org.br\/2015\/senai\/?p=5912"},"modified":"2016-04-20T21:50:05","modified_gmt":"2016-04-20T21:50:05","slug":"escolas-senai-realizam-evento-para-destacar-acoes-inclusivas","status":"publish","type":"post","link":"https:\/\/fieam.org.br\/senai\/escolas-senai-realizam-evento-para-destacar-acoes-inclusivas\/","title":{"rendered":"Escolas SENAI realizam evento para destacar a\u00e7\u00f5es inclusivas"},"content":{"rendered":"<figure id=\"attachment_5925\" aria-describedby=\"caption-attachment-5925\" style=\"width: 415px\" class=\"wp-caption alignleft\"><a href=\"https:\/\/marketingmassivo.com.br\/senai\/wp-content\/uploads\/sites\/13\/2016\/04\/Diretor-Aldemurpe-Barros-agradece-a-parceria-da-Biblioteca-Braille-do-Amazonas-representada-por-Gilson-Pereira.jpg\"><img fetchpriority=\"high\" decoding=\"async\" class=\" wp-image-5925\" src=\"http:\/\/www.fieam.org.br\/2015\/senai\/wp-content\/uploads\/sites\/3\/2016\/04\/Diretor-Aldemurpe-Barros-agradece-a-parceria-da-Biblioteca-Braille-do-Amazonas-representada-por-Gilson-Pereira-1024x683.jpg\" alt=\"Diretor Aldemurpe Barros agradece a parceria da Biblioteca Braille do Amazonas representada por Gilson Pereira\" width=\"415\" height=\"277\" \/><\/a><figcaption id=\"caption-attachment-5925\" class=\"wp-caption-text\">Diretor Aldemurpe Barros agradece a parceria da Biblioteca Braille do Amazonas representada por Gilson Pereira<\/figcaption><\/figure>\n<p><a href=\"http:\/\/www.fieam.org.br\/senai\">O Servi\u00e7o Nacional de Aprendizagem Industrial (SENAI Amazonas)<\/a> encerrou nesta quarta-feira (20) a \u201cFeira do Livro e Biblioteca Inclusiva\u201d nas escolas \u201cDem\u00f3stenes Travessa\u201d, \u201cWaldemiro Lustoza\u201d e hoje na \u201cAnt\u00f4nio Sim\u00f5es\u201d e \u201cA\u00e7\u00f5es M\u00f3veis e Comunit\u00e1rias\u201d. O evento foi composto de exposi\u00e7\u00f5es de livros, concursos de poesia, doa\u00e7\u00f5es de livros, m\u00fasicas, brincadeira e jogos interativos, todos voltados para deficientes f\u00edsicos, auditivos, intelectuais, visuais ou m\u00faltiplos.<\/p>\n<p>Na feira, alunos do SENAI interagiram com jogos, simulando defici\u00eancias, como foi o caso do \u201cJogo da Mem\u00f3ria\u201d &#8211; pe\u00e7as com texturas em alto relevo, trabalhadas especialmente para pessoas com defici\u00eancias visuais. O jogo foi disputado em duplas, como foi o caso dos alunos Paulo Vin\u00edcius Souza, 18 anos, e Maria Eduarda Oliveira, 17 anos.<\/p>\n<p>\u201cUm jogo f\u00e1cil, mas n\u00e3o para quem joga com vendas nos olhos. Para quem tem a defici\u00eancia deve ser um pouco mais f\u00e1cil\u201d, sugeriu Eduarda.<\/p>\n<p>O SENAI Amazonas, Aldemurpe Barros, destacou a import\u00e2ncia do evento voltado para pessoas com defici\u00eancias, e agradeceu aos parceiros do evento, Funda\u00e7\u00e3o Paulo Feitosa e Biblioteca Braille do Amazonas &#8211; que na ocasi\u00e3o recebeu das m\u00e3os do diretor a impressora \u201cJuliet PRO 60\u201d, para refor\u00e7ar as atividades de impress\u00e3o de livros e demais materiais pedag\u00f3gicos executados na biblioteca.<\/p>\n<p>\u201cTemos que nos preocupar com a inclus\u00e3o social em nosso Estado, principalmente por estarmos em um mundo cada vez mais competitivo, e com pessoas que precisam de oportunidades para ingressar no mercado de trabalho. Esperamos contar sempre com a parceria da Biblioteca Braille e da Funda\u00e7\u00e3o Paulo Feitosa para continuarmos nossas capacita\u00e7\u00f5es aqui no SENAI\u201d, disse Aldemurpe.<\/p>\n<p>A Funda\u00e7\u00e3o Paulo Feitosa (FPF) levou aos alunos participantes da feira o Acessi Mouse, sistema que possibilita a utiliza\u00e7\u00e3o plena do computador por meio de pequenos movimentos da cabe\u00e7a e boca, por meio de imagens capturadas por webcam instalada no computador, de modo a controlar os movimentos e cliques do cursor do mouse.<\/p>\n<p>Para o aluno do curso de Assistente Administrativo Industrial, Dominique dos Santos, 18 anos, disse que a feira permitiu experi\u00eancia sem igual. \u201cO Acessi Mouse \u00e9 muito inteligente, nunca imaginei poder jogar no computador apenas usando a cabe\u00e7a e a boca. \u00c9 demais, uma experi\u00eancia muito boa\u201d, disse.<\/p>\n<figure id=\"attachment_5926\" aria-describedby=\"caption-attachment-5926\" style=\"width: 399px\" class=\"wp-caption alignleft\"><a href=\"http:\/\/www.fieam.org.br\/2015\/senai\/wp-content\/uploads\/sites\/3\/2016\/04\/Paulo-Vin\u00edcius-e-Maria-Eduarda-na-partida-do-Jogo-da-Mem\u00f3ria.jpg\"><img decoding=\"async\" class=\" wp-image-5926\" src=\"http:\/\/www.fieam.org.br\/2015\/senai\/wp-content\/uploads\/sites\/3\/2016\/04\/Paulo-Vin\u00edcius-e-Maria-Eduarda-na-partida-do-Jogo-da-Mem\u00f3ria-1024x683.jpg\" alt=\"Paulo Vin\u00edcius e Maria Eduarda na partida do Jogo da Mem\u00f3ria\" width=\"399\" height=\"266\" \/><\/a><figcaption id=\"caption-attachment-5926\" class=\"wp-caption-text\">Paulo Vin\u00edcius e Maria Eduarda na partida do Jogo da Mem\u00f3ria<\/figcaption><\/figure>\n<p>A programa\u00e7\u00e3o faz parte do Programa SENAI de A\u00e7\u00f5es Inclusivas (PSAI) que, de acordo com a interlocutora do programa no Amazonas, Tatyanne dos Santos, oferece qualifica\u00e7\u00e3o para que pessoas com defici\u00eancias trabalhem na ind\u00fastria.<\/p>\n<p>\u201c\u00c9 preciso que tenhamos consci\u00eancia de que essas pessoas podem fazer a diferen\u00e7a no mercado, que suas limita\u00e7\u00f5es devem ser olhadas e analisadas, pois com certeza t\u00eam algo a ser feito dentro das empresas por essas pessoas, basta que capacitemos. E \u00e9 para isso que nosso programa est\u00e1 aqui\u201d, disse Tatyanne.<\/p>\n<p>O programa j\u00e1 existe no Amazonas desde o ano de 2000 e j\u00e1 capacitou mais de dois mil deficientes em seus cursos de profissionaliza\u00e7\u00e3o e capacita\u00e7\u00e3o, como \u00e9 o caso do ex-aluno Gabriel da Silva, 20 anos, que realizou os cursos Avan\u00e7ado de Inform\u00e1tica e Operador de Computadores.<\/p>\n<p>\u201cMinha base foi o SENAI, aprendi muito aqui, e sempre que tenho oportunidade como hoje, compare\u00e7o, pois levo sempre algo novo para minhas novas conquistas\u201d, disse Gabriel.<\/p>\n<p>&nbsp;<\/p>\n<p>[nggallery id=5]<\/p>\n<p>&nbsp;<\/p>\n<p><strong>\u00a0<\/strong><\/p>\n<p><strong>ATENDIMENTO \u00c0 IMPRENSA<\/strong><\/p>\n<p>&nbsp;<\/p>\n<p><strong>Diretoria de Comunica\u00e7\u00e3o e Marketing do Sistema FIEAM<\/strong><\/p>\n<p>Tel: <span style=\"font-weight: normal !important;font-style: normal !important\" data-numbertocall=\"+559231866576\" data-numbertype=\"paid\" data-isfreecall=\"false\" data-isrtl=\"false\" data-ismobile=\"false\"><span style=\"font-weight: normal !important;font-style: normal !important\"><span style=\"font-weight: normal !important;font-style: normal !important\"><span style=\"font-weight: normal !important;font-style: normal !important\">(92) 3186-6576<\/span><\/span><\/span><\/span> Fax: (92) 3186-6579<\/p>\n<p>E-mail: <a href=\"mailto:imprensa@fieam.org.br\">imprensa@fieam.org.br<\/a><\/p>\n<p>Portal: <a href=\"http:\/\/www.fieam.org.br\/\">http:\/\/www.fieam.org.br<\/a><\/p>\n<p><strong>Sistema FIEAM nas redes sociais<\/strong><\/p>\n<p><strong>FIEAM:<\/strong> <a href=\"https:\/\/www.facebook.com\/fieamoficial\">Facebook<\/a>| <a href=\"https:\/\/twitter.com\/fieam\">Twitter<\/a>| <a href=\"https:\/\/www.instagram.com\/sistemafieam\/\">Instagram<\/a>| <a href=\"https:\/\/www.youtube.com\/user\/FIEAM\">You Tube<\/a><\/p>\n<p><strong>SESI:<\/strong> <a href=\"https:\/\/www.facebook.com\/sesiamazonas\">Facebook<\/a>| <a href=\"https:\/\/twitter.com\/sesiamazonas\">Twitter<\/a>| <a href=\"https:\/\/www.instagram.com\/sistemafieam\/\">Instagram<\/a>| <a href=\"https:\/\/www.youtube.com\/user\/SESIAmazonas\">You Tube<\/a><\/p>\n<p><strong>SENAI:<\/strong> <a href=\"https:\/\/www.facebook.com\/senaiamazonas\">Facebook<\/a>| <a href=\"https:\/\/twitter.com\/senaiamazonas\">Twitter<\/a>| <a href=\"https:\/\/www.instagram.com\/sistemafieam\/\">Instagram<\/a>| <a href=\"https:\/\/www.youtube.com\/user\/SENAIAmazonas\">You Tube<\/a><\/p>\n<p><strong>IEL:<\/strong> <a href=\"https:\/\/www.facebook.com\/ielamazonas\">Facebook<\/a>| <a href=\"https:\/\/twitter.com\/ielamazonas\">Twitter<\/a>| <a href=\"https:\/\/www.instagram.com\/sistemafieam\/\">Instagram<\/a>| <a href=\"https:\/\/www.youtube.com\/user\/IELAmazonas\">You Tube<\/a><\/p>\n","protected":false},"excerpt":{"rendered":"<p>O Servi\u00e7o Nacional de Aprendizagem Industrial (SENAI Amazonas) encerrou nesta quarta-feira (20) a \u201cFeira do Livro e Biblioteca Inclusiva\u201d nas escolas \u201cDem\u00f3stenes Travessa\u201d, \u201cWaldemiro Lustoza\u201d e hoje na \u201cAnt\u00f4nio Sim\u00f5es\u201d e \u201cA\u00e7\u00f5es M\u00f3veis e Comunit\u00e1rias\u201d. O evento foi composto de exposi\u00e7\u00f5es de livros, concursos de poesia, doa\u00e7\u00f5es de livros, m\u00fasicas, brincadeira e jogos interativos, todos [&hellip;]<\/p>\n","protected":false},"author":1,"featured_media":5926,"comment_status":"open","ping_status":"open","sticky":false,"template":"","format":"standard","meta":{"footnotes":""},"categories":[21],"tags":[],"class_list":["post-5912","post","type-post","status-publish","format-standard","has-post-thumbnail","hentry","category-news"],"yoast_head":"<!-- This site is optimized with the Yoast SEO plugin v26.8 - https:\/\/yoast.com\/product\/yoast-seo-wordpress\/ -->\n<title>Escolas SENAI realizam evento para destacar a\u00e7\u00f5es inclusivas - SENAI<\/title>\n<meta name=\"robots\" content=\"index, follow, max-snippet:-1, max-image-preview:large, max-video-preview:-1\" \/>\n<link rel=\"canonical\" href=\"https:\/\/fieam.org.br\/senai\/escolas-senai-realizam-evento-para-destacar-acoes-inclusivas\/\" \/>\n<meta property=\"og:locale\" content=\"pt_BR\" \/>\n<meta property=\"og:type\" content=\"article\" \/>\n<meta property=\"og:title\" content=\"Escolas SENAI realizam evento para destacar a\u00e7\u00f5es inclusivas - SENAI\" \/>\n<meta property=\"og:description\" content=\"O Servi\u00e7o Nacional de Aprendizagem Industrial (SENAI Amazonas) encerrou nesta quarta-feira (20) a \u201cFeira do Livro e Biblioteca Inclusiva\u201d nas escolas \u201cDem\u00f3stenes Travessa\u201d, \u201cWaldemiro Lustoza\u201d e hoje na \u201cAnt\u00f4nio Sim\u00f5es\u201d e \u201cA\u00e7\u00f5es M\u00f3veis e Comunit\u00e1rias\u201d. O evento foi composto de exposi\u00e7\u00f5es de livros, concursos de poesia, doa\u00e7\u00f5es de livros, m\u00fasicas, brincadeira e jogos interativos, todos [&hellip;]\" \/>\n<meta property=\"og:url\" content=\"https:\/\/fieam.org.br\/senai\/escolas-senai-realizam-evento-para-destacar-acoes-inclusivas\/\" \/>\n<meta property=\"og:site_name\" content=\"SENAI\" \/>\n<meta property=\"article:published_time\" content=\"2016-04-20T21:50:05+00:00\" \/>\n<meta name=\"author\" content=\"Autor\" \/>\n<meta name=\"twitter:card\" content=\"summary_large_image\" \/>\n<meta name=\"twitter:label1\" content=\"Escrito por\" \/>\n\t<meta name=\"twitter:data1\" content=\"Autor\" \/>\n\t<meta name=\"twitter:label2\" content=\"Est. tempo de leitura\" \/>\n\t<meta name=\"twitter:data2\" content=\"3 minutos\" \/>\n<script type=\"application\/ld+json\" class=\"yoast-schema-graph\">{\"@context\":\"https:\/\/schema.org\",\"@graph\":[{\"@type\":\"Article\",\"@id\":\"https:\/\/fieam.org.br\/senai\/escolas-senai-realizam-evento-para-destacar-acoes-inclusivas\/#article\",\"isPartOf\":{\"@id\":\"https:\/\/fieam.org.br\/senai\/escolas-senai-realizam-evento-para-destacar-acoes-inclusivas\/\"},\"author\":{\"name\":\"Autor\",\"@id\":\"https:\/\/fieam.org.br\/senai\/#\/schema\/person\/c1ceda8321521b291cee22da0a7d34be\"},\"headline\":\"Escolas SENAI realizam evento para destacar a\u00e7\u00f5es inclusivas\",\"datePublished\":\"2016-04-20T21:50:05+00:00\",\"mainEntityOfPage\":{\"@id\":\"https:\/\/fieam.org.br\/senai\/escolas-senai-realizam-evento-para-destacar-acoes-inclusivas\/\"},\"wordCount\":671,\"commentCount\":1,\"publisher\":{\"@id\":\"https:\/\/fieam.org.br\/senai\/#organization\"},\"image\":{\"@id\":\"https:\/\/fieam.org.br\/senai\/escolas-senai-realizam-evento-para-destacar-acoes-inclusivas\/#primaryimage\"},\"thumbnailUrl\":\"\",\"articleSection\":[\"News\"],\"inLanguage\":\"pt-BR\",\"potentialAction\":[{\"@type\":\"CommentAction\",\"name\":\"Comment\",\"target\":[\"https:\/\/fieam.org.br\/senai\/escolas-senai-realizam-evento-para-destacar-acoes-inclusivas\/#respond\"]}]},{\"@type\":\"WebPage\",\"@id\":\"https:\/\/fieam.org.br\/senai\/escolas-senai-realizam-evento-para-destacar-acoes-inclusivas\/\",\"url\":\"https:\/\/fieam.org.br\/senai\/escolas-senai-realizam-evento-para-destacar-acoes-inclusivas\/\",\"name\":\"Escolas SENAI realizam evento para destacar a\u00e7\u00f5es inclusivas - SENAI\",\"isPartOf\":{\"@id\":\"https:\/\/fieam.org.br\/senai\/#website\"},\"primaryImageOfPage\":{\"@id\":\"https:\/\/fieam.org.br\/senai\/escolas-senai-realizam-evento-para-destacar-acoes-inclusivas\/#primaryimage\"},\"image\":{\"@id\":\"https:\/\/fieam.org.br\/senai\/escolas-senai-realizam-evento-para-destacar-acoes-inclusivas\/#primaryimage\"},\"thumbnailUrl\":\"\",\"datePublished\":\"2016-04-20T21:50:05+00:00\",\"breadcrumb\":{\"@id\":\"https:\/\/fieam.org.br\/senai\/escolas-senai-realizam-evento-para-destacar-acoes-inclusivas\/#breadcrumb\"},\"inLanguage\":\"pt-BR\",\"potentialAction\":[{\"@type\":\"ReadAction\",\"target\":[\"https:\/\/fieam.org.br\/senai\/escolas-senai-realizam-evento-para-destacar-acoes-inclusivas\/\"]}]},{\"@type\":\"ImageObject\",\"inLanguage\":\"pt-BR\",\"@id\":\"https:\/\/fieam.org.br\/senai\/escolas-senai-realizam-evento-para-destacar-acoes-inclusivas\/#primaryimage\",\"url\":\"\",\"contentUrl\":\"\"},{\"@type\":\"BreadcrumbList\",\"@id\":\"https:\/\/fieam.org.br\/senai\/escolas-senai-realizam-evento-para-destacar-acoes-inclusivas\/#breadcrumb\",\"itemListElement\":[{\"@type\":\"ListItem\",\"position\":1,\"name\":\"In\u00edcio\",\"item\":\"https:\/\/fieam.org.br\/senai\/\"},{\"@type\":\"ListItem\",\"position\":2,\"name\":\"Escolas SENAI realizam evento para destacar a\u00e7\u00f5es inclusivas\"}]},{\"@type\":\"WebSite\",\"@id\":\"https:\/\/fieam.org.br\/senai\/#website\",\"url\":\"https:\/\/fieam.org.br\/senai\/\",\"name\":\"SENAI\",\"description\":\"Site Oficial!\",\"publisher\":{\"@id\":\"https:\/\/fieam.org.br\/senai\/#organization\"},\"potentialAction\":[{\"@type\":\"SearchAction\",\"target\":{\"@type\":\"EntryPoint\",\"urlTemplate\":\"https:\/\/fieam.org.br\/senai\/?s={search_term_string}\"},\"query-input\":{\"@type\":\"PropertyValueSpecification\",\"valueRequired\":true,\"valueName\":\"search_term_string\"}}],\"inLanguage\":\"pt-BR\"},{\"@type\":\"Organization\",\"@id\":\"https:\/\/fieam.org.br\/senai\/#organization\",\"name\":\"SENAI\",\"url\":\"https:\/\/fieam.org.br\/senai\/\",\"logo\":{\"@type\":\"ImageObject\",\"inLanguage\":\"pt-BR\",\"@id\":\"https:\/\/fieam.org.br\/senai\/#\/schema\/logo\/image\/\",\"url\":\"https:\/\/fieam.org.br\/senai\/wp-content\/uploads\/sites\/16\/2024\/03\/cropped-fav.png\",\"contentUrl\":\"https:\/\/fieam.org.br\/senai\/wp-content\/uploads\/sites\/16\/2024\/03\/cropped-fav.png\",\"width\":592,\"height\":577,\"caption\":\"SENAI\"},\"image\":{\"@id\":\"https:\/\/fieam.org.br\/senai\/#\/schema\/logo\/image\/\"}},{\"@type\":\"Person\",\"@id\":\"https:\/\/fieam.org.br\/senai\/#\/schema\/person\/c1ceda8321521b291cee22da0a7d34be\",\"name\":\"Autor\",\"image\":{\"@type\":\"ImageObject\",\"inLanguage\":\"pt-BR\",\"@id\":\"https:\/\/fieam.org.br\/senai\/#\/schema\/person\/image\/\",\"url\":\"https:\/\/secure.gravatar.com\/avatar\/3732c223e0e1fad69062a8f770955c9068d37b055204f310a0be18d4069fe380?s=96&d=mm&r=g\",\"contentUrl\":\"https:\/\/secure.gravatar.com\/avatar\/3732c223e0e1fad69062a8f770955c9068d37b055204f310a0be18d4069fe380?s=96&d=mm&r=g\",\"caption\":\"Autor\"},\"sameAs\":[\"https:\/\/marketingmassivo.com.br\"],\"url\":\"https:\/\/fieam.org.br\/senai\/author\/admin\/\"}]}<\/script>\n<!-- \/ Yoast SEO plugin. -->","yoast_head_json":{"title":"Escolas SENAI realizam evento para destacar a\u00e7\u00f5es inclusivas - SENAI","robots":{"index":"index","follow":"follow","max-snippet":"max-snippet:-1","max-image-preview":"max-image-preview:large","max-video-preview":"max-video-preview:-1"},"canonical":"https:\/\/fieam.org.br\/senai\/escolas-senai-realizam-evento-para-destacar-acoes-inclusivas\/","og_locale":"pt_BR","og_type":"article","og_title":"Escolas SENAI realizam evento para destacar a\u00e7\u00f5es inclusivas - SENAI","og_description":"O Servi\u00e7o Nacional de Aprendizagem Industrial (SENAI Amazonas) encerrou nesta quarta-feira (20) a \u201cFeira do Livro e Biblioteca Inclusiva\u201d nas escolas \u201cDem\u00f3stenes Travessa\u201d, \u201cWaldemiro Lustoza\u201d e hoje na \u201cAnt\u00f4nio Sim\u00f5es\u201d e \u201cA\u00e7\u00f5es M\u00f3veis e Comunit\u00e1rias\u201d. O evento foi composto de exposi\u00e7\u00f5es de livros, concursos de poesia, doa\u00e7\u00f5es de livros, m\u00fasicas, brincadeira e jogos interativos, todos [&hellip;]","og_url":"https:\/\/fieam.org.br\/senai\/escolas-senai-realizam-evento-para-destacar-acoes-inclusivas\/","og_site_name":"SENAI","article_published_time":"2016-04-20T21:50:05+00:00","author":"Autor","twitter_card":"summary_large_image","twitter_misc":{"Escrito por":"Autor","Est. tempo de leitura":"3 minutos"},"schema":{"@context":"https:\/\/schema.org","@graph":[{"@type":"Article","@id":"https:\/\/fieam.org.br\/senai\/escolas-senai-realizam-evento-para-destacar-acoes-inclusivas\/#article","isPartOf":{"@id":"https:\/\/fieam.org.br\/senai\/escolas-senai-realizam-evento-para-destacar-acoes-inclusivas\/"},"author":{"name":"Autor","@id":"https:\/\/fieam.org.br\/senai\/#\/schema\/person\/c1ceda8321521b291cee22da0a7d34be"},"headline":"Escolas SENAI realizam evento para destacar a\u00e7\u00f5es inclusivas","datePublished":"2016-04-20T21:50:05+00:00","mainEntityOfPage":{"@id":"https:\/\/fieam.org.br\/senai\/escolas-senai-realizam-evento-para-destacar-acoes-inclusivas\/"},"wordCount":671,"commentCount":1,"publisher":{"@id":"https:\/\/fieam.org.br\/senai\/#organization"},"image":{"@id":"https:\/\/fieam.org.br\/senai\/escolas-senai-realizam-evento-para-destacar-acoes-inclusivas\/#primaryimage"},"thumbnailUrl":"","articleSection":["News"],"inLanguage":"pt-BR","potentialAction":[{"@type":"CommentAction","name":"Comment","target":["https:\/\/fieam.org.br\/senai\/escolas-senai-realizam-evento-para-destacar-acoes-inclusivas\/#respond"]}]},{"@type":"WebPage","@id":"https:\/\/fieam.org.br\/senai\/escolas-senai-realizam-evento-para-destacar-acoes-inclusivas\/","url":"https:\/\/fieam.org.br\/senai\/escolas-senai-realizam-evento-para-destacar-acoes-inclusivas\/","name":"Escolas SENAI realizam evento para destacar a\u00e7\u00f5es inclusivas - SENAI","isPartOf":{"@id":"https:\/\/fieam.org.br\/senai\/#website"},"primaryImageOfPage":{"@id":"https:\/\/fieam.org.br\/senai\/escolas-senai-realizam-evento-para-destacar-acoes-inclusivas\/#primaryimage"},"image":{"@id":"https:\/\/fieam.org.br\/senai\/escolas-senai-realizam-evento-para-destacar-acoes-inclusivas\/#primaryimage"},"thumbnailUrl":"","datePublished":"2016-04-20T21:50:05+00:00","breadcrumb":{"@id":"https:\/\/fieam.org.br\/senai\/escolas-senai-realizam-evento-para-destacar-acoes-inclusivas\/#breadcrumb"},"inLanguage":"pt-BR","potentialAction":[{"@type":"ReadAction","target":["https:\/\/fieam.org.br\/senai\/escolas-senai-realizam-evento-para-destacar-acoes-inclusivas\/"]}]},{"@type":"ImageObject","inLanguage":"pt-BR","@id":"https:\/\/fieam.org.br\/senai\/escolas-senai-realizam-evento-para-destacar-acoes-inclusivas\/#primaryimage","url":"","contentUrl":""},{"@type":"BreadcrumbList","@id":"https:\/\/fieam.org.br\/senai\/escolas-senai-realizam-evento-para-destacar-acoes-inclusivas\/#breadcrumb","itemListElement":[{"@type":"ListItem","position":1,"name":"In\u00edcio","item":"https:\/\/fieam.org.br\/senai\/"},{"@type":"ListItem","position":2,"name":"Escolas SENAI realizam evento para destacar a\u00e7\u00f5es inclusivas"}]},{"@type":"WebSite","@id":"https:\/\/fieam.org.br\/senai\/#website","url":"https:\/\/fieam.org.br\/senai\/","name":"SENAI","description":"Site Oficial!","publisher":{"@id":"https:\/\/fieam.org.br\/senai\/#organization"},"potentialAction":[{"@type":"SearchAction","target":{"@type":"EntryPoint","urlTemplate":"https:\/\/fieam.org.br\/senai\/?s={search_term_string}"},"query-input":{"@type":"PropertyValueSpecification","valueRequired":true,"valueName":"search_term_string"}}],"inLanguage":"pt-BR"},{"@type":"Organization","@id":"https:\/\/fieam.org.br\/senai\/#organization","name":"SENAI","url":"https:\/\/fieam.org.br\/senai\/","logo":{"@type":"ImageObject","inLanguage":"pt-BR","@id":"https:\/\/fieam.org.br\/senai\/#\/schema\/logo\/image\/","url":"https:\/\/fieam.org.br\/senai\/wp-content\/uploads\/sites\/16\/2024\/03\/cropped-fav.png","contentUrl":"https:\/\/fieam.org.br\/senai\/wp-content\/uploads\/sites\/16\/2024\/03\/cropped-fav.png","width":592,"height":577,"caption":"SENAI"},"image":{"@id":"https:\/\/fieam.org.br\/senai\/#\/schema\/logo\/image\/"}},{"@type":"Person","@id":"https:\/\/fieam.org.br\/senai\/#\/schema\/person\/c1ceda8321521b291cee22da0a7d34be","name":"Autor","image":{"@type":"ImageObject","inLanguage":"pt-BR","@id":"https:\/\/fieam.org.br\/senai\/#\/schema\/person\/image\/","url":"https:\/\/secure.gravatar.com\/avatar\/3732c223e0e1fad69062a8f770955c9068d37b055204f310a0be18d4069fe380?s=96&d=mm&r=g","contentUrl":"https:\/\/secure.gravatar.com\/avatar\/3732c223e0e1fad69062a8f770955c9068d37b055204f310a0be18d4069fe380?s=96&d=mm&r=g","caption":"Autor"},"sameAs":["https:\/\/marketingmassivo.com.br"],"url":"https:\/\/fieam.org.br\/senai\/author\/admin\/"}]}},"_links":{"self":[{"href":"https:\/\/fieam.org.br\/senai\/wp-json\/wp\/v2\/posts\/5912","targetHints":{"allow":["GET"]}}],"collection":[{"href":"https:\/\/fieam.org.br\/senai\/wp-json\/wp\/v2\/posts"}],"about":[{"href":"https:\/\/fieam.org.br\/senai\/wp-json\/wp\/v2\/types\/post"}],"author":[{"embeddable":true,"href":"https:\/\/fieam.org.br\/senai\/wp-json\/wp\/v2\/users\/1"}],"replies":[{"embeddable":true,"href":"https:\/\/fieam.org.br\/senai\/wp-json\/wp\/v2\/comments?post=5912"}],"version-history":[{"count":0,"href":"https:\/\/fieam.org.br\/senai\/wp-json\/wp\/v2\/posts\/5912\/revisions"}],"wp:featuredmedia":[{"embeddable":true,"href":"https:\/\/fieam.org.br\/senai\/wp-json\/"}],"wp:attachment":[{"href":"https:\/\/fieam.org.br\/senai\/wp-json\/wp\/v2\/media?parent=5912"}],"wp:term":[{"taxonomy":"category","embeddable":true,"href":"https:\/\/fieam.org.br\/senai\/wp-json\/wp\/v2\/categories?post=5912"},{"taxonomy":"post_tag","embeddable":true,"href":"https:\/\/fieam.org.br\/senai\/wp-json\/wp\/v2\/tags?post=5912"}],"curies":[{"name":"wp","href":"https:\/\/api.w.org\/{rel}","templated":true}]}}