{"id":5856,"date":"2016-04-12T18:58:18","date_gmt":"2016-04-12T18:58:18","guid":{"rendered":"http:\/\/www.fieam.org.br\/2015\/senai\/?p=5856"},"modified":"2016-04-12T18:58:18","modified_gmt":"2016-04-12T18:58:18","slug":"alunos-do-senaiam-disputam-seletivas-da-worldskills","status":"publish","type":"post","link":"https:\/\/fieam.org.br\/senai\/alunos-do-senaiam-disputam-seletivas-da-worldskills\/","title":{"rendered":"Alunos do SENAI\/AM disputam seletivas da Worldskills"},"content":{"rendered":"<figure id=\"attachment_5858\" aria-describedby=\"caption-attachment-5858\" style=\"width: 479px\" class=\"wp-caption alignleft\"><a href=\"http:\/\/www.fieam.org.br\/2015\/senai\/wp-content\/uploads\/sites\/3\/2016\/04\/Dupla-de-Mecatr\u00f4nica-\u00e9-outra-aposta-do-SENAI-AM-para-Olimp\u00edada-do-Conhecimento.jpg\"><img fetchpriority=\"high\" decoding=\"async\" class=\"wp-image-5858\" src=\"http:\/\/www.fieam.org.br\/2015\/senai\/wp-content\/uploads\/sites\/3\/2016\/04\/Dupla-de-Mecatr\u00f4nica-\u00e9-outra-aposta-do-SENAI-AM-para-Olimp\u00edada-do-Conhecimento-1024x682.jpg\" alt=\"Dupla de Mecatr\u00f4nica \u00e9 outra aposta do SENAI AM para Olimp\u00edada do Conhecimento\" width=\"479\" height=\"319\" \/><\/a><figcaption id=\"caption-attachment-5858\" class=\"wp-caption-text\">Dupla de Mecatr\u00f4nica \u00e9 outra aposta do SENAI AM para Olimp\u00edada do Conhecimento<\/figcaption><\/figure>\n<p>Dez alunos do <a href=\"http:\/\/www.fieam.org.br\/senai\">Servi\u00e7o Nacional de Aprendizagem Industrial (SENAI Amazonas)<\/a> v\u00e3o participar das seletivas para a maior competi\u00e7\u00e3o de educa\u00e7\u00e3o profissional do mundo, a WorldSkills que ser\u00e1 realizada em 2017, em Abu Dhabi, capital dos Emirados \u00c1rabes Unidos. Os jovens amazonenses est\u00e3o na fase de aprimoramento das t\u00e9cnicas e habilidades nas ocupa\u00e7\u00f5es que ir\u00e3o disputar nacionalmente com outros alunos da Rede SENAI.<\/p>\n<p>O SENAI Amazonas ser\u00e1 representado em nove ocupa\u00e7\u00f5es. S\u00e3o elas: Sistema de Constru\u00e7\u00e3o Drywall, pelo aluno Thiago Pereira; Constru\u00e7\u00e3o em Alvenaria, pela aluna Jamilly de S\u00e1; Marcenaria de M\u00f3veis, por Leandro Ara\u00fajo; Solda, pelo competidor Rafael dos Santos; Eletr\u00f4nica Industrial, pela aluna Maria Angelita de Souza; Redes de Computadores, por Stanrley Pinheiro; Vitrinismo, por Diego Raiol; Tecnologia da Moda, pela aula Luciane da Silva; e Mecatr\u00f4nica, ocupa\u00e7\u00e3o realizada em dupla e que ser\u00e1 representada pelos alunos Maur\u00edcio Cardoso e Wildes dos Santos Filho.<\/p>\n<p>A etapa nacional, denominada Olimp\u00edada do Conhecimento, \u00e9 promovida pelo Departamento Nacional do SENAI e ser\u00e1 realizada nos meses de julho e agosto em v\u00e1rias capitais. As escolas que sediar\u00e3o as provas foram escolhidas de acordo com suas capacidades de infraestrutura educacional f\u00edsica e profissional.<\/p>\n<p>O SENAI Amazonas sediar\u00e1 a seletiva da ocupa\u00e7\u00e3o Sistema de Constru\u00e7\u00e3o Drywall. O instrutor Emerson Cunha, da Escola SENAI Dem\u00f3stenes Travessa, unidade de educa\u00e7\u00e3o profissional voltada \u00e0 qualifica\u00e7\u00e3o de trabalhadores para o segmento produtivo da constru\u00e7\u00e3o civil, ser\u00e1 o avaliador l\u00edder e gestor desta ocupa\u00e7\u00e3o que contar\u00e1 com 11 competidores na disputa para representar o Brasil na Worldskills.<\/p>\n<p>\u201cVamos ter a oportunidade de mostrar a efici\u00eancia do SENAI\/AM na forma\u00e7\u00e3o de trabalhadores nesta ocupa\u00e7\u00e3o que hoje acompanha a evolu\u00e7\u00e3o da constru\u00e7\u00e3o civil, atendendo as novas demandas de otimizar recursos em obras com a constru\u00e7\u00e3o a seco, aplicando a t\u00e9cnica de drywall\u201d, ressalta o instrutor.<\/p>\n<p>O aluno Diego Raiol, de 17 anos, competidor da ocupa\u00e7\u00e3o Vitrinismo, \u00e9 uma das grandes apostas do SENAI Amazonas nesta que ser\u00e1 a 44\u00aa edi\u00e7\u00e3o da maior competi\u00e7\u00e3o da educa\u00e7\u00e3o profissional do mundo. O aluno passa por um intenso treinamento nas t\u00e9cnicas de como planejar e compor uma vitrine com padr\u00e3o de qualidade mundial. A competi\u00e7\u00e3o nacional de Vitrinismo ocorrer\u00e1 na 2\u00aa quinzena de julho, em Aracaju (SE), e contar\u00e1 com a participa\u00e7\u00e3o de competidores dos Departamentos Regionais de S\u00e3o Paulo, Minas Gerais, Centro de Tecnologia da Ind\u00fastria Qu\u00edmica e T\u00eaxtil do SENAI (Cetiqt-RJ), Sergipe e Amazonas.<\/p>\n<p>\u201cEstou me esfor\u00e7ando ao m\u00e1ximo no aprendizado das t\u00e9cnicas do Vitrinismo e em todas as habilidades que essa ocupa\u00e7\u00e3o envolve. Meu foco est\u00e1 em me sair bem nas tarefas aplicadas pelo instrutor, mostrar o que aprendi na etapa nacional em Sergipe e seguir para a competi\u00e7\u00e3o internacional, em Abu Dhabi\u201d, disse Diego.<\/p>\n<p>Elias Mota \u00e9 o instrutor respons\u00e1vel pela capacita\u00e7\u00e3o profissional de Diego desde o in\u00edcio deste ano. Segundo o instrutor, a profiss\u00e3o de vitrinista requer vasto conhecimento em variadas ocupa\u00e7\u00f5es a come\u00e7ar pelo dom\u00ednio de criar uma vitrine harmoniosa e que encante o cliente, por\u00e9m tamb\u00e9m requer o entendimento sobre moda, marketing, pintura, marcenaria e ilumina\u00e7\u00e3o.<\/p>\n<p>Mota \u00e9 experiente na prepara\u00e7\u00e3o de alunos para a competi\u00e7\u00e3o da Olimp\u00edada do Conhecimento e para a Worldskills. O instrutor acompanhou toda a forma\u00e7\u00e3o profissional e o treinamento de Maur\u00edcio Duarte, de 2014 a 2015. Duarte foi o primeiro aluno do SENAI\/AM a competir no mundial, realizado em S\u00e3o Paulo em agosto do ano passado, conquistando o 4\u00ba lugar e a medalha de excel\u00eancia.<\/p>\n<p>H\u00e1 menos de tr\u00eas meses, todos os alunos competidores amazonenses est\u00e3o diariamente em treinamento e passam at\u00e9 dois turnos em suas unidades de educa\u00e7\u00e3o profissional, adquirindo informa\u00e7\u00f5es sobre suas ocupa\u00e7\u00f5es, assimilando novos conhecimentos e retrabalhando as atividades que precisando ser aprimoradas.<\/p>\n<p>&nbsp;<\/p>\n<p>[nggallery id=4]<\/p>\n<p>&nbsp;<\/p>\n<p><strong>\u00a0\u00a0\u00a0\u00a0\u00a0\u00a0\u00a0\u00a0\u00a0\u00a0\u00a0 ATENDIMENTO \u00c0 IMPRENSA<\/strong><\/p>\n<p>&nbsp;<\/p>\n<p><strong>Diretoria de Comunica\u00e7\u00e3o e Marketing do Sistema FIEAM<\/strong><\/p>\n<p>Tel: (92) 3186-6576 Fax: (92) 3186-6579<\/p>\n<p>E-mail: <a href=\"mailto:imprensa@fieam.org.br\">imprensa@fieam.org.br<\/a><\/p>\n<p>Portal: <a href=\"http:\/\/www.fieam.org.br\/\">http:\/\/www.fieam.org.br<\/a><\/p>\n<p><strong>\u00a0\u00a0\u00a0\u00a0\u00a0\u00a0\u00a0\u00a0\u00a0\u00a0\u00a0 Sistema FIEAM nas redes sociais<\/strong><\/p>\n<p><strong>\u00a0\u00a0\u00a0\u00a0\u00a0\u00a0\u00a0\u00a0\u00a0\u00a0\u00a0 FIEAM:<\/strong> <a href=\"https:\/\/www.facebook.com\/fieamoficial\">Facebook<\/a>| <a href=\"https:\/\/twitter.com\/fieam\">Twitter<\/a>| <a href=\"https:\/\/www.instagram.com\/sistemafieam\/\">Instagram<\/a>| \u00a0<a href=\"https:\/\/www.youtube.com\/user\/FIEAM\">You Tube<\/a><\/p>\n<p><strong>\u00a0\u00a0\u00a0\u00a0\u00a0\u00a0\u00a0\u00a0\u00a0\u00a0 <\/strong><strong>SESI:<\/strong> <a href=\"https:\/\/www.facebook.com\/sesiamazonas\">Facebook<\/a>| <a href=\"https:\/\/twitter.com\/sesiamazonas\">Twitter<\/a>| <a href=\"https:\/\/www.instagram.com\/sistemafieam\/\">Instagram<\/a>| \u00a0<a href=\"https:\/\/www.youtube.com\/user\/SESIAmazonas\">You Tube<\/a><\/p>\n<p><strong>\u00a0\u00a0\u00a0\u00a0\u00a0\u00a0\u00a0\u00a0\u00a0\u00a0 SENAI:<\/strong> <a href=\"https:\/\/www.facebook.com\/senaiamazonas\">Facebook<\/a>| <a href=\"https:\/\/twitter.com\/senaiamazonas\">Twitter<\/a>| <a href=\"https:\/\/www.instagram.com\/sistemafieam\/\">Instagram<\/a>| \u00a0<a href=\"https:\/\/www.youtube.com\/user\/SENAIAmazonas\">You Tube<\/a><\/p>\n<p><strong>\u00a0\u00a0\u00a0\u00a0\u00a0\u00a0\u00a0\u00a0\u00a0\u00a0 IEL:<\/strong> <a href=\"https:\/\/www.facebook.com\/ielamazonas\">Facebook<\/a>| <a href=\"https:\/\/twitter.com\/ielamazonas\">Twitter<\/a>| <a href=\"https:\/\/www.instagram.com\/sistemafieam\/\">Instagram<\/a>| \u00a0<a href=\"https:\/\/www.youtube.com\/user\/IELAmazonas\">You Tube<\/a><\/p>\n<p>&nbsp;<\/p>\n","protected":false},"excerpt":{"rendered":"<p>Dez alunos do Servi\u00e7o Nacional de Aprendizagem Industrial (SENAI Amazonas) v\u00e3o participar das seletivas para a maior competi\u00e7\u00e3o de educa\u00e7\u00e3o profissional do mundo, a WorldSkills que ser\u00e1 realizada em 2017, em Abu Dhabi, capital dos Emirados \u00c1rabes Unidos. Os jovens amazonenses est\u00e3o na fase de aprimoramento das t\u00e9cnicas e habilidades nas ocupa\u00e7\u00f5es que ir\u00e3o disputar [&hellip;]<\/p>\n","protected":false},"author":1,"featured_media":5858,"comment_status":"open","ping_status":"open","sticky":false,"template":"","format":"standard","meta":{"footnotes":""},"categories":[21],"tags":[],"class_list":["post-5856","post","type-post","status-publish","format-standard","has-post-thumbnail","hentry","category-news"],"yoast_head":"<!-- This site is optimized with the Yoast SEO plugin v26.8 - https:\/\/yoast.com\/product\/yoast-seo-wordpress\/ -->\n<title>Alunos do SENAI\/AM disputam seletivas da Worldskills - SENAI<\/title>\n<meta name=\"robots\" content=\"index, follow, max-snippet:-1, max-image-preview:large, max-video-preview:-1\" \/>\n<link rel=\"canonical\" href=\"https:\/\/fieam.org.br\/senai\/alunos-do-senaiam-disputam-seletivas-da-worldskills\/\" \/>\n<meta property=\"og:locale\" content=\"pt_BR\" \/>\n<meta property=\"og:type\" content=\"article\" \/>\n<meta property=\"og:title\" content=\"Alunos do SENAI\/AM disputam seletivas da Worldskills - SENAI\" \/>\n<meta property=\"og:description\" content=\"Dez alunos do Servi\u00e7o Nacional de Aprendizagem Industrial (SENAI Amazonas) v\u00e3o participar das seletivas para a maior competi\u00e7\u00e3o de educa\u00e7\u00e3o profissional do mundo, a WorldSkills que ser\u00e1 realizada em 2017, em Abu Dhabi, capital dos Emirados \u00c1rabes Unidos. Os jovens amazonenses est\u00e3o na fase de aprimoramento das t\u00e9cnicas e habilidades nas ocupa\u00e7\u00f5es que ir\u00e3o disputar [&hellip;]\" \/>\n<meta property=\"og:url\" content=\"https:\/\/fieam.org.br\/senai\/alunos-do-senaiam-disputam-seletivas-da-worldskills\/\" \/>\n<meta property=\"og:site_name\" content=\"SENAI\" \/>\n<meta property=\"article:published_time\" content=\"2016-04-12T18:58:18+00:00\" \/>\n<meta name=\"author\" content=\"Autor\" \/>\n<meta name=\"twitter:card\" content=\"summary_large_image\" \/>\n<meta name=\"twitter:label1\" content=\"Escrito por\" \/>\n\t<meta name=\"twitter:data1\" content=\"Autor\" \/>\n\t<meta name=\"twitter:label2\" content=\"Est. tempo de leitura\" \/>\n\t<meta name=\"twitter:data2\" content=\"4 minutos\" \/>\n<script type=\"application\/ld+json\" class=\"yoast-schema-graph\">{\"@context\":\"https:\/\/schema.org\",\"@graph\":[{\"@type\":\"Article\",\"@id\":\"https:\/\/fieam.org.br\/senai\/alunos-do-senaiam-disputam-seletivas-da-worldskills\/#article\",\"isPartOf\":{\"@id\":\"https:\/\/fieam.org.br\/senai\/alunos-do-senaiam-disputam-seletivas-da-worldskills\/\"},\"author\":{\"name\":\"Autor\",\"@id\":\"https:\/\/fieam.org.br\/senai\/#\/schema\/person\/c1ceda8321521b291cee22da0a7d34be\"},\"headline\":\"Alunos do SENAI\/AM disputam seletivas da Worldskills\",\"datePublished\":\"2016-04-12T18:58:18+00:00\",\"mainEntityOfPage\":{\"@id\":\"https:\/\/fieam.org.br\/senai\/alunos-do-senaiam-disputam-seletivas-da-worldskills\/\"},\"wordCount\":758,\"commentCount\":0,\"publisher\":{\"@id\":\"https:\/\/fieam.org.br\/senai\/#organization\"},\"image\":{\"@id\":\"https:\/\/fieam.org.br\/senai\/alunos-do-senaiam-disputam-seletivas-da-worldskills\/#primaryimage\"},\"thumbnailUrl\":\"\",\"articleSection\":[\"News\"],\"inLanguage\":\"pt-BR\",\"potentialAction\":[{\"@type\":\"CommentAction\",\"name\":\"Comment\",\"target\":[\"https:\/\/fieam.org.br\/senai\/alunos-do-senaiam-disputam-seletivas-da-worldskills\/#respond\"]}]},{\"@type\":\"WebPage\",\"@id\":\"https:\/\/fieam.org.br\/senai\/alunos-do-senaiam-disputam-seletivas-da-worldskills\/\",\"url\":\"https:\/\/fieam.org.br\/senai\/alunos-do-senaiam-disputam-seletivas-da-worldskills\/\",\"name\":\"Alunos do SENAI\/AM disputam seletivas da Worldskills - SENAI\",\"isPartOf\":{\"@id\":\"https:\/\/fieam.org.br\/senai\/#website\"},\"primaryImageOfPage\":{\"@id\":\"https:\/\/fieam.org.br\/senai\/alunos-do-senaiam-disputam-seletivas-da-worldskills\/#primaryimage\"},\"image\":{\"@id\":\"https:\/\/fieam.org.br\/senai\/alunos-do-senaiam-disputam-seletivas-da-worldskills\/#primaryimage\"},\"thumbnailUrl\":\"\",\"datePublished\":\"2016-04-12T18:58:18+00:00\",\"breadcrumb\":{\"@id\":\"https:\/\/fieam.org.br\/senai\/alunos-do-senaiam-disputam-seletivas-da-worldskills\/#breadcrumb\"},\"inLanguage\":\"pt-BR\",\"potentialAction\":[{\"@type\":\"ReadAction\",\"target\":[\"https:\/\/fieam.org.br\/senai\/alunos-do-senaiam-disputam-seletivas-da-worldskills\/\"]}]},{\"@type\":\"ImageObject\",\"inLanguage\":\"pt-BR\",\"@id\":\"https:\/\/fieam.org.br\/senai\/alunos-do-senaiam-disputam-seletivas-da-worldskills\/#primaryimage\",\"url\":\"\",\"contentUrl\":\"\"},{\"@type\":\"BreadcrumbList\",\"@id\":\"https:\/\/fieam.org.br\/senai\/alunos-do-senaiam-disputam-seletivas-da-worldskills\/#breadcrumb\",\"itemListElement\":[{\"@type\":\"ListItem\",\"position\":1,\"name\":\"In\u00edcio\",\"item\":\"https:\/\/fieam.org.br\/senai\/\"},{\"@type\":\"ListItem\",\"position\":2,\"name\":\"Alunos do SENAI\/AM disputam seletivas da Worldskills\"}]},{\"@type\":\"WebSite\",\"@id\":\"https:\/\/fieam.org.br\/senai\/#website\",\"url\":\"https:\/\/fieam.org.br\/senai\/\",\"name\":\"SENAI\",\"description\":\"Site Oficial!\",\"publisher\":{\"@id\":\"https:\/\/fieam.org.br\/senai\/#organization\"},\"potentialAction\":[{\"@type\":\"SearchAction\",\"target\":{\"@type\":\"EntryPoint\",\"urlTemplate\":\"https:\/\/fieam.org.br\/senai\/?s={search_term_string}\"},\"query-input\":{\"@type\":\"PropertyValueSpecification\",\"valueRequired\":true,\"valueName\":\"search_term_string\"}}],\"inLanguage\":\"pt-BR\"},{\"@type\":\"Organization\",\"@id\":\"https:\/\/fieam.org.br\/senai\/#organization\",\"name\":\"SENAI\",\"url\":\"https:\/\/fieam.org.br\/senai\/\",\"logo\":{\"@type\":\"ImageObject\",\"inLanguage\":\"pt-BR\",\"@id\":\"https:\/\/fieam.org.br\/senai\/#\/schema\/logo\/image\/\",\"url\":\"https:\/\/fieam.org.br\/senai\/wp-content\/uploads\/sites\/16\/2024\/03\/cropped-fav.png\",\"contentUrl\":\"https:\/\/fieam.org.br\/senai\/wp-content\/uploads\/sites\/16\/2024\/03\/cropped-fav.png\",\"width\":592,\"height\":577,\"caption\":\"SENAI\"},\"image\":{\"@id\":\"https:\/\/fieam.org.br\/senai\/#\/schema\/logo\/image\/\"}},{\"@type\":\"Person\",\"@id\":\"https:\/\/fieam.org.br\/senai\/#\/schema\/person\/c1ceda8321521b291cee22da0a7d34be\",\"name\":\"Autor\",\"image\":{\"@type\":\"ImageObject\",\"inLanguage\":\"pt-BR\",\"@id\":\"https:\/\/fieam.org.br\/senai\/#\/schema\/person\/image\/\",\"url\":\"https:\/\/secure.gravatar.com\/avatar\/3732c223e0e1fad69062a8f770955c9068d37b055204f310a0be18d4069fe380?s=96&d=mm&r=g\",\"contentUrl\":\"https:\/\/secure.gravatar.com\/avatar\/3732c223e0e1fad69062a8f770955c9068d37b055204f310a0be18d4069fe380?s=96&d=mm&r=g\",\"caption\":\"Autor\"},\"sameAs\":[\"https:\/\/marketingmassivo.com.br\"],\"url\":\"https:\/\/fieam.org.br\/senai\/author\/admin\/\"}]}<\/script>\n<!-- \/ Yoast SEO plugin. -->","yoast_head_json":{"title":"Alunos do SENAI\/AM disputam seletivas da Worldskills - SENAI","robots":{"index":"index","follow":"follow","max-snippet":"max-snippet:-1","max-image-preview":"max-image-preview:large","max-video-preview":"max-video-preview:-1"},"canonical":"https:\/\/fieam.org.br\/senai\/alunos-do-senaiam-disputam-seletivas-da-worldskills\/","og_locale":"pt_BR","og_type":"article","og_title":"Alunos do SENAI\/AM disputam seletivas da Worldskills - SENAI","og_description":"Dez alunos do Servi\u00e7o Nacional de Aprendizagem Industrial (SENAI Amazonas) v\u00e3o participar das seletivas para a maior competi\u00e7\u00e3o de educa\u00e7\u00e3o profissional do mundo, a WorldSkills que ser\u00e1 realizada em 2017, em Abu Dhabi, capital dos Emirados \u00c1rabes Unidos. Os jovens amazonenses est\u00e3o na fase de aprimoramento das t\u00e9cnicas e habilidades nas ocupa\u00e7\u00f5es que ir\u00e3o disputar [&hellip;]","og_url":"https:\/\/fieam.org.br\/senai\/alunos-do-senaiam-disputam-seletivas-da-worldskills\/","og_site_name":"SENAI","article_published_time":"2016-04-12T18:58:18+00:00","author":"Autor","twitter_card":"summary_large_image","twitter_misc":{"Escrito por":"Autor","Est. tempo de leitura":"4 minutos"},"schema":{"@context":"https:\/\/schema.org","@graph":[{"@type":"Article","@id":"https:\/\/fieam.org.br\/senai\/alunos-do-senaiam-disputam-seletivas-da-worldskills\/#article","isPartOf":{"@id":"https:\/\/fieam.org.br\/senai\/alunos-do-senaiam-disputam-seletivas-da-worldskills\/"},"author":{"name":"Autor","@id":"https:\/\/fieam.org.br\/senai\/#\/schema\/person\/c1ceda8321521b291cee22da0a7d34be"},"headline":"Alunos do SENAI\/AM disputam seletivas da Worldskills","datePublished":"2016-04-12T18:58:18+00:00","mainEntityOfPage":{"@id":"https:\/\/fieam.org.br\/senai\/alunos-do-senaiam-disputam-seletivas-da-worldskills\/"},"wordCount":758,"commentCount":0,"publisher":{"@id":"https:\/\/fieam.org.br\/senai\/#organization"},"image":{"@id":"https:\/\/fieam.org.br\/senai\/alunos-do-senaiam-disputam-seletivas-da-worldskills\/#primaryimage"},"thumbnailUrl":"","articleSection":["News"],"inLanguage":"pt-BR","potentialAction":[{"@type":"CommentAction","name":"Comment","target":["https:\/\/fieam.org.br\/senai\/alunos-do-senaiam-disputam-seletivas-da-worldskills\/#respond"]}]},{"@type":"WebPage","@id":"https:\/\/fieam.org.br\/senai\/alunos-do-senaiam-disputam-seletivas-da-worldskills\/","url":"https:\/\/fieam.org.br\/senai\/alunos-do-senaiam-disputam-seletivas-da-worldskills\/","name":"Alunos do SENAI\/AM disputam seletivas da Worldskills - SENAI","isPartOf":{"@id":"https:\/\/fieam.org.br\/senai\/#website"},"primaryImageOfPage":{"@id":"https:\/\/fieam.org.br\/senai\/alunos-do-senaiam-disputam-seletivas-da-worldskills\/#primaryimage"},"image":{"@id":"https:\/\/fieam.org.br\/senai\/alunos-do-senaiam-disputam-seletivas-da-worldskills\/#primaryimage"},"thumbnailUrl":"","datePublished":"2016-04-12T18:58:18+00:00","breadcrumb":{"@id":"https:\/\/fieam.org.br\/senai\/alunos-do-senaiam-disputam-seletivas-da-worldskills\/#breadcrumb"},"inLanguage":"pt-BR","potentialAction":[{"@type":"ReadAction","target":["https:\/\/fieam.org.br\/senai\/alunos-do-senaiam-disputam-seletivas-da-worldskills\/"]}]},{"@type":"ImageObject","inLanguage":"pt-BR","@id":"https:\/\/fieam.org.br\/senai\/alunos-do-senaiam-disputam-seletivas-da-worldskills\/#primaryimage","url":"","contentUrl":""},{"@type":"BreadcrumbList","@id":"https:\/\/fieam.org.br\/senai\/alunos-do-senaiam-disputam-seletivas-da-worldskills\/#breadcrumb","itemListElement":[{"@type":"ListItem","position":1,"name":"In\u00edcio","item":"https:\/\/fieam.org.br\/senai\/"},{"@type":"ListItem","position":2,"name":"Alunos do SENAI\/AM disputam seletivas da Worldskills"}]},{"@type":"WebSite","@id":"https:\/\/fieam.org.br\/senai\/#website","url":"https:\/\/fieam.org.br\/senai\/","name":"SENAI","description":"Site Oficial!","publisher":{"@id":"https:\/\/fieam.org.br\/senai\/#organization"},"potentialAction":[{"@type":"SearchAction","target":{"@type":"EntryPoint","urlTemplate":"https:\/\/fieam.org.br\/senai\/?s={search_term_string}"},"query-input":{"@type":"PropertyValueSpecification","valueRequired":true,"valueName":"search_term_string"}}],"inLanguage":"pt-BR"},{"@type":"Organization","@id":"https:\/\/fieam.org.br\/senai\/#organization","name":"SENAI","url":"https:\/\/fieam.org.br\/senai\/","logo":{"@type":"ImageObject","inLanguage":"pt-BR","@id":"https:\/\/fieam.org.br\/senai\/#\/schema\/logo\/image\/","url":"https:\/\/fieam.org.br\/senai\/wp-content\/uploads\/sites\/16\/2024\/03\/cropped-fav.png","contentUrl":"https:\/\/fieam.org.br\/senai\/wp-content\/uploads\/sites\/16\/2024\/03\/cropped-fav.png","width":592,"height":577,"caption":"SENAI"},"image":{"@id":"https:\/\/fieam.org.br\/senai\/#\/schema\/logo\/image\/"}},{"@type":"Person","@id":"https:\/\/fieam.org.br\/senai\/#\/schema\/person\/c1ceda8321521b291cee22da0a7d34be","name":"Autor","image":{"@type":"ImageObject","inLanguage":"pt-BR","@id":"https:\/\/fieam.org.br\/senai\/#\/schema\/person\/image\/","url":"https:\/\/secure.gravatar.com\/avatar\/3732c223e0e1fad69062a8f770955c9068d37b055204f310a0be18d4069fe380?s=96&d=mm&r=g","contentUrl":"https:\/\/secure.gravatar.com\/avatar\/3732c223e0e1fad69062a8f770955c9068d37b055204f310a0be18d4069fe380?s=96&d=mm&r=g","caption":"Autor"},"sameAs":["https:\/\/marketingmassivo.com.br"],"url":"https:\/\/fieam.org.br\/senai\/author\/admin\/"}]}},"_links":{"self":[{"href":"https:\/\/fieam.org.br\/senai\/wp-json\/wp\/v2\/posts\/5856","targetHints":{"allow":["GET"]}}],"collection":[{"href":"https:\/\/fieam.org.br\/senai\/wp-json\/wp\/v2\/posts"}],"about":[{"href":"https:\/\/fieam.org.br\/senai\/wp-json\/wp\/v2\/types\/post"}],"author":[{"embeddable":true,"href":"https:\/\/fieam.org.br\/senai\/wp-json\/wp\/v2\/users\/1"}],"replies":[{"embeddable":true,"href":"https:\/\/fieam.org.br\/senai\/wp-json\/wp\/v2\/comments?post=5856"}],"version-history":[{"count":0,"href":"https:\/\/fieam.org.br\/senai\/wp-json\/wp\/v2\/posts\/5856\/revisions"}],"wp:featuredmedia":[{"embeddable":true,"href":"https:\/\/fieam.org.br\/senai\/wp-json\/"}],"wp:attachment":[{"href":"https:\/\/fieam.org.br\/senai\/wp-json\/wp\/v2\/media?parent=5856"}],"wp:term":[{"taxonomy":"category","embeddable":true,"href":"https:\/\/fieam.org.br\/senai\/wp-json\/wp\/v2\/categories?post=5856"},{"taxonomy":"post_tag","embeddable":true,"href":"https:\/\/fieam.org.br\/senai\/wp-json\/wp\/v2\/tags?post=5856"}],"curies":[{"name":"wp","href":"https:\/\/api.w.org\/{rel}","templated":true}]}}