{"id":5827,"date":"2016-04-05T15:44:27","date_gmt":"2016-04-05T15:44:27","guid":{"rendered":"http:\/\/www.fieam.org.br\/2015\/senai\/?p=5827"},"modified":"2016-04-05T15:44:27","modified_gmt":"2016-04-05T15:44:27","slug":"alunos-de-cursos-tecnicos-do-senaiam-atingem-nivel-adequado-e-avancado","status":"publish","type":"post","link":"https:\/\/fieam.org.br\/senai\/alunos-de-cursos-tecnicos-do-senaiam-atingem-nivel-adequado-e-avancado\/","title":{"rendered":"Alunos de cursos t\u00e9cnicos do SENAI\/AM atingem n\u00edvel adequado e avan\u00e7ado"},"content":{"rendered":"<p>Alunos de cursos t\u00e9cnicos do <a href=\"http:\/\/www.fieam.org.br\/senai\">Servi\u00e7o Nacional de Aprendizagem Industrial (SENAI Amazonas)<\/a> participaram da Avalia\u00e7\u00e3o de Desempenho de Estudantes, realizada pelo Departamento Nacional da institui\u00e7\u00e3o em 2015 e divulgada em mar\u00e7o \u00faltimo. Cinquenta e oito por cento, equivalente a 178 estudantes, alcan\u00e7aram pontua\u00e7\u00e3o dentro dos n\u00edveis adequado e avan\u00e7ado. Participaram do exame de profici\u00eancia 318 alunos de seis cursos t\u00e9cnicos de duas unidades de Manaus.<\/p>\n<p>A pesquisa avalia o desempenho dos alunos com vistas a aprimorar a educa\u00e7\u00e3o profissional oferecida pela Rede SENAI. Os cursos do SENAI qualificam m\u00e3o de obra para a ind\u00fastria, da\u00ed a import\u00e2ncia de monitorar o grau de desenvolvimento de capacidades b\u00e1sicas, t\u00e9cnicas e de gest\u00e3o desses cursos, bem como o alcance das compet\u00eancias dos alunos.<\/p>\n<figure id=\"attachment_5829\" aria-describedby=\"caption-attachment-5829\" style=\"width: 501px\" class=\"wp-caption alignleft\"><a href=\"https:\/\/marketingmassivo.com.br\/senai\/wp-content\/uploads\/sites\/13\/2016\/04\/Diretor-do-SENAI-AM-Aldemurpe-Barros.jpg\"><img fetchpriority=\"high\" decoding=\"async\" class=\" wp-image-5829\" src=\"http:\/\/www.fieam.org.br\/2015\/senai\/wp-content\/uploads\/sites\/3\/2016\/04\/Diretor-do-SENAI-AM-Aldemurpe-Barros-1024x683.jpg\" alt=\"Diretor do SENAI AM, Aldemurpe Barros\" width=\"501\" height=\"334\" \/><\/a><figcaption id=\"caption-attachment-5829\" class=\"wp-caption-text\">Diretor do SENAI AM, Aldemurpe Barros<\/figcaption><\/figure>\n<p>&#8220;A avalia\u00e7\u00e3o nos permitiu um diagn\u00f3stico da educa\u00e7\u00e3o profissional do SENAI\/AM, o que nos d\u00e1 a oportunidade de manter e melhorar ainda mais a excel\u00eancia do ensino e aprendizagem que oferecemos&#8221;, disse o diretor, Aldemurpe Barros.<\/p>\n<p>Foram avaliados os estudantes dos cursos t\u00e9cnicos em Administra\u00e7\u00e3o, Automa\u00e7\u00e3o, Mec\u00e2nica, Mecatr\u00f4nica, Eletr\u00f4nica e Redes de Computadores, ministrados nas Escolas SENAI Ant\u00f4nio Sim\u00f5es, no bairro Distrito Industrial, e na Waldemiro Lustoza, no bairro Cachoeirinha.<\/p>\n<p>Os cursos da institui\u00e7\u00e3o s\u00e3o oferecidos de acordo com a demanda do Polo Industrial de Manaus (PIM) e dos principais setores em potencial de desenvolvimento industrial e econ\u00f4mico, seguindo as exig\u00eancias do mercado de trabalho.<\/p>\n<p>A pesquisa foi aplicada nacionalmente em 361 unidades educacionais profissionalizantes do SENAI em todos os estados e no Distrito Federal. A avalia\u00e7\u00e3o refletiu o alto n\u00edvel da institui\u00e7\u00e3o na forma\u00e7\u00e3o de jovens e adultos nas carreiras escolhidas da ind\u00fastria. Foi constado que sete em cada 10 alunos de cursos t\u00e9cnicos do SENAI t\u00eam desempenho nos n\u00edveis adequado e avan\u00e7ado.<\/p>\n<p>O instrutor de automa\u00e7\u00e3o industrial e mecatr\u00f4nica, Marcos Alexandre, de 27 anos, tamb\u00e9m foi um dos mais de 10 mil docentes da Rede SENAI que participaram da sondagem que tamb\u00e9m avalia a metodologia, material did\u00e1tico e capacidade dos professores no servi\u00e7o de formar novos profissionais para atender a ind\u00fastria brasileira.<\/p>\n<p>&#8220;Avaliar nossos processos \u00e9 poder ter a radiografia de como estamos, de como os docentes do SENAI aplicam as metodologias profissionalizantes aos futuros industri\u00e1rios. Essa iniciativa passa a ser mais uma ferramenta de avalia\u00e7\u00e3o do que acontece dentro de sala de aula, das din\u00e2micas pedag\u00f3gicas e did\u00e1ticas, o que nos permitiu visualizar como estamos na m\u00e9dia nacional para nos prospectar para sempre melhorar nossas metas&#8221;, enfatizou Aldemurpe Barros.<\/p>\n<p>Al\u00e9m dos seis cursos avaliados na pesquisa, o SENAI\/AM oferece os cursos t\u00e9cnicos em Mec\u00e2nica de Refrigera\u00e7\u00e3o e Climatiza\u00e7\u00e3o, Eletroeletr\u00f4nica, Meio Ambiente, Manuten\u00e7\u00e3o e Suporte em Inform\u00e1tica, Inform\u00e1tica e Tecnologia do G\u00e1s Natural. A institui\u00e7\u00e3o leva ainda essa modalidade ao munic\u00edpio de Itacoatiara, a 176 quil\u00f4metros de Manaus, com os cursos t\u00e9cnicos em Administra\u00e7\u00e3o e Inform\u00e1tica para alunos da a\u00e7\u00e3o articulada do <a href=\"http:\/\/www.fieam.org.br\/2015\/sesi\/\">SESI<\/a> e SENAI que participam do programa EBEP (Educa\u00e7\u00e3o B\u00e1sica e Educa\u00e7\u00e3o Profissional).<\/p>\n<p>&nbsp;<\/p>\n<p>[nggallery id=3]<\/p>\n<p>&nbsp;<\/p>\n<p><strong>\u00a0\u00a0\u00a0\u00a0\u00a0\u00a0\u00a0\u00a0\u00a0\u00a0\u00a0 ATENDIMENTO \u00c0 IMPRENSA<\/strong><\/p>\n<p>&nbsp;<\/p>\n<p><strong>Diretoria de Comunica\u00e7\u00e3o e Marketing do Sistema FIEAM<\/strong><\/p>\n<p>Tel: (92) 3186-6576 Fax: (92) 3186-6579<\/p>\n<p>E-mail: <a href=\"mailto:imprensa@fieam.org.br\">imprensa@fieam.org.br<\/a><\/p>\n<p>Portal: <a href=\"http:\/\/www.fieam.org.br\/\">http:\/\/www.fieam.org.br<\/a><\/p>\n<p><strong>\u00a0\u00a0\u00a0\u00a0\u00a0\u00a0\u00a0\u00a0\u00a0\u00a0\u00a0 Sistema FIEAM nas redes sociais<\/strong><\/p>\n<p><strong>\u00a0\u00a0\u00a0\u00a0\u00a0\u00a0\u00a0\u00a0\u00a0\u00a0\u00a0 FIEAM:<\/strong> <a href=\"https:\/\/www.facebook.com\/fieamoficial\">Facebook<\/a>| <a href=\"https:\/\/twitter.com\/fieam\">Twitter<\/a>| <a href=\"https:\/\/www.instagram.com\/sistemafieam\/\">Instagram<\/a>| \u00a0<a href=\"https:\/\/www.youtube.com\/user\/FIEAM\">You Tube<\/a><\/p>\n<p><strong>\u00a0\u00a0\u00a0\u00a0\u00a0\u00a0\u00a0\u00a0\u00a0\u00a0 <\/strong><strong>SESI:<\/strong> <a href=\"https:\/\/www.facebook.com\/sesiamazonas\">Facebook<\/a>| <a href=\"https:\/\/twitter.com\/sesiamazonas\">Twitter<\/a>| <a href=\"https:\/\/www.instagram.com\/sistemafieam\/\">Instagram<\/a>| \u00a0<a href=\"https:\/\/www.youtube.com\/user\/SESIAmazonas\">You Tube<\/a><\/p>\n<p><strong>\u00a0\u00a0\u00a0\u00a0\u00a0\u00a0\u00a0\u00a0\u00a0\u00a0 SENAI:<\/strong> <a href=\"https:\/\/www.facebook.com\/senaiamazonas\">Facebook<\/a>| <a href=\"https:\/\/twitter.com\/senaiamazonas\">Twitter<\/a>| <a href=\"https:\/\/www.instagram.com\/sistemafieam\/\">Instagram<\/a>| \u00a0<a href=\"https:\/\/www.youtube.com\/user\/SENAIAmazonas\">You Tube<\/a><\/p>\n<p><strong>\u00a0\u00a0\u00a0\u00a0\u00a0\u00a0\u00a0\u00a0\u00a0\u00a0 IEL:<\/strong> <a href=\"https:\/\/www.facebook.com\/ielamazonas\">Facebook<\/a>| <a href=\"https:\/\/twitter.com\/ielamazonas\">Twitter<\/a>| <a href=\"https:\/\/www.instagram.com\/sistemafieam\/\">Instagram<\/a>| \u00a0<a href=\"https:\/\/www.youtube.com\/user\/IELAmazonas\">You Tube<\/a><\/p>\n<p>&nbsp;<\/p>\n","protected":false},"excerpt":{"rendered":"<p>Alunos de cursos t\u00e9cnicos do Servi\u00e7o Nacional de Aprendizagem Industrial (SENAI Amazonas) participaram da Avalia\u00e7\u00e3o de Desempenho de Estudantes, realizada pelo Departamento Nacional da institui\u00e7\u00e3o em 2015 e divulgada em mar\u00e7o \u00faltimo. Cinquenta e oito por cento, equivalente a 178 estudantes, alcan\u00e7aram pontua\u00e7\u00e3o dentro dos n\u00edveis adequado e avan\u00e7ado. Participaram do exame de profici\u00eancia 318 [&hellip;]<\/p>\n","protected":false},"author":1,"featured_media":5830,"comment_status":"open","ping_status":"open","sticky":false,"template":"","format":"standard","meta":{"footnotes":""},"categories":[21],"tags":[],"class_list":["post-5827","post","type-post","status-publish","format-standard","has-post-thumbnail","hentry","category-news"],"yoast_head":"<!-- This site is optimized with the Yoast SEO plugin v26.8 - https:\/\/yoast.com\/product\/yoast-seo-wordpress\/ -->\n<title>Alunos de cursos t\u00e9cnicos do SENAI\/AM atingem n\u00edvel adequado e avan\u00e7ado - SENAI<\/title>\n<meta name=\"robots\" content=\"index, follow, max-snippet:-1, max-image-preview:large, max-video-preview:-1\" \/>\n<link rel=\"canonical\" href=\"https:\/\/fieam.org.br\/senai\/alunos-de-cursos-tecnicos-do-senaiam-atingem-nivel-adequado-e-avancado\/\" \/>\n<meta property=\"og:locale\" content=\"pt_BR\" \/>\n<meta property=\"og:type\" content=\"article\" \/>\n<meta property=\"og:title\" content=\"Alunos de cursos t\u00e9cnicos do SENAI\/AM atingem n\u00edvel adequado e avan\u00e7ado - SENAI\" \/>\n<meta property=\"og:description\" content=\"Alunos de cursos t\u00e9cnicos do Servi\u00e7o Nacional de Aprendizagem Industrial (SENAI Amazonas) participaram da Avalia\u00e7\u00e3o de Desempenho de Estudantes, realizada pelo Departamento Nacional da institui\u00e7\u00e3o em 2015 e divulgada em mar\u00e7o \u00faltimo. Cinquenta e oito por cento, equivalente a 178 estudantes, alcan\u00e7aram pontua\u00e7\u00e3o dentro dos n\u00edveis adequado e avan\u00e7ado. Participaram do exame de profici\u00eancia 318 [&hellip;]\" \/>\n<meta property=\"og:url\" content=\"https:\/\/fieam.org.br\/senai\/alunos-de-cursos-tecnicos-do-senaiam-atingem-nivel-adequado-e-avancado\/\" \/>\n<meta property=\"og:site_name\" content=\"SENAI\" \/>\n<meta property=\"article:published_time\" content=\"2016-04-05T15:44:27+00:00\" \/>\n<meta name=\"author\" content=\"Autor\" \/>\n<meta name=\"twitter:card\" content=\"summary_large_image\" \/>\n<meta name=\"twitter:label1\" content=\"Escrito por\" \/>\n\t<meta name=\"twitter:data1\" content=\"Autor\" \/>\n\t<meta name=\"twitter:label2\" content=\"Est. tempo de leitura\" \/>\n\t<meta name=\"twitter:data2\" content=\"3 minutos\" \/>\n<script type=\"application\/ld+json\" class=\"yoast-schema-graph\">{\"@context\":\"https:\/\/schema.org\",\"@graph\":[{\"@type\":\"Article\",\"@id\":\"https:\/\/fieam.org.br\/senai\/alunos-de-cursos-tecnicos-do-senaiam-atingem-nivel-adequado-e-avancado\/#article\",\"isPartOf\":{\"@id\":\"https:\/\/fieam.org.br\/senai\/alunos-de-cursos-tecnicos-do-senaiam-atingem-nivel-adequado-e-avancado\/\"},\"author\":{\"name\":\"Autor\",\"@id\":\"https:\/\/fieam.org.br\/senai\/#\/schema\/person\/c1ceda8321521b291cee22da0a7d34be\"},\"headline\":\"Alunos de cursos t\u00e9cnicos do SENAI\/AM atingem n\u00edvel adequado e avan\u00e7ado\",\"datePublished\":\"2016-04-05T15:44:27+00:00\",\"mainEntityOfPage\":{\"@id\":\"https:\/\/fieam.org.br\/senai\/alunos-de-cursos-tecnicos-do-senaiam-atingem-nivel-adequado-e-avancado\/\"},\"wordCount\":636,\"commentCount\":0,\"publisher\":{\"@id\":\"https:\/\/fieam.org.br\/senai\/#organization\"},\"image\":{\"@id\":\"https:\/\/fieam.org.br\/senai\/alunos-de-cursos-tecnicos-do-senaiam-atingem-nivel-adequado-e-avancado\/#primaryimage\"},\"thumbnailUrl\":\"\",\"articleSection\":[\"News\"],\"inLanguage\":\"pt-BR\",\"potentialAction\":[{\"@type\":\"CommentAction\",\"name\":\"Comment\",\"target\":[\"https:\/\/fieam.org.br\/senai\/alunos-de-cursos-tecnicos-do-senaiam-atingem-nivel-adequado-e-avancado\/#respond\"]}]},{\"@type\":\"WebPage\",\"@id\":\"https:\/\/fieam.org.br\/senai\/alunos-de-cursos-tecnicos-do-senaiam-atingem-nivel-adequado-e-avancado\/\",\"url\":\"https:\/\/fieam.org.br\/senai\/alunos-de-cursos-tecnicos-do-senaiam-atingem-nivel-adequado-e-avancado\/\",\"name\":\"Alunos de cursos t\u00e9cnicos do SENAI\/AM atingem n\u00edvel adequado e avan\u00e7ado - SENAI\",\"isPartOf\":{\"@id\":\"https:\/\/fieam.org.br\/senai\/#website\"},\"primaryImageOfPage\":{\"@id\":\"https:\/\/fieam.org.br\/senai\/alunos-de-cursos-tecnicos-do-senaiam-atingem-nivel-adequado-e-avancado\/#primaryimage\"},\"image\":{\"@id\":\"https:\/\/fieam.org.br\/senai\/alunos-de-cursos-tecnicos-do-senaiam-atingem-nivel-adequado-e-avancado\/#primaryimage\"},\"thumbnailUrl\":\"\",\"datePublished\":\"2016-04-05T15:44:27+00:00\",\"breadcrumb\":{\"@id\":\"https:\/\/fieam.org.br\/senai\/alunos-de-cursos-tecnicos-do-senaiam-atingem-nivel-adequado-e-avancado\/#breadcrumb\"},\"inLanguage\":\"pt-BR\",\"potentialAction\":[{\"@type\":\"ReadAction\",\"target\":[\"https:\/\/fieam.org.br\/senai\/alunos-de-cursos-tecnicos-do-senaiam-atingem-nivel-adequado-e-avancado\/\"]}]},{\"@type\":\"ImageObject\",\"inLanguage\":\"pt-BR\",\"@id\":\"https:\/\/fieam.org.br\/senai\/alunos-de-cursos-tecnicos-do-senaiam-atingem-nivel-adequado-e-avancado\/#primaryimage\",\"url\":\"\",\"contentUrl\":\"\"},{\"@type\":\"BreadcrumbList\",\"@id\":\"https:\/\/fieam.org.br\/senai\/alunos-de-cursos-tecnicos-do-senaiam-atingem-nivel-adequado-e-avancado\/#breadcrumb\",\"itemListElement\":[{\"@type\":\"ListItem\",\"position\":1,\"name\":\"In\u00edcio\",\"item\":\"https:\/\/fieam.org.br\/senai\/\"},{\"@type\":\"ListItem\",\"position\":2,\"name\":\"Alunos de cursos t\u00e9cnicos do SENAI\/AM atingem n\u00edvel adequado e avan\u00e7ado\"}]},{\"@type\":\"WebSite\",\"@id\":\"https:\/\/fieam.org.br\/senai\/#website\",\"url\":\"https:\/\/fieam.org.br\/senai\/\",\"name\":\"SENAI\",\"description\":\"Site Oficial!\",\"publisher\":{\"@id\":\"https:\/\/fieam.org.br\/senai\/#organization\"},\"potentialAction\":[{\"@type\":\"SearchAction\",\"target\":{\"@type\":\"EntryPoint\",\"urlTemplate\":\"https:\/\/fieam.org.br\/senai\/?s={search_term_string}\"},\"query-input\":{\"@type\":\"PropertyValueSpecification\",\"valueRequired\":true,\"valueName\":\"search_term_string\"}}],\"inLanguage\":\"pt-BR\"},{\"@type\":\"Organization\",\"@id\":\"https:\/\/fieam.org.br\/senai\/#organization\",\"name\":\"SENAI\",\"url\":\"https:\/\/fieam.org.br\/senai\/\",\"logo\":{\"@type\":\"ImageObject\",\"inLanguage\":\"pt-BR\",\"@id\":\"https:\/\/fieam.org.br\/senai\/#\/schema\/logo\/image\/\",\"url\":\"https:\/\/fieam.org.br\/senai\/wp-content\/uploads\/sites\/16\/2024\/03\/cropped-fav.png\",\"contentUrl\":\"https:\/\/fieam.org.br\/senai\/wp-content\/uploads\/sites\/16\/2024\/03\/cropped-fav.png\",\"width\":592,\"height\":577,\"caption\":\"SENAI\"},\"image\":{\"@id\":\"https:\/\/fieam.org.br\/senai\/#\/schema\/logo\/image\/\"}},{\"@type\":\"Person\",\"@id\":\"https:\/\/fieam.org.br\/senai\/#\/schema\/person\/c1ceda8321521b291cee22da0a7d34be\",\"name\":\"Autor\",\"image\":{\"@type\":\"ImageObject\",\"inLanguage\":\"pt-BR\",\"@id\":\"https:\/\/fieam.org.br\/senai\/#\/schema\/person\/image\/\",\"url\":\"https:\/\/secure.gravatar.com\/avatar\/3732c223e0e1fad69062a8f770955c9068d37b055204f310a0be18d4069fe380?s=96&d=mm&r=g\",\"contentUrl\":\"https:\/\/secure.gravatar.com\/avatar\/3732c223e0e1fad69062a8f770955c9068d37b055204f310a0be18d4069fe380?s=96&d=mm&r=g\",\"caption\":\"Autor\"},\"sameAs\":[\"https:\/\/marketingmassivo.com.br\"],\"url\":\"https:\/\/fieam.org.br\/senai\/author\/admin\/\"}]}<\/script>\n<!-- \/ Yoast SEO plugin. -->","yoast_head_json":{"title":"Alunos de cursos t\u00e9cnicos do SENAI\/AM atingem n\u00edvel adequado e avan\u00e7ado - SENAI","robots":{"index":"index","follow":"follow","max-snippet":"max-snippet:-1","max-image-preview":"max-image-preview:large","max-video-preview":"max-video-preview:-1"},"canonical":"https:\/\/fieam.org.br\/senai\/alunos-de-cursos-tecnicos-do-senaiam-atingem-nivel-adequado-e-avancado\/","og_locale":"pt_BR","og_type":"article","og_title":"Alunos de cursos t\u00e9cnicos do SENAI\/AM atingem n\u00edvel adequado e avan\u00e7ado - SENAI","og_description":"Alunos de cursos t\u00e9cnicos do Servi\u00e7o Nacional de Aprendizagem Industrial (SENAI Amazonas) participaram da Avalia\u00e7\u00e3o de Desempenho de Estudantes, realizada pelo Departamento Nacional da institui\u00e7\u00e3o em 2015 e divulgada em mar\u00e7o \u00faltimo. Cinquenta e oito por cento, equivalente a 178 estudantes, alcan\u00e7aram pontua\u00e7\u00e3o dentro dos n\u00edveis adequado e avan\u00e7ado. Participaram do exame de profici\u00eancia 318 [&hellip;]","og_url":"https:\/\/fieam.org.br\/senai\/alunos-de-cursos-tecnicos-do-senaiam-atingem-nivel-adequado-e-avancado\/","og_site_name":"SENAI","article_published_time":"2016-04-05T15:44:27+00:00","author":"Autor","twitter_card":"summary_large_image","twitter_misc":{"Escrito por":"Autor","Est. tempo de leitura":"3 minutos"},"schema":{"@context":"https:\/\/schema.org","@graph":[{"@type":"Article","@id":"https:\/\/fieam.org.br\/senai\/alunos-de-cursos-tecnicos-do-senaiam-atingem-nivel-adequado-e-avancado\/#article","isPartOf":{"@id":"https:\/\/fieam.org.br\/senai\/alunos-de-cursos-tecnicos-do-senaiam-atingem-nivel-adequado-e-avancado\/"},"author":{"name":"Autor","@id":"https:\/\/fieam.org.br\/senai\/#\/schema\/person\/c1ceda8321521b291cee22da0a7d34be"},"headline":"Alunos de cursos t\u00e9cnicos do SENAI\/AM atingem n\u00edvel adequado e avan\u00e7ado","datePublished":"2016-04-05T15:44:27+00:00","mainEntityOfPage":{"@id":"https:\/\/fieam.org.br\/senai\/alunos-de-cursos-tecnicos-do-senaiam-atingem-nivel-adequado-e-avancado\/"},"wordCount":636,"commentCount":0,"publisher":{"@id":"https:\/\/fieam.org.br\/senai\/#organization"},"image":{"@id":"https:\/\/fieam.org.br\/senai\/alunos-de-cursos-tecnicos-do-senaiam-atingem-nivel-adequado-e-avancado\/#primaryimage"},"thumbnailUrl":"","articleSection":["News"],"inLanguage":"pt-BR","potentialAction":[{"@type":"CommentAction","name":"Comment","target":["https:\/\/fieam.org.br\/senai\/alunos-de-cursos-tecnicos-do-senaiam-atingem-nivel-adequado-e-avancado\/#respond"]}]},{"@type":"WebPage","@id":"https:\/\/fieam.org.br\/senai\/alunos-de-cursos-tecnicos-do-senaiam-atingem-nivel-adequado-e-avancado\/","url":"https:\/\/fieam.org.br\/senai\/alunos-de-cursos-tecnicos-do-senaiam-atingem-nivel-adequado-e-avancado\/","name":"Alunos de cursos t\u00e9cnicos do SENAI\/AM atingem n\u00edvel adequado e avan\u00e7ado - SENAI","isPartOf":{"@id":"https:\/\/fieam.org.br\/senai\/#website"},"primaryImageOfPage":{"@id":"https:\/\/fieam.org.br\/senai\/alunos-de-cursos-tecnicos-do-senaiam-atingem-nivel-adequado-e-avancado\/#primaryimage"},"image":{"@id":"https:\/\/fieam.org.br\/senai\/alunos-de-cursos-tecnicos-do-senaiam-atingem-nivel-adequado-e-avancado\/#primaryimage"},"thumbnailUrl":"","datePublished":"2016-04-05T15:44:27+00:00","breadcrumb":{"@id":"https:\/\/fieam.org.br\/senai\/alunos-de-cursos-tecnicos-do-senaiam-atingem-nivel-adequado-e-avancado\/#breadcrumb"},"inLanguage":"pt-BR","potentialAction":[{"@type":"ReadAction","target":["https:\/\/fieam.org.br\/senai\/alunos-de-cursos-tecnicos-do-senaiam-atingem-nivel-adequado-e-avancado\/"]}]},{"@type":"ImageObject","inLanguage":"pt-BR","@id":"https:\/\/fieam.org.br\/senai\/alunos-de-cursos-tecnicos-do-senaiam-atingem-nivel-adequado-e-avancado\/#primaryimage","url":"","contentUrl":""},{"@type":"BreadcrumbList","@id":"https:\/\/fieam.org.br\/senai\/alunos-de-cursos-tecnicos-do-senaiam-atingem-nivel-adequado-e-avancado\/#breadcrumb","itemListElement":[{"@type":"ListItem","position":1,"name":"In\u00edcio","item":"https:\/\/fieam.org.br\/senai\/"},{"@type":"ListItem","position":2,"name":"Alunos de cursos t\u00e9cnicos do SENAI\/AM atingem n\u00edvel adequado e avan\u00e7ado"}]},{"@type":"WebSite","@id":"https:\/\/fieam.org.br\/senai\/#website","url":"https:\/\/fieam.org.br\/senai\/","name":"SENAI","description":"Site Oficial!","publisher":{"@id":"https:\/\/fieam.org.br\/senai\/#organization"},"potentialAction":[{"@type":"SearchAction","target":{"@type":"EntryPoint","urlTemplate":"https:\/\/fieam.org.br\/senai\/?s={search_term_string}"},"query-input":{"@type":"PropertyValueSpecification","valueRequired":true,"valueName":"search_term_string"}}],"inLanguage":"pt-BR"},{"@type":"Organization","@id":"https:\/\/fieam.org.br\/senai\/#organization","name":"SENAI","url":"https:\/\/fieam.org.br\/senai\/","logo":{"@type":"ImageObject","inLanguage":"pt-BR","@id":"https:\/\/fieam.org.br\/senai\/#\/schema\/logo\/image\/","url":"https:\/\/fieam.org.br\/senai\/wp-content\/uploads\/sites\/16\/2024\/03\/cropped-fav.png","contentUrl":"https:\/\/fieam.org.br\/senai\/wp-content\/uploads\/sites\/16\/2024\/03\/cropped-fav.png","width":592,"height":577,"caption":"SENAI"},"image":{"@id":"https:\/\/fieam.org.br\/senai\/#\/schema\/logo\/image\/"}},{"@type":"Person","@id":"https:\/\/fieam.org.br\/senai\/#\/schema\/person\/c1ceda8321521b291cee22da0a7d34be","name":"Autor","image":{"@type":"ImageObject","inLanguage":"pt-BR","@id":"https:\/\/fieam.org.br\/senai\/#\/schema\/person\/image\/","url":"https:\/\/secure.gravatar.com\/avatar\/3732c223e0e1fad69062a8f770955c9068d37b055204f310a0be18d4069fe380?s=96&d=mm&r=g","contentUrl":"https:\/\/secure.gravatar.com\/avatar\/3732c223e0e1fad69062a8f770955c9068d37b055204f310a0be18d4069fe380?s=96&d=mm&r=g","caption":"Autor"},"sameAs":["https:\/\/marketingmassivo.com.br"],"url":"https:\/\/fieam.org.br\/senai\/author\/admin\/"}]}},"_links":{"self":[{"href":"https:\/\/fieam.org.br\/senai\/wp-json\/wp\/v2\/posts\/5827","targetHints":{"allow":["GET"]}}],"collection":[{"href":"https:\/\/fieam.org.br\/senai\/wp-json\/wp\/v2\/posts"}],"about":[{"href":"https:\/\/fieam.org.br\/senai\/wp-json\/wp\/v2\/types\/post"}],"author":[{"embeddable":true,"href":"https:\/\/fieam.org.br\/senai\/wp-json\/wp\/v2\/users\/1"}],"replies":[{"embeddable":true,"href":"https:\/\/fieam.org.br\/senai\/wp-json\/wp\/v2\/comments?post=5827"}],"version-history":[{"count":0,"href":"https:\/\/fieam.org.br\/senai\/wp-json\/wp\/v2\/posts\/5827\/revisions"}],"wp:featuredmedia":[{"embeddable":true,"href":"https:\/\/fieam.org.br\/senai\/wp-json\/"}],"wp:attachment":[{"href":"https:\/\/fieam.org.br\/senai\/wp-json\/wp\/v2\/media?parent=5827"}],"wp:term":[{"taxonomy":"category","embeddable":true,"href":"https:\/\/fieam.org.br\/senai\/wp-json\/wp\/v2\/categories?post=5827"},{"taxonomy":"post_tag","embeddable":true,"href":"https:\/\/fieam.org.br\/senai\/wp-json\/wp\/v2\/tags?post=5827"}],"curies":[{"name":"wp","href":"https:\/\/api.w.org\/{rel}","templated":true}]}}