{"id":5814,"date":"2016-04-01T13:43:29","date_gmt":"2016-04-01T13:43:29","guid":{"rendered":"http:\/\/www.fieam.org.br\/2015\/senai\/?p=5814"},"modified":"2016-04-01T13:43:29","modified_gmt":"2016-04-01T13:43:29","slug":"senai-abre-158-vagas-para-cursos-de-qualificacao","status":"publish","type":"post","link":"https:\/\/fieam.org.br\/senai\/senai-abre-158-vagas-para-cursos-de-qualificacao\/","title":{"rendered":"SENAI abre 158 vagas para cursos de qualifica\u00e7\u00e3o"},"content":{"rendered":"<p><a href=\"https:\/\/marketingmassivo.com.br\/senai\/wp-content\/uploads\/sites\/13\/2016\/04\/Confeiteiro-de-doces-de-doces-e-salgados.jpg\"><img fetchpriority=\"high\" decoding=\"async\" class=\"wp-image-5815 alignleft\" src=\"http:\/\/www.fieam.org.br\/2015\/senai\/wp-content\/uploads\/sites\/3\/2016\/04\/Confeiteiro-de-doces-de-doces-e-salgados-1024x630.jpg\" alt=\"Confeiteiro de doces de doces e salgados\" width=\"452\" height=\"278\" \/><\/a><\/p>\n<p><a href=\"http:\/\/www.fieam.org.br\/senai\">O Servi\u00e7o Nacional de Aprendizagem Industrial (SENAI Amazonas)<\/a> inscreve para os cursos de Operador de empilhadeira, Dire\u00e7\u00e3o defensiva e Confeiteiro de doces na Escola SENAI de A\u00e7\u00f5es M\u00f3veis Comunit\u00e1rias, com in\u00edcio previsto para 4 de abril, e ainda para os cursos de Modista costureiro (dom\u00e9stico) e Modista costureiro lingerie, que ter\u00e1\u00a0 in\u00edcio no dia 18 de abril, no Centro Integrado do Trabalhador Dolores Garcia. O curso de Confeiteiro de Doces e Salgados e de Modista costureiro (dom\u00e9stico) e Modista costureiro lingerie ser\u00e3o gratuitos.<\/p>\n<p>Ser\u00e3o abertas tr\u00eas turmas do curso Operador de Empilhadeira, nos hor\u00e1rios das 7h30 \u00e0s 11h30, 13h30 \u00e0s 17h30 e 18h \u00e0s 22h, todos com carga hor\u00e1ria de 40 horas. Os valores s\u00e3o de acordo com os turnos, sendo matutino e vespertino no valor de R$ 259,00 e noturno R$ 370,00, com parcelamento em at\u00e9 duas vezes. J\u00e1 o curso de Dire\u00e7\u00e3o defensiva est\u00e1 com duas turmas, nos hor\u00e1rios das 13h \u00e0s 17h e 18h \u00e0s 22h, nos valores de R$ 100,00 e R$ 130,00, respectivamente, com carga hor\u00e1ria de 20 horas.<\/p>\n<p>Para o curso Operador de empilhadeira o candidato deve ser habilitado nas categorias B, C, D e E, j\u00e1 para Dire\u00e7\u00e3o defensiva, deve ser habilitado em todas as categorias, apresentando c\u00f3pias de comprova\u00e7\u00e3o no ato da matr\u00edcula.<\/p>\n<p>Aos interessados no curso de Confeiteiro de doces e salgados, o SENAI abre inscri\u00e7\u00f5es para o hor\u00e1rio das 18h \u00e0s 22h, com carga hor\u00e1ria de 20 horas, sendo necess\u00e1ria apenas comprova\u00e7\u00e3o de matr\u00edcula em ensino fundamental a partir do 6\u00ba ano, e idade m\u00ednima de 16 anos.<\/p>\n<p>Os alunos interessados em realizar os cursos devem procurar a Escola SENAI de A\u00e7\u00f5es M\u00f3veis Comunit\u00e1rias, localizada na Avenida Rodrigo Ot\u00e1vio, bairro Distrito Industrial. Mais informa\u00e7\u00f5es pelos n\u00fameros (92) 3182-9975 ou 3182-9976.<\/p>\n<p>&nbsp;<\/p>\n<p><strong>Centro Integrado do Trabalhador Dolores Garcia<\/strong><\/p>\n<p><strong>\u00a0<\/strong><\/p>\n<p>Para os interessados em costura industrial, o SENAI localizado no bairro do Alvorada est\u00e1 com matr\u00edculas abertas para os cursos de Modelista industrial em tecido plano, no valor de R$ 350,00, parcelado em at\u00e9 duas vezes, carga hor\u00e1ria de 160 horas, a ser realizado no per\u00edodo de 28 de mar\u00e7o a 24 de maio. O interessado deve ter ensino fundamental completo e idade m\u00ednima de 16 anos.<\/p>\n<p>O SENAI oferece, gratuitamente, os cursos Modista costureiro lingerie e Modista costureiro (dom\u00e9stico), ambos com carga hor\u00e1ria de 160 horas, oferecidos nos hor\u00e1rios das 7h30 \u00e0s 11h30 e 13h30 \u00e0s 17h30, idade m\u00ednima 16 anos.<\/p>\n<p>Os cursos ser\u00e3o realizados no pr\u00f3prio CIT Dolores Garcia, localizado no bairro Alvorada, rua Vivaldo Lima, s\/n. Mais informa\u00e7\u00f5es pelos n\u00fameros 3238-4821, 3238-8534 ou pelo e-mail <a href=\"mailto:corem.esamc@am.senai.br\">corem.esamc@am.senai.br<\/a>.<\/p>\n<p>&nbsp;<\/p>\n<p>&nbsp;<\/p>\n<p><strong>ATENDIMENTO \u00c0 IMPRENSA<\/strong><\/p>\n<p>&nbsp;<\/p>\n<p><strong>Diretoria de Comunica\u00e7\u00e3o e Marketing do Sistema FIEAM<\/strong><\/p>\n<p>Tel: (92) 3186-6576 Fax: (92) 3186-6579<\/p>\n<p>E-mail: <a href=\"mailto:imprensa@fieam.org.br\">imprensa@fieam.org.br<\/a><\/p>\n<p>Portal: <a href=\"http:\/\/www.fieam.org.br\/\">http:\/\/www.fieam.org.br<\/a><\/p>\n<p><strong>Sistema FIEAM nas redes sociais<\/strong><\/p>\n<p><strong>FIEAM:<\/strong> <a href=\"https:\/\/www.facebook.com\/fieamoficial\">Facebook<\/a>| <a href=\"https:\/\/twitter.com\/fieam\">Twitter<\/a>| <a href=\"https:\/\/www.instagram.com\/sistemafieam\/\">Instagram<\/a>| <a href=\"https:\/\/www.youtube.com\/user\/FIEAM\">You Tube<\/a><\/p>\n<p><strong>SESI:<\/strong> <a href=\"https:\/\/www.facebook.com\/sesiamazonas\">Facebook<\/a>| <a href=\"https:\/\/twitter.com\/sesiamazonas\">Twitter<\/a>| <a href=\"https:\/\/www.instagram.com\/sistemafieam\/\">Instagram<\/a>| <a href=\"https:\/\/www.youtube.com\/user\/SESIAmazonas\">You Tube<\/a><\/p>\n<p><strong>SENAI:<\/strong> <a href=\"https:\/\/www.facebook.com\/senaiamazonas\">Facebook<\/a>| <a href=\"https:\/\/twitter.com\/senaiamazonas\">Twitter<\/a>| <a href=\"https:\/\/www.instagram.com\/sistemafieam\/\">Instagram<\/a>| <a href=\"https:\/\/www.youtube.com\/user\/SENAIAmazonas\">You Tube<\/a><\/p>\n<p><strong>IEL:<\/strong> <a href=\"https:\/\/www.facebook.com\/ielamazonas\">Facebook<\/a>| <a href=\"https:\/\/twitter.com\/ielamazonas\">Twitter<\/a>| <a href=\"https:\/\/www.instagram.com\/sistemafieam\/\">Instagram<\/a>| <a href=\"https:\/\/www.youtube.com\/user\/IELAmazonas\">You Tube<\/a><\/p>\n","protected":false},"excerpt":{"rendered":"<p>O Servi\u00e7o Nacional de Aprendizagem Industrial (SENAI Amazonas) inscreve para os cursos de Operador de empilhadeira, Dire\u00e7\u00e3o defensiva e Confeiteiro de doces na Escola SENAI de A\u00e7\u00f5es M\u00f3veis Comunit\u00e1rias, com in\u00edcio previsto para 4 de abril, e ainda para os cursos de Modista costureiro (dom\u00e9stico) e Modista costureiro lingerie, que ter\u00e1\u00a0 in\u00edcio no dia 18 [&hellip;]<\/p>\n","protected":false},"author":1,"featured_media":5815,"comment_status":"open","ping_status":"open","sticky":false,"template":"","format":"standard","meta":{"footnotes":""},"categories":[21],"tags":[],"class_list":["post-5814","post","type-post","status-publish","format-standard","has-post-thumbnail","hentry","category-news"],"yoast_head":"<!-- This site is optimized with the Yoast SEO plugin v26.8 - https:\/\/yoast.com\/product\/yoast-seo-wordpress\/ -->\n<title>SENAI abre 158 vagas para cursos de qualifica\u00e7\u00e3o - SENAI<\/title>\n<meta name=\"robots\" content=\"index, follow, max-snippet:-1, max-image-preview:large, max-video-preview:-1\" \/>\n<link rel=\"canonical\" href=\"https:\/\/fieam.org.br\/senai\/senai-abre-158-vagas-para-cursos-de-qualificacao\/\" \/>\n<meta property=\"og:locale\" content=\"pt_BR\" \/>\n<meta property=\"og:type\" content=\"article\" \/>\n<meta property=\"og:title\" content=\"SENAI abre 158 vagas para cursos de qualifica\u00e7\u00e3o - SENAI\" \/>\n<meta property=\"og:description\" content=\"O Servi\u00e7o Nacional de Aprendizagem Industrial (SENAI Amazonas) inscreve para os cursos de Operador de empilhadeira, Dire\u00e7\u00e3o defensiva e Confeiteiro de doces na Escola SENAI de A\u00e7\u00f5es M\u00f3veis Comunit\u00e1rias, com in\u00edcio previsto para 4 de abril, e ainda para os cursos de Modista costureiro (dom\u00e9stico) e Modista costureiro lingerie, que ter\u00e1\u00a0 in\u00edcio no dia 18 [&hellip;]\" \/>\n<meta property=\"og:url\" content=\"https:\/\/fieam.org.br\/senai\/senai-abre-158-vagas-para-cursos-de-qualificacao\/\" \/>\n<meta property=\"og:site_name\" content=\"SENAI\" \/>\n<meta property=\"article:published_time\" content=\"2016-04-01T13:43:29+00:00\" \/>\n<meta property=\"og:image\" content=\"https:\/\/fieam.org.br\/senai\/wp-content\/uploads\/sites\/16\/2016\/04\/Confeiteiro-de-doces-de-doces-e-salgados.jpg\" \/>\n\t<meta property=\"og:image:width\" content=\"1024\" \/>\n\t<meta property=\"og:image:height\" content=\"630\" \/>\n\t<meta property=\"og:image:type\" content=\"image\/jpeg\" \/>\n<meta name=\"author\" content=\"Autor\" \/>\n<meta name=\"twitter:card\" content=\"summary_large_image\" \/>\n<meta name=\"twitter:label1\" content=\"Escrito por\" \/>\n\t<meta name=\"twitter:data1\" content=\"Autor\" \/>\n\t<meta name=\"twitter:label2\" content=\"Est. tempo de leitura\" \/>\n\t<meta name=\"twitter:data2\" content=\"3 minutos\" \/>\n<script type=\"application\/ld+json\" class=\"yoast-schema-graph\">{\"@context\":\"https:\/\/schema.org\",\"@graph\":[{\"@type\":\"Article\",\"@id\":\"https:\/\/fieam.org.br\/senai\/senai-abre-158-vagas-para-cursos-de-qualificacao\/#article\",\"isPartOf\":{\"@id\":\"https:\/\/fieam.org.br\/senai\/senai-abre-158-vagas-para-cursos-de-qualificacao\/\"},\"author\":{\"name\":\"Autor\",\"@id\":\"https:\/\/fieam.org.br\/senai\/#\/schema\/person\/c1ceda8321521b291cee22da0a7d34be\"},\"headline\":\"SENAI abre 158 vagas para cursos de qualifica\u00e7\u00e3o\",\"datePublished\":\"2016-04-01T13:43:29+00:00\",\"mainEntityOfPage\":{\"@id\":\"https:\/\/fieam.org.br\/senai\/senai-abre-158-vagas-para-cursos-de-qualificacao\/\"},\"wordCount\":526,\"commentCount\":0,\"publisher\":{\"@id\":\"https:\/\/fieam.org.br\/senai\/#organization\"},\"image\":{\"@id\":\"https:\/\/fieam.org.br\/senai\/senai-abre-158-vagas-para-cursos-de-qualificacao\/#primaryimage\"},\"thumbnailUrl\":\"https:\/\/fieam.org.br\/senai\/wp-content\/uploads\/sites\/16\/2016\/04\/Confeiteiro-de-doces-de-doces-e-salgados.jpg\",\"articleSection\":[\"News\"],\"inLanguage\":\"pt-BR\",\"potentialAction\":[{\"@type\":\"CommentAction\",\"name\":\"Comment\",\"target\":[\"https:\/\/fieam.org.br\/senai\/senai-abre-158-vagas-para-cursos-de-qualificacao\/#respond\"]}]},{\"@type\":\"WebPage\",\"@id\":\"https:\/\/fieam.org.br\/senai\/senai-abre-158-vagas-para-cursos-de-qualificacao\/\",\"url\":\"https:\/\/fieam.org.br\/senai\/senai-abre-158-vagas-para-cursos-de-qualificacao\/\",\"name\":\"SENAI abre 158 vagas para cursos de qualifica\u00e7\u00e3o - SENAI\",\"isPartOf\":{\"@id\":\"https:\/\/fieam.org.br\/senai\/#website\"},\"primaryImageOfPage\":{\"@id\":\"https:\/\/fieam.org.br\/senai\/senai-abre-158-vagas-para-cursos-de-qualificacao\/#primaryimage\"},\"image\":{\"@id\":\"https:\/\/fieam.org.br\/senai\/senai-abre-158-vagas-para-cursos-de-qualificacao\/#primaryimage\"},\"thumbnailUrl\":\"https:\/\/fieam.org.br\/senai\/wp-content\/uploads\/sites\/16\/2016\/04\/Confeiteiro-de-doces-de-doces-e-salgados.jpg\",\"datePublished\":\"2016-04-01T13:43:29+00:00\",\"breadcrumb\":{\"@id\":\"https:\/\/fieam.org.br\/senai\/senai-abre-158-vagas-para-cursos-de-qualificacao\/#breadcrumb\"},\"inLanguage\":\"pt-BR\",\"potentialAction\":[{\"@type\":\"ReadAction\",\"target\":[\"https:\/\/fieam.org.br\/senai\/senai-abre-158-vagas-para-cursos-de-qualificacao\/\"]}]},{\"@type\":\"ImageObject\",\"inLanguage\":\"pt-BR\",\"@id\":\"https:\/\/fieam.org.br\/senai\/senai-abre-158-vagas-para-cursos-de-qualificacao\/#primaryimage\",\"url\":\"https:\/\/fieam.org.br\/senai\/wp-content\/uploads\/sites\/16\/2016\/04\/Confeiteiro-de-doces-de-doces-e-salgados.jpg\",\"contentUrl\":\"https:\/\/fieam.org.br\/senai\/wp-content\/uploads\/sites\/16\/2016\/04\/Confeiteiro-de-doces-de-doces-e-salgados.jpg\",\"width\":1024,\"height\":630},{\"@type\":\"BreadcrumbList\",\"@id\":\"https:\/\/fieam.org.br\/senai\/senai-abre-158-vagas-para-cursos-de-qualificacao\/#breadcrumb\",\"itemListElement\":[{\"@type\":\"ListItem\",\"position\":1,\"name\":\"In\u00edcio\",\"item\":\"https:\/\/fieam.org.br\/senai\/\"},{\"@type\":\"ListItem\",\"position\":2,\"name\":\"SENAI abre 158 vagas para cursos de qualifica\u00e7\u00e3o\"}]},{\"@type\":\"WebSite\",\"@id\":\"https:\/\/fieam.org.br\/senai\/#website\",\"url\":\"https:\/\/fieam.org.br\/senai\/\",\"name\":\"SENAI\",\"description\":\"Site Oficial!\",\"publisher\":{\"@id\":\"https:\/\/fieam.org.br\/senai\/#organization\"},\"potentialAction\":[{\"@type\":\"SearchAction\",\"target\":{\"@type\":\"EntryPoint\",\"urlTemplate\":\"https:\/\/fieam.org.br\/senai\/?s={search_term_string}\"},\"query-input\":{\"@type\":\"PropertyValueSpecification\",\"valueRequired\":true,\"valueName\":\"search_term_string\"}}],\"inLanguage\":\"pt-BR\"},{\"@type\":\"Organization\",\"@id\":\"https:\/\/fieam.org.br\/senai\/#organization\",\"name\":\"SENAI\",\"url\":\"https:\/\/fieam.org.br\/senai\/\",\"logo\":{\"@type\":\"ImageObject\",\"inLanguage\":\"pt-BR\",\"@id\":\"https:\/\/fieam.org.br\/senai\/#\/schema\/logo\/image\/\",\"url\":\"https:\/\/fieam.org.br\/senai\/wp-content\/uploads\/sites\/16\/2024\/03\/cropped-fav.png\",\"contentUrl\":\"https:\/\/fieam.org.br\/senai\/wp-content\/uploads\/sites\/16\/2024\/03\/cropped-fav.png\",\"width\":592,\"height\":577,\"caption\":\"SENAI\"},\"image\":{\"@id\":\"https:\/\/fieam.org.br\/senai\/#\/schema\/logo\/image\/\"}},{\"@type\":\"Person\",\"@id\":\"https:\/\/fieam.org.br\/senai\/#\/schema\/person\/c1ceda8321521b291cee22da0a7d34be\",\"name\":\"Autor\",\"image\":{\"@type\":\"ImageObject\",\"inLanguage\":\"pt-BR\",\"@id\":\"https:\/\/fieam.org.br\/senai\/#\/schema\/person\/image\/\",\"url\":\"https:\/\/secure.gravatar.com\/avatar\/3732c223e0e1fad69062a8f770955c9068d37b055204f310a0be18d4069fe380?s=96&d=mm&r=g\",\"contentUrl\":\"https:\/\/secure.gravatar.com\/avatar\/3732c223e0e1fad69062a8f770955c9068d37b055204f310a0be18d4069fe380?s=96&d=mm&r=g\",\"caption\":\"Autor\"},\"sameAs\":[\"https:\/\/marketingmassivo.com.br\"],\"url\":\"https:\/\/fieam.org.br\/senai\/author\/admin\/\"}]}<\/script>\n<!-- \/ Yoast SEO plugin. -->","yoast_head_json":{"title":"SENAI abre 158 vagas para cursos de qualifica\u00e7\u00e3o - SENAI","robots":{"index":"index","follow":"follow","max-snippet":"max-snippet:-1","max-image-preview":"max-image-preview:large","max-video-preview":"max-video-preview:-1"},"canonical":"https:\/\/fieam.org.br\/senai\/senai-abre-158-vagas-para-cursos-de-qualificacao\/","og_locale":"pt_BR","og_type":"article","og_title":"SENAI abre 158 vagas para cursos de qualifica\u00e7\u00e3o - SENAI","og_description":"O Servi\u00e7o Nacional de Aprendizagem Industrial (SENAI Amazonas) inscreve para os cursos de Operador de empilhadeira, Dire\u00e7\u00e3o defensiva e Confeiteiro de doces na Escola SENAI de A\u00e7\u00f5es M\u00f3veis Comunit\u00e1rias, com in\u00edcio previsto para 4 de abril, e ainda para os cursos de Modista costureiro (dom\u00e9stico) e Modista costureiro lingerie, que ter\u00e1\u00a0 in\u00edcio no dia 18 [&hellip;]","og_url":"https:\/\/fieam.org.br\/senai\/senai-abre-158-vagas-para-cursos-de-qualificacao\/","og_site_name":"SENAI","article_published_time":"2016-04-01T13:43:29+00:00","og_image":[{"width":1024,"height":630,"url":"https:\/\/fieam.org.br\/senai\/wp-content\/uploads\/sites\/16\/2016\/04\/Confeiteiro-de-doces-de-doces-e-salgados.jpg","type":"image\/jpeg"}],"author":"Autor","twitter_card":"summary_large_image","twitter_misc":{"Escrito por":"Autor","Est. tempo de leitura":"3 minutos"},"schema":{"@context":"https:\/\/schema.org","@graph":[{"@type":"Article","@id":"https:\/\/fieam.org.br\/senai\/senai-abre-158-vagas-para-cursos-de-qualificacao\/#article","isPartOf":{"@id":"https:\/\/fieam.org.br\/senai\/senai-abre-158-vagas-para-cursos-de-qualificacao\/"},"author":{"name":"Autor","@id":"https:\/\/fieam.org.br\/senai\/#\/schema\/person\/c1ceda8321521b291cee22da0a7d34be"},"headline":"SENAI abre 158 vagas para cursos de qualifica\u00e7\u00e3o","datePublished":"2016-04-01T13:43:29+00:00","mainEntityOfPage":{"@id":"https:\/\/fieam.org.br\/senai\/senai-abre-158-vagas-para-cursos-de-qualificacao\/"},"wordCount":526,"commentCount":0,"publisher":{"@id":"https:\/\/fieam.org.br\/senai\/#organization"},"image":{"@id":"https:\/\/fieam.org.br\/senai\/senai-abre-158-vagas-para-cursos-de-qualificacao\/#primaryimage"},"thumbnailUrl":"https:\/\/fieam.org.br\/senai\/wp-content\/uploads\/sites\/16\/2016\/04\/Confeiteiro-de-doces-de-doces-e-salgados.jpg","articleSection":["News"],"inLanguage":"pt-BR","potentialAction":[{"@type":"CommentAction","name":"Comment","target":["https:\/\/fieam.org.br\/senai\/senai-abre-158-vagas-para-cursos-de-qualificacao\/#respond"]}]},{"@type":"WebPage","@id":"https:\/\/fieam.org.br\/senai\/senai-abre-158-vagas-para-cursos-de-qualificacao\/","url":"https:\/\/fieam.org.br\/senai\/senai-abre-158-vagas-para-cursos-de-qualificacao\/","name":"SENAI abre 158 vagas para cursos de qualifica\u00e7\u00e3o - SENAI","isPartOf":{"@id":"https:\/\/fieam.org.br\/senai\/#website"},"primaryImageOfPage":{"@id":"https:\/\/fieam.org.br\/senai\/senai-abre-158-vagas-para-cursos-de-qualificacao\/#primaryimage"},"image":{"@id":"https:\/\/fieam.org.br\/senai\/senai-abre-158-vagas-para-cursos-de-qualificacao\/#primaryimage"},"thumbnailUrl":"https:\/\/fieam.org.br\/senai\/wp-content\/uploads\/sites\/16\/2016\/04\/Confeiteiro-de-doces-de-doces-e-salgados.jpg","datePublished":"2016-04-01T13:43:29+00:00","breadcrumb":{"@id":"https:\/\/fieam.org.br\/senai\/senai-abre-158-vagas-para-cursos-de-qualificacao\/#breadcrumb"},"inLanguage":"pt-BR","potentialAction":[{"@type":"ReadAction","target":["https:\/\/fieam.org.br\/senai\/senai-abre-158-vagas-para-cursos-de-qualificacao\/"]}]},{"@type":"ImageObject","inLanguage":"pt-BR","@id":"https:\/\/fieam.org.br\/senai\/senai-abre-158-vagas-para-cursos-de-qualificacao\/#primaryimage","url":"https:\/\/fieam.org.br\/senai\/wp-content\/uploads\/sites\/16\/2016\/04\/Confeiteiro-de-doces-de-doces-e-salgados.jpg","contentUrl":"https:\/\/fieam.org.br\/senai\/wp-content\/uploads\/sites\/16\/2016\/04\/Confeiteiro-de-doces-de-doces-e-salgados.jpg","width":1024,"height":630},{"@type":"BreadcrumbList","@id":"https:\/\/fieam.org.br\/senai\/senai-abre-158-vagas-para-cursos-de-qualificacao\/#breadcrumb","itemListElement":[{"@type":"ListItem","position":1,"name":"In\u00edcio","item":"https:\/\/fieam.org.br\/senai\/"},{"@type":"ListItem","position":2,"name":"SENAI abre 158 vagas para cursos de qualifica\u00e7\u00e3o"}]},{"@type":"WebSite","@id":"https:\/\/fieam.org.br\/senai\/#website","url":"https:\/\/fieam.org.br\/senai\/","name":"SENAI","description":"Site Oficial!","publisher":{"@id":"https:\/\/fieam.org.br\/senai\/#organization"},"potentialAction":[{"@type":"SearchAction","target":{"@type":"EntryPoint","urlTemplate":"https:\/\/fieam.org.br\/senai\/?s={search_term_string}"},"query-input":{"@type":"PropertyValueSpecification","valueRequired":true,"valueName":"search_term_string"}}],"inLanguage":"pt-BR"},{"@type":"Organization","@id":"https:\/\/fieam.org.br\/senai\/#organization","name":"SENAI","url":"https:\/\/fieam.org.br\/senai\/","logo":{"@type":"ImageObject","inLanguage":"pt-BR","@id":"https:\/\/fieam.org.br\/senai\/#\/schema\/logo\/image\/","url":"https:\/\/fieam.org.br\/senai\/wp-content\/uploads\/sites\/16\/2024\/03\/cropped-fav.png","contentUrl":"https:\/\/fieam.org.br\/senai\/wp-content\/uploads\/sites\/16\/2024\/03\/cropped-fav.png","width":592,"height":577,"caption":"SENAI"},"image":{"@id":"https:\/\/fieam.org.br\/senai\/#\/schema\/logo\/image\/"}},{"@type":"Person","@id":"https:\/\/fieam.org.br\/senai\/#\/schema\/person\/c1ceda8321521b291cee22da0a7d34be","name":"Autor","image":{"@type":"ImageObject","inLanguage":"pt-BR","@id":"https:\/\/fieam.org.br\/senai\/#\/schema\/person\/image\/","url":"https:\/\/secure.gravatar.com\/avatar\/3732c223e0e1fad69062a8f770955c9068d37b055204f310a0be18d4069fe380?s=96&d=mm&r=g","contentUrl":"https:\/\/secure.gravatar.com\/avatar\/3732c223e0e1fad69062a8f770955c9068d37b055204f310a0be18d4069fe380?s=96&d=mm&r=g","caption":"Autor"},"sameAs":["https:\/\/marketingmassivo.com.br"],"url":"https:\/\/fieam.org.br\/senai\/author\/admin\/"}]}},"_links":{"self":[{"href":"https:\/\/fieam.org.br\/senai\/wp-json\/wp\/v2\/posts\/5814","targetHints":{"allow":["GET"]}}],"collection":[{"href":"https:\/\/fieam.org.br\/senai\/wp-json\/wp\/v2\/posts"}],"about":[{"href":"https:\/\/fieam.org.br\/senai\/wp-json\/wp\/v2\/types\/post"}],"author":[{"embeddable":true,"href":"https:\/\/fieam.org.br\/senai\/wp-json\/wp\/v2\/users\/1"}],"replies":[{"embeddable":true,"href":"https:\/\/fieam.org.br\/senai\/wp-json\/wp\/v2\/comments?post=5814"}],"version-history":[{"count":0,"href":"https:\/\/fieam.org.br\/senai\/wp-json\/wp\/v2\/posts\/5814\/revisions"}],"wp:featuredmedia":[{"embeddable":true,"href":"https:\/\/fieam.org.br\/senai\/wp-json\/wp\/v2\/media\/5815"}],"wp:attachment":[{"href":"https:\/\/fieam.org.br\/senai\/wp-json\/wp\/v2\/media?parent=5814"}],"wp:term":[{"taxonomy":"category","embeddable":true,"href":"https:\/\/fieam.org.br\/senai\/wp-json\/wp\/v2\/categories?post=5814"},{"taxonomy":"post_tag","embeddable":true,"href":"https:\/\/fieam.org.br\/senai\/wp-json\/wp\/v2\/tags?post=5814"}],"curies":[{"name":"wp","href":"https:\/\/api.w.org\/{rel}","templated":true}]}}