{"id":5583,"date":"2016-01-07T21:04:07","date_gmt":"2016-01-07T21:04:07","guid":{"rendered":"http:\/\/www.fieam.org.br\/site\/senai\/?p=5567"},"modified":"2016-01-07T21:04:07","modified_gmt":"2016-01-07T21:04:07","slug":"vagas-abertas-para-cursos-no-senai","status":"publish","type":"post","link":"https:\/\/fieam.org.br\/senai\/vagas-abertas-para-cursos-no-senai\/","title":{"rendered":"Vagas abertas para cursos no SENAI"},"content":{"rendered":"<p><a href=\"http:\/\/www.fieam.org.br\/senai\" target=\"_blank\" rel=\"noreferrer noopener\">O Servi\u00e7o Nacional de Aprendizagem Industrial (SENAI Amazonas)<\/a>\u00a0est\u00e1 com matr\u00edculas abertas para tr\u00eas cursos profissionalizantes: Operador de Empilhadeira, Design de Vitrines (Vitrinismo) e Modelista Industrial em Tecido Plano, este gratuito e com in\u00edcio j\u00e1 em 18 de janeiro.<\/p>\n<p>Oferecido apenas no hor\u00e1rio de 13h \u00e0s 17h e com vagas limitadas, o curso de Modelista Industrial em Tecido Plano tem carga hor\u00e1ria de 160 horas. O interessado deve ter no m\u00ednimo 16 anos e ter completado o ensino fundamental.<\/p>\n<p>Tamb\u00e9m com in\u00edcio para o dia 18 de janeiro, o curso Design de Vitrinismo (Vitrinista) ser\u00e1 oferecido no hor\u00e1rio noturno, de 18h \u00e0s 22h. O candidato deve estar cursando no m\u00ednimo o 6\u00ba ano do ensino fundamental, e ter pelo menos 16 anos de idade. O curso completo tem um custo de R$ 300,00, que pode ser parcelado em at\u00e9 duas vezes.<\/p>\n<p>Para os interessados no curso de Operador de Empilhadeira, o SENAI oferece turmas pela manh\u00e3, de 7h30 \u00e0s 11h30, e \u00e0 tarde, de 13h \u00e0s 17h, essas duas turmas a um custo de R$ 259,00. No hor\u00e1rio noturno, de 18h \u00e0s 22 horas, o valor do curso \u00e9 de R$ 370,00. A carga hor\u00e1ria \u00e9 de 40 horas, e como requisito \u00fanico, o candidato precisa ser habilitado nas categorias B, C, D ou E. As turmas oferecidas come\u00e7am a funcionar em 25 de janeiro e 15 de fevereiro.<\/p>\n<p>Os tr\u00eas cursos s\u00e3o realizados pela Escola SENAI de A\u00e7\u00f5es M\u00f3veis e Comunit\u00e1rias, localizada na\u00a0Av. Rodrigo Ot\u00e1vio, 2394, Distrito Industrial. Mais informa\u00e7\u00f5es pelos n\u00fameros (92) 3182-9975 \/ 9976 e 9977, ou pelo e-mail<a title=\"mailto:corem.esas@am.senai.br\" href=\"mailto:corem.esas@am.senai.br\" rel=\"noreferrer\">corem.esamc@am.senai.br<\/a><span style=\"text-decoration: underline\">.<\/span><\/p>\n<p><span style=\"text-decoration: underline\">\u00a0<\/span><\/p>\n<p>&nbsp;<\/p>\n<p><b>ATENDIMENTO \u00c0 IMPRENSA<\/b><\/p>\n<p>&nbsp;<\/p>\n<p><b>Diretoria de Comunica\u00e7\u00e3o e Marketing do Sistema FIEAM<\/b><\/p>\n<p>Tel: (92) 3186-6576\u00a0 Fax: (92) 3186-6579<\/p>\n<p>E-mail:\u00a0<a href=\"mailto:imprensa@fieam.org.br\" rel=\"noreferrer\">imprensa@fieam.org.br<\/a><\/p>\n<p><a href=\"http:\/\/www.fieam.org.br\/\" target=\"_blank\" rel=\"noreferrer noopener\">http:\/\/www.fieam.org.br<\/a><\/p>\n<p>Twitter:\u00a0@fieam\u00a0@sesiamazonas\u00a0@senaiamazonas\u00a0@ielamazonas<\/p>\n","protected":false},"excerpt":{"rendered":"<p>O Servi\u00e7o Nacional de Aprendizagem Industrial (SENAI Amazonas)\u00a0est\u00e1 com matr\u00edculas abertas para tr\u00eas cursos profissionalizantes: Operador de Empilhadeira, Design de Vitrines (Vitrinismo) e Modelista Industrial em Tecido Plano, este gratuito e com in\u00edcio j\u00e1 em 18 de janeiro. Oferecido apenas no hor\u00e1rio de 13h \u00e0s 17h e com vagas limitadas, o curso de Modelista Industrial [&hellip;]<\/p>\n","protected":false},"author":1,"featured_media":5624,"comment_status":"open","ping_status":"open","sticky":false,"template":"","format":"standard","meta":{"footnotes":""},"categories":[21,22],"tags":[],"class_list":["post-5583","post","type-post","status-publish","format-standard","has-post-thumbnail","hentry","category-news","category-news_destaque"],"yoast_head":"<!-- This site is optimized with the Yoast SEO plugin v26.8 - https:\/\/yoast.com\/product\/yoast-seo-wordpress\/ -->\n<title>Vagas abertas para cursos no SENAI - SENAI<\/title>\n<meta name=\"robots\" content=\"index, follow, max-snippet:-1, max-image-preview:large, max-video-preview:-1\" \/>\n<link rel=\"canonical\" href=\"https:\/\/fieam.org.br\/senai\/vagas-abertas-para-cursos-no-senai\/\" \/>\n<meta property=\"og:locale\" content=\"pt_BR\" \/>\n<meta property=\"og:type\" content=\"article\" \/>\n<meta property=\"og:title\" content=\"Vagas abertas para cursos no SENAI - SENAI\" \/>\n<meta property=\"og:description\" content=\"O Servi\u00e7o Nacional de Aprendizagem Industrial (SENAI Amazonas)\u00a0est\u00e1 com matr\u00edculas abertas para tr\u00eas cursos profissionalizantes: Operador de Empilhadeira, Design de Vitrines (Vitrinismo) e Modelista Industrial em Tecido Plano, este gratuito e com in\u00edcio j\u00e1 em 18 de janeiro. Oferecido apenas no hor\u00e1rio de 13h \u00e0s 17h e com vagas limitadas, o curso de Modelista Industrial [&hellip;]\" \/>\n<meta property=\"og:url\" content=\"https:\/\/fieam.org.br\/senai\/vagas-abertas-para-cursos-no-senai\/\" \/>\n<meta property=\"og:site_name\" content=\"SENAI\" \/>\n<meta property=\"article:published_time\" content=\"2016-01-07T21:04:07+00:00\" \/>\n<meta property=\"og:image\" content=\"https:\/\/fieam.org.br\/senai\/wp-content\/uploads\/sites\/16\/2016\/01\/senai-construcao.jpg\" \/>\n\t<meta property=\"og:image:width\" content=\"600\" \/>\n\t<meta property=\"og:image:height\" content=\"398\" \/>\n\t<meta property=\"og:image:type\" content=\"image\/jpeg\" \/>\n<meta name=\"author\" content=\"Autor\" \/>\n<meta name=\"twitter:card\" content=\"summary_large_image\" \/>\n<meta name=\"twitter:label1\" content=\"Escrito por\" \/>\n\t<meta name=\"twitter:data1\" content=\"Autor\" \/>\n\t<meta name=\"twitter:label2\" content=\"Est. tempo de leitura\" \/>\n\t<meta name=\"twitter:data2\" content=\"2 minutos\" \/>\n<script type=\"application\/ld+json\" class=\"yoast-schema-graph\">{\"@context\":\"https:\/\/schema.org\",\"@graph\":[{\"@type\":\"Article\",\"@id\":\"https:\/\/fieam.org.br\/senai\/vagas-abertas-para-cursos-no-senai\/#article\",\"isPartOf\":{\"@id\":\"https:\/\/fieam.org.br\/senai\/vagas-abertas-para-cursos-no-senai\/\"},\"author\":{\"name\":\"Autor\",\"@id\":\"https:\/\/fieam.org.br\/senai\/#\/schema\/person\/c1ceda8321521b291cee22da0a7d34be\"},\"headline\":\"Vagas abertas para cursos no SENAI\",\"datePublished\":\"2016-01-07T21:04:07+00:00\",\"mainEntityOfPage\":{\"@id\":\"https:\/\/fieam.org.br\/senai\/vagas-abertas-para-cursos-no-senai\/\"},\"wordCount\":306,\"commentCount\":0,\"publisher\":{\"@id\":\"https:\/\/fieam.org.br\/senai\/#organization\"},\"image\":{\"@id\":\"https:\/\/fieam.org.br\/senai\/vagas-abertas-para-cursos-no-senai\/#primaryimage\"},\"thumbnailUrl\":\"https:\/\/fieam.org.br\/senai\/wp-content\/uploads\/sites\/16\/2016\/01\/senai-construcao.jpg\",\"articleSection\":[\"News\",\"News Destaques\"],\"inLanguage\":\"pt-BR\",\"potentialAction\":[{\"@type\":\"CommentAction\",\"name\":\"Comment\",\"target\":[\"https:\/\/fieam.org.br\/senai\/vagas-abertas-para-cursos-no-senai\/#respond\"]}]},{\"@type\":\"WebPage\",\"@id\":\"https:\/\/fieam.org.br\/senai\/vagas-abertas-para-cursos-no-senai\/\",\"url\":\"https:\/\/fieam.org.br\/senai\/vagas-abertas-para-cursos-no-senai\/\",\"name\":\"Vagas abertas para cursos no SENAI - SENAI\",\"isPartOf\":{\"@id\":\"https:\/\/fieam.org.br\/senai\/#website\"},\"primaryImageOfPage\":{\"@id\":\"https:\/\/fieam.org.br\/senai\/vagas-abertas-para-cursos-no-senai\/#primaryimage\"},\"image\":{\"@id\":\"https:\/\/fieam.org.br\/senai\/vagas-abertas-para-cursos-no-senai\/#primaryimage\"},\"thumbnailUrl\":\"https:\/\/fieam.org.br\/senai\/wp-content\/uploads\/sites\/16\/2016\/01\/senai-construcao.jpg\",\"datePublished\":\"2016-01-07T21:04:07+00:00\",\"breadcrumb\":{\"@id\":\"https:\/\/fieam.org.br\/senai\/vagas-abertas-para-cursos-no-senai\/#breadcrumb\"},\"inLanguage\":\"pt-BR\",\"potentialAction\":[{\"@type\":\"ReadAction\",\"target\":[\"https:\/\/fieam.org.br\/senai\/vagas-abertas-para-cursos-no-senai\/\"]}]},{\"@type\":\"ImageObject\",\"inLanguage\":\"pt-BR\",\"@id\":\"https:\/\/fieam.org.br\/senai\/vagas-abertas-para-cursos-no-senai\/#primaryimage\",\"url\":\"https:\/\/fieam.org.br\/senai\/wp-content\/uploads\/sites\/16\/2016\/01\/senai-construcao.jpg\",\"contentUrl\":\"https:\/\/fieam.org.br\/senai\/wp-content\/uploads\/sites\/16\/2016\/01\/senai-construcao.jpg\",\"width\":600,\"height\":398},{\"@type\":\"BreadcrumbList\",\"@id\":\"https:\/\/fieam.org.br\/senai\/vagas-abertas-para-cursos-no-senai\/#breadcrumb\",\"itemListElement\":[{\"@type\":\"ListItem\",\"position\":1,\"name\":\"In\u00edcio\",\"item\":\"https:\/\/fieam.org.br\/senai\/\"},{\"@type\":\"ListItem\",\"position\":2,\"name\":\"Vagas abertas para cursos no SENAI\"}]},{\"@type\":\"WebSite\",\"@id\":\"https:\/\/fieam.org.br\/senai\/#website\",\"url\":\"https:\/\/fieam.org.br\/senai\/\",\"name\":\"SENAI\",\"description\":\"Site Oficial!\",\"publisher\":{\"@id\":\"https:\/\/fieam.org.br\/senai\/#organization\"},\"potentialAction\":[{\"@type\":\"SearchAction\",\"target\":{\"@type\":\"EntryPoint\",\"urlTemplate\":\"https:\/\/fieam.org.br\/senai\/?s={search_term_string}\"},\"query-input\":{\"@type\":\"PropertyValueSpecification\",\"valueRequired\":true,\"valueName\":\"search_term_string\"}}],\"inLanguage\":\"pt-BR\"},{\"@type\":\"Organization\",\"@id\":\"https:\/\/fieam.org.br\/senai\/#organization\",\"name\":\"SENAI\",\"url\":\"https:\/\/fieam.org.br\/senai\/\",\"logo\":{\"@type\":\"ImageObject\",\"inLanguage\":\"pt-BR\",\"@id\":\"https:\/\/fieam.org.br\/senai\/#\/schema\/logo\/image\/\",\"url\":\"https:\/\/fieam.org.br\/senai\/wp-content\/uploads\/sites\/16\/2024\/03\/cropped-fav.png\",\"contentUrl\":\"https:\/\/fieam.org.br\/senai\/wp-content\/uploads\/sites\/16\/2024\/03\/cropped-fav.png\",\"width\":592,\"height\":577,\"caption\":\"SENAI\"},\"image\":{\"@id\":\"https:\/\/fieam.org.br\/senai\/#\/schema\/logo\/image\/\"}},{\"@type\":\"Person\",\"@id\":\"https:\/\/fieam.org.br\/senai\/#\/schema\/person\/c1ceda8321521b291cee22da0a7d34be\",\"name\":\"Autor\",\"image\":{\"@type\":\"ImageObject\",\"inLanguage\":\"pt-BR\",\"@id\":\"https:\/\/fieam.org.br\/senai\/#\/schema\/person\/image\/\",\"url\":\"https:\/\/secure.gravatar.com\/avatar\/3732c223e0e1fad69062a8f770955c9068d37b055204f310a0be18d4069fe380?s=96&d=mm&r=g\",\"contentUrl\":\"https:\/\/secure.gravatar.com\/avatar\/3732c223e0e1fad69062a8f770955c9068d37b055204f310a0be18d4069fe380?s=96&d=mm&r=g\",\"caption\":\"Autor\"},\"sameAs\":[\"https:\/\/marketingmassivo.com.br\"],\"url\":\"https:\/\/fieam.org.br\/senai\/author\/admin\/\"}]}<\/script>\n<!-- \/ Yoast SEO plugin. -->","yoast_head_json":{"title":"Vagas abertas para cursos no SENAI - SENAI","robots":{"index":"index","follow":"follow","max-snippet":"max-snippet:-1","max-image-preview":"max-image-preview:large","max-video-preview":"max-video-preview:-1"},"canonical":"https:\/\/fieam.org.br\/senai\/vagas-abertas-para-cursos-no-senai\/","og_locale":"pt_BR","og_type":"article","og_title":"Vagas abertas para cursos no SENAI - SENAI","og_description":"O Servi\u00e7o Nacional de Aprendizagem Industrial (SENAI Amazonas)\u00a0est\u00e1 com matr\u00edculas abertas para tr\u00eas cursos profissionalizantes: Operador de Empilhadeira, Design de Vitrines (Vitrinismo) e Modelista Industrial em Tecido Plano, este gratuito e com in\u00edcio j\u00e1 em 18 de janeiro. Oferecido apenas no hor\u00e1rio de 13h \u00e0s 17h e com vagas limitadas, o curso de Modelista Industrial [&hellip;]","og_url":"https:\/\/fieam.org.br\/senai\/vagas-abertas-para-cursos-no-senai\/","og_site_name":"SENAI","article_published_time":"2016-01-07T21:04:07+00:00","og_image":[{"width":600,"height":398,"url":"https:\/\/fieam.org.br\/senai\/wp-content\/uploads\/sites\/16\/2016\/01\/senai-construcao.jpg","type":"image\/jpeg"}],"author":"Autor","twitter_card":"summary_large_image","twitter_misc":{"Escrito por":"Autor","Est. tempo de leitura":"2 minutos"},"schema":{"@context":"https:\/\/schema.org","@graph":[{"@type":"Article","@id":"https:\/\/fieam.org.br\/senai\/vagas-abertas-para-cursos-no-senai\/#article","isPartOf":{"@id":"https:\/\/fieam.org.br\/senai\/vagas-abertas-para-cursos-no-senai\/"},"author":{"name":"Autor","@id":"https:\/\/fieam.org.br\/senai\/#\/schema\/person\/c1ceda8321521b291cee22da0a7d34be"},"headline":"Vagas abertas para cursos no SENAI","datePublished":"2016-01-07T21:04:07+00:00","mainEntityOfPage":{"@id":"https:\/\/fieam.org.br\/senai\/vagas-abertas-para-cursos-no-senai\/"},"wordCount":306,"commentCount":0,"publisher":{"@id":"https:\/\/fieam.org.br\/senai\/#organization"},"image":{"@id":"https:\/\/fieam.org.br\/senai\/vagas-abertas-para-cursos-no-senai\/#primaryimage"},"thumbnailUrl":"https:\/\/fieam.org.br\/senai\/wp-content\/uploads\/sites\/16\/2016\/01\/senai-construcao.jpg","articleSection":["News","News Destaques"],"inLanguage":"pt-BR","potentialAction":[{"@type":"CommentAction","name":"Comment","target":["https:\/\/fieam.org.br\/senai\/vagas-abertas-para-cursos-no-senai\/#respond"]}]},{"@type":"WebPage","@id":"https:\/\/fieam.org.br\/senai\/vagas-abertas-para-cursos-no-senai\/","url":"https:\/\/fieam.org.br\/senai\/vagas-abertas-para-cursos-no-senai\/","name":"Vagas abertas para cursos no SENAI - SENAI","isPartOf":{"@id":"https:\/\/fieam.org.br\/senai\/#website"},"primaryImageOfPage":{"@id":"https:\/\/fieam.org.br\/senai\/vagas-abertas-para-cursos-no-senai\/#primaryimage"},"image":{"@id":"https:\/\/fieam.org.br\/senai\/vagas-abertas-para-cursos-no-senai\/#primaryimage"},"thumbnailUrl":"https:\/\/fieam.org.br\/senai\/wp-content\/uploads\/sites\/16\/2016\/01\/senai-construcao.jpg","datePublished":"2016-01-07T21:04:07+00:00","breadcrumb":{"@id":"https:\/\/fieam.org.br\/senai\/vagas-abertas-para-cursos-no-senai\/#breadcrumb"},"inLanguage":"pt-BR","potentialAction":[{"@type":"ReadAction","target":["https:\/\/fieam.org.br\/senai\/vagas-abertas-para-cursos-no-senai\/"]}]},{"@type":"ImageObject","inLanguage":"pt-BR","@id":"https:\/\/fieam.org.br\/senai\/vagas-abertas-para-cursos-no-senai\/#primaryimage","url":"https:\/\/fieam.org.br\/senai\/wp-content\/uploads\/sites\/16\/2016\/01\/senai-construcao.jpg","contentUrl":"https:\/\/fieam.org.br\/senai\/wp-content\/uploads\/sites\/16\/2016\/01\/senai-construcao.jpg","width":600,"height":398},{"@type":"BreadcrumbList","@id":"https:\/\/fieam.org.br\/senai\/vagas-abertas-para-cursos-no-senai\/#breadcrumb","itemListElement":[{"@type":"ListItem","position":1,"name":"In\u00edcio","item":"https:\/\/fieam.org.br\/senai\/"},{"@type":"ListItem","position":2,"name":"Vagas abertas para cursos no SENAI"}]},{"@type":"WebSite","@id":"https:\/\/fieam.org.br\/senai\/#website","url":"https:\/\/fieam.org.br\/senai\/","name":"SENAI","description":"Site Oficial!","publisher":{"@id":"https:\/\/fieam.org.br\/senai\/#organization"},"potentialAction":[{"@type":"SearchAction","target":{"@type":"EntryPoint","urlTemplate":"https:\/\/fieam.org.br\/senai\/?s={search_term_string}"},"query-input":{"@type":"PropertyValueSpecification","valueRequired":true,"valueName":"search_term_string"}}],"inLanguage":"pt-BR"},{"@type":"Organization","@id":"https:\/\/fieam.org.br\/senai\/#organization","name":"SENAI","url":"https:\/\/fieam.org.br\/senai\/","logo":{"@type":"ImageObject","inLanguage":"pt-BR","@id":"https:\/\/fieam.org.br\/senai\/#\/schema\/logo\/image\/","url":"https:\/\/fieam.org.br\/senai\/wp-content\/uploads\/sites\/16\/2024\/03\/cropped-fav.png","contentUrl":"https:\/\/fieam.org.br\/senai\/wp-content\/uploads\/sites\/16\/2024\/03\/cropped-fav.png","width":592,"height":577,"caption":"SENAI"},"image":{"@id":"https:\/\/fieam.org.br\/senai\/#\/schema\/logo\/image\/"}},{"@type":"Person","@id":"https:\/\/fieam.org.br\/senai\/#\/schema\/person\/c1ceda8321521b291cee22da0a7d34be","name":"Autor","image":{"@type":"ImageObject","inLanguage":"pt-BR","@id":"https:\/\/fieam.org.br\/senai\/#\/schema\/person\/image\/","url":"https:\/\/secure.gravatar.com\/avatar\/3732c223e0e1fad69062a8f770955c9068d37b055204f310a0be18d4069fe380?s=96&d=mm&r=g","contentUrl":"https:\/\/secure.gravatar.com\/avatar\/3732c223e0e1fad69062a8f770955c9068d37b055204f310a0be18d4069fe380?s=96&d=mm&r=g","caption":"Autor"},"sameAs":["https:\/\/marketingmassivo.com.br"],"url":"https:\/\/fieam.org.br\/senai\/author\/admin\/"}]}},"_links":{"self":[{"href":"https:\/\/fieam.org.br\/senai\/wp-json\/wp\/v2\/posts\/5583","targetHints":{"allow":["GET"]}}],"collection":[{"href":"https:\/\/fieam.org.br\/senai\/wp-json\/wp\/v2\/posts"}],"about":[{"href":"https:\/\/fieam.org.br\/senai\/wp-json\/wp\/v2\/types\/post"}],"author":[{"embeddable":true,"href":"https:\/\/fieam.org.br\/senai\/wp-json\/wp\/v2\/users\/1"}],"replies":[{"embeddable":true,"href":"https:\/\/fieam.org.br\/senai\/wp-json\/wp\/v2\/comments?post=5583"}],"version-history":[{"count":0,"href":"https:\/\/fieam.org.br\/senai\/wp-json\/wp\/v2\/posts\/5583\/revisions"}],"wp:featuredmedia":[{"embeddable":true,"href":"https:\/\/fieam.org.br\/senai\/wp-json\/wp\/v2\/media\/5624"}],"wp:attachment":[{"href":"https:\/\/fieam.org.br\/senai\/wp-json\/wp\/v2\/media?parent=5583"}],"wp:term":[{"taxonomy":"category","embeddable":true,"href":"https:\/\/fieam.org.br\/senai\/wp-json\/wp\/v2\/categories?post=5583"},{"taxonomy":"post_tag","embeddable":true,"href":"https:\/\/fieam.org.br\/senai\/wp-json\/wp\/v2\/tags?post=5583"}],"curies":[{"name":"wp","href":"https:\/\/api.w.org\/{rel}","templated":true}]}}