{"id":5550,"date":"2015-12-04T21:32:46","date_gmt":"2015-12-04T21:32:46","guid":{"rendered":"http:\/\/www.fieam.org.br\/site\/senai\/?p=5550"},"modified":"2015-12-04T21:32:46","modified_gmt":"2015-12-04T21:32:46","slug":"comunicado-de-processo-seletivo-no-0081-2015","status":"publish","type":"post","link":"https:\/\/fieam.org.br\/senai\/comunicado-de-processo-seletivo-no-0081-2015\/","title":{"rendered":"ENCERRADO &#8211; COMUNICADO DE PROCESSO SELETIVO- N\u00ba 0081-2015"},"content":{"rendered":"<p>O Departamento de Gest\u00e3o de Pessoas do Sistema Federa\u00e7\u00e3o das Ind\u00fastrias do Estado do Amazonas (SESI e SENAI) abre inscri\u00e7\u00f5es para pessoas com defici\u00eancia interessados em participar do <b>processo seletivo<\/b> para 10 vagas ao cargo acima e forma\u00e7\u00e3o de cadastro reserva \u00a0para preenchimento de vagas na cidade de <b><span style=\"text-decoration: underline\">Manaus<\/span><\/b>.<\/p>\n<p>&nbsp;<\/p>\n<p><a href=\"http:\/\/www.fieam.org.br\/site\/senai\/files\/2015\/12\/COMUNICADO-DE-PROCESSO-SELETIVO-SESI-SENAI-PCD-Agente-Adm-20-11-2015-0081-2015.pdf\">Clique aqui para obter informa\u00e7\u00f5es pertinentes ao processo seletivo;<\/a><\/p>\n<p><a href=\"http:\/\/www.fieam.org.br\/site\/senai\/files\/2015\/12\/CONVOCA\u00c7\u00c3O-PARA-ENTREVISTA-T\u00c9CNICA-SESI-SENAI-Agente-Adm-PCD-N\u00ba-0081-2015-Lista-de-Selecionados.pdf\">\u00a0Convoca\u00e7\u00e3o para 2\u00aa ETAPA \u2013 Entrevista T\u00e9cnica;<\/a><\/p>\n<p><a href=\"http:\/\/www.fieam.org.br\/site\/senai\/files\/2015\/12\/Resultado-Final-Agente-Administrativo-PCD-SESI-E-SENAI-N\u00ba-0081-2015.pdf\">Resultado final.<\/a><\/p>\n","protected":false},"excerpt":{"rendered":"<p>O Departamento de Gest\u00e3o de Pessoas do Sistema Federa\u00e7\u00e3o das Ind\u00fastrias do Estado do Amazonas (SESI e SENAI) abre inscri\u00e7\u00f5es para pessoas com defici\u00eancia interessados em participar do processo seletivo para 10 vagas ao cargo acima e forma\u00e7\u00e3o de cadastro reserva \u00a0para preenchimento de vagas na cidade de Manaus. &nbsp; Clique aqui para obter informa\u00e7\u00f5es [&hellip;]<\/p>\n","protected":false},"author":1,"featured_media":5631,"comment_status":"open","ping_status":"open","sticky":false,"template":"","format":"standard","meta":{"footnotes":""},"categories":[24],"tags":[],"class_list":["post-5550","post","type-post","status-publish","format-standard","has-post-thumbnail","hentry","category-selecao"],"yoast_head":"<!-- This site is optimized with the Yoast SEO plugin v26.8 - https:\/\/yoast.com\/product\/yoast-seo-wordpress\/ -->\n<title>ENCERRADO - COMUNICADO DE PROCESSO SELETIVO- N\u00ba 0081-2015 - SENAI<\/title>\n<meta name=\"robots\" content=\"index, follow, max-snippet:-1, max-image-preview:large, max-video-preview:-1\" \/>\n<link rel=\"canonical\" href=\"https:\/\/fieam.org.br\/senai\/comunicado-de-processo-seletivo-no-0081-2015\/\" \/>\n<meta property=\"og:locale\" content=\"pt_BR\" \/>\n<meta property=\"og:type\" content=\"article\" \/>\n<meta property=\"og:title\" content=\"ENCERRADO - COMUNICADO DE PROCESSO SELETIVO- N\u00ba 0081-2015 - SENAI\" \/>\n<meta property=\"og:description\" content=\"O Departamento de Gest\u00e3o de Pessoas do Sistema Federa\u00e7\u00e3o das Ind\u00fastrias do Estado do Amazonas (SESI e SENAI) abre inscri\u00e7\u00f5es para pessoas com defici\u00eancia interessados em participar do processo seletivo para 10 vagas ao cargo acima e forma\u00e7\u00e3o de cadastro reserva \u00a0para preenchimento de vagas na cidade de Manaus. &nbsp; Clique aqui para obter informa\u00e7\u00f5es [&hellip;]\" \/>\n<meta property=\"og:url\" content=\"https:\/\/fieam.org.br\/senai\/comunicado-de-processo-seletivo-no-0081-2015\/\" \/>\n<meta property=\"og:site_name\" content=\"SENAI\" \/>\n<meta property=\"article:published_time\" content=\"2015-12-04T21:32:46+00:00\" \/>\n<meta property=\"og:image\" content=\"https:\/\/fieam.org.br\/senai\/wp-content\/uploads\/sites\/16\/2015\/12\/Processo-seletivo.jpg\" \/>\n\t<meta property=\"og:image:width\" content=\"800\" \/>\n\t<meta property=\"og:image:height\" content=\"600\" \/>\n\t<meta property=\"og:image:type\" content=\"image\/jpeg\" \/>\n<meta name=\"author\" content=\"Autor\" \/>\n<meta name=\"twitter:card\" content=\"summary_large_image\" \/>\n<meta name=\"twitter:label1\" content=\"Escrito por\" \/>\n\t<meta name=\"twitter:data1\" content=\"Autor\" \/>\n<script type=\"application\/ld+json\" class=\"yoast-schema-graph\">{\"@context\":\"https:\/\/schema.org\",\"@graph\":[{\"@type\":\"Article\",\"@id\":\"https:\/\/fieam.org.br\/senai\/comunicado-de-processo-seletivo-no-0081-2015\/#article\",\"isPartOf\":{\"@id\":\"https:\/\/fieam.org.br\/senai\/comunicado-de-processo-seletivo-no-0081-2015\/\"},\"author\":{\"name\":\"Autor\",\"@id\":\"https:\/\/fieam.org.br\/senai\/#\/schema\/person\/c1ceda8321521b291cee22da0a7d34be\"},\"headline\":\"ENCERRADO &#8211; COMUNICADO DE PROCESSO SELETIVO- N\u00ba 0081-2015\",\"datePublished\":\"2015-12-04T21:32:46+00:00\",\"mainEntityOfPage\":{\"@id\":\"https:\/\/fieam.org.br\/senai\/comunicado-de-processo-seletivo-no-0081-2015\/\"},\"wordCount\":82,\"commentCount\":0,\"publisher\":{\"@id\":\"https:\/\/fieam.org.br\/senai\/#organization\"},\"image\":{\"@id\":\"https:\/\/fieam.org.br\/senai\/comunicado-de-processo-seletivo-no-0081-2015\/#primaryimage\"},\"thumbnailUrl\":\"https:\/\/fieam.org.br\/senai\/wp-content\/uploads\/sites\/16\/2015\/12\/Processo-seletivo.jpg\",\"articleSection\":[\"selecao\"],\"inLanguage\":\"pt-BR\",\"potentialAction\":[{\"@type\":\"CommentAction\",\"name\":\"Comment\",\"target\":[\"https:\/\/fieam.org.br\/senai\/comunicado-de-processo-seletivo-no-0081-2015\/#respond\"]}]},{\"@type\":\"WebPage\",\"@id\":\"https:\/\/fieam.org.br\/senai\/comunicado-de-processo-seletivo-no-0081-2015\/\",\"url\":\"https:\/\/fieam.org.br\/senai\/comunicado-de-processo-seletivo-no-0081-2015\/\",\"name\":\"ENCERRADO - COMUNICADO DE PROCESSO SELETIVO- N\u00ba 0081-2015 - SENAI\",\"isPartOf\":{\"@id\":\"https:\/\/fieam.org.br\/senai\/#website\"},\"primaryImageOfPage\":{\"@id\":\"https:\/\/fieam.org.br\/senai\/comunicado-de-processo-seletivo-no-0081-2015\/#primaryimage\"},\"image\":{\"@id\":\"https:\/\/fieam.org.br\/senai\/comunicado-de-processo-seletivo-no-0081-2015\/#primaryimage\"},\"thumbnailUrl\":\"https:\/\/fieam.org.br\/senai\/wp-content\/uploads\/sites\/16\/2015\/12\/Processo-seletivo.jpg\",\"datePublished\":\"2015-12-04T21:32:46+00:00\",\"breadcrumb\":{\"@id\":\"https:\/\/fieam.org.br\/senai\/comunicado-de-processo-seletivo-no-0081-2015\/#breadcrumb\"},\"inLanguage\":\"pt-BR\",\"potentialAction\":[{\"@type\":\"ReadAction\",\"target\":[\"https:\/\/fieam.org.br\/senai\/comunicado-de-processo-seletivo-no-0081-2015\/\"]}]},{\"@type\":\"ImageObject\",\"inLanguage\":\"pt-BR\",\"@id\":\"https:\/\/fieam.org.br\/senai\/comunicado-de-processo-seletivo-no-0081-2015\/#primaryimage\",\"url\":\"https:\/\/fieam.org.br\/senai\/wp-content\/uploads\/sites\/16\/2015\/12\/Processo-seletivo.jpg\",\"contentUrl\":\"https:\/\/fieam.org.br\/senai\/wp-content\/uploads\/sites\/16\/2015\/12\/Processo-seletivo.jpg\",\"width\":800,\"height\":600},{\"@type\":\"BreadcrumbList\",\"@id\":\"https:\/\/fieam.org.br\/senai\/comunicado-de-processo-seletivo-no-0081-2015\/#breadcrumb\",\"itemListElement\":[{\"@type\":\"ListItem\",\"position\":1,\"name\":\"In\u00edcio\",\"item\":\"https:\/\/fieam.org.br\/senai\/\"},{\"@type\":\"ListItem\",\"position\":2,\"name\":\"ENCERRADO &#8211; COMUNICADO DE PROCESSO SELETIVO- N\u00ba 0081-2015\"}]},{\"@type\":\"WebSite\",\"@id\":\"https:\/\/fieam.org.br\/senai\/#website\",\"url\":\"https:\/\/fieam.org.br\/senai\/\",\"name\":\"SENAI\",\"description\":\"Site Oficial!\",\"publisher\":{\"@id\":\"https:\/\/fieam.org.br\/senai\/#organization\"},\"potentialAction\":[{\"@type\":\"SearchAction\",\"target\":{\"@type\":\"EntryPoint\",\"urlTemplate\":\"https:\/\/fieam.org.br\/senai\/?s={search_term_string}\"},\"query-input\":{\"@type\":\"PropertyValueSpecification\",\"valueRequired\":true,\"valueName\":\"search_term_string\"}}],\"inLanguage\":\"pt-BR\"},{\"@type\":\"Organization\",\"@id\":\"https:\/\/fieam.org.br\/senai\/#organization\",\"name\":\"SENAI\",\"url\":\"https:\/\/fieam.org.br\/senai\/\",\"logo\":{\"@type\":\"ImageObject\",\"inLanguage\":\"pt-BR\",\"@id\":\"https:\/\/fieam.org.br\/senai\/#\/schema\/logo\/image\/\",\"url\":\"https:\/\/fieam.org.br\/senai\/wp-content\/uploads\/sites\/16\/2024\/03\/cropped-fav.png\",\"contentUrl\":\"https:\/\/fieam.org.br\/senai\/wp-content\/uploads\/sites\/16\/2024\/03\/cropped-fav.png\",\"width\":592,\"height\":577,\"caption\":\"SENAI\"},\"image\":{\"@id\":\"https:\/\/fieam.org.br\/senai\/#\/schema\/logo\/image\/\"}},{\"@type\":\"Person\",\"@id\":\"https:\/\/fieam.org.br\/senai\/#\/schema\/person\/c1ceda8321521b291cee22da0a7d34be\",\"name\":\"Autor\",\"image\":{\"@type\":\"ImageObject\",\"inLanguage\":\"pt-BR\",\"@id\":\"https:\/\/fieam.org.br\/senai\/#\/schema\/person\/image\/\",\"url\":\"https:\/\/secure.gravatar.com\/avatar\/3732c223e0e1fad69062a8f770955c9068d37b055204f310a0be18d4069fe380?s=96&d=mm&r=g\",\"contentUrl\":\"https:\/\/secure.gravatar.com\/avatar\/3732c223e0e1fad69062a8f770955c9068d37b055204f310a0be18d4069fe380?s=96&d=mm&r=g\",\"caption\":\"Autor\"},\"sameAs\":[\"https:\/\/marketingmassivo.com.br\"],\"url\":\"https:\/\/fieam.org.br\/senai\/author\/admin\/\"}]}<\/script>\n<!-- \/ Yoast SEO plugin. -->","yoast_head_json":{"title":"ENCERRADO - COMUNICADO DE PROCESSO SELETIVO- N\u00ba 0081-2015 - SENAI","robots":{"index":"index","follow":"follow","max-snippet":"max-snippet:-1","max-image-preview":"max-image-preview:large","max-video-preview":"max-video-preview:-1"},"canonical":"https:\/\/fieam.org.br\/senai\/comunicado-de-processo-seletivo-no-0081-2015\/","og_locale":"pt_BR","og_type":"article","og_title":"ENCERRADO - COMUNICADO DE PROCESSO SELETIVO- N\u00ba 0081-2015 - SENAI","og_description":"O Departamento de Gest\u00e3o de Pessoas do Sistema Federa\u00e7\u00e3o das Ind\u00fastrias do Estado do Amazonas (SESI e SENAI) abre inscri\u00e7\u00f5es para pessoas com defici\u00eancia interessados em participar do processo seletivo para 10 vagas ao cargo acima e forma\u00e7\u00e3o de cadastro reserva \u00a0para preenchimento de vagas na cidade de Manaus. &nbsp; Clique aqui para obter informa\u00e7\u00f5es [&hellip;]","og_url":"https:\/\/fieam.org.br\/senai\/comunicado-de-processo-seletivo-no-0081-2015\/","og_site_name":"SENAI","article_published_time":"2015-12-04T21:32:46+00:00","og_image":[{"width":800,"height":600,"url":"https:\/\/fieam.org.br\/senai\/wp-content\/uploads\/sites\/16\/2015\/12\/Processo-seletivo.jpg","type":"image\/jpeg"}],"author":"Autor","twitter_card":"summary_large_image","twitter_misc":{"Escrito por":"Autor"},"schema":{"@context":"https:\/\/schema.org","@graph":[{"@type":"Article","@id":"https:\/\/fieam.org.br\/senai\/comunicado-de-processo-seletivo-no-0081-2015\/#article","isPartOf":{"@id":"https:\/\/fieam.org.br\/senai\/comunicado-de-processo-seletivo-no-0081-2015\/"},"author":{"name":"Autor","@id":"https:\/\/fieam.org.br\/senai\/#\/schema\/person\/c1ceda8321521b291cee22da0a7d34be"},"headline":"ENCERRADO &#8211; COMUNICADO DE PROCESSO SELETIVO- N\u00ba 0081-2015","datePublished":"2015-12-04T21:32:46+00:00","mainEntityOfPage":{"@id":"https:\/\/fieam.org.br\/senai\/comunicado-de-processo-seletivo-no-0081-2015\/"},"wordCount":82,"commentCount":0,"publisher":{"@id":"https:\/\/fieam.org.br\/senai\/#organization"},"image":{"@id":"https:\/\/fieam.org.br\/senai\/comunicado-de-processo-seletivo-no-0081-2015\/#primaryimage"},"thumbnailUrl":"https:\/\/fieam.org.br\/senai\/wp-content\/uploads\/sites\/16\/2015\/12\/Processo-seletivo.jpg","articleSection":["selecao"],"inLanguage":"pt-BR","potentialAction":[{"@type":"CommentAction","name":"Comment","target":["https:\/\/fieam.org.br\/senai\/comunicado-de-processo-seletivo-no-0081-2015\/#respond"]}]},{"@type":"WebPage","@id":"https:\/\/fieam.org.br\/senai\/comunicado-de-processo-seletivo-no-0081-2015\/","url":"https:\/\/fieam.org.br\/senai\/comunicado-de-processo-seletivo-no-0081-2015\/","name":"ENCERRADO - COMUNICADO DE PROCESSO SELETIVO- N\u00ba 0081-2015 - SENAI","isPartOf":{"@id":"https:\/\/fieam.org.br\/senai\/#website"},"primaryImageOfPage":{"@id":"https:\/\/fieam.org.br\/senai\/comunicado-de-processo-seletivo-no-0081-2015\/#primaryimage"},"image":{"@id":"https:\/\/fieam.org.br\/senai\/comunicado-de-processo-seletivo-no-0081-2015\/#primaryimage"},"thumbnailUrl":"https:\/\/fieam.org.br\/senai\/wp-content\/uploads\/sites\/16\/2015\/12\/Processo-seletivo.jpg","datePublished":"2015-12-04T21:32:46+00:00","breadcrumb":{"@id":"https:\/\/fieam.org.br\/senai\/comunicado-de-processo-seletivo-no-0081-2015\/#breadcrumb"},"inLanguage":"pt-BR","potentialAction":[{"@type":"ReadAction","target":["https:\/\/fieam.org.br\/senai\/comunicado-de-processo-seletivo-no-0081-2015\/"]}]},{"@type":"ImageObject","inLanguage":"pt-BR","@id":"https:\/\/fieam.org.br\/senai\/comunicado-de-processo-seletivo-no-0081-2015\/#primaryimage","url":"https:\/\/fieam.org.br\/senai\/wp-content\/uploads\/sites\/16\/2015\/12\/Processo-seletivo.jpg","contentUrl":"https:\/\/fieam.org.br\/senai\/wp-content\/uploads\/sites\/16\/2015\/12\/Processo-seletivo.jpg","width":800,"height":600},{"@type":"BreadcrumbList","@id":"https:\/\/fieam.org.br\/senai\/comunicado-de-processo-seletivo-no-0081-2015\/#breadcrumb","itemListElement":[{"@type":"ListItem","position":1,"name":"In\u00edcio","item":"https:\/\/fieam.org.br\/senai\/"},{"@type":"ListItem","position":2,"name":"ENCERRADO &#8211; COMUNICADO DE PROCESSO SELETIVO- N\u00ba 0081-2015"}]},{"@type":"WebSite","@id":"https:\/\/fieam.org.br\/senai\/#website","url":"https:\/\/fieam.org.br\/senai\/","name":"SENAI","description":"Site Oficial!","publisher":{"@id":"https:\/\/fieam.org.br\/senai\/#organization"},"potentialAction":[{"@type":"SearchAction","target":{"@type":"EntryPoint","urlTemplate":"https:\/\/fieam.org.br\/senai\/?s={search_term_string}"},"query-input":{"@type":"PropertyValueSpecification","valueRequired":true,"valueName":"search_term_string"}}],"inLanguage":"pt-BR"},{"@type":"Organization","@id":"https:\/\/fieam.org.br\/senai\/#organization","name":"SENAI","url":"https:\/\/fieam.org.br\/senai\/","logo":{"@type":"ImageObject","inLanguage":"pt-BR","@id":"https:\/\/fieam.org.br\/senai\/#\/schema\/logo\/image\/","url":"https:\/\/fieam.org.br\/senai\/wp-content\/uploads\/sites\/16\/2024\/03\/cropped-fav.png","contentUrl":"https:\/\/fieam.org.br\/senai\/wp-content\/uploads\/sites\/16\/2024\/03\/cropped-fav.png","width":592,"height":577,"caption":"SENAI"},"image":{"@id":"https:\/\/fieam.org.br\/senai\/#\/schema\/logo\/image\/"}},{"@type":"Person","@id":"https:\/\/fieam.org.br\/senai\/#\/schema\/person\/c1ceda8321521b291cee22da0a7d34be","name":"Autor","image":{"@type":"ImageObject","inLanguage":"pt-BR","@id":"https:\/\/fieam.org.br\/senai\/#\/schema\/person\/image\/","url":"https:\/\/secure.gravatar.com\/avatar\/3732c223e0e1fad69062a8f770955c9068d37b055204f310a0be18d4069fe380?s=96&d=mm&r=g","contentUrl":"https:\/\/secure.gravatar.com\/avatar\/3732c223e0e1fad69062a8f770955c9068d37b055204f310a0be18d4069fe380?s=96&d=mm&r=g","caption":"Autor"},"sameAs":["https:\/\/marketingmassivo.com.br"],"url":"https:\/\/fieam.org.br\/senai\/author\/admin\/"}]}},"_links":{"self":[{"href":"https:\/\/fieam.org.br\/senai\/wp-json\/wp\/v2\/posts\/5550","targetHints":{"allow":["GET"]}}],"collection":[{"href":"https:\/\/fieam.org.br\/senai\/wp-json\/wp\/v2\/posts"}],"about":[{"href":"https:\/\/fieam.org.br\/senai\/wp-json\/wp\/v2\/types\/post"}],"author":[{"embeddable":true,"href":"https:\/\/fieam.org.br\/senai\/wp-json\/wp\/v2\/users\/1"}],"replies":[{"embeddable":true,"href":"https:\/\/fieam.org.br\/senai\/wp-json\/wp\/v2\/comments?post=5550"}],"version-history":[{"count":0,"href":"https:\/\/fieam.org.br\/senai\/wp-json\/wp\/v2\/posts\/5550\/revisions"}],"wp:featuredmedia":[{"embeddable":true,"href":"https:\/\/fieam.org.br\/senai\/wp-json\/wp\/v2\/media\/5631"}],"wp:attachment":[{"href":"https:\/\/fieam.org.br\/senai\/wp-json\/wp\/v2\/media?parent=5550"}],"wp:term":[{"taxonomy":"category","embeddable":true,"href":"https:\/\/fieam.org.br\/senai\/wp-json\/wp\/v2\/categories?post=5550"},{"taxonomy":"post_tag","embeddable":true,"href":"https:\/\/fieam.org.br\/senai\/wp-json\/wp\/v2\/tags?post=5550"}],"curies":[{"name":"wp","href":"https:\/\/api.w.org\/{rel}","templated":true}]}}