{"id":4494,"date":"2014-12-02T19:40:36","date_gmt":"2014-12-02T19:40:36","guid":{"rendered":"http:\/\/www.fieam.org.br\/site\/senai\/?p=4494"},"modified":"2014-12-02T19:40:36","modified_gmt":"2014-12-02T19:40:36","slug":"tefe-recebe-as-primeiras-turmas-do-samauma-2","status":"publish","type":"post","link":"https:\/\/fieam.org.br\/senai\/tefe-recebe-as-primeiras-turmas-do-samauma-2\/","title":{"rendered":"Tef\u00e9 recebe as primeiras turmas do Sama\u00fama 2"},"content":{"rendered":"<p align=\"center\"><i>Aula inaugural da segunda unidade do Barco-Escola do SENAI Amazonas ocorrer\u00e1 no dia 11 de dezembro nesse munic\u00edpio<\/i><\/p>\n<p>&nbsp;<\/p>\n<p><img fetchpriority=\"high\" decoding=\"async\" class=\"alignleft size-medium wp-image-4495\" alt=\"DSC_3255\" src=\"http:\/\/www.fieam.org.br\/site\/senai\/files\/2014\/12\/DSC_3255-300x200.jpg\" width=\"300\" height=\"200\" \/><\/p>\n<p>O Barco-Escola\u00a0<a href=\"http:\/\/www.fieam.org.br\/site\/senai\/\" target=\"_blank\" rel=\"noopener\">SENAI<\/a>\u00a0Sama\u00fama 2 faz sua primeira viagem para disseminar a educa\u00e7\u00e3o profissional pelas cidades da Amaz\u00f4nia e aporta na pr\u00f3xima semana no munic\u00edpio de Tef\u00e9, a 525 quil\u00f4metros de Manaus. A aula inaugural e simb\u00f3lica dos mais de 20 cursos oferecidos ocorrer\u00e1 no pr\u00f3ximo dia 11.<\/p>\n<p>\u201cEscolhemos Tef\u00e9 por ter sido essa a primeira cidade a receber a excel\u00eancia do ensino do SENAI com a equipe do pioneiro barco-escola, o Sama\u00fama, em 1979. Al\u00ed, vamos dar in\u00edcio \u00e0s atividades da mais moderna unidade fluvial da Rede SENAI, o Sama\u00fama 2, com sua tripula\u00e7\u00e3o de instrutores preparados para dar oportunidade de melhoraria da qualidade de vida de popula\u00e7\u00f5es distantes das capitais da Regi\u00e3o Norte\u201d, disse o presidente da\u00a0<a href=\"http:\/\/www.fieam.org.br\/site\/fieam\/\" target=\"_blank\" rel=\"noopener\">Federa\u00e7\u00e3o das Ind\u00fastrias do Estado do Amazonas (FIEAM)<\/a>, Antonio Silva.<\/p>\n<p><a href=\"http:\/\/www.fieam.org.br\/site\/senai\/files\/2014\/12\/IMG_2246.jpg\"><img decoding=\"async\" class=\"alignright size-medium wp-image-4496\" alt=\"IMG_2246\" src=\"http:\/\/www.fieam.org.br\/site\/senai\/files\/2014\/12\/IMG_2246-300x200.jpg\" width=\"300\" height=\"200\" srcset=\"https:\/\/fieam.org.br\/senai\/wp-content\/uploads\/sites\/16\/2014\/12\/IMG_2246-300x200.jpg 300w, https:\/\/fieam.org.br\/senai\/wp-content\/uploads\/sites\/16\/2014\/12\/IMG_2246-768x512.jpg 768w, https:\/\/fieam.org.br\/senai\/wp-content\/uploads\/sites\/16\/2014\/12\/IMG_2246.jpg 996w\" sizes=\"(max-width: 300px) 100vw, 300px\" \/><\/a>Aos moradores de Tef\u00e9 ser\u00e1 oferecida uma programa\u00e7\u00e3o de mais de 20 cursos de inicia\u00e7\u00e3o, qualifica\u00e7\u00e3o e\u00a0aperfei\u00e7oamento profissional, em ocupa\u00e7\u00f5es nas \u00e1reas de alimentos, constru\u00e7\u00e3o civil, mec\u00e2nica, confec\u00e7\u00e3o do vestu\u00e1rio, tecnologia da informa\u00e7\u00e3o e empreendedorismo. Os cursos possuem carga hor\u00e1ria que varia de 20h a 204h, com dura\u00e7\u00e3o m\u00e1xima de dois meses, per\u00edodo em que o Sama\u00fama 2 permanecer\u00e1 no porto do munic\u00edpio.<\/p>\n<p>O Sama\u00fama 2 foi inaugurado oficialmente pela FIEAM e CNI (Confedera\u00e7\u00e3o Nacional da Ind\u00fastria), em fevereiro deste ano. Possui quatro salas de aula, sete laborat\u00f3rios e oficinas e capacidade para oferecer at\u00e9 34 cursos embarcados e desembarcados.<\/p>\n<p>&nbsp;<\/p>\n<p><b>Fotografias:<\/b>\u00a0Assessoria de Comunica\u00e7\u00e3o do Sistema FIEAM<\/p>\n","protected":false},"excerpt":{"rendered":"<p>Aula inaugural da segunda unidade do Barco-Escola do SENAI Amazonas ocorrer\u00e1 no dia 11 de dezembro nesse munic\u00edpio &nbsp; O Barco-Escola\u00a0SENAI\u00a0Sama\u00fama 2 faz sua primeira viagem para disseminar a educa\u00e7\u00e3o profissional pelas cidades da Amaz\u00f4nia e aporta na pr\u00f3xima semana no munic\u00edpio de Tef\u00e9, a 525 quil\u00f4metros de Manaus. A aula inaugural e simb\u00f3lica dos [&hellip;]<\/p>\n","protected":false},"author":1,"featured_media":0,"comment_status":"open","ping_status":"open","sticky":false,"template":"","format":"standard","meta":{"footnotes":""},"categories":[21,22],"tags":[],"class_list":["post-4494","post","type-post","status-publish","format-standard","hentry","category-news","category-news_destaque"],"yoast_head":"<!-- This site is optimized with the Yoast SEO plugin v26.8 - https:\/\/yoast.com\/product\/yoast-seo-wordpress\/ -->\n<title>Tef\u00e9 recebe as primeiras turmas do Sama\u00fama 2 - SENAI<\/title>\n<meta name=\"robots\" content=\"index, follow, max-snippet:-1, max-image-preview:large, max-video-preview:-1\" \/>\n<link rel=\"canonical\" href=\"https:\/\/fieam.org.br\/senai\/tefe-recebe-as-primeiras-turmas-do-samauma-2\/\" \/>\n<meta property=\"og:locale\" content=\"pt_BR\" \/>\n<meta property=\"og:type\" content=\"article\" \/>\n<meta property=\"og:title\" content=\"Tef\u00e9 recebe as primeiras turmas do Sama\u00fama 2 - SENAI\" \/>\n<meta property=\"og:description\" content=\"Aula inaugural da segunda unidade do Barco-Escola do SENAI Amazonas ocorrer\u00e1 no dia 11 de dezembro nesse munic\u00edpio &nbsp; O Barco-Escola\u00a0SENAI\u00a0Sama\u00fama 2 faz sua primeira viagem para disseminar a educa\u00e7\u00e3o profissional pelas cidades da Amaz\u00f4nia e aporta na pr\u00f3xima semana no munic\u00edpio de Tef\u00e9, a 525 quil\u00f4metros de Manaus. A aula inaugural e simb\u00f3lica dos [&hellip;]\" \/>\n<meta property=\"og:url\" content=\"https:\/\/fieam.org.br\/senai\/tefe-recebe-as-primeiras-turmas-do-samauma-2\/\" \/>\n<meta property=\"og:site_name\" content=\"SENAI\" \/>\n<meta property=\"article:published_time\" content=\"2014-12-02T19:40:36+00:00\" \/>\n<meta property=\"og:image\" content=\"https:\/\/fieam.org.br\/senai\/wp-content\/uploads\/sites\/16\/2014\/12\/DSC_3255.jpg\" \/>\n\t<meta property=\"og:image:width\" content=\"1024\" \/>\n\t<meta property=\"og:image:height\" content=\"685\" \/>\n\t<meta property=\"og:image:type\" content=\"image\/jpeg\" \/>\n<meta name=\"author\" content=\"Autor\" \/>\n<meta name=\"twitter:card\" content=\"summary_large_image\" \/>\n<meta name=\"twitter:label1\" content=\"Escrito por\" \/>\n\t<meta name=\"twitter:data1\" content=\"Autor\" \/>\n\t<meta name=\"twitter:label2\" content=\"Est. tempo de leitura\" \/>\n\t<meta name=\"twitter:data2\" content=\"1 minuto\" \/>\n<script type=\"application\/ld+json\" class=\"yoast-schema-graph\">{\"@context\":\"https:\/\/schema.org\",\"@graph\":[{\"@type\":\"Article\",\"@id\":\"https:\/\/fieam.org.br\/senai\/tefe-recebe-as-primeiras-turmas-do-samauma-2\/#article\",\"isPartOf\":{\"@id\":\"https:\/\/fieam.org.br\/senai\/tefe-recebe-as-primeiras-turmas-do-samauma-2\/\"},\"author\":{\"name\":\"Autor\",\"@id\":\"https:\/\/fieam.org.br\/senai\/#\/schema\/person\/c1ceda8321521b291cee22da0a7d34be\"},\"headline\":\"Tef\u00e9 recebe as primeiras turmas do Sama\u00fama 2\",\"datePublished\":\"2014-12-02T19:40:36+00:00\",\"mainEntityOfPage\":{\"@id\":\"https:\/\/fieam.org.br\/senai\/tefe-recebe-as-primeiras-turmas-do-samauma-2\/\"},\"wordCount\":293,\"commentCount\":0,\"publisher\":{\"@id\":\"https:\/\/fieam.org.br\/senai\/#organization\"},\"image\":{\"@id\":\"https:\/\/fieam.org.br\/senai\/tefe-recebe-as-primeiras-turmas-do-samauma-2\/#primaryimage\"},\"thumbnailUrl\":\"http:\/\/www.fieam.org.br\/site\/senai\/files\/2014\/12\/DSC_3255-300x200.jpg\",\"articleSection\":[\"News\",\"News Destaques\"],\"inLanguage\":\"pt-BR\",\"potentialAction\":[{\"@type\":\"CommentAction\",\"name\":\"Comment\",\"target\":[\"https:\/\/fieam.org.br\/senai\/tefe-recebe-as-primeiras-turmas-do-samauma-2\/#respond\"]}]},{\"@type\":\"WebPage\",\"@id\":\"https:\/\/fieam.org.br\/senai\/tefe-recebe-as-primeiras-turmas-do-samauma-2\/\",\"url\":\"https:\/\/fieam.org.br\/senai\/tefe-recebe-as-primeiras-turmas-do-samauma-2\/\",\"name\":\"Tef\u00e9 recebe as primeiras turmas do Sama\u00fama 2 - SENAI\",\"isPartOf\":{\"@id\":\"https:\/\/fieam.org.br\/senai\/#website\"},\"primaryImageOfPage\":{\"@id\":\"https:\/\/fieam.org.br\/senai\/tefe-recebe-as-primeiras-turmas-do-samauma-2\/#primaryimage\"},\"image\":{\"@id\":\"https:\/\/fieam.org.br\/senai\/tefe-recebe-as-primeiras-turmas-do-samauma-2\/#primaryimage\"},\"thumbnailUrl\":\"http:\/\/www.fieam.org.br\/site\/senai\/files\/2014\/12\/DSC_3255-300x200.jpg\",\"datePublished\":\"2014-12-02T19:40:36+00:00\",\"breadcrumb\":{\"@id\":\"https:\/\/fieam.org.br\/senai\/tefe-recebe-as-primeiras-turmas-do-samauma-2\/#breadcrumb\"},\"inLanguage\":\"pt-BR\",\"potentialAction\":[{\"@type\":\"ReadAction\",\"target\":[\"https:\/\/fieam.org.br\/senai\/tefe-recebe-as-primeiras-turmas-do-samauma-2\/\"]}]},{\"@type\":\"ImageObject\",\"inLanguage\":\"pt-BR\",\"@id\":\"https:\/\/fieam.org.br\/senai\/tefe-recebe-as-primeiras-turmas-do-samauma-2\/#primaryimage\",\"url\":\"http:\/\/www.fieam.org.br\/site\/senai\/files\/2014\/12\/DSC_3255-300x200.jpg\",\"contentUrl\":\"http:\/\/www.fieam.org.br\/site\/senai\/files\/2014\/12\/DSC_3255-300x200.jpg\"},{\"@type\":\"BreadcrumbList\",\"@id\":\"https:\/\/fieam.org.br\/senai\/tefe-recebe-as-primeiras-turmas-do-samauma-2\/#breadcrumb\",\"itemListElement\":[{\"@type\":\"ListItem\",\"position\":1,\"name\":\"In\u00edcio\",\"item\":\"https:\/\/fieam.org.br\/senai\/\"},{\"@type\":\"ListItem\",\"position\":2,\"name\":\"Tef\u00e9 recebe as primeiras turmas do Sama\u00fama 2\"}]},{\"@type\":\"WebSite\",\"@id\":\"https:\/\/fieam.org.br\/senai\/#website\",\"url\":\"https:\/\/fieam.org.br\/senai\/\",\"name\":\"SENAI\",\"description\":\"Site Oficial!\",\"publisher\":{\"@id\":\"https:\/\/fieam.org.br\/senai\/#organization\"},\"potentialAction\":[{\"@type\":\"SearchAction\",\"target\":{\"@type\":\"EntryPoint\",\"urlTemplate\":\"https:\/\/fieam.org.br\/senai\/?s={search_term_string}\"},\"query-input\":{\"@type\":\"PropertyValueSpecification\",\"valueRequired\":true,\"valueName\":\"search_term_string\"}}],\"inLanguage\":\"pt-BR\"},{\"@type\":\"Organization\",\"@id\":\"https:\/\/fieam.org.br\/senai\/#organization\",\"name\":\"SENAI\",\"url\":\"https:\/\/fieam.org.br\/senai\/\",\"logo\":{\"@type\":\"ImageObject\",\"inLanguage\":\"pt-BR\",\"@id\":\"https:\/\/fieam.org.br\/senai\/#\/schema\/logo\/image\/\",\"url\":\"https:\/\/fieam.org.br\/senai\/wp-content\/uploads\/sites\/16\/2024\/03\/cropped-fav.png\",\"contentUrl\":\"https:\/\/fieam.org.br\/senai\/wp-content\/uploads\/sites\/16\/2024\/03\/cropped-fav.png\",\"width\":592,\"height\":577,\"caption\":\"SENAI\"},\"image\":{\"@id\":\"https:\/\/fieam.org.br\/senai\/#\/schema\/logo\/image\/\"}},{\"@type\":\"Person\",\"@id\":\"https:\/\/fieam.org.br\/senai\/#\/schema\/person\/c1ceda8321521b291cee22da0a7d34be\",\"name\":\"Autor\",\"image\":{\"@type\":\"ImageObject\",\"inLanguage\":\"pt-BR\",\"@id\":\"https:\/\/fieam.org.br\/senai\/#\/schema\/person\/image\/\",\"url\":\"https:\/\/secure.gravatar.com\/avatar\/3732c223e0e1fad69062a8f770955c9068d37b055204f310a0be18d4069fe380?s=96&d=mm&r=g\",\"contentUrl\":\"https:\/\/secure.gravatar.com\/avatar\/3732c223e0e1fad69062a8f770955c9068d37b055204f310a0be18d4069fe380?s=96&d=mm&r=g\",\"caption\":\"Autor\"},\"sameAs\":[\"https:\/\/marketingmassivo.com.br\"],\"url\":\"https:\/\/fieam.org.br\/senai\/author\/admin\/\"}]}<\/script>\n<!-- \/ Yoast SEO plugin. -->","yoast_head_json":{"title":"Tef\u00e9 recebe as primeiras turmas do Sama\u00fama 2 - SENAI","robots":{"index":"index","follow":"follow","max-snippet":"max-snippet:-1","max-image-preview":"max-image-preview:large","max-video-preview":"max-video-preview:-1"},"canonical":"https:\/\/fieam.org.br\/senai\/tefe-recebe-as-primeiras-turmas-do-samauma-2\/","og_locale":"pt_BR","og_type":"article","og_title":"Tef\u00e9 recebe as primeiras turmas do Sama\u00fama 2 - SENAI","og_description":"Aula inaugural da segunda unidade do Barco-Escola do SENAI Amazonas ocorrer\u00e1 no dia 11 de dezembro nesse munic\u00edpio &nbsp; O Barco-Escola\u00a0SENAI\u00a0Sama\u00fama 2 faz sua primeira viagem para disseminar a educa\u00e7\u00e3o profissional pelas cidades da Amaz\u00f4nia e aporta na pr\u00f3xima semana no munic\u00edpio de Tef\u00e9, a 525 quil\u00f4metros de Manaus. A aula inaugural e simb\u00f3lica dos [&hellip;]","og_url":"https:\/\/fieam.org.br\/senai\/tefe-recebe-as-primeiras-turmas-do-samauma-2\/","og_site_name":"SENAI","article_published_time":"2014-12-02T19:40:36+00:00","og_image":[{"width":1024,"height":685,"url":"https:\/\/fieam.org.br\/senai\/wp-content\/uploads\/sites\/16\/2014\/12\/DSC_3255.jpg","type":"image\/jpeg"}],"author":"Autor","twitter_card":"summary_large_image","twitter_misc":{"Escrito por":"Autor","Est. tempo de leitura":"1 minuto"},"schema":{"@context":"https:\/\/schema.org","@graph":[{"@type":"Article","@id":"https:\/\/fieam.org.br\/senai\/tefe-recebe-as-primeiras-turmas-do-samauma-2\/#article","isPartOf":{"@id":"https:\/\/fieam.org.br\/senai\/tefe-recebe-as-primeiras-turmas-do-samauma-2\/"},"author":{"name":"Autor","@id":"https:\/\/fieam.org.br\/senai\/#\/schema\/person\/c1ceda8321521b291cee22da0a7d34be"},"headline":"Tef\u00e9 recebe as primeiras turmas do Sama\u00fama 2","datePublished":"2014-12-02T19:40:36+00:00","mainEntityOfPage":{"@id":"https:\/\/fieam.org.br\/senai\/tefe-recebe-as-primeiras-turmas-do-samauma-2\/"},"wordCount":293,"commentCount":0,"publisher":{"@id":"https:\/\/fieam.org.br\/senai\/#organization"},"image":{"@id":"https:\/\/fieam.org.br\/senai\/tefe-recebe-as-primeiras-turmas-do-samauma-2\/#primaryimage"},"thumbnailUrl":"http:\/\/www.fieam.org.br\/site\/senai\/files\/2014\/12\/DSC_3255-300x200.jpg","articleSection":["News","News Destaques"],"inLanguage":"pt-BR","potentialAction":[{"@type":"CommentAction","name":"Comment","target":["https:\/\/fieam.org.br\/senai\/tefe-recebe-as-primeiras-turmas-do-samauma-2\/#respond"]}]},{"@type":"WebPage","@id":"https:\/\/fieam.org.br\/senai\/tefe-recebe-as-primeiras-turmas-do-samauma-2\/","url":"https:\/\/fieam.org.br\/senai\/tefe-recebe-as-primeiras-turmas-do-samauma-2\/","name":"Tef\u00e9 recebe as primeiras turmas do Sama\u00fama 2 - SENAI","isPartOf":{"@id":"https:\/\/fieam.org.br\/senai\/#website"},"primaryImageOfPage":{"@id":"https:\/\/fieam.org.br\/senai\/tefe-recebe-as-primeiras-turmas-do-samauma-2\/#primaryimage"},"image":{"@id":"https:\/\/fieam.org.br\/senai\/tefe-recebe-as-primeiras-turmas-do-samauma-2\/#primaryimage"},"thumbnailUrl":"http:\/\/www.fieam.org.br\/site\/senai\/files\/2014\/12\/DSC_3255-300x200.jpg","datePublished":"2014-12-02T19:40:36+00:00","breadcrumb":{"@id":"https:\/\/fieam.org.br\/senai\/tefe-recebe-as-primeiras-turmas-do-samauma-2\/#breadcrumb"},"inLanguage":"pt-BR","potentialAction":[{"@type":"ReadAction","target":["https:\/\/fieam.org.br\/senai\/tefe-recebe-as-primeiras-turmas-do-samauma-2\/"]}]},{"@type":"ImageObject","inLanguage":"pt-BR","@id":"https:\/\/fieam.org.br\/senai\/tefe-recebe-as-primeiras-turmas-do-samauma-2\/#primaryimage","url":"http:\/\/www.fieam.org.br\/site\/senai\/files\/2014\/12\/DSC_3255-300x200.jpg","contentUrl":"http:\/\/www.fieam.org.br\/site\/senai\/files\/2014\/12\/DSC_3255-300x200.jpg"},{"@type":"BreadcrumbList","@id":"https:\/\/fieam.org.br\/senai\/tefe-recebe-as-primeiras-turmas-do-samauma-2\/#breadcrumb","itemListElement":[{"@type":"ListItem","position":1,"name":"In\u00edcio","item":"https:\/\/fieam.org.br\/senai\/"},{"@type":"ListItem","position":2,"name":"Tef\u00e9 recebe as primeiras turmas do Sama\u00fama 2"}]},{"@type":"WebSite","@id":"https:\/\/fieam.org.br\/senai\/#website","url":"https:\/\/fieam.org.br\/senai\/","name":"SENAI","description":"Site Oficial!","publisher":{"@id":"https:\/\/fieam.org.br\/senai\/#organization"},"potentialAction":[{"@type":"SearchAction","target":{"@type":"EntryPoint","urlTemplate":"https:\/\/fieam.org.br\/senai\/?s={search_term_string}"},"query-input":{"@type":"PropertyValueSpecification","valueRequired":true,"valueName":"search_term_string"}}],"inLanguage":"pt-BR"},{"@type":"Organization","@id":"https:\/\/fieam.org.br\/senai\/#organization","name":"SENAI","url":"https:\/\/fieam.org.br\/senai\/","logo":{"@type":"ImageObject","inLanguage":"pt-BR","@id":"https:\/\/fieam.org.br\/senai\/#\/schema\/logo\/image\/","url":"https:\/\/fieam.org.br\/senai\/wp-content\/uploads\/sites\/16\/2024\/03\/cropped-fav.png","contentUrl":"https:\/\/fieam.org.br\/senai\/wp-content\/uploads\/sites\/16\/2024\/03\/cropped-fav.png","width":592,"height":577,"caption":"SENAI"},"image":{"@id":"https:\/\/fieam.org.br\/senai\/#\/schema\/logo\/image\/"}},{"@type":"Person","@id":"https:\/\/fieam.org.br\/senai\/#\/schema\/person\/c1ceda8321521b291cee22da0a7d34be","name":"Autor","image":{"@type":"ImageObject","inLanguage":"pt-BR","@id":"https:\/\/fieam.org.br\/senai\/#\/schema\/person\/image\/","url":"https:\/\/secure.gravatar.com\/avatar\/3732c223e0e1fad69062a8f770955c9068d37b055204f310a0be18d4069fe380?s=96&d=mm&r=g","contentUrl":"https:\/\/secure.gravatar.com\/avatar\/3732c223e0e1fad69062a8f770955c9068d37b055204f310a0be18d4069fe380?s=96&d=mm&r=g","caption":"Autor"},"sameAs":["https:\/\/marketingmassivo.com.br"],"url":"https:\/\/fieam.org.br\/senai\/author\/admin\/"}]}},"_links":{"self":[{"href":"https:\/\/fieam.org.br\/senai\/wp-json\/wp\/v2\/posts\/4494","targetHints":{"allow":["GET"]}}],"collection":[{"href":"https:\/\/fieam.org.br\/senai\/wp-json\/wp\/v2\/posts"}],"about":[{"href":"https:\/\/fieam.org.br\/senai\/wp-json\/wp\/v2\/types\/post"}],"author":[{"embeddable":true,"href":"https:\/\/fieam.org.br\/senai\/wp-json\/wp\/v2\/users\/1"}],"replies":[{"embeddable":true,"href":"https:\/\/fieam.org.br\/senai\/wp-json\/wp\/v2\/comments?post=4494"}],"version-history":[{"count":0,"href":"https:\/\/fieam.org.br\/senai\/wp-json\/wp\/v2\/posts\/4494\/revisions"}],"wp:attachment":[{"href":"https:\/\/fieam.org.br\/senai\/wp-json\/wp\/v2\/media?parent=4494"}],"wp:term":[{"taxonomy":"category","embeddable":true,"href":"https:\/\/fieam.org.br\/senai\/wp-json\/wp\/v2\/categories?post=4494"},{"taxonomy":"post_tag","embeddable":true,"href":"https:\/\/fieam.org.br\/senai\/wp-json\/wp\/v2\/tags?post=4494"}],"curies":[{"name":"wp","href":"https:\/\/api.w.org\/{rel}","templated":true}]}}