{"id":4417,"date":"2014-11-18T11:33:35","date_gmt":"2014-11-18T11:33:35","guid":{"rendered":"http:\/\/www.fieam.org.br\/site\/senai\/?p=4417"},"modified":"2014-11-18T11:33:35","modified_gmt":"2014-11-18T11:33:35","slug":"mundo-senai-e-o-senai-de-portas-abertas","status":"publish","type":"post","link":"https:\/\/fieam.org.br\/senai\/mundo-senai-e-o-senai-de-portas-abertas\/","title":{"rendered":"\u2018Mundo SENAI\u2019 \u00e9 o SENAI de portas abertas"},"content":{"rendered":"<p align=\"center\"><i>Institui\u00e7\u00e3o abre as portas de cinco unidades de ensino profissional no Estado \u00e0 visita\u00e7\u00e3o p\u00fablica<\/i><\/p>\n<p><b>\u00a0<\/b><\/p>\n<p><a href=\"http:\/\/www.fieam.org.br\/site\/senai\/\" target=\"_blank\" rel=\"noopener\"><a href=\"http:\/\/www.fieam.org.br\/site\/senai\/files\/2014\/11\/FLYER_Mundo-SENAI-AM1.jpg\"><img fetchpriority=\"high\" decoding=\"async\" class=\"alignleft  wp-image-4418\" alt=\"FLYER_Mundo SENAI AM\" src=\"http:\/\/www.fieam.org.br\/site\/senai\/files\/2014\/11\/FLYER_Mundo-SENAI-AM1.jpg\" width=\"221\" height=\"312\" srcset=\"https:\/\/fieam.org.br\/senai\/wp-content\/uploads\/sites\/16\/2014\/11\/FLYER_Mundo-SENAI-AM1.jpg 876w, https:\/\/fieam.org.br\/senai\/wp-content\/uploads\/sites\/16\/2014\/11\/FLYER_Mundo-SENAI-AM1-212x300.jpg 212w, https:\/\/fieam.org.br\/senai\/wp-content\/uploads\/sites\/16\/2014\/11\/FLYER_Mundo-SENAI-AM1-725x1024.jpg 725w, https:\/\/fieam.org.br\/senai\/wp-content\/uploads\/sites\/16\/2014\/11\/FLYER_Mundo-SENAI-AM1-768x1085.jpg 768w\" sizes=\"(max-width: 221px) 100vw, 221px\" \/><\/a>O Servi\u00e7o Nacional de Aprendizagem Industrial (SENAI Amazonas)<\/a>\u00a0 abre as portas de suas escolas, laborat\u00f3rios e centros de treinamento, no Estado, para visita\u00e7\u00e3o da comunidade, alunos, parceiros e empres\u00e1rios da ind\u00fastria. A programa\u00e7\u00e3o acontece nesta quarta-feira, 19, das 8h30 \u00e0s 17h, nas cinco unidades de Manaus, localizadas no Distrito Industrial, Cachoeirinha e Alvorada I, na escola do munic\u00edpio de Parintins, e no barco-escola Sama\u00fama, ancorado em Macap\u00e1 (AP).<\/p>\n<p>A proposta do Mundo SENAI \u00e9 apresentar gratuitamente ao visitante uma vis\u00e3o ampla das a\u00e7\u00f5es realizadas pela institui\u00e7\u00e3o em educa\u00e7\u00e3o profissional, inova\u00e7\u00e3o e servi\u00e7os t\u00e9cnicos e tecnol\u00f3gicos. Para o jovem, a iniciativa apresenta o universo industrial, as demandas atuais e futuras do mercado de trabalho, e assim, proporciona mais seguran\u00e7a para sua escolha da carreira profissional. As visita\u00e7\u00f5es tamb\u00e9m s\u00e3o dirigidas aos industri\u00e1rios e empres\u00e1rios, objetivando maior aproxima\u00e7\u00e3o entre escola e ind\u00fastria.<\/p>\n<p>O evento que ocorre nos 27 Departamentos Regionais do SENAI, cria a oportunidade para que brasileiros e toda a sociedade conhe\u00e7am de perto o que a institui\u00e7\u00e3o tem de novidade em tecnologia e nos cursos de qualifica\u00e7\u00e3o profissional. A programa\u00e7\u00e3o proporciona a descoberta de novos conhecimentos relacionados ao setor produtivo industrial com a visita\u00e7\u00e3o de laborat\u00f3rios e espa\u00e7os do SENAI que simulam o dia a dia dentro de uma f\u00e1brica, na execu\u00e7\u00e3o das mais diversas atividades industriais.<\/p>\n<p>Dentre as atra\u00e7\u00f5es programadas nas escolas SENAI do Amazonas est\u00e3o os servi\u00e7os de orienta\u00e7\u00e3o profissional, minicursos diversos nas \u00e1reas de confec\u00e7\u00e3o, soldagem, panifica\u00e7\u00e3o, entre outras, palestras educativas que v\u00e3o de informa\u00e7\u00f5es sobre o mercado de trabalho \u00e0 responsabilidade com o meio ambiente.<\/p>\n<p>Para participar do Mundo SENAI basta escolher a unidade do SENAI mais pr\u00f3xima e entrar nesse universo de conhecimento. Cada escola da institui\u00e7\u00e3o possui \u00e1reas de atua\u00e7\u00e3o espec\u00edfica seja na dissemina\u00e7\u00e3o do ensino profissional, seja no atendimento \u00e0 ind\u00fastria com solu\u00e7\u00f5es t\u00e9cnicas e inovadoras. Mais informa\u00e7\u00f5es e a programa\u00e7\u00e3o completa podem ser acessadas no site\u00a0<a href=\"mailto:mundosenai@am.senai.br\" target=\"_blank\" rel=\"noopener\">mundosenai@am.senai.br<\/a><\/p>\n<p>&nbsp;<\/p>\n<p><b>\u00a0<\/b><\/p>\n<p><b>Veja algumas a\u00e7\u00f5es confirmadas do Mundo SENAI 2014:<\/b><\/p>\n<p><b>\u00a0<\/b><\/p>\n<p><b>Escola SENAI Ant\u00f4nio Sim\u00f5es<\/b><\/p>\n<p><b>Avenida Rodrigo Ot\u00e1vio, 2394, Distrito Industrial \u2013 Telefone (92) 31829963<\/b><\/p>\n<p>Visita\u00e7\u00e3o aos laborat\u00f3rios de Refrigera\u00e7\u00e3o, Eletr\u00f4nica, Metrologia, Eletricidade, Petr\u00f3leo e G\u00e1s, Inform\u00e1tica etc.<\/p>\n<p>Palestras: Soldagem com e sem aplica\u00e7\u00e3o de nitrog\u00eanio; Tubula\u00e7\u00e3o de solda alum\u00ednio; Retrofit do R22 para os blends; e Sistema inverter.<\/p>\n<p>Mostras Tecnol\u00f3gicas nas \u00e1reas de Automa\u00e7\u00e3o Industrial, Pneum\u00e1tica e CLP;<\/p>\n<p>&nbsp;<\/p>\n<p><b>Escola SENAI Waldemiro Lustoza<\/b><\/p>\n<p><b>Avenida Carvalho Leal, 555, Cachoeirinha \u2013 Telefone (92) 3133-6400<\/b><\/p>\n<p>Visita\u00e7\u00f5es: Mec\u00e2nica Automotiva, Duas Rodas e de Popa, e Usinagem Mec\u00e2nica e a CNC.<\/p>\n<p>Minicursos: Modelagem 3D de molde de inje\u00e7\u00e3o e cabide; Ensaios mec\u00e2nicos e metalogr\u00e1ficos; A import\u00e2ncia do desenho t\u00e9cnico mec\u00e2nico; No\u00e7\u00f5es de mec\u00e2nica para mulheres; No\u00e7\u00f5es de almoxarifado; etc.<\/p>\n<p>&nbsp;<\/p>\n<p><b>Escola SENAI Dem\u00f3stenes Travess<\/b>a<\/p>\n<p><b>Avenida Rodrigo Ot\u00e1vio, 510 \u2013 Distrito Industrial \u2013 Telefone (92) 3614-5900<\/b><\/p>\n<p>Visita\u00e7\u00f5es nos laborat\u00f3rios de Ensaios de Cer\u00e2mica Vermelha, Marcenaria e Hidr\u00e1ulica.<\/p>\n<p>Oficinas: Pintura; Artesanato e Reciclagem; Marido de Aluguel; e Minicurso \u00c1gua quente e \u00e1gua fria, com o parceiro Tigre.<\/p>\n<p>&nbsp;<\/p>\n<p><b>Escola SENAI de A\u00e7\u00f5es M\u00f3veis e Comunit\u00e1rias<\/b><\/p>\n<p><b>Avenida Rodrigo Ot\u00e1vio, 2394, Distrito Industrial \u2013 Telefone (92) 31829963<\/b><\/p>\n<p>Visita\u00e7\u00e3o: Laborat\u00f3rio de Panifica\u00e7\u00e3o e Confeitaria<\/p>\n<p>Oficinas de alimentos: Panifica\u00e7\u00e3o e Confeitaria<\/p>\n<p><b>\u00a0<\/b><\/p>\n<p><b>Centro Integrado do Trabalhador Dolores Garcia<\/b><\/p>\n<p><b>Rua Vivaldo Lima, s\/n, Alvorada I \u2013 Telefone (92) \u2013 3238-8534<\/b><\/p>\n<p>Visita\u00e7\u00e3o: ambientes de aprendizagem no segmento Confec\u00e7\u00e3o do Vestu\u00e1rio<\/p>\n<p>Atra\u00e7\u00f5es: Desfile de roupas produzidas pelos alunos da unidade.<\/p>\n<p>Exposi\u00e7\u00e3o de m\u00e1quinas e equipamentos de corte e costura.<\/p>\n<p><b>Escola SENAI Padre Francisco Luppino \u2013 Parintins<\/b><\/p>\n<p>Visita\u00e7\u00e3o aos Laborat\u00f3rios de Inform\u00e1tica, Costura, Alimentos e Mec\u00e2nica.<\/p>\n<p>Demonstra\u00e7\u00f5es te\u00f3ricas e pr\u00e1ticas: Curso de eletricista instalador, inform\u00e1tica<\/p>\n<p>&nbsp;<\/p>\n<p><b>Barco-escola Sama\u00fama \u2013 Macap\u00e1 (AP)<\/b><\/p>\n<p>Visita\u00e7\u00e3o \u00e0s instala\u00e7\u00f5es da unidade fluvial, como os laborat\u00f3rios de marcenaria, inform\u00e1tica, motor de mec\u00e2nica, panifica\u00e7\u00e3o e confeitaria, e salas de aula.<\/p>\n<p>Miniaulas de Inform\u00e1tica, Motores Eletr\u00f4nicos e Sustentabilidade sobre Energia Solar.<\/p>\n","protected":false},"excerpt":{"rendered":"<p>Institui\u00e7\u00e3o abre as portas de cinco unidades de ensino profissional no Estado \u00e0 visita\u00e7\u00e3o p\u00fablica \u00a0 O Servi\u00e7o Nacional de Aprendizagem Industrial (SENAI Amazonas)\u00a0 abre as portas de suas escolas, laborat\u00f3rios e centros de treinamento, no Estado, para visita\u00e7\u00e3o da comunidade, alunos, parceiros e empres\u00e1rios da ind\u00fastria. A programa\u00e7\u00e3o acontece nesta quarta-feira, 19, das 8h30 [&hellip;]<\/p>\n","protected":false},"author":1,"featured_media":0,"comment_status":"open","ping_status":"open","sticky":false,"template":"","format":"standard","meta":{"footnotes":""},"categories":[21,22],"tags":[],"class_list":["post-4417","post","type-post","status-publish","format-standard","hentry","category-news","category-news_destaque"],"yoast_head":"<!-- This site is optimized with the Yoast SEO plugin v26.8 - https:\/\/yoast.com\/product\/yoast-seo-wordpress\/ -->\n<title>\u2018Mundo SENAI\u2019 \u00e9 o SENAI de portas abertas - SENAI<\/title>\n<meta name=\"robots\" content=\"index, follow, max-snippet:-1, max-image-preview:large, max-video-preview:-1\" \/>\n<link rel=\"canonical\" href=\"https:\/\/fieam.org.br\/senai\/mundo-senai-e-o-senai-de-portas-abertas\/\" \/>\n<meta property=\"og:locale\" content=\"pt_BR\" \/>\n<meta property=\"og:type\" content=\"article\" \/>\n<meta property=\"og:title\" content=\"\u2018Mundo SENAI\u2019 \u00e9 o SENAI de portas abertas - SENAI\" \/>\n<meta property=\"og:description\" content=\"Institui\u00e7\u00e3o abre as portas de cinco unidades de ensino profissional no Estado \u00e0 visita\u00e7\u00e3o p\u00fablica \u00a0 O Servi\u00e7o Nacional de Aprendizagem Industrial (SENAI Amazonas)\u00a0 abre as portas de suas escolas, laborat\u00f3rios e centros de treinamento, no Estado, para visita\u00e7\u00e3o da comunidade, alunos, parceiros e empres\u00e1rios da ind\u00fastria. A programa\u00e7\u00e3o acontece nesta quarta-feira, 19, das 8h30 [&hellip;]\" \/>\n<meta property=\"og:url\" content=\"https:\/\/fieam.org.br\/senai\/mundo-senai-e-o-senai-de-portas-abertas\/\" \/>\n<meta property=\"og:site_name\" content=\"SENAI\" \/>\n<meta property=\"article:published_time\" content=\"2014-11-18T11:33:35+00:00\" \/>\n<meta property=\"og:image\" content=\"https:\/\/fieam.org.br\/senai\/wp-content\/uploads\/sites\/16\/2014\/11\/FLYER_Mundo-SENAI-AM1.jpg\" \/>\n\t<meta property=\"og:image:width\" content=\"876\" \/>\n\t<meta property=\"og:image:height\" content=\"1238\" \/>\n\t<meta property=\"og:image:type\" content=\"image\/jpeg\" \/>\n<meta name=\"author\" content=\"Autor\" \/>\n<meta name=\"twitter:card\" content=\"summary_large_image\" \/>\n<meta name=\"twitter:label1\" content=\"Escrito por\" \/>\n\t<meta name=\"twitter:data1\" content=\"Autor\" \/>\n\t<meta name=\"twitter:label2\" content=\"Est. tempo de leitura\" \/>\n\t<meta name=\"twitter:data2\" content=\"4 minutos\" \/>\n<script type=\"application\/ld+json\" class=\"yoast-schema-graph\">{\"@context\":\"https:\/\/schema.org\",\"@graph\":[{\"@type\":\"Article\",\"@id\":\"https:\/\/fieam.org.br\/senai\/mundo-senai-e-o-senai-de-portas-abertas\/#article\",\"isPartOf\":{\"@id\":\"https:\/\/fieam.org.br\/senai\/mundo-senai-e-o-senai-de-portas-abertas\/\"},\"author\":{\"name\":\"Autor\",\"@id\":\"https:\/\/fieam.org.br\/senai\/#\/schema\/person\/c1ceda8321521b291cee22da0a7d34be\"},\"headline\":\"\u2018Mundo SENAI\u2019 \u00e9 o SENAI de portas abertas\",\"datePublished\":\"2014-11-18T11:33:35+00:00\",\"mainEntityOfPage\":{\"@id\":\"https:\/\/fieam.org.br\/senai\/mundo-senai-e-o-senai-de-portas-abertas\/\"},\"wordCount\":741,\"commentCount\":0,\"publisher\":{\"@id\":\"https:\/\/fieam.org.br\/senai\/#organization\"},\"image\":{\"@id\":\"https:\/\/fieam.org.br\/senai\/mundo-senai-e-o-senai-de-portas-abertas\/#primaryimage\"},\"thumbnailUrl\":\"http:\/\/www.fieam.org.br\/site\/senai\/files\/2014\/11\/FLYER_Mundo-SENAI-AM1.jpg\",\"articleSection\":[\"News\",\"News Destaques\"],\"inLanguage\":\"pt-BR\",\"potentialAction\":[{\"@type\":\"CommentAction\",\"name\":\"Comment\",\"target\":[\"https:\/\/fieam.org.br\/senai\/mundo-senai-e-o-senai-de-portas-abertas\/#respond\"]}]},{\"@type\":\"WebPage\",\"@id\":\"https:\/\/fieam.org.br\/senai\/mundo-senai-e-o-senai-de-portas-abertas\/\",\"url\":\"https:\/\/fieam.org.br\/senai\/mundo-senai-e-o-senai-de-portas-abertas\/\",\"name\":\"\u2018Mundo SENAI\u2019 \u00e9 o SENAI de portas abertas - SENAI\",\"isPartOf\":{\"@id\":\"https:\/\/fieam.org.br\/senai\/#website\"},\"primaryImageOfPage\":{\"@id\":\"https:\/\/fieam.org.br\/senai\/mundo-senai-e-o-senai-de-portas-abertas\/#primaryimage\"},\"image\":{\"@id\":\"https:\/\/fieam.org.br\/senai\/mundo-senai-e-o-senai-de-portas-abertas\/#primaryimage\"},\"thumbnailUrl\":\"http:\/\/www.fieam.org.br\/site\/senai\/files\/2014\/11\/FLYER_Mundo-SENAI-AM1.jpg\",\"datePublished\":\"2014-11-18T11:33:35+00:00\",\"breadcrumb\":{\"@id\":\"https:\/\/fieam.org.br\/senai\/mundo-senai-e-o-senai-de-portas-abertas\/#breadcrumb\"},\"inLanguage\":\"pt-BR\",\"potentialAction\":[{\"@type\":\"ReadAction\",\"target\":[\"https:\/\/fieam.org.br\/senai\/mundo-senai-e-o-senai-de-portas-abertas\/\"]}]},{\"@type\":\"ImageObject\",\"inLanguage\":\"pt-BR\",\"@id\":\"https:\/\/fieam.org.br\/senai\/mundo-senai-e-o-senai-de-portas-abertas\/#primaryimage\",\"url\":\"http:\/\/www.fieam.org.br\/site\/senai\/files\/2014\/11\/FLYER_Mundo-SENAI-AM1.jpg\",\"contentUrl\":\"http:\/\/www.fieam.org.br\/site\/senai\/files\/2014\/11\/FLYER_Mundo-SENAI-AM1.jpg\"},{\"@type\":\"BreadcrumbList\",\"@id\":\"https:\/\/fieam.org.br\/senai\/mundo-senai-e-o-senai-de-portas-abertas\/#breadcrumb\",\"itemListElement\":[{\"@type\":\"ListItem\",\"position\":1,\"name\":\"In\u00edcio\",\"item\":\"https:\/\/fieam.org.br\/senai\/\"},{\"@type\":\"ListItem\",\"position\":2,\"name\":\"\u2018Mundo SENAI\u2019 \u00e9 o SENAI de portas abertas\"}]},{\"@type\":\"WebSite\",\"@id\":\"https:\/\/fieam.org.br\/senai\/#website\",\"url\":\"https:\/\/fieam.org.br\/senai\/\",\"name\":\"SENAI\",\"description\":\"Site Oficial!\",\"publisher\":{\"@id\":\"https:\/\/fieam.org.br\/senai\/#organization\"},\"potentialAction\":[{\"@type\":\"SearchAction\",\"target\":{\"@type\":\"EntryPoint\",\"urlTemplate\":\"https:\/\/fieam.org.br\/senai\/?s={search_term_string}\"},\"query-input\":{\"@type\":\"PropertyValueSpecification\",\"valueRequired\":true,\"valueName\":\"search_term_string\"}}],\"inLanguage\":\"pt-BR\"},{\"@type\":\"Organization\",\"@id\":\"https:\/\/fieam.org.br\/senai\/#organization\",\"name\":\"SENAI\",\"url\":\"https:\/\/fieam.org.br\/senai\/\",\"logo\":{\"@type\":\"ImageObject\",\"inLanguage\":\"pt-BR\",\"@id\":\"https:\/\/fieam.org.br\/senai\/#\/schema\/logo\/image\/\",\"url\":\"https:\/\/fieam.org.br\/senai\/wp-content\/uploads\/sites\/16\/2024\/03\/cropped-fav.png\",\"contentUrl\":\"https:\/\/fieam.org.br\/senai\/wp-content\/uploads\/sites\/16\/2024\/03\/cropped-fav.png\",\"width\":592,\"height\":577,\"caption\":\"SENAI\"},\"image\":{\"@id\":\"https:\/\/fieam.org.br\/senai\/#\/schema\/logo\/image\/\"}},{\"@type\":\"Person\",\"@id\":\"https:\/\/fieam.org.br\/senai\/#\/schema\/person\/c1ceda8321521b291cee22da0a7d34be\",\"name\":\"Autor\",\"image\":{\"@type\":\"ImageObject\",\"inLanguage\":\"pt-BR\",\"@id\":\"https:\/\/fieam.org.br\/senai\/#\/schema\/person\/image\/\",\"url\":\"https:\/\/secure.gravatar.com\/avatar\/3732c223e0e1fad69062a8f770955c9068d37b055204f310a0be18d4069fe380?s=96&d=mm&r=g\",\"contentUrl\":\"https:\/\/secure.gravatar.com\/avatar\/3732c223e0e1fad69062a8f770955c9068d37b055204f310a0be18d4069fe380?s=96&d=mm&r=g\",\"caption\":\"Autor\"},\"sameAs\":[\"https:\/\/marketingmassivo.com.br\"],\"url\":\"https:\/\/fieam.org.br\/senai\/author\/admin\/\"}]}<\/script>\n<!-- \/ Yoast SEO plugin. -->","yoast_head_json":{"title":"\u2018Mundo SENAI\u2019 \u00e9 o SENAI de portas abertas - SENAI","robots":{"index":"index","follow":"follow","max-snippet":"max-snippet:-1","max-image-preview":"max-image-preview:large","max-video-preview":"max-video-preview:-1"},"canonical":"https:\/\/fieam.org.br\/senai\/mundo-senai-e-o-senai-de-portas-abertas\/","og_locale":"pt_BR","og_type":"article","og_title":"\u2018Mundo SENAI\u2019 \u00e9 o SENAI de portas abertas - SENAI","og_description":"Institui\u00e7\u00e3o abre as portas de cinco unidades de ensino profissional no Estado \u00e0 visita\u00e7\u00e3o p\u00fablica \u00a0 O Servi\u00e7o Nacional de Aprendizagem Industrial (SENAI Amazonas)\u00a0 abre as portas de suas escolas, laborat\u00f3rios e centros de treinamento, no Estado, para visita\u00e7\u00e3o da comunidade, alunos, parceiros e empres\u00e1rios da ind\u00fastria. A programa\u00e7\u00e3o acontece nesta quarta-feira, 19, das 8h30 [&hellip;]","og_url":"https:\/\/fieam.org.br\/senai\/mundo-senai-e-o-senai-de-portas-abertas\/","og_site_name":"SENAI","article_published_time":"2014-11-18T11:33:35+00:00","og_image":[{"width":876,"height":1238,"url":"https:\/\/fieam.org.br\/senai\/wp-content\/uploads\/sites\/16\/2014\/11\/FLYER_Mundo-SENAI-AM1.jpg","type":"image\/jpeg"}],"author":"Autor","twitter_card":"summary_large_image","twitter_misc":{"Escrito por":"Autor","Est. tempo de leitura":"4 minutos"},"schema":{"@context":"https:\/\/schema.org","@graph":[{"@type":"Article","@id":"https:\/\/fieam.org.br\/senai\/mundo-senai-e-o-senai-de-portas-abertas\/#article","isPartOf":{"@id":"https:\/\/fieam.org.br\/senai\/mundo-senai-e-o-senai-de-portas-abertas\/"},"author":{"name":"Autor","@id":"https:\/\/fieam.org.br\/senai\/#\/schema\/person\/c1ceda8321521b291cee22da0a7d34be"},"headline":"\u2018Mundo SENAI\u2019 \u00e9 o SENAI de portas abertas","datePublished":"2014-11-18T11:33:35+00:00","mainEntityOfPage":{"@id":"https:\/\/fieam.org.br\/senai\/mundo-senai-e-o-senai-de-portas-abertas\/"},"wordCount":741,"commentCount":0,"publisher":{"@id":"https:\/\/fieam.org.br\/senai\/#organization"},"image":{"@id":"https:\/\/fieam.org.br\/senai\/mundo-senai-e-o-senai-de-portas-abertas\/#primaryimage"},"thumbnailUrl":"http:\/\/www.fieam.org.br\/site\/senai\/files\/2014\/11\/FLYER_Mundo-SENAI-AM1.jpg","articleSection":["News","News Destaques"],"inLanguage":"pt-BR","potentialAction":[{"@type":"CommentAction","name":"Comment","target":["https:\/\/fieam.org.br\/senai\/mundo-senai-e-o-senai-de-portas-abertas\/#respond"]}]},{"@type":"WebPage","@id":"https:\/\/fieam.org.br\/senai\/mundo-senai-e-o-senai-de-portas-abertas\/","url":"https:\/\/fieam.org.br\/senai\/mundo-senai-e-o-senai-de-portas-abertas\/","name":"\u2018Mundo SENAI\u2019 \u00e9 o SENAI de portas abertas - SENAI","isPartOf":{"@id":"https:\/\/fieam.org.br\/senai\/#website"},"primaryImageOfPage":{"@id":"https:\/\/fieam.org.br\/senai\/mundo-senai-e-o-senai-de-portas-abertas\/#primaryimage"},"image":{"@id":"https:\/\/fieam.org.br\/senai\/mundo-senai-e-o-senai-de-portas-abertas\/#primaryimage"},"thumbnailUrl":"http:\/\/www.fieam.org.br\/site\/senai\/files\/2014\/11\/FLYER_Mundo-SENAI-AM1.jpg","datePublished":"2014-11-18T11:33:35+00:00","breadcrumb":{"@id":"https:\/\/fieam.org.br\/senai\/mundo-senai-e-o-senai-de-portas-abertas\/#breadcrumb"},"inLanguage":"pt-BR","potentialAction":[{"@type":"ReadAction","target":["https:\/\/fieam.org.br\/senai\/mundo-senai-e-o-senai-de-portas-abertas\/"]}]},{"@type":"ImageObject","inLanguage":"pt-BR","@id":"https:\/\/fieam.org.br\/senai\/mundo-senai-e-o-senai-de-portas-abertas\/#primaryimage","url":"http:\/\/www.fieam.org.br\/site\/senai\/files\/2014\/11\/FLYER_Mundo-SENAI-AM1.jpg","contentUrl":"http:\/\/www.fieam.org.br\/site\/senai\/files\/2014\/11\/FLYER_Mundo-SENAI-AM1.jpg"},{"@type":"BreadcrumbList","@id":"https:\/\/fieam.org.br\/senai\/mundo-senai-e-o-senai-de-portas-abertas\/#breadcrumb","itemListElement":[{"@type":"ListItem","position":1,"name":"In\u00edcio","item":"https:\/\/fieam.org.br\/senai\/"},{"@type":"ListItem","position":2,"name":"\u2018Mundo SENAI\u2019 \u00e9 o SENAI de portas abertas"}]},{"@type":"WebSite","@id":"https:\/\/fieam.org.br\/senai\/#website","url":"https:\/\/fieam.org.br\/senai\/","name":"SENAI","description":"Site Oficial!","publisher":{"@id":"https:\/\/fieam.org.br\/senai\/#organization"},"potentialAction":[{"@type":"SearchAction","target":{"@type":"EntryPoint","urlTemplate":"https:\/\/fieam.org.br\/senai\/?s={search_term_string}"},"query-input":{"@type":"PropertyValueSpecification","valueRequired":true,"valueName":"search_term_string"}}],"inLanguage":"pt-BR"},{"@type":"Organization","@id":"https:\/\/fieam.org.br\/senai\/#organization","name":"SENAI","url":"https:\/\/fieam.org.br\/senai\/","logo":{"@type":"ImageObject","inLanguage":"pt-BR","@id":"https:\/\/fieam.org.br\/senai\/#\/schema\/logo\/image\/","url":"https:\/\/fieam.org.br\/senai\/wp-content\/uploads\/sites\/16\/2024\/03\/cropped-fav.png","contentUrl":"https:\/\/fieam.org.br\/senai\/wp-content\/uploads\/sites\/16\/2024\/03\/cropped-fav.png","width":592,"height":577,"caption":"SENAI"},"image":{"@id":"https:\/\/fieam.org.br\/senai\/#\/schema\/logo\/image\/"}},{"@type":"Person","@id":"https:\/\/fieam.org.br\/senai\/#\/schema\/person\/c1ceda8321521b291cee22da0a7d34be","name":"Autor","image":{"@type":"ImageObject","inLanguage":"pt-BR","@id":"https:\/\/fieam.org.br\/senai\/#\/schema\/person\/image\/","url":"https:\/\/secure.gravatar.com\/avatar\/3732c223e0e1fad69062a8f770955c9068d37b055204f310a0be18d4069fe380?s=96&d=mm&r=g","contentUrl":"https:\/\/secure.gravatar.com\/avatar\/3732c223e0e1fad69062a8f770955c9068d37b055204f310a0be18d4069fe380?s=96&d=mm&r=g","caption":"Autor"},"sameAs":["https:\/\/marketingmassivo.com.br"],"url":"https:\/\/fieam.org.br\/senai\/author\/admin\/"}]}},"_links":{"self":[{"href":"https:\/\/fieam.org.br\/senai\/wp-json\/wp\/v2\/posts\/4417","targetHints":{"allow":["GET"]}}],"collection":[{"href":"https:\/\/fieam.org.br\/senai\/wp-json\/wp\/v2\/posts"}],"about":[{"href":"https:\/\/fieam.org.br\/senai\/wp-json\/wp\/v2\/types\/post"}],"author":[{"embeddable":true,"href":"https:\/\/fieam.org.br\/senai\/wp-json\/wp\/v2\/users\/1"}],"replies":[{"embeddable":true,"href":"https:\/\/fieam.org.br\/senai\/wp-json\/wp\/v2\/comments?post=4417"}],"version-history":[{"count":0,"href":"https:\/\/fieam.org.br\/senai\/wp-json\/wp\/v2\/posts\/4417\/revisions"}],"wp:attachment":[{"href":"https:\/\/fieam.org.br\/senai\/wp-json\/wp\/v2\/media?parent=4417"}],"wp:term":[{"taxonomy":"category","embeddable":true,"href":"https:\/\/fieam.org.br\/senai\/wp-json\/wp\/v2\/categories?post=4417"},{"taxonomy":"post_tag","embeddable":true,"href":"https:\/\/fieam.org.br\/senai\/wp-json\/wp\/v2\/tags?post=4417"}],"curies":[{"name":"wp","href":"https:\/\/api.w.org\/{rel}","templated":true}]}}