{"id":4404,"date":"2014-11-13T13:08:43","date_gmt":"2014-11-13T13:08:43","guid":{"rendered":"http:\/\/www.fieam.org.br\/site\/senai\/?p=4404"},"modified":"2014-11-13T13:08:43","modified_gmt":"2014-11-13T13:08:43","slug":"formatura-2a-turma-do-vira-vida","status":"publish","type":"post","link":"https:\/\/fieam.org.br\/senai\/formatura-2a-turma-do-vira-vida\/","title":{"rendered":"Formatura 2\u00aa Turma do Vira Vida"},"content":{"rendered":"<p><b>SUGEST\u00c3O DE PAUTA<\/b><\/p>\n<p><b>O que:<\/b> Formatura 2\u00aa Turma do Vira Vida<\/p>\n<p><b>Quando:<\/b> 13.11.2014 (quinta-feira), 9h<\/p>\n<p><b>Onde:<\/b> Audit\u00f3rio Gilberto Mendes de Azevedo, Avenida Joaquim Nabuco, 1919 &#8211; Centro<\/p>\n<p>&nbsp;<\/p>\n<p>Com a presen\u00e7a do presidente do Conselho Nacional do SESI, Jair Meneguelli, e do presidente do Sistema FIEAM, Antonio Silva, <a href=\"http:\/\/www.fieam.org.br\/site\/sesi\/\" target=\"_blank\" rel=\"noopener\">o Servi\u00e7o Social da Ind\u00fastria (SESI Amazonas)<\/a> promove nesta quinta-feira (13), \u00e0s 9h, a formatura da segunda turma do Programa Vira Vida, no Estado, no Audit\u00f3rio Gilberto Mendes de Azevedo, na avenida Joaquim Nabuco, 1919, Centro.<\/p>\n<p>Desta vez, 38 alunos do programa v\u00e3o receber certificados de conclus\u00e3o dos cursos de vendas e representa\u00e7\u00e3o comercial, oferecidos pelo Servi\u00e7o Nacional de Aprendizagem Comercial (SENAC Amazonas), e de confeiteiro, pelo <a href=\"http:\/\/www.fieam.org.br\/site\/senai\/\" target=\"_blank\" rel=\"noopener\">Servi\u00e7o Nacional de Aprendizagem Industrial (SENAI Amazonas)<\/a>. As duas institui\u00e7\u00f5es ofereceram ainda turmas do curso de operador de computador. No geral, ser\u00e3o entregues 61 certificados.<\/p>\n<p>Iniciativa do Conselho Nacional do SESI, com o objetivo de promover a transforma\u00e7\u00e3o social e o desenvolvimento humano para adolescentes e jovens em situa\u00e7\u00e3o de explora\u00e7\u00e3o sexual, o programa j\u00e1 formou, no Amazonas, outros 43 jovens nos cursos de imagem pessoal e gest\u00e3o de log\u00edstica, pelo SENAC, e de auxiliar administrativo, pelo SENAI, em julho deste ano.<\/p>\n<p>O SESI Amazonas conta com a parceria de empresas p\u00fablicas e privadas na inclus\u00e3o dos jovens do programa no mercado de trabalho, como o Governo do Amazonas, Sebrae Amazonas, <a href=\"http:\/\/www.google.com.br\/url?q=http:\/\/www.ciee.org.br\/&amp;sa=U&amp;ei=eqqxU8iIIJWtsASq3oCIBw&amp;ved=0CBgQFjAA&amp;usg=AFQjCNFql3xpxMxpHm-guRuuExJ7FpiGgA\" target=\"_blank\" rel=\"noopener\">Centro de Integra\u00e7\u00e3o Empresa-Escola (CIEE<\/a>), Lojas Bemol, Samsung, Springer Carrier Ltda, Foto Nascimento, Banco do Brasil, Embrapa e Alem\u00e3 Gourmet.<\/p>\n","protected":false},"excerpt":{"rendered":"<p>SUGEST\u00c3O DE PAUTA O que: Formatura 2\u00aa Turma do Vira Vida Quando: 13.11.2014 (quinta-feira), 9h Onde: Audit\u00f3rio Gilberto Mendes de Azevedo, Avenida Joaquim Nabuco, 1919 &#8211; Centro &nbsp; Com a presen\u00e7a do presidente do Conselho Nacional do SESI, Jair Meneguelli, e do presidente do Sistema FIEAM, Antonio Silva, o Servi\u00e7o Social da Ind\u00fastria (SESI Amazonas) [&hellip;]<\/p>\n","protected":false},"author":1,"featured_media":0,"comment_status":"open","ping_status":"open","sticky":false,"template":"","format":"standard","meta":{"footnotes":""},"categories":[21,22],"tags":[],"class_list":["post-4404","post","type-post","status-publish","format-standard","hentry","category-news","category-news_destaque"],"yoast_head":"<!-- This site is optimized with the Yoast SEO plugin v26.8 - https:\/\/yoast.com\/product\/yoast-seo-wordpress\/ -->\n<title>Formatura 2\u00aa Turma do Vira Vida - SENAI<\/title>\n<meta name=\"robots\" content=\"index, follow, max-snippet:-1, max-image-preview:large, max-video-preview:-1\" \/>\n<link rel=\"canonical\" href=\"https:\/\/fieam.org.br\/senai\/formatura-2a-turma-do-vira-vida\/\" \/>\n<meta property=\"og:locale\" content=\"pt_BR\" \/>\n<meta property=\"og:type\" content=\"article\" \/>\n<meta property=\"og:title\" content=\"Formatura 2\u00aa Turma do Vira Vida - SENAI\" \/>\n<meta property=\"og:description\" content=\"SUGEST\u00c3O DE PAUTA O que: Formatura 2\u00aa Turma do Vira Vida Quando: 13.11.2014 (quinta-feira), 9h Onde: Audit\u00f3rio Gilberto Mendes de Azevedo, Avenida Joaquim Nabuco, 1919 &#8211; Centro &nbsp; Com a presen\u00e7a do presidente do Conselho Nacional do SESI, Jair Meneguelli, e do presidente do Sistema FIEAM, Antonio Silva, o Servi\u00e7o Social da Ind\u00fastria (SESI Amazonas) [&hellip;]\" \/>\n<meta property=\"og:url\" content=\"https:\/\/fieam.org.br\/senai\/formatura-2a-turma-do-vira-vida\/\" \/>\n<meta property=\"og:site_name\" content=\"SENAI\" \/>\n<meta property=\"article:published_time\" content=\"2014-11-13T13:08:43+00:00\" \/>\n<meta name=\"author\" content=\"Autor\" \/>\n<meta name=\"twitter:card\" content=\"summary_large_image\" \/>\n<meta name=\"twitter:label1\" content=\"Escrito por\" \/>\n\t<meta name=\"twitter:data1\" content=\"Autor\" \/>\n\t<meta name=\"twitter:label2\" content=\"Est. tempo de leitura\" \/>\n\t<meta name=\"twitter:data2\" content=\"1 minuto\" \/>\n<script type=\"application\/ld+json\" class=\"yoast-schema-graph\">{\"@context\":\"https:\/\/schema.org\",\"@graph\":[{\"@type\":\"Article\",\"@id\":\"https:\/\/fieam.org.br\/senai\/formatura-2a-turma-do-vira-vida\/#article\",\"isPartOf\":{\"@id\":\"https:\/\/fieam.org.br\/senai\/formatura-2a-turma-do-vira-vida\/\"},\"author\":{\"name\":\"Autor\",\"@id\":\"https:\/\/fieam.org.br\/senai\/#\/schema\/person\/c1ceda8321521b291cee22da0a7d34be\"},\"headline\":\"Formatura 2\u00aa Turma do Vira Vida\",\"datePublished\":\"2014-11-13T13:08:43+00:00\",\"mainEntityOfPage\":{\"@id\":\"https:\/\/fieam.org.br\/senai\/formatura-2a-turma-do-vira-vida\/\"},\"wordCount\":264,\"commentCount\":0,\"publisher\":{\"@id\":\"https:\/\/fieam.org.br\/senai\/#organization\"},\"articleSection\":[\"News\",\"News Destaques\"],\"inLanguage\":\"pt-BR\",\"potentialAction\":[{\"@type\":\"CommentAction\",\"name\":\"Comment\",\"target\":[\"https:\/\/fieam.org.br\/senai\/formatura-2a-turma-do-vira-vida\/#respond\"]}]},{\"@type\":\"WebPage\",\"@id\":\"https:\/\/fieam.org.br\/senai\/formatura-2a-turma-do-vira-vida\/\",\"url\":\"https:\/\/fieam.org.br\/senai\/formatura-2a-turma-do-vira-vida\/\",\"name\":\"Formatura 2\u00aa Turma do Vira Vida - SENAI\",\"isPartOf\":{\"@id\":\"https:\/\/fieam.org.br\/senai\/#website\"},\"datePublished\":\"2014-11-13T13:08:43+00:00\",\"breadcrumb\":{\"@id\":\"https:\/\/fieam.org.br\/senai\/formatura-2a-turma-do-vira-vida\/#breadcrumb\"},\"inLanguage\":\"pt-BR\",\"potentialAction\":[{\"@type\":\"ReadAction\",\"target\":[\"https:\/\/fieam.org.br\/senai\/formatura-2a-turma-do-vira-vida\/\"]}]},{\"@type\":\"BreadcrumbList\",\"@id\":\"https:\/\/fieam.org.br\/senai\/formatura-2a-turma-do-vira-vida\/#breadcrumb\",\"itemListElement\":[{\"@type\":\"ListItem\",\"position\":1,\"name\":\"In\u00edcio\",\"item\":\"https:\/\/fieam.org.br\/senai\/\"},{\"@type\":\"ListItem\",\"position\":2,\"name\":\"Formatura 2\u00aa Turma do Vira Vida\"}]},{\"@type\":\"WebSite\",\"@id\":\"https:\/\/fieam.org.br\/senai\/#website\",\"url\":\"https:\/\/fieam.org.br\/senai\/\",\"name\":\"SENAI\",\"description\":\"Site Oficial!\",\"publisher\":{\"@id\":\"https:\/\/fieam.org.br\/senai\/#organization\"},\"potentialAction\":[{\"@type\":\"SearchAction\",\"target\":{\"@type\":\"EntryPoint\",\"urlTemplate\":\"https:\/\/fieam.org.br\/senai\/?s={search_term_string}\"},\"query-input\":{\"@type\":\"PropertyValueSpecification\",\"valueRequired\":true,\"valueName\":\"search_term_string\"}}],\"inLanguage\":\"pt-BR\"},{\"@type\":\"Organization\",\"@id\":\"https:\/\/fieam.org.br\/senai\/#organization\",\"name\":\"SENAI\",\"url\":\"https:\/\/fieam.org.br\/senai\/\",\"logo\":{\"@type\":\"ImageObject\",\"inLanguage\":\"pt-BR\",\"@id\":\"https:\/\/fieam.org.br\/senai\/#\/schema\/logo\/image\/\",\"url\":\"https:\/\/fieam.org.br\/senai\/wp-content\/uploads\/sites\/16\/2024\/03\/cropped-fav.png\",\"contentUrl\":\"https:\/\/fieam.org.br\/senai\/wp-content\/uploads\/sites\/16\/2024\/03\/cropped-fav.png\",\"width\":592,\"height\":577,\"caption\":\"SENAI\"},\"image\":{\"@id\":\"https:\/\/fieam.org.br\/senai\/#\/schema\/logo\/image\/\"}},{\"@type\":\"Person\",\"@id\":\"https:\/\/fieam.org.br\/senai\/#\/schema\/person\/c1ceda8321521b291cee22da0a7d34be\",\"name\":\"Autor\",\"image\":{\"@type\":\"ImageObject\",\"inLanguage\":\"pt-BR\",\"@id\":\"https:\/\/fieam.org.br\/senai\/#\/schema\/person\/image\/\",\"url\":\"https:\/\/secure.gravatar.com\/avatar\/3732c223e0e1fad69062a8f770955c9068d37b055204f310a0be18d4069fe380?s=96&d=mm&r=g\",\"contentUrl\":\"https:\/\/secure.gravatar.com\/avatar\/3732c223e0e1fad69062a8f770955c9068d37b055204f310a0be18d4069fe380?s=96&d=mm&r=g\",\"caption\":\"Autor\"},\"sameAs\":[\"https:\/\/marketingmassivo.com.br\"],\"url\":\"https:\/\/fieam.org.br\/senai\/author\/admin\/\"}]}<\/script>\n<!-- \/ Yoast SEO plugin. -->","yoast_head_json":{"title":"Formatura 2\u00aa Turma do Vira Vida - SENAI","robots":{"index":"index","follow":"follow","max-snippet":"max-snippet:-1","max-image-preview":"max-image-preview:large","max-video-preview":"max-video-preview:-1"},"canonical":"https:\/\/fieam.org.br\/senai\/formatura-2a-turma-do-vira-vida\/","og_locale":"pt_BR","og_type":"article","og_title":"Formatura 2\u00aa Turma do Vira Vida - SENAI","og_description":"SUGEST\u00c3O DE PAUTA O que: Formatura 2\u00aa Turma do Vira Vida Quando: 13.11.2014 (quinta-feira), 9h Onde: Audit\u00f3rio Gilberto Mendes de Azevedo, Avenida Joaquim Nabuco, 1919 &#8211; Centro &nbsp; Com a presen\u00e7a do presidente do Conselho Nacional do SESI, Jair Meneguelli, e do presidente do Sistema FIEAM, Antonio Silva, o Servi\u00e7o Social da Ind\u00fastria (SESI Amazonas) [&hellip;]","og_url":"https:\/\/fieam.org.br\/senai\/formatura-2a-turma-do-vira-vida\/","og_site_name":"SENAI","article_published_time":"2014-11-13T13:08:43+00:00","author":"Autor","twitter_card":"summary_large_image","twitter_misc":{"Escrito por":"Autor","Est. tempo de leitura":"1 minuto"},"schema":{"@context":"https:\/\/schema.org","@graph":[{"@type":"Article","@id":"https:\/\/fieam.org.br\/senai\/formatura-2a-turma-do-vira-vida\/#article","isPartOf":{"@id":"https:\/\/fieam.org.br\/senai\/formatura-2a-turma-do-vira-vida\/"},"author":{"name":"Autor","@id":"https:\/\/fieam.org.br\/senai\/#\/schema\/person\/c1ceda8321521b291cee22da0a7d34be"},"headline":"Formatura 2\u00aa Turma do Vira Vida","datePublished":"2014-11-13T13:08:43+00:00","mainEntityOfPage":{"@id":"https:\/\/fieam.org.br\/senai\/formatura-2a-turma-do-vira-vida\/"},"wordCount":264,"commentCount":0,"publisher":{"@id":"https:\/\/fieam.org.br\/senai\/#organization"},"articleSection":["News","News Destaques"],"inLanguage":"pt-BR","potentialAction":[{"@type":"CommentAction","name":"Comment","target":["https:\/\/fieam.org.br\/senai\/formatura-2a-turma-do-vira-vida\/#respond"]}]},{"@type":"WebPage","@id":"https:\/\/fieam.org.br\/senai\/formatura-2a-turma-do-vira-vida\/","url":"https:\/\/fieam.org.br\/senai\/formatura-2a-turma-do-vira-vida\/","name":"Formatura 2\u00aa Turma do Vira Vida - SENAI","isPartOf":{"@id":"https:\/\/fieam.org.br\/senai\/#website"},"datePublished":"2014-11-13T13:08:43+00:00","breadcrumb":{"@id":"https:\/\/fieam.org.br\/senai\/formatura-2a-turma-do-vira-vida\/#breadcrumb"},"inLanguage":"pt-BR","potentialAction":[{"@type":"ReadAction","target":["https:\/\/fieam.org.br\/senai\/formatura-2a-turma-do-vira-vida\/"]}]},{"@type":"BreadcrumbList","@id":"https:\/\/fieam.org.br\/senai\/formatura-2a-turma-do-vira-vida\/#breadcrumb","itemListElement":[{"@type":"ListItem","position":1,"name":"In\u00edcio","item":"https:\/\/fieam.org.br\/senai\/"},{"@type":"ListItem","position":2,"name":"Formatura 2\u00aa Turma do Vira Vida"}]},{"@type":"WebSite","@id":"https:\/\/fieam.org.br\/senai\/#website","url":"https:\/\/fieam.org.br\/senai\/","name":"SENAI","description":"Site Oficial!","publisher":{"@id":"https:\/\/fieam.org.br\/senai\/#organization"},"potentialAction":[{"@type":"SearchAction","target":{"@type":"EntryPoint","urlTemplate":"https:\/\/fieam.org.br\/senai\/?s={search_term_string}"},"query-input":{"@type":"PropertyValueSpecification","valueRequired":true,"valueName":"search_term_string"}}],"inLanguage":"pt-BR"},{"@type":"Organization","@id":"https:\/\/fieam.org.br\/senai\/#organization","name":"SENAI","url":"https:\/\/fieam.org.br\/senai\/","logo":{"@type":"ImageObject","inLanguage":"pt-BR","@id":"https:\/\/fieam.org.br\/senai\/#\/schema\/logo\/image\/","url":"https:\/\/fieam.org.br\/senai\/wp-content\/uploads\/sites\/16\/2024\/03\/cropped-fav.png","contentUrl":"https:\/\/fieam.org.br\/senai\/wp-content\/uploads\/sites\/16\/2024\/03\/cropped-fav.png","width":592,"height":577,"caption":"SENAI"},"image":{"@id":"https:\/\/fieam.org.br\/senai\/#\/schema\/logo\/image\/"}},{"@type":"Person","@id":"https:\/\/fieam.org.br\/senai\/#\/schema\/person\/c1ceda8321521b291cee22da0a7d34be","name":"Autor","image":{"@type":"ImageObject","inLanguage":"pt-BR","@id":"https:\/\/fieam.org.br\/senai\/#\/schema\/person\/image\/","url":"https:\/\/secure.gravatar.com\/avatar\/3732c223e0e1fad69062a8f770955c9068d37b055204f310a0be18d4069fe380?s=96&d=mm&r=g","contentUrl":"https:\/\/secure.gravatar.com\/avatar\/3732c223e0e1fad69062a8f770955c9068d37b055204f310a0be18d4069fe380?s=96&d=mm&r=g","caption":"Autor"},"sameAs":["https:\/\/marketingmassivo.com.br"],"url":"https:\/\/fieam.org.br\/senai\/author\/admin\/"}]}},"_links":{"self":[{"href":"https:\/\/fieam.org.br\/senai\/wp-json\/wp\/v2\/posts\/4404","targetHints":{"allow":["GET"]}}],"collection":[{"href":"https:\/\/fieam.org.br\/senai\/wp-json\/wp\/v2\/posts"}],"about":[{"href":"https:\/\/fieam.org.br\/senai\/wp-json\/wp\/v2\/types\/post"}],"author":[{"embeddable":true,"href":"https:\/\/fieam.org.br\/senai\/wp-json\/wp\/v2\/users\/1"}],"replies":[{"embeddable":true,"href":"https:\/\/fieam.org.br\/senai\/wp-json\/wp\/v2\/comments?post=4404"}],"version-history":[{"count":0,"href":"https:\/\/fieam.org.br\/senai\/wp-json\/wp\/v2\/posts\/4404\/revisions"}],"wp:attachment":[{"href":"https:\/\/fieam.org.br\/senai\/wp-json\/wp\/v2\/media?parent=4404"}],"wp:term":[{"taxonomy":"category","embeddable":true,"href":"https:\/\/fieam.org.br\/senai\/wp-json\/wp\/v2\/categories?post=4404"},{"taxonomy":"post_tag","embeddable":true,"href":"https:\/\/fieam.org.br\/senai\/wp-json\/wp\/v2\/tags?post=4404"}],"curies":[{"name":"wp","href":"https:\/\/api.w.org\/{rel}","templated":true}]}}