{"id":4398,"date":"2014-11-12T20:17:28","date_gmt":"2014-11-12T20:17:28","guid":{"rendered":"http:\/\/www.fieam.org.br\/site\/senai\/?p=4398"},"modified":"2014-11-12T20:17:28","modified_gmt":"2014-11-12T20:17:28","slug":"seminario-discute-mercado-de-trabalho-para-jovens-do-viravida","status":"publish","type":"post","link":"https:\/\/fieam.org.br\/senai\/seminario-discute-mercado-de-trabalho-para-jovens-do-viravida\/","title":{"rendered":"Semin\u00e1rio discute mercado de trabalho para jovens do ViraVida"},"content":{"rendered":"<p>A realidade do mercado de trabalho para os jovens, no Amazonas, e as a\u00e7\u00f5es para transformar a situa\u00e7\u00e3o de vulnerabilidade social em que a maioria se encontra, foram os temas discutidos nesta sexta-feira (7), no Semin\u00e1rio Regional do Programa ViraVida, na sede da <a href=\"http:\/\/www.fieam.org.br\/site\/fieam\/\" target=\"_blank\" rel=\"noopener\">Federa\u00e7\u00e3o das Ind\u00fastrias do Estado do Amazonas (FIEAM).<\/a><\/p>\n<p>Iniciativa do Conselho Nacional do SESI, com o objetivo de promover a transforma\u00e7\u00e3o social e desenvolvimento humano de adolescentes e jovens em situa\u00e7\u00e3o de explora\u00e7\u00e3o sexual, o programa foi lan\u00e7ado no Amazonas em 2013, com 113 meninos e meninas inscritos, na faixa dos 16 aos 21 anos. S\u00e3o, na maioria, filhos de fam\u00edlias de baixa renda, que t\u00eam hist\u00f3rico de vida marcado por experi\u00eancias relacionadas a trabalho dom\u00e9stico, abuso sexual, gravidez precoce e depend\u00eancia qu\u00edmica.<\/p>\n<p>De acordo com a psic\u00f3loga e t\u00e9cnica em empregabilidade do <a href=\"http:\/\/www.fieam.org.br\/site\/sesi\/\" target=\"_blank\" rel=\"noopener\">SESI<\/a>, Mayara Souza, do total de alunos que iniciaram o programa, no ano passado, 43 conclu\u00edram os cursos profissionalizantes oferecidos pelo <a href=\"http:\/\/www.fieam.org.br\/site\/senai\/\" target=\"_blank\" rel=\"noopener\">SENAI<\/a> e SENAC, dos quais 20 j\u00e1 est\u00e3o inseridos no mercado de trabalho, entre emprego formal, est\u00e1gio e aprendizagem. Mayara explica que a empregabilidade \u00e9 tratada com o jovem e a fam\u00edlia logo no in\u00edcio do programa, e que as parcerias com as empresas t\u00eam ajudado a tirar o jovem da situa\u00e7\u00e3o de vulnerabilidade mostrando outro caminho a seguir.<\/p>\n<p>A programa\u00e7\u00e3o desenvolvida durante o semin\u00e1rio constou de palestras, mesa redonda e rodada de neg\u00f3cios, al\u00e9m de apresenta\u00e7\u00e3o de pe\u00e7a teatral sobre os desafios da empregabilidade dos jovens, encenada por alunas do programa.<\/p>\n<p>O coordenador de Est\u00e1gios do <a href=\"http:\/\/www.fieam.org.br\/site\/iel\/\" target=\"_blank\" rel=\"noopener\">Instituto Euvaldo Lodi (IEL Amazonas)<\/a>, Jander Cavalcante, ao abordar o tema Est\u00e1gio e Mercado de Trabalho, disse que o est\u00e1gio \u00e9 o caminho para o emprego, mas que o mercado \u00e9 exigente e pede profissionais qualificados. Ele ressaltou que as empresas buscam a excel\u00eancia e que al\u00e9m do conhecimento t\u00e9cnico, o candidato deve ter bom relacionamento e saber trabalhar em equipe, entre outros itens exigidos.<\/p>\n<p>De acordo com Jander, dos 80 mil estudantes cadastrados, pelo menos 5,2 mil est\u00e3o estagiando. Segundo o coordenador, o aluno n\u00e3o deve ter medo de passar pelo processo seletivo e deve falar a verdade, mostrando interesse no est\u00e1gio, ter reda\u00e7\u00e3o pr\u00f3pria e conhecimento sobre inform\u00e1tica, al\u00e9m de conhecer as atividades desenvolvidas pela empresa. O sal\u00e1rio do estagi\u00e1rio hoje \u00e9 de R$ 520,00, para uma jornada de 6 horas. Ele recebe vale transporte e tem direito a f\u00e9rias regulares, entre outros benef\u00edcios, mas deve ter acima de 16 anos e cursar o ensino m\u00e9dio, t\u00e9cnico ou superior.<\/p>\n<p>&nbsp;<\/p>\n<p><b>Di\u00e1logo<\/b><\/p>\n<p>A coordenadora do Programa ViraVida, no Amazonas, Silvane Almeida, disse que o semin\u00e1rio foi idealizado pelos jovens do projeto, ap\u00f3s\u00a0 uma \u00a0A\u00e7\u00e3o Comunit\u00e1ria, no in\u00edcio do m\u00eas, na Vila da Felicidade, bairro Mauzinho, na zona Sul, com a realiza\u00e7\u00e3o de oficinas, como empregabilidade e de literatura, onde perceberam a necessidade de uma a\u00e7\u00e3o voltada para o mercado de trabalho.<\/p>\n<p>Silvane destacou o di\u00e1logo que os alunos tiveram com os representantes de empresas, na mesa redonda, e que tirou d\u00favidas em rela\u00e7\u00e3o a como se comportar nas entrevistas de emprego. O semin\u00e1rio, segundo ela, mostrou aos participantes a realidade do mercado de trabalho no Amazonas.<\/p>\n<p>Segundo Silvane, o projeto, que tem dura\u00e7\u00e3o de dois anos, come\u00e7a este m\u00eas uma nova turma. Os alunos que participaram do semin\u00e1rio, integram a segunda turma do ViraVida e est\u00e3o em fase de conclus\u00e3o dos cursos de qualifica\u00e7\u00e3o profissional, como gest\u00e3o e log\u00edstica, representante comercial e auxiliar administrativo.<\/p>\n<p>\u201cO projeto ViraVida \u00e9 respons\u00e1vel por uma grande mudan\u00e7a em minha vida\u201d, disse Cl\u00e1udia de Souza, de 18 anos, que acaba de passar no processo seletivo na Samsung Eletr\u00f4nica para menor aprendiz. Cl\u00e1udia disse que foi uma oportunidade muito grande participar do projeto e que cresceu como pessoa e adquiriu conhecimento, realizando v\u00e1rios cursos de qualifica\u00e7\u00e3o profissional.\u00a0 Ela destacou tamb\u00e9m o acompanhamento di\u00e1rio que teve de uma psic\u00f3loga, al\u00e9m dos benef\u00edcios de sa\u00fade e ajuda financeira para se manter no dia a dia e investir em outros cursos.\u00a0 A aluna disse ainda que em 2015 entra numa nova etapa em sua vida com o in\u00edcio do curso de psicologia.<\/p>\n<p><strong>\u00a0<strong>[nggallery id=153]<\/strong><strong><br \/>\n<\/strong><\/strong><\/p>\n","protected":false},"excerpt":{"rendered":"<p>A realidade do mercado de trabalho para os jovens, no Amazonas, e as a\u00e7\u00f5es para transformar a situa\u00e7\u00e3o de vulnerabilidade social em que a maioria se encontra, foram os temas discutidos nesta sexta-feira (7), no Semin\u00e1rio Regional do Programa ViraVida, na sede da Federa\u00e7\u00e3o das Ind\u00fastrias do Estado do Amazonas (FIEAM). Iniciativa do Conselho Nacional [&hellip;]<\/p>\n","protected":false},"author":1,"featured_media":0,"comment_status":"open","ping_status":"open","sticky":false,"template":"","format":"standard","meta":{"footnotes":""},"categories":[21,22],"tags":[],"class_list":["post-4398","post","type-post","status-publish","format-standard","hentry","category-news","category-news_destaque"],"yoast_head":"<!-- This site is optimized with the Yoast SEO plugin v26.8 - https:\/\/yoast.com\/product\/yoast-seo-wordpress\/ -->\n<title>Semin\u00e1rio discute mercado de trabalho para jovens do ViraVida - SENAI<\/title>\n<meta name=\"robots\" content=\"index, follow, max-snippet:-1, max-image-preview:large, max-video-preview:-1\" \/>\n<link rel=\"canonical\" href=\"https:\/\/fieam.org.br\/senai\/seminario-discute-mercado-de-trabalho-para-jovens-do-viravida\/\" \/>\n<meta property=\"og:locale\" content=\"pt_BR\" \/>\n<meta property=\"og:type\" content=\"article\" \/>\n<meta property=\"og:title\" content=\"Semin\u00e1rio discute mercado de trabalho para jovens do ViraVida - SENAI\" \/>\n<meta property=\"og:description\" content=\"A realidade do mercado de trabalho para os jovens, no Amazonas, e as a\u00e7\u00f5es para transformar a situa\u00e7\u00e3o de vulnerabilidade social em que a maioria se encontra, foram os temas discutidos nesta sexta-feira (7), no Semin\u00e1rio Regional do Programa ViraVida, na sede da Federa\u00e7\u00e3o das Ind\u00fastrias do Estado do Amazonas (FIEAM). Iniciativa do Conselho Nacional [&hellip;]\" \/>\n<meta property=\"og:url\" content=\"https:\/\/fieam.org.br\/senai\/seminario-discute-mercado-de-trabalho-para-jovens-do-viravida\/\" \/>\n<meta property=\"og:site_name\" content=\"SENAI\" \/>\n<meta property=\"article:published_time\" content=\"2014-11-12T20:17:28+00:00\" \/>\n<meta name=\"author\" content=\"Autor\" \/>\n<meta name=\"twitter:card\" content=\"summary_large_image\" \/>\n<meta name=\"twitter:label1\" content=\"Escrito por\" \/>\n\t<meta name=\"twitter:data1\" content=\"Autor\" \/>\n\t<meta name=\"twitter:label2\" content=\"Est. tempo de leitura\" \/>\n\t<meta name=\"twitter:data2\" content=\"4 minutos\" \/>\n<script type=\"application\/ld+json\" class=\"yoast-schema-graph\">{\"@context\":\"https:\/\/schema.org\",\"@graph\":[{\"@type\":\"Article\",\"@id\":\"https:\/\/fieam.org.br\/senai\/seminario-discute-mercado-de-trabalho-para-jovens-do-viravida\/#article\",\"isPartOf\":{\"@id\":\"https:\/\/fieam.org.br\/senai\/seminario-discute-mercado-de-trabalho-para-jovens-do-viravida\/\"},\"author\":{\"name\":\"Autor\",\"@id\":\"https:\/\/fieam.org.br\/senai\/#\/schema\/person\/c1ceda8321521b291cee22da0a7d34be\"},\"headline\":\"Semin\u00e1rio discute mercado de trabalho para jovens do ViraVida\",\"datePublished\":\"2014-11-12T20:17:28+00:00\",\"mainEntityOfPage\":{\"@id\":\"https:\/\/fieam.org.br\/senai\/seminario-discute-mercado-de-trabalho-para-jovens-do-viravida\/\"},\"wordCount\":758,\"commentCount\":0,\"publisher\":{\"@id\":\"https:\/\/fieam.org.br\/senai\/#organization\"},\"articleSection\":[\"News\",\"News Destaques\"],\"inLanguage\":\"pt-BR\",\"potentialAction\":[{\"@type\":\"CommentAction\",\"name\":\"Comment\",\"target\":[\"https:\/\/fieam.org.br\/senai\/seminario-discute-mercado-de-trabalho-para-jovens-do-viravida\/#respond\"]}]},{\"@type\":\"WebPage\",\"@id\":\"https:\/\/fieam.org.br\/senai\/seminario-discute-mercado-de-trabalho-para-jovens-do-viravida\/\",\"url\":\"https:\/\/fieam.org.br\/senai\/seminario-discute-mercado-de-trabalho-para-jovens-do-viravida\/\",\"name\":\"Semin\u00e1rio discute mercado de trabalho para jovens do ViraVida - SENAI\",\"isPartOf\":{\"@id\":\"https:\/\/fieam.org.br\/senai\/#website\"},\"datePublished\":\"2014-11-12T20:17:28+00:00\",\"breadcrumb\":{\"@id\":\"https:\/\/fieam.org.br\/senai\/seminario-discute-mercado-de-trabalho-para-jovens-do-viravida\/#breadcrumb\"},\"inLanguage\":\"pt-BR\",\"potentialAction\":[{\"@type\":\"ReadAction\",\"target\":[\"https:\/\/fieam.org.br\/senai\/seminario-discute-mercado-de-trabalho-para-jovens-do-viravida\/\"]}]},{\"@type\":\"BreadcrumbList\",\"@id\":\"https:\/\/fieam.org.br\/senai\/seminario-discute-mercado-de-trabalho-para-jovens-do-viravida\/#breadcrumb\",\"itemListElement\":[{\"@type\":\"ListItem\",\"position\":1,\"name\":\"In\u00edcio\",\"item\":\"https:\/\/fieam.org.br\/senai\/\"},{\"@type\":\"ListItem\",\"position\":2,\"name\":\"Semin\u00e1rio discute mercado de trabalho para jovens do ViraVida\"}]},{\"@type\":\"WebSite\",\"@id\":\"https:\/\/fieam.org.br\/senai\/#website\",\"url\":\"https:\/\/fieam.org.br\/senai\/\",\"name\":\"SENAI\",\"description\":\"Site Oficial!\",\"publisher\":{\"@id\":\"https:\/\/fieam.org.br\/senai\/#organization\"},\"potentialAction\":[{\"@type\":\"SearchAction\",\"target\":{\"@type\":\"EntryPoint\",\"urlTemplate\":\"https:\/\/fieam.org.br\/senai\/?s={search_term_string}\"},\"query-input\":{\"@type\":\"PropertyValueSpecification\",\"valueRequired\":true,\"valueName\":\"search_term_string\"}}],\"inLanguage\":\"pt-BR\"},{\"@type\":\"Organization\",\"@id\":\"https:\/\/fieam.org.br\/senai\/#organization\",\"name\":\"SENAI\",\"url\":\"https:\/\/fieam.org.br\/senai\/\",\"logo\":{\"@type\":\"ImageObject\",\"inLanguage\":\"pt-BR\",\"@id\":\"https:\/\/fieam.org.br\/senai\/#\/schema\/logo\/image\/\",\"url\":\"https:\/\/fieam.org.br\/senai\/wp-content\/uploads\/sites\/16\/2024\/03\/cropped-fav.png\",\"contentUrl\":\"https:\/\/fieam.org.br\/senai\/wp-content\/uploads\/sites\/16\/2024\/03\/cropped-fav.png\",\"width\":592,\"height\":577,\"caption\":\"SENAI\"},\"image\":{\"@id\":\"https:\/\/fieam.org.br\/senai\/#\/schema\/logo\/image\/\"}},{\"@type\":\"Person\",\"@id\":\"https:\/\/fieam.org.br\/senai\/#\/schema\/person\/c1ceda8321521b291cee22da0a7d34be\",\"name\":\"Autor\",\"image\":{\"@type\":\"ImageObject\",\"inLanguage\":\"pt-BR\",\"@id\":\"https:\/\/fieam.org.br\/senai\/#\/schema\/person\/image\/\",\"url\":\"https:\/\/secure.gravatar.com\/avatar\/3732c223e0e1fad69062a8f770955c9068d37b055204f310a0be18d4069fe380?s=96&d=mm&r=g\",\"contentUrl\":\"https:\/\/secure.gravatar.com\/avatar\/3732c223e0e1fad69062a8f770955c9068d37b055204f310a0be18d4069fe380?s=96&d=mm&r=g\",\"caption\":\"Autor\"},\"sameAs\":[\"https:\/\/marketingmassivo.com.br\"],\"url\":\"https:\/\/fieam.org.br\/senai\/author\/admin\/\"}]}<\/script>\n<!-- \/ Yoast SEO plugin. -->","yoast_head_json":{"title":"Semin\u00e1rio discute mercado de trabalho para jovens do ViraVida - SENAI","robots":{"index":"index","follow":"follow","max-snippet":"max-snippet:-1","max-image-preview":"max-image-preview:large","max-video-preview":"max-video-preview:-1"},"canonical":"https:\/\/fieam.org.br\/senai\/seminario-discute-mercado-de-trabalho-para-jovens-do-viravida\/","og_locale":"pt_BR","og_type":"article","og_title":"Semin\u00e1rio discute mercado de trabalho para jovens do ViraVida - SENAI","og_description":"A realidade do mercado de trabalho para os jovens, no Amazonas, e as a\u00e7\u00f5es para transformar a situa\u00e7\u00e3o de vulnerabilidade social em que a maioria se encontra, foram os temas discutidos nesta sexta-feira (7), no Semin\u00e1rio Regional do Programa ViraVida, na sede da Federa\u00e7\u00e3o das Ind\u00fastrias do Estado do Amazonas (FIEAM). Iniciativa do Conselho Nacional [&hellip;]","og_url":"https:\/\/fieam.org.br\/senai\/seminario-discute-mercado-de-trabalho-para-jovens-do-viravida\/","og_site_name":"SENAI","article_published_time":"2014-11-12T20:17:28+00:00","author":"Autor","twitter_card":"summary_large_image","twitter_misc":{"Escrito por":"Autor","Est. tempo de leitura":"4 minutos"},"schema":{"@context":"https:\/\/schema.org","@graph":[{"@type":"Article","@id":"https:\/\/fieam.org.br\/senai\/seminario-discute-mercado-de-trabalho-para-jovens-do-viravida\/#article","isPartOf":{"@id":"https:\/\/fieam.org.br\/senai\/seminario-discute-mercado-de-trabalho-para-jovens-do-viravida\/"},"author":{"name":"Autor","@id":"https:\/\/fieam.org.br\/senai\/#\/schema\/person\/c1ceda8321521b291cee22da0a7d34be"},"headline":"Semin\u00e1rio discute mercado de trabalho para jovens do ViraVida","datePublished":"2014-11-12T20:17:28+00:00","mainEntityOfPage":{"@id":"https:\/\/fieam.org.br\/senai\/seminario-discute-mercado-de-trabalho-para-jovens-do-viravida\/"},"wordCount":758,"commentCount":0,"publisher":{"@id":"https:\/\/fieam.org.br\/senai\/#organization"},"articleSection":["News","News Destaques"],"inLanguage":"pt-BR","potentialAction":[{"@type":"CommentAction","name":"Comment","target":["https:\/\/fieam.org.br\/senai\/seminario-discute-mercado-de-trabalho-para-jovens-do-viravida\/#respond"]}]},{"@type":"WebPage","@id":"https:\/\/fieam.org.br\/senai\/seminario-discute-mercado-de-trabalho-para-jovens-do-viravida\/","url":"https:\/\/fieam.org.br\/senai\/seminario-discute-mercado-de-trabalho-para-jovens-do-viravida\/","name":"Semin\u00e1rio discute mercado de trabalho para jovens do ViraVida - SENAI","isPartOf":{"@id":"https:\/\/fieam.org.br\/senai\/#website"},"datePublished":"2014-11-12T20:17:28+00:00","breadcrumb":{"@id":"https:\/\/fieam.org.br\/senai\/seminario-discute-mercado-de-trabalho-para-jovens-do-viravida\/#breadcrumb"},"inLanguage":"pt-BR","potentialAction":[{"@type":"ReadAction","target":["https:\/\/fieam.org.br\/senai\/seminario-discute-mercado-de-trabalho-para-jovens-do-viravida\/"]}]},{"@type":"BreadcrumbList","@id":"https:\/\/fieam.org.br\/senai\/seminario-discute-mercado-de-trabalho-para-jovens-do-viravida\/#breadcrumb","itemListElement":[{"@type":"ListItem","position":1,"name":"In\u00edcio","item":"https:\/\/fieam.org.br\/senai\/"},{"@type":"ListItem","position":2,"name":"Semin\u00e1rio discute mercado de trabalho para jovens do ViraVida"}]},{"@type":"WebSite","@id":"https:\/\/fieam.org.br\/senai\/#website","url":"https:\/\/fieam.org.br\/senai\/","name":"SENAI","description":"Site Oficial!","publisher":{"@id":"https:\/\/fieam.org.br\/senai\/#organization"},"potentialAction":[{"@type":"SearchAction","target":{"@type":"EntryPoint","urlTemplate":"https:\/\/fieam.org.br\/senai\/?s={search_term_string}"},"query-input":{"@type":"PropertyValueSpecification","valueRequired":true,"valueName":"search_term_string"}}],"inLanguage":"pt-BR"},{"@type":"Organization","@id":"https:\/\/fieam.org.br\/senai\/#organization","name":"SENAI","url":"https:\/\/fieam.org.br\/senai\/","logo":{"@type":"ImageObject","inLanguage":"pt-BR","@id":"https:\/\/fieam.org.br\/senai\/#\/schema\/logo\/image\/","url":"https:\/\/fieam.org.br\/senai\/wp-content\/uploads\/sites\/16\/2024\/03\/cropped-fav.png","contentUrl":"https:\/\/fieam.org.br\/senai\/wp-content\/uploads\/sites\/16\/2024\/03\/cropped-fav.png","width":592,"height":577,"caption":"SENAI"},"image":{"@id":"https:\/\/fieam.org.br\/senai\/#\/schema\/logo\/image\/"}},{"@type":"Person","@id":"https:\/\/fieam.org.br\/senai\/#\/schema\/person\/c1ceda8321521b291cee22da0a7d34be","name":"Autor","image":{"@type":"ImageObject","inLanguage":"pt-BR","@id":"https:\/\/fieam.org.br\/senai\/#\/schema\/person\/image\/","url":"https:\/\/secure.gravatar.com\/avatar\/3732c223e0e1fad69062a8f770955c9068d37b055204f310a0be18d4069fe380?s=96&d=mm&r=g","contentUrl":"https:\/\/secure.gravatar.com\/avatar\/3732c223e0e1fad69062a8f770955c9068d37b055204f310a0be18d4069fe380?s=96&d=mm&r=g","caption":"Autor"},"sameAs":["https:\/\/marketingmassivo.com.br"],"url":"https:\/\/fieam.org.br\/senai\/author\/admin\/"}]}},"_links":{"self":[{"href":"https:\/\/fieam.org.br\/senai\/wp-json\/wp\/v2\/posts\/4398","targetHints":{"allow":["GET"]}}],"collection":[{"href":"https:\/\/fieam.org.br\/senai\/wp-json\/wp\/v2\/posts"}],"about":[{"href":"https:\/\/fieam.org.br\/senai\/wp-json\/wp\/v2\/types\/post"}],"author":[{"embeddable":true,"href":"https:\/\/fieam.org.br\/senai\/wp-json\/wp\/v2\/users\/1"}],"replies":[{"embeddable":true,"href":"https:\/\/fieam.org.br\/senai\/wp-json\/wp\/v2\/comments?post=4398"}],"version-history":[{"count":0,"href":"https:\/\/fieam.org.br\/senai\/wp-json\/wp\/v2\/posts\/4398\/revisions"}],"wp:attachment":[{"href":"https:\/\/fieam.org.br\/senai\/wp-json\/wp\/v2\/media?parent=4398"}],"wp:term":[{"taxonomy":"category","embeddable":true,"href":"https:\/\/fieam.org.br\/senai\/wp-json\/wp\/v2\/categories?post=4398"},{"taxonomy":"post_tag","embeddable":true,"href":"https:\/\/fieam.org.br\/senai\/wp-json\/wp\/v2\/tags?post=4398"}],"curies":[{"name":"wp","href":"https:\/\/api.w.org\/{rel}","templated":true}]}}