{"id":4388,"date":"2014-11-12T12:06:29","date_gmt":"2014-11-12T12:06:29","guid":{"rendered":"http:\/\/www.fieam.org.br\/site\/senai\/?p=4388"},"modified":"2014-11-12T12:06:29","modified_gmt":"2014-11-12T12:06:29","slug":"mundo-senai-2014","status":"publish","type":"post","link":"https:\/\/fieam.org.br\/senai\/mundo-senai-2014\/","title":{"rendered":"Mundo SENAI 2014"},"content":{"rendered":"<p align=\"center\"><b>SENAI abre para visita\u00e7\u00e3o p\u00fablica<\/b><\/p>\n<p style=\"text-align: left\" align=\"center\"><b>\u00a0<\/b><\/p>\n<p>Dez unidades do Servi\u00e7o Nacional de Aprendizagem Industrial (SENAI Amazonas) abrem as portas para um dia de visita\u00e7\u00e3o a seus ambientes de ensino, aprendizagem e transfer\u00eancia tecnol\u00f3gica, no pr\u00f3ximo dia 19, das 8h30 \u00e0s 17h. A iniciativa faz parte da programa\u00e7\u00e3o nacional da institui\u00e7\u00e3o, Mundo SENAI, que nos outros 26 Departamentos Regionais ocorrer\u00e1 nos dias 21 e 22.<\/p>\n<p>Segundo o diretor do SENAI Amazonas, Aldemurpe Barros, o evento focar\u00e1 em diversos p\u00fablicos de interesse com a inten\u00e7\u00e3o de apresentar os caminhos que a institui\u00e7\u00e3o oferece para promover a melhor forma\u00e7\u00e3o profissional e tecnol\u00f3gica, a inova\u00e7\u00e3o e a transfer\u00eancia de tecnologias industriais, al\u00e9m de proporcionar intera\u00e7\u00e3o num ambiente ideal para conhecer o universo do SENAI e as profiss\u00f5es correlatas do mercado de trabalho.<\/p>\n<p>Nesta 6\u00aa edi\u00e7\u00e3o, o SENAI Amazonas vai inaugurar o Laborat\u00f3rio Aberto, um espa\u00e7o para o desenvolvimento de prot\u00f3tipos eletr\u00f4nicos, consultorias, capacita\u00e7\u00e3o e trocas de ideias entre t\u00e9cnicos, empreendedores e investidores, implantado na Escola SENAI Ant\u00f4nio Siom\u00f5es, no Distrito Industrial.<\/p>\n<p>H\u00e1 cinco anos, o Departamento Regional do SENAI Amazonas participa desta mobiliza\u00e7\u00e3o direcionada para estudantes, crian\u00e7as, jovens, adultos e organiza\u00e7\u00f5es parceiras, atingindo o prop\u00f3sito de apresentar o leque de cursos e servi\u00e7os oferecidos \u00e0 ind\u00fastria amazonense e \u00e0 comunidade em geral.<\/p>\n<p>Os coordenadores do Mundo SENAI no Amazonas esperam receber cerca de 5 mil visitantes, ultrapassando o p\u00fablico de 4.550 que compareceu nas unidades do SENAI Amazonas em 2013.<\/p>\n<p>As visita\u00e7\u00f5es e explica\u00e7\u00f5es sobre cursos, servi\u00e7os t\u00e9cnicos e tecnol\u00f3gicos, e sobre as profiss\u00f5es demandadas pelo Polo Industrial de Manaus (PIM) ser\u00e3o realizadas nas unidades do SENAI do Distrito Industrial (Escolas Ant\u00f4nio Sim\u00f5es e de A\u00e7\u00f5es M\u00f3veis e Comunit\u00e1rias, localizadas na Avenida Rodrigo Ot\u00e1vio, 2394, e Dem\u00f3stenes Travessa, na Avenida Rodrigo Ot\u00e1vio, 510), no bairro Cachoeirinha (Escola Waldemiro Lustoza, Avenida Carvalho Leal, 555), e no Alvorada I, no Centro Integrado do Trabalhador Dolores Garcia, situado na Rua Vivaldo Lima, 361, bem como nas Ag\u00eancias de Treinamento dos munic\u00edpios de Iranduba, Parintins, Itacoatiara, Coari e no barco-escola Sama\u00fama, que est\u00e1 aportado no Amap\u00e1.<\/p>\n<p>Mais informa\u00e7\u00f5es sobre a programa\u00e7\u00e3o do Mundo SENAI no Amazonas pelo site <a href=\"mailto:mundosenai@am.senai.br\" target=\"_blank\" rel=\"noopener\">mundosenai@am.senai.br<\/a> ou pelos telefones 3182-9971\/9972.<\/p>\n<p>&nbsp;<\/p>\n<p>&nbsp;<\/p>\n<p><b><i>Laborat\u00f3rio Aberto do SENAI Amazonas<\/i><\/b><\/p>\n<p><b><i>\u00a0<\/i><\/b><\/p>\n<p>O Laborat\u00f3rio Aberto \u00e9 destinado a empresas <i>startups <\/i>instaladas em incubadoras, empreendedores e empresas individuais com registro de Microempreendedor Individual (MEI). As a\u00e7\u00f5es e os servi\u00e7os neste novo espa\u00e7o do SENAI ser\u00e3o oferecidos \u00e0 ind\u00fastria amazonense por meio de parceria com a Confedera\u00e7\u00e3o Nacional da Ind\u00fastria (CNI), Minist\u00e9rio da Ci\u00eancia, Tecnologia e Inova\u00e7\u00e3o (MCTI), Servi\u00e7o Brasileiro de Apoio \u00e0s Micro e Pequenas Empresas (Sebrae).<\/p>\n<p>A proposta do Laborat\u00f3rio Aberto \u00e9 facilitar o acesso a equipamentos, softwares e centros de aprendizagem a novos empreendedores, fomentando assim o avan\u00e7o brasileiro na competitividade e sustentabilidade da ind\u00fastria nacional.<\/p>\n<p>&nbsp;<\/p>\n<p><strong>[nggallery id=152]<\/strong><\/p>\n","protected":false},"excerpt":{"rendered":"<p>SENAI abre para visita\u00e7\u00e3o p\u00fablica \u00a0 Dez unidades do Servi\u00e7o Nacional de Aprendizagem Industrial (SENAI Amazonas) abrem as portas para um dia de visita\u00e7\u00e3o a seus ambientes de ensino, aprendizagem e transfer\u00eancia tecnol\u00f3gica, no pr\u00f3ximo dia 19, das 8h30 \u00e0s 17h. A iniciativa faz parte da programa\u00e7\u00e3o nacional da institui\u00e7\u00e3o, Mundo SENAI, que nos outros [&hellip;]<\/p>\n","protected":false},"author":1,"featured_media":0,"comment_status":"open","ping_status":"open","sticky":false,"template":"","format":"standard","meta":{"footnotes":""},"categories":[21,22],"tags":[],"class_list":["post-4388","post","type-post","status-publish","format-standard","hentry","category-news","category-news_destaque"],"yoast_head":"<!-- This site is optimized with the Yoast SEO plugin v26.8 - https:\/\/yoast.com\/product\/yoast-seo-wordpress\/ -->\n<title>Mundo SENAI 2014 - SENAI<\/title>\n<meta name=\"robots\" content=\"index, follow, max-snippet:-1, max-image-preview:large, max-video-preview:-1\" \/>\n<link rel=\"canonical\" href=\"https:\/\/fieam.org.br\/senai\/mundo-senai-2014\/\" \/>\n<meta property=\"og:locale\" content=\"pt_BR\" \/>\n<meta property=\"og:type\" content=\"article\" \/>\n<meta property=\"og:title\" content=\"Mundo SENAI 2014 - SENAI\" \/>\n<meta property=\"og:description\" content=\"SENAI abre para visita\u00e7\u00e3o p\u00fablica \u00a0 Dez unidades do Servi\u00e7o Nacional de Aprendizagem Industrial (SENAI Amazonas) abrem as portas para um dia de visita\u00e7\u00e3o a seus ambientes de ensino, aprendizagem e transfer\u00eancia tecnol\u00f3gica, no pr\u00f3ximo dia 19, das 8h30 \u00e0s 17h. A iniciativa faz parte da programa\u00e7\u00e3o nacional da institui\u00e7\u00e3o, Mundo SENAI, que nos outros [&hellip;]\" \/>\n<meta property=\"og:url\" content=\"https:\/\/fieam.org.br\/senai\/mundo-senai-2014\/\" \/>\n<meta property=\"og:site_name\" content=\"SENAI\" \/>\n<meta property=\"article:published_time\" content=\"2014-11-12T12:06:29+00:00\" \/>\n<meta name=\"author\" content=\"Autor\" \/>\n<meta name=\"twitter:card\" content=\"summary_large_image\" \/>\n<meta name=\"twitter:label1\" content=\"Escrito por\" \/>\n\t<meta name=\"twitter:data1\" content=\"Autor\" \/>\n\t<meta name=\"twitter:label2\" content=\"Est. tempo de leitura\" \/>\n\t<meta name=\"twitter:data2\" content=\"3 minutos\" \/>\n<script type=\"application\/ld+json\" class=\"yoast-schema-graph\">{\"@context\":\"https:\/\/schema.org\",\"@graph\":[{\"@type\":\"Article\",\"@id\":\"https:\/\/fieam.org.br\/senai\/mundo-senai-2014\/#article\",\"isPartOf\":{\"@id\":\"https:\/\/fieam.org.br\/senai\/mundo-senai-2014\/\"},\"author\":{\"name\":\"Autor\",\"@id\":\"https:\/\/fieam.org.br\/senai\/#\/schema\/person\/c1ceda8321521b291cee22da0a7d34be\"},\"headline\":\"Mundo SENAI 2014\",\"datePublished\":\"2014-11-12T12:06:29+00:00\",\"mainEntityOfPage\":{\"@id\":\"https:\/\/fieam.org.br\/senai\/mundo-senai-2014\/\"},\"wordCount\":518,\"commentCount\":0,\"publisher\":{\"@id\":\"https:\/\/fieam.org.br\/senai\/#organization\"},\"articleSection\":[\"News\",\"News Destaques\"],\"inLanguage\":\"pt-BR\",\"potentialAction\":[{\"@type\":\"CommentAction\",\"name\":\"Comment\",\"target\":[\"https:\/\/fieam.org.br\/senai\/mundo-senai-2014\/#respond\"]}]},{\"@type\":\"WebPage\",\"@id\":\"https:\/\/fieam.org.br\/senai\/mundo-senai-2014\/\",\"url\":\"https:\/\/fieam.org.br\/senai\/mundo-senai-2014\/\",\"name\":\"Mundo SENAI 2014 - SENAI\",\"isPartOf\":{\"@id\":\"https:\/\/fieam.org.br\/senai\/#website\"},\"datePublished\":\"2014-11-12T12:06:29+00:00\",\"breadcrumb\":{\"@id\":\"https:\/\/fieam.org.br\/senai\/mundo-senai-2014\/#breadcrumb\"},\"inLanguage\":\"pt-BR\",\"potentialAction\":[{\"@type\":\"ReadAction\",\"target\":[\"https:\/\/fieam.org.br\/senai\/mundo-senai-2014\/\"]}]},{\"@type\":\"BreadcrumbList\",\"@id\":\"https:\/\/fieam.org.br\/senai\/mundo-senai-2014\/#breadcrumb\",\"itemListElement\":[{\"@type\":\"ListItem\",\"position\":1,\"name\":\"In\u00edcio\",\"item\":\"https:\/\/fieam.org.br\/senai\/\"},{\"@type\":\"ListItem\",\"position\":2,\"name\":\"Mundo SENAI 2014\"}]},{\"@type\":\"WebSite\",\"@id\":\"https:\/\/fieam.org.br\/senai\/#website\",\"url\":\"https:\/\/fieam.org.br\/senai\/\",\"name\":\"SENAI\",\"description\":\"Site Oficial!\",\"publisher\":{\"@id\":\"https:\/\/fieam.org.br\/senai\/#organization\"},\"potentialAction\":[{\"@type\":\"SearchAction\",\"target\":{\"@type\":\"EntryPoint\",\"urlTemplate\":\"https:\/\/fieam.org.br\/senai\/?s={search_term_string}\"},\"query-input\":{\"@type\":\"PropertyValueSpecification\",\"valueRequired\":true,\"valueName\":\"search_term_string\"}}],\"inLanguage\":\"pt-BR\"},{\"@type\":\"Organization\",\"@id\":\"https:\/\/fieam.org.br\/senai\/#organization\",\"name\":\"SENAI\",\"url\":\"https:\/\/fieam.org.br\/senai\/\",\"logo\":{\"@type\":\"ImageObject\",\"inLanguage\":\"pt-BR\",\"@id\":\"https:\/\/fieam.org.br\/senai\/#\/schema\/logo\/image\/\",\"url\":\"https:\/\/fieam.org.br\/senai\/wp-content\/uploads\/sites\/16\/2024\/03\/cropped-fav.png\",\"contentUrl\":\"https:\/\/fieam.org.br\/senai\/wp-content\/uploads\/sites\/16\/2024\/03\/cropped-fav.png\",\"width\":592,\"height\":577,\"caption\":\"SENAI\"},\"image\":{\"@id\":\"https:\/\/fieam.org.br\/senai\/#\/schema\/logo\/image\/\"}},{\"@type\":\"Person\",\"@id\":\"https:\/\/fieam.org.br\/senai\/#\/schema\/person\/c1ceda8321521b291cee22da0a7d34be\",\"name\":\"Autor\",\"image\":{\"@type\":\"ImageObject\",\"inLanguage\":\"pt-BR\",\"@id\":\"https:\/\/fieam.org.br\/senai\/#\/schema\/person\/image\/\",\"url\":\"https:\/\/secure.gravatar.com\/avatar\/3732c223e0e1fad69062a8f770955c9068d37b055204f310a0be18d4069fe380?s=96&d=mm&r=g\",\"contentUrl\":\"https:\/\/secure.gravatar.com\/avatar\/3732c223e0e1fad69062a8f770955c9068d37b055204f310a0be18d4069fe380?s=96&d=mm&r=g\",\"caption\":\"Autor\"},\"sameAs\":[\"https:\/\/marketingmassivo.com.br\"],\"url\":\"https:\/\/fieam.org.br\/senai\/author\/admin\/\"}]}<\/script>\n<!-- \/ Yoast SEO plugin. -->","yoast_head_json":{"title":"Mundo SENAI 2014 - SENAI","robots":{"index":"index","follow":"follow","max-snippet":"max-snippet:-1","max-image-preview":"max-image-preview:large","max-video-preview":"max-video-preview:-1"},"canonical":"https:\/\/fieam.org.br\/senai\/mundo-senai-2014\/","og_locale":"pt_BR","og_type":"article","og_title":"Mundo SENAI 2014 - SENAI","og_description":"SENAI abre para visita\u00e7\u00e3o p\u00fablica \u00a0 Dez unidades do Servi\u00e7o Nacional de Aprendizagem Industrial (SENAI Amazonas) abrem as portas para um dia de visita\u00e7\u00e3o a seus ambientes de ensino, aprendizagem e transfer\u00eancia tecnol\u00f3gica, no pr\u00f3ximo dia 19, das 8h30 \u00e0s 17h. A iniciativa faz parte da programa\u00e7\u00e3o nacional da institui\u00e7\u00e3o, Mundo SENAI, que nos outros [&hellip;]","og_url":"https:\/\/fieam.org.br\/senai\/mundo-senai-2014\/","og_site_name":"SENAI","article_published_time":"2014-11-12T12:06:29+00:00","author":"Autor","twitter_card":"summary_large_image","twitter_misc":{"Escrito por":"Autor","Est. tempo de leitura":"3 minutos"},"schema":{"@context":"https:\/\/schema.org","@graph":[{"@type":"Article","@id":"https:\/\/fieam.org.br\/senai\/mundo-senai-2014\/#article","isPartOf":{"@id":"https:\/\/fieam.org.br\/senai\/mundo-senai-2014\/"},"author":{"name":"Autor","@id":"https:\/\/fieam.org.br\/senai\/#\/schema\/person\/c1ceda8321521b291cee22da0a7d34be"},"headline":"Mundo SENAI 2014","datePublished":"2014-11-12T12:06:29+00:00","mainEntityOfPage":{"@id":"https:\/\/fieam.org.br\/senai\/mundo-senai-2014\/"},"wordCount":518,"commentCount":0,"publisher":{"@id":"https:\/\/fieam.org.br\/senai\/#organization"},"articleSection":["News","News Destaques"],"inLanguage":"pt-BR","potentialAction":[{"@type":"CommentAction","name":"Comment","target":["https:\/\/fieam.org.br\/senai\/mundo-senai-2014\/#respond"]}]},{"@type":"WebPage","@id":"https:\/\/fieam.org.br\/senai\/mundo-senai-2014\/","url":"https:\/\/fieam.org.br\/senai\/mundo-senai-2014\/","name":"Mundo SENAI 2014 - SENAI","isPartOf":{"@id":"https:\/\/fieam.org.br\/senai\/#website"},"datePublished":"2014-11-12T12:06:29+00:00","breadcrumb":{"@id":"https:\/\/fieam.org.br\/senai\/mundo-senai-2014\/#breadcrumb"},"inLanguage":"pt-BR","potentialAction":[{"@type":"ReadAction","target":["https:\/\/fieam.org.br\/senai\/mundo-senai-2014\/"]}]},{"@type":"BreadcrumbList","@id":"https:\/\/fieam.org.br\/senai\/mundo-senai-2014\/#breadcrumb","itemListElement":[{"@type":"ListItem","position":1,"name":"In\u00edcio","item":"https:\/\/fieam.org.br\/senai\/"},{"@type":"ListItem","position":2,"name":"Mundo SENAI 2014"}]},{"@type":"WebSite","@id":"https:\/\/fieam.org.br\/senai\/#website","url":"https:\/\/fieam.org.br\/senai\/","name":"SENAI","description":"Site Oficial!","publisher":{"@id":"https:\/\/fieam.org.br\/senai\/#organization"},"potentialAction":[{"@type":"SearchAction","target":{"@type":"EntryPoint","urlTemplate":"https:\/\/fieam.org.br\/senai\/?s={search_term_string}"},"query-input":{"@type":"PropertyValueSpecification","valueRequired":true,"valueName":"search_term_string"}}],"inLanguage":"pt-BR"},{"@type":"Organization","@id":"https:\/\/fieam.org.br\/senai\/#organization","name":"SENAI","url":"https:\/\/fieam.org.br\/senai\/","logo":{"@type":"ImageObject","inLanguage":"pt-BR","@id":"https:\/\/fieam.org.br\/senai\/#\/schema\/logo\/image\/","url":"https:\/\/fieam.org.br\/senai\/wp-content\/uploads\/sites\/16\/2024\/03\/cropped-fav.png","contentUrl":"https:\/\/fieam.org.br\/senai\/wp-content\/uploads\/sites\/16\/2024\/03\/cropped-fav.png","width":592,"height":577,"caption":"SENAI"},"image":{"@id":"https:\/\/fieam.org.br\/senai\/#\/schema\/logo\/image\/"}},{"@type":"Person","@id":"https:\/\/fieam.org.br\/senai\/#\/schema\/person\/c1ceda8321521b291cee22da0a7d34be","name":"Autor","image":{"@type":"ImageObject","inLanguage":"pt-BR","@id":"https:\/\/fieam.org.br\/senai\/#\/schema\/person\/image\/","url":"https:\/\/secure.gravatar.com\/avatar\/3732c223e0e1fad69062a8f770955c9068d37b055204f310a0be18d4069fe380?s=96&d=mm&r=g","contentUrl":"https:\/\/secure.gravatar.com\/avatar\/3732c223e0e1fad69062a8f770955c9068d37b055204f310a0be18d4069fe380?s=96&d=mm&r=g","caption":"Autor"},"sameAs":["https:\/\/marketingmassivo.com.br"],"url":"https:\/\/fieam.org.br\/senai\/author\/admin\/"}]}},"_links":{"self":[{"href":"https:\/\/fieam.org.br\/senai\/wp-json\/wp\/v2\/posts\/4388","targetHints":{"allow":["GET"]}}],"collection":[{"href":"https:\/\/fieam.org.br\/senai\/wp-json\/wp\/v2\/posts"}],"about":[{"href":"https:\/\/fieam.org.br\/senai\/wp-json\/wp\/v2\/types\/post"}],"author":[{"embeddable":true,"href":"https:\/\/fieam.org.br\/senai\/wp-json\/wp\/v2\/users\/1"}],"replies":[{"embeddable":true,"href":"https:\/\/fieam.org.br\/senai\/wp-json\/wp\/v2\/comments?post=4388"}],"version-history":[{"count":0,"href":"https:\/\/fieam.org.br\/senai\/wp-json\/wp\/v2\/posts\/4388\/revisions"}],"wp:attachment":[{"href":"https:\/\/fieam.org.br\/senai\/wp-json\/wp\/v2\/media?parent=4388"}],"wp:term":[{"taxonomy":"category","embeddable":true,"href":"https:\/\/fieam.org.br\/senai\/wp-json\/wp\/v2\/categories?post=4388"},{"taxonomy":"post_tag","embeddable":true,"href":"https:\/\/fieam.org.br\/senai\/wp-json\/wp\/v2\/tags?post=4388"}],"curies":[{"name":"wp","href":"https:\/\/api.w.org\/{rel}","templated":true}]}}