{"id":4297,"date":"2014-10-28T21:24:03","date_gmt":"2014-10-28T21:24:03","guid":{"rendered":"http:\/\/www.fieam.org.br\/site\/senai\/?p=4297"},"modified":"2014-10-28T21:24:03","modified_gmt":"2014-10-28T21:24:03","slug":"senai-comemora-dia-nacional-do-livro","status":"publish","type":"post","link":"https:\/\/fieam.org.br\/senai\/senai-comemora-dia-nacional-do-livro\/","title":{"rendered":"SENAI comemora Dia Nacional do Livro"},"content":{"rendered":"<p><a href=\"http:\/\/www.fieam.org.br\/site\/senai\/files\/2014\/10\/SENAI-FLYER-DIA-NACIONAL-DO-LIVRO-20143.jpg\"><img fetchpriority=\"high\" decoding=\"async\" class=\"alignleft size-medium wp-image-4298\" alt=\"SENAI - FLYER DIA NACIONAL DO LIVRO 20143\" src=\"http:\/\/www.fieam.org.br\/site\/senai\/files\/2014\/10\/SENAI-FLYER-DIA-NACIONAL-DO-LIVRO-20143-212x300.jpg\" width=\"212\" height=\"300\" srcset=\"https:\/\/fieam.org.br\/senai\/wp-content\/uploads\/sites\/16\/2014\/10\/SENAI-FLYER-DIA-NACIONAL-DO-LIVRO-20143-212x300.jpg 212w, https:\/\/fieam.org.br\/senai\/wp-content\/uploads\/sites\/16\/2014\/10\/SENAI-FLYER-DIA-NACIONAL-DO-LIVRO-20143-724x1024.jpg 724w, https:\/\/fieam.org.br\/senai\/wp-content\/uploads\/sites\/16\/2014\/10\/SENAI-FLYER-DIA-NACIONAL-DO-LIVRO-20143-768x1086.jpg 768w, https:\/\/fieam.org.br\/senai\/wp-content\/uploads\/sites\/16\/2014\/10\/SENAI-FLYER-DIA-NACIONAL-DO-LIVRO-20143-1086x1536.jpg 1086w, https:\/\/fieam.org.br\/senai\/wp-content\/uploads\/sites\/16\/2014\/10\/SENAI-FLYER-DIA-NACIONAL-DO-LIVRO-20143-1448x2048.jpg 1448w, https:\/\/fieam.org.br\/senai\/wp-content\/uploads\/sites\/16\/2014\/10\/SENAI-FLYER-DIA-NACIONAL-DO-LIVRO-20143.jpg 1654w\" sizes=\"(max-width: 212px) 100vw, 212px\" \/><\/a>Com o tema \u201cNessa viagem, imagina\u00e7\u00e3o e conhecimento est\u00e3o garantidos\u201d, o\u00a0<a href=\"http:\/\/www.fieam.org.br\/site\/senai\" target=\"_blank\" rel=\"noopener\">Servi\u00e7o Nacional de Aprendizagem Industrial\u00a0 (SENAI Amazonas)<\/a>\u00a0comemora o Dia Nacional do Livro. Na programa\u00e7\u00e3o consta exposi\u00e7\u00e3o de livros,\u00a0 concurso de contos e poesias, o Projeto Livro Livre, que permite aos participantes compartilhar livros e peri\u00f3dicos, Caf\u00e9 com Poesia, al\u00e9m de palestra motivacional a ser proferida pela professora e escritora Vera L\u00facia Arag\u00e3o. O evento ter\u00e1 a participa\u00e7\u00e3o dos alunos dos turnos matutino, vespertino e noturno da Escola SENAI Dem\u00f3stenes Travessa e ser\u00e1 aberto \u00e0 participa\u00e7\u00e3o do p\u00fablico.<\/p>\n<p>&nbsp;<\/p>\n<p>&nbsp;<\/p>\n<p><b>Data:<\/b>\u00a029.10.14\u00a0 (quarta-feira)<\/p>\n<p><b>Hor\u00e1rio:<\/b>\u00a0 9h \u00e0s 17h<\/p>\n<p><b>Local:<\/b>\u00a0Escola SENAI Dem\u00f3stenes Travessa, localizada na Av. Rodrigo Ot\u00e1vio, 510, Distrito Industrial<\/p>\n<p><b>Informa\u00e7\u00f5es:<\/b>\u00a03614-5915<\/p>\n","protected":false},"excerpt":{"rendered":"<p>Com o tema \u201cNessa viagem, imagina\u00e7\u00e3o e conhecimento est\u00e3o garantidos\u201d, o\u00a0Servi\u00e7o Nacional de Aprendizagem Industrial\u00a0 (SENAI Amazonas)\u00a0comemora o Dia Nacional do Livro. Na programa\u00e7\u00e3o consta exposi\u00e7\u00e3o de livros,\u00a0 concurso de contos e poesias, o Projeto Livro Livre, que permite aos participantes compartilhar livros e peri\u00f3dicos, Caf\u00e9 com Poesia, al\u00e9m de palestra motivacional a ser proferida [&hellip;]<\/p>\n","protected":false},"author":1,"featured_media":0,"comment_status":"open","ping_status":"open","sticky":false,"template":"","format":"standard","meta":{"footnotes":""},"categories":[21,22],"tags":[],"class_list":["post-4297","post","type-post","status-publish","format-standard","hentry","category-news","category-news_destaque"],"yoast_head":"<!-- This site is optimized with the Yoast SEO plugin v26.8 - https:\/\/yoast.com\/product\/yoast-seo-wordpress\/ -->\n<title>SENAI comemora Dia Nacional do Livro - SENAI<\/title>\n<meta name=\"robots\" content=\"index, follow, max-snippet:-1, max-image-preview:large, max-video-preview:-1\" \/>\n<link rel=\"canonical\" href=\"https:\/\/fieam.org.br\/senai\/senai-comemora-dia-nacional-do-livro\/\" \/>\n<meta property=\"og:locale\" content=\"pt_BR\" \/>\n<meta property=\"og:type\" content=\"article\" \/>\n<meta property=\"og:title\" content=\"SENAI comemora Dia Nacional do Livro - SENAI\" \/>\n<meta property=\"og:description\" content=\"Com o tema \u201cNessa viagem, imagina\u00e7\u00e3o e conhecimento est\u00e3o garantidos\u201d, o\u00a0Servi\u00e7o Nacional de Aprendizagem Industrial\u00a0 (SENAI Amazonas)\u00a0comemora o Dia Nacional do Livro. Na programa\u00e7\u00e3o consta exposi\u00e7\u00e3o de livros,\u00a0 concurso de contos e poesias, o Projeto Livro Livre, que permite aos participantes compartilhar livros e peri\u00f3dicos, Caf\u00e9 com Poesia, al\u00e9m de palestra motivacional a ser proferida [&hellip;]\" \/>\n<meta property=\"og:url\" content=\"https:\/\/fieam.org.br\/senai\/senai-comemora-dia-nacional-do-livro\/\" \/>\n<meta property=\"og:site_name\" content=\"SENAI\" \/>\n<meta property=\"article:published_time\" content=\"2014-10-28T21:24:03+00:00\" \/>\n<meta property=\"og:image\" content=\"https:\/\/fieam.org.br\/senai\/wp-content\/uploads\/sites\/16\/2014\/10\/SENAI-FLYER-DIA-NACIONAL-DO-LIVRO-20143.jpg\" \/>\n\t<meta property=\"og:image:width\" content=\"1654\" \/>\n\t<meta property=\"og:image:height\" content=\"2339\" \/>\n\t<meta property=\"og:image:type\" content=\"image\/jpeg\" \/>\n<meta name=\"author\" content=\"Autor\" \/>\n<meta name=\"twitter:card\" content=\"summary_large_image\" \/>\n<meta name=\"twitter:label1\" content=\"Escrito por\" \/>\n\t<meta name=\"twitter:data1\" content=\"Autor\" \/>\n\t<meta name=\"twitter:label2\" content=\"Est. tempo de leitura\" \/>\n\t<meta name=\"twitter:data2\" content=\"1 minuto\" \/>\n<script type=\"application\/ld+json\" class=\"yoast-schema-graph\">{\"@context\":\"https:\/\/schema.org\",\"@graph\":[{\"@type\":\"Article\",\"@id\":\"https:\/\/fieam.org.br\/senai\/senai-comemora-dia-nacional-do-livro\/#article\",\"isPartOf\":{\"@id\":\"https:\/\/fieam.org.br\/senai\/senai-comemora-dia-nacional-do-livro\/\"},\"author\":{\"name\":\"Autor\",\"@id\":\"https:\/\/fieam.org.br\/senai\/#\/schema\/person\/c1ceda8321521b291cee22da0a7d34be\"},\"headline\":\"SENAI comemora Dia Nacional do Livro\",\"datePublished\":\"2014-10-28T21:24:03+00:00\",\"mainEntityOfPage\":{\"@id\":\"https:\/\/fieam.org.br\/senai\/senai-comemora-dia-nacional-do-livro\/\"},\"wordCount\":133,\"commentCount\":0,\"publisher\":{\"@id\":\"https:\/\/fieam.org.br\/senai\/#organization\"},\"image\":{\"@id\":\"https:\/\/fieam.org.br\/senai\/senai-comemora-dia-nacional-do-livro\/#primaryimage\"},\"thumbnailUrl\":\"http:\/\/www.fieam.org.br\/site\/senai\/files\/2014\/10\/SENAI-FLYER-DIA-NACIONAL-DO-LIVRO-20143-212x300.jpg\",\"articleSection\":[\"News\",\"News Destaques\"],\"inLanguage\":\"pt-BR\",\"potentialAction\":[{\"@type\":\"CommentAction\",\"name\":\"Comment\",\"target\":[\"https:\/\/fieam.org.br\/senai\/senai-comemora-dia-nacional-do-livro\/#respond\"]}]},{\"@type\":\"WebPage\",\"@id\":\"https:\/\/fieam.org.br\/senai\/senai-comemora-dia-nacional-do-livro\/\",\"url\":\"https:\/\/fieam.org.br\/senai\/senai-comemora-dia-nacional-do-livro\/\",\"name\":\"SENAI comemora Dia Nacional do Livro - SENAI\",\"isPartOf\":{\"@id\":\"https:\/\/fieam.org.br\/senai\/#website\"},\"primaryImageOfPage\":{\"@id\":\"https:\/\/fieam.org.br\/senai\/senai-comemora-dia-nacional-do-livro\/#primaryimage\"},\"image\":{\"@id\":\"https:\/\/fieam.org.br\/senai\/senai-comemora-dia-nacional-do-livro\/#primaryimage\"},\"thumbnailUrl\":\"http:\/\/www.fieam.org.br\/site\/senai\/files\/2014\/10\/SENAI-FLYER-DIA-NACIONAL-DO-LIVRO-20143-212x300.jpg\",\"datePublished\":\"2014-10-28T21:24:03+00:00\",\"breadcrumb\":{\"@id\":\"https:\/\/fieam.org.br\/senai\/senai-comemora-dia-nacional-do-livro\/#breadcrumb\"},\"inLanguage\":\"pt-BR\",\"potentialAction\":[{\"@type\":\"ReadAction\",\"target\":[\"https:\/\/fieam.org.br\/senai\/senai-comemora-dia-nacional-do-livro\/\"]}]},{\"@type\":\"ImageObject\",\"inLanguage\":\"pt-BR\",\"@id\":\"https:\/\/fieam.org.br\/senai\/senai-comemora-dia-nacional-do-livro\/#primaryimage\",\"url\":\"http:\/\/www.fieam.org.br\/site\/senai\/files\/2014\/10\/SENAI-FLYER-DIA-NACIONAL-DO-LIVRO-20143-212x300.jpg\",\"contentUrl\":\"http:\/\/www.fieam.org.br\/site\/senai\/files\/2014\/10\/SENAI-FLYER-DIA-NACIONAL-DO-LIVRO-20143-212x300.jpg\"},{\"@type\":\"BreadcrumbList\",\"@id\":\"https:\/\/fieam.org.br\/senai\/senai-comemora-dia-nacional-do-livro\/#breadcrumb\",\"itemListElement\":[{\"@type\":\"ListItem\",\"position\":1,\"name\":\"In\u00edcio\",\"item\":\"https:\/\/fieam.org.br\/senai\/\"},{\"@type\":\"ListItem\",\"position\":2,\"name\":\"SENAI comemora Dia Nacional do Livro\"}]},{\"@type\":\"WebSite\",\"@id\":\"https:\/\/fieam.org.br\/senai\/#website\",\"url\":\"https:\/\/fieam.org.br\/senai\/\",\"name\":\"SENAI\",\"description\":\"Site Oficial!\",\"publisher\":{\"@id\":\"https:\/\/fieam.org.br\/senai\/#organization\"},\"potentialAction\":[{\"@type\":\"SearchAction\",\"target\":{\"@type\":\"EntryPoint\",\"urlTemplate\":\"https:\/\/fieam.org.br\/senai\/?s={search_term_string}\"},\"query-input\":{\"@type\":\"PropertyValueSpecification\",\"valueRequired\":true,\"valueName\":\"search_term_string\"}}],\"inLanguage\":\"pt-BR\"},{\"@type\":\"Organization\",\"@id\":\"https:\/\/fieam.org.br\/senai\/#organization\",\"name\":\"SENAI\",\"url\":\"https:\/\/fieam.org.br\/senai\/\",\"logo\":{\"@type\":\"ImageObject\",\"inLanguage\":\"pt-BR\",\"@id\":\"https:\/\/fieam.org.br\/senai\/#\/schema\/logo\/image\/\",\"url\":\"https:\/\/fieam.org.br\/senai\/wp-content\/uploads\/sites\/16\/2024\/03\/cropped-fav.png\",\"contentUrl\":\"https:\/\/fieam.org.br\/senai\/wp-content\/uploads\/sites\/16\/2024\/03\/cropped-fav.png\",\"width\":592,\"height\":577,\"caption\":\"SENAI\"},\"image\":{\"@id\":\"https:\/\/fieam.org.br\/senai\/#\/schema\/logo\/image\/\"}},{\"@type\":\"Person\",\"@id\":\"https:\/\/fieam.org.br\/senai\/#\/schema\/person\/c1ceda8321521b291cee22da0a7d34be\",\"name\":\"Autor\",\"image\":{\"@type\":\"ImageObject\",\"inLanguage\":\"pt-BR\",\"@id\":\"https:\/\/fieam.org.br\/senai\/#\/schema\/person\/image\/\",\"url\":\"https:\/\/secure.gravatar.com\/avatar\/3732c223e0e1fad69062a8f770955c9068d37b055204f310a0be18d4069fe380?s=96&d=mm&r=g\",\"contentUrl\":\"https:\/\/secure.gravatar.com\/avatar\/3732c223e0e1fad69062a8f770955c9068d37b055204f310a0be18d4069fe380?s=96&d=mm&r=g\",\"caption\":\"Autor\"},\"sameAs\":[\"https:\/\/marketingmassivo.com.br\"],\"url\":\"https:\/\/fieam.org.br\/senai\/author\/admin\/\"}]}<\/script>\n<!-- \/ Yoast SEO plugin. -->","yoast_head_json":{"title":"SENAI comemora Dia Nacional do Livro - SENAI","robots":{"index":"index","follow":"follow","max-snippet":"max-snippet:-1","max-image-preview":"max-image-preview:large","max-video-preview":"max-video-preview:-1"},"canonical":"https:\/\/fieam.org.br\/senai\/senai-comemora-dia-nacional-do-livro\/","og_locale":"pt_BR","og_type":"article","og_title":"SENAI comemora Dia Nacional do Livro - SENAI","og_description":"Com o tema \u201cNessa viagem, imagina\u00e7\u00e3o e conhecimento est\u00e3o garantidos\u201d, o\u00a0Servi\u00e7o Nacional de Aprendizagem Industrial\u00a0 (SENAI Amazonas)\u00a0comemora o Dia Nacional do Livro. Na programa\u00e7\u00e3o consta exposi\u00e7\u00e3o de livros,\u00a0 concurso de contos e poesias, o Projeto Livro Livre, que permite aos participantes compartilhar livros e peri\u00f3dicos, Caf\u00e9 com Poesia, al\u00e9m de palestra motivacional a ser proferida [&hellip;]","og_url":"https:\/\/fieam.org.br\/senai\/senai-comemora-dia-nacional-do-livro\/","og_site_name":"SENAI","article_published_time":"2014-10-28T21:24:03+00:00","og_image":[{"width":1654,"height":2339,"url":"https:\/\/fieam.org.br\/senai\/wp-content\/uploads\/sites\/16\/2014\/10\/SENAI-FLYER-DIA-NACIONAL-DO-LIVRO-20143.jpg","type":"image\/jpeg"}],"author":"Autor","twitter_card":"summary_large_image","twitter_misc":{"Escrito por":"Autor","Est. tempo de leitura":"1 minuto"},"schema":{"@context":"https:\/\/schema.org","@graph":[{"@type":"Article","@id":"https:\/\/fieam.org.br\/senai\/senai-comemora-dia-nacional-do-livro\/#article","isPartOf":{"@id":"https:\/\/fieam.org.br\/senai\/senai-comemora-dia-nacional-do-livro\/"},"author":{"name":"Autor","@id":"https:\/\/fieam.org.br\/senai\/#\/schema\/person\/c1ceda8321521b291cee22da0a7d34be"},"headline":"SENAI comemora Dia Nacional do Livro","datePublished":"2014-10-28T21:24:03+00:00","mainEntityOfPage":{"@id":"https:\/\/fieam.org.br\/senai\/senai-comemora-dia-nacional-do-livro\/"},"wordCount":133,"commentCount":0,"publisher":{"@id":"https:\/\/fieam.org.br\/senai\/#organization"},"image":{"@id":"https:\/\/fieam.org.br\/senai\/senai-comemora-dia-nacional-do-livro\/#primaryimage"},"thumbnailUrl":"http:\/\/www.fieam.org.br\/site\/senai\/files\/2014\/10\/SENAI-FLYER-DIA-NACIONAL-DO-LIVRO-20143-212x300.jpg","articleSection":["News","News Destaques"],"inLanguage":"pt-BR","potentialAction":[{"@type":"CommentAction","name":"Comment","target":["https:\/\/fieam.org.br\/senai\/senai-comemora-dia-nacional-do-livro\/#respond"]}]},{"@type":"WebPage","@id":"https:\/\/fieam.org.br\/senai\/senai-comemora-dia-nacional-do-livro\/","url":"https:\/\/fieam.org.br\/senai\/senai-comemora-dia-nacional-do-livro\/","name":"SENAI comemora Dia Nacional do Livro - SENAI","isPartOf":{"@id":"https:\/\/fieam.org.br\/senai\/#website"},"primaryImageOfPage":{"@id":"https:\/\/fieam.org.br\/senai\/senai-comemora-dia-nacional-do-livro\/#primaryimage"},"image":{"@id":"https:\/\/fieam.org.br\/senai\/senai-comemora-dia-nacional-do-livro\/#primaryimage"},"thumbnailUrl":"http:\/\/www.fieam.org.br\/site\/senai\/files\/2014\/10\/SENAI-FLYER-DIA-NACIONAL-DO-LIVRO-20143-212x300.jpg","datePublished":"2014-10-28T21:24:03+00:00","breadcrumb":{"@id":"https:\/\/fieam.org.br\/senai\/senai-comemora-dia-nacional-do-livro\/#breadcrumb"},"inLanguage":"pt-BR","potentialAction":[{"@type":"ReadAction","target":["https:\/\/fieam.org.br\/senai\/senai-comemora-dia-nacional-do-livro\/"]}]},{"@type":"ImageObject","inLanguage":"pt-BR","@id":"https:\/\/fieam.org.br\/senai\/senai-comemora-dia-nacional-do-livro\/#primaryimage","url":"http:\/\/www.fieam.org.br\/site\/senai\/files\/2014\/10\/SENAI-FLYER-DIA-NACIONAL-DO-LIVRO-20143-212x300.jpg","contentUrl":"http:\/\/www.fieam.org.br\/site\/senai\/files\/2014\/10\/SENAI-FLYER-DIA-NACIONAL-DO-LIVRO-20143-212x300.jpg"},{"@type":"BreadcrumbList","@id":"https:\/\/fieam.org.br\/senai\/senai-comemora-dia-nacional-do-livro\/#breadcrumb","itemListElement":[{"@type":"ListItem","position":1,"name":"In\u00edcio","item":"https:\/\/fieam.org.br\/senai\/"},{"@type":"ListItem","position":2,"name":"SENAI comemora Dia Nacional do Livro"}]},{"@type":"WebSite","@id":"https:\/\/fieam.org.br\/senai\/#website","url":"https:\/\/fieam.org.br\/senai\/","name":"SENAI","description":"Site Oficial!","publisher":{"@id":"https:\/\/fieam.org.br\/senai\/#organization"},"potentialAction":[{"@type":"SearchAction","target":{"@type":"EntryPoint","urlTemplate":"https:\/\/fieam.org.br\/senai\/?s={search_term_string}"},"query-input":{"@type":"PropertyValueSpecification","valueRequired":true,"valueName":"search_term_string"}}],"inLanguage":"pt-BR"},{"@type":"Organization","@id":"https:\/\/fieam.org.br\/senai\/#organization","name":"SENAI","url":"https:\/\/fieam.org.br\/senai\/","logo":{"@type":"ImageObject","inLanguage":"pt-BR","@id":"https:\/\/fieam.org.br\/senai\/#\/schema\/logo\/image\/","url":"https:\/\/fieam.org.br\/senai\/wp-content\/uploads\/sites\/16\/2024\/03\/cropped-fav.png","contentUrl":"https:\/\/fieam.org.br\/senai\/wp-content\/uploads\/sites\/16\/2024\/03\/cropped-fav.png","width":592,"height":577,"caption":"SENAI"},"image":{"@id":"https:\/\/fieam.org.br\/senai\/#\/schema\/logo\/image\/"}},{"@type":"Person","@id":"https:\/\/fieam.org.br\/senai\/#\/schema\/person\/c1ceda8321521b291cee22da0a7d34be","name":"Autor","image":{"@type":"ImageObject","inLanguage":"pt-BR","@id":"https:\/\/fieam.org.br\/senai\/#\/schema\/person\/image\/","url":"https:\/\/secure.gravatar.com\/avatar\/3732c223e0e1fad69062a8f770955c9068d37b055204f310a0be18d4069fe380?s=96&d=mm&r=g","contentUrl":"https:\/\/secure.gravatar.com\/avatar\/3732c223e0e1fad69062a8f770955c9068d37b055204f310a0be18d4069fe380?s=96&d=mm&r=g","caption":"Autor"},"sameAs":["https:\/\/marketingmassivo.com.br"],"url":"https:\/\/fieam.org.br\/senai\/author\/admin\/"}]}},"_links":{"self":[{"href":"https:\/\/fieam.org.br\/senai\/wp-json\/wp\/v2\/posts\/4297","targetHints":{"allow":["GET"]}}],"collection":[{"href":"https:\/\/fieam.org.br\/senai\/wp-json\/wp\/v2\/posts"}],"about":[{"href":"https:\/\/fieam.org.br\/senai\/wp-json\/wp\/v2\/types\/post"}],"author":[{"embeddable":true,"href":"https:\/\/fieam.org.br\/senai\/wp-json\/wp\/v2\/users\/1"}],"replies":[{"embeddable":true,"href":"https:\/\/fieam.org.br\/senai\/wp-json\/wp\/v2\/comments?post=4297"}],"version-history":[{"count":0,"href":"https:\/\/fieam.org.br\/senai\/wp-json\/wp\/v2\/posts\/4297\/revisions"}],"wp:attachment":[{"href":"https:\/\/fieam.org.br\/senai\/wp-json\/wp\/v2\/media?parent=4297"}],"wp:term":[{"taxonomy":"category","embeddable":true,"href":"https:\/\/fieam.org.br\/senai\/wp-json\/wp\/v2\/categories?post=4297"},{"taxonomy":"post_tag","embeddable":true,"href":"https:\/\/fieam.org.br\/senai\/wp-json\/wp\/v2\/tags?post=4297"}],"curies":[{"name":"wp","href":"https:\/\/api.w.org\/{rel}","templated":true}]}}