{"id":4158,"date":"2014-09-19T17:39:07","date_gmt":"2014-09-19T17:39:07","guid":{"rendered":"http:\/\/www.fieam.org.br\/site\/senai\/?p=4158"},"modified":"2014-09-19T17:39:07","modified_gmt":"2014-09-19T17:39:07","slug":"fieam-homenageia-alunos-da-olimpiada-do-conhecimento-nesta-quinta","status":"publish","type":"post","link":"https:\/\/fieam.org.br\/senai\/fieam-homenageia-alunos-da-olimpiada-do-conhecimento-nesta-quinta\/","title":{"rendered":"FIEAM homenageia alunos da Olimp\u00edada do Conhecimento nesta quinta"},"content":{"rendered":"<figure id=\"attachment_4159\" aria-describedby=\"caption-attachment-4159\" style=\"width: 300px\" class=\"wp-caption alignleft\"><a href=\"http:\/\/www.fieam.org.br\/site\/senai\/files\/2014\/09\/Alunos-medalhistas-do-SENAI-AM-na-OC-2014.jpg\"><img fetchpriority=\"high\" decoding=\"async\" class=\"size-medium wp-image-4159\" alt=\"Alunos medalhistas do SENAI AM na OC 2014\" src=\"http:\/\/www.fieam.org.br\/site\/senai\/files\/2014\/09\/Alunos-medalhistas-do-SENAI-AM-na-OC-2014-300x200.jpg\" width=\"300\" height=\"200\" srcset=\"https:\/\/fieam.org.br\/senai\/wp-content\/uploads\/sites\/16\/2014\/09\/Alunos-medalhistas-do-SENAI-AM-na-OC-2014-300x200.jpg 300w, https:\/\/fieam.org.br\/senai\/wp-content\/uploads\/sites\/16\/2014\/09\/Alunos-medalhistas-do-SENAI-AM-na-OC-2014.jpg 640w\" sizes=\"(max-width: 300px) 100vw, 300px\" \/><\/a><figcaption id=\"caption-attachment-4159\" class=\"wp-caption-text\">Alunos medalhistas do SENAI AM na OC 2014<\/figcaption><\/figure>\n<p>O presidente\u00a0da\u00a0<a href=\"http:\/\/www.fieam.org.br\/site\/fieam\" target=\"_blank\" rel=\"noopener\">Federa\u00e7\u00e3o das Ind\u00fastrias\u00a0do\u00a0Estado\u00a0do\u00a0Amazonas (FIEAM)<\/a>, Antonio Silva, abrir\u00e1 espa\u00e7o na 8\u00aa Reuni\u00e3o Ordin\u00e1ria\u00a0da\u00a0Diretoria\u00a0da\u00a0entidade,\u00a0nesta\u00a0quinta-feira (18), para homenagear\u00a0alunos\u00a0e instrutores\u00a0do\u00a0SENAI Amazonas que participaram como competidores e avaliadores, respectivamente,\u00a0daOlimp\u00edada\u00a0do\u00a0Conhecimento\u00a02014, realizada de 3 a 6 deste m\u00eas, em Belo Horizonte, Minas Gerais.<\/p>\n<p>A Reuni\u00e3o Ordin\u00e1ria\u00a0da\u00a0Diretoria\u00a0da\u00a0FIEAM\u00a0ocorre \u00e0s 18h, na sede\u00a0da\u00a0entidade, localizada, na Av. Joaquim Nabuco, 1919, Centro.<\/p>\n<p>Alunos\u00a0e instrutores representaram a excel\u00eancia\u00a0do\u00a0ensino t\u00e9cnico disseminado pelo\u00a0<a href=\"http:\/\/www.fieam.org.br\/site\/senai\" target=\"_blank\" rel=\"noopener\">SENAI Amazonas<\/a>em 11 ocupa\u00e7\u00f5es industriais &#8211; Mecatr\u00f4nica, Eletr\u00f4nica Industrial, Administra\u00e7\u00e3o de Sistemas de Rede, Soldagem, Constru\u00e7\u00e3o de Moldes, Constru\u00e7\u00e3o em Alvenaria, Marcenaria, Sistema Drywall (Gesso), Jardinagem e Paisagismo, Tecnologia\u00a0da\u00a0Moda e Vitrinismo. A competi\u00e7\u00e3o reuniu mais de 800\u00a0alunos, os melhores estudantes\u00a0da\u00a0Rede SENAI de todo o Brasil.<\/p>\n<p>A delega\u00e7\u00e3o\u00a0do\u00a0Amazonas, formada por 13\u00a0alunos\u00a0e 11 instrutores, obteve um bom desempenho com a conquista de tr\u00eas medalhas, uma de ouro, na ocupa\u00e7\u00e3o de Vitrinismo, com o aluno Maur\u00edcio Duarte, uma de prata, em Mecatr\u00f4nica, com a dupla Rafael Guabiraba e Giovanne Reis, e uma Medalha de Excel\u00eancia, em Tecnologia\u00a0da\u00a0Moda, com a aluna Byanca Barbosa.<\/p>\n<p>Al\u00e9m\u00a0do\u00a0reconhecimento p\u00fablico\u00a0da\u00a0classe industrial a esses jovens que far\u00e3o a diferen\u00e7a na ind\u00fastria local, a Reuni\u00e3o tamb\u00e9m tratar\u00e1\u00a0do\u00a014\u00ba Congresso Amaz\u00f4nico de Gest\u00e3o de Pessoas\u00a0da\u00a0Associa\u00e7\u00e3o Brasileira de Recursos Humanos, com o presidente\u00a0da\u00a0ABRH, Roberto Chagas, e informes legislativos, com o representante\u00a0da\u00a0FIEAM, em Bras\u00edlia, Saleh Hamded.<\/p>\n","protected":false},"excerpt":{"rendered":"<p>O presidente\u00a0da\u00a0Federa\u00e7\u00e3o das Ind\u00fastrias\u00a0do\u00a0Estado\u00a0do\u00a0Amazonas (FIEAM), Antonio Silva, abrir\u00e1 espa\u00e7o na 8\u00aa Reuni\u00e3o Ordin\u00e1ria\u00a0da\u00a0Diretoria\u00a0da\u00a0entidade,\u00a0nesta\u00a0quinta-feira (18), para homenagear\u00a0alunos\u00a0e instrutores\u00a0do\u00a0SENAI Amazonas que participaram como competidores e avaliadores, respectivamente,\u00a0daOlimp\u00edada\u00a0do\u00a0Conhecimento\u00a02014, realizada de 3 a 6 deste m\u00eas, em Belo Horizonte, Minas Gerais. A Reuni\u00e3o Ordin\u00e1ria\u00a0da\u00a0Diretoria\u00a0da\u00a0FIEAM\u00a0ocorre \u00e0s 18h, na sede\u00a0da\u00a0entidade, localizada, na Av. Joaquim Nabuco, 1919, Centro. Alunos\u00a0e instrutores representaram a [&hellip;]<\/p>\n","protected":false},"author":1,"featured_media":0,"comment_status":"open","ping_status":"open","sticky":false,"template":"","format":"standard","meta":{"footnotes":""},"categories":[21,22],"tags":[],"class_list":["post-4158","post","type-post","status-publish","format-standard","hentry","category-news","category-news_destaque"],"yoast_head":"<!-- This site is optimized with the Yoast SEO plugin v26.8 - https:\/\/yoast.com\/product\/yoast-seo-wordpress\/ -->\n<title>FIEAM homenageia alunos da Olimp\u00edada do Conhecimento nesta quinta - SENAI<\/title>\n<meta name=\"robots\" content=\"index, follow, max-snippet:-1, max-image-preview:large, max-video-preview:-1\" \/>\n<link rel=\"canonical\" href=\"https:\/\/fieam.org.br\/senai\/fieam-homenageia-alunos-da-olimpiada-do-conhecimento-nesta-quinta\/\" \/>\n<meta property=\"og:locale\" content=\"pt_BR\" \/>\n<meta property=\"og:type\" content=\"article\" \/>\n<meta property=\"og:title\" content=\"FIEAM homenageia alunos da Olimp\u00edada do Conhecimento nesta quinta - SENAI\" \/>\n<meta property=\"og:description\" content=\"O presidente\u00a0da\u00a0Federa\u00e7\u00e3o das Ind\u00fastrias\u00a0do\u00a0Estado\u00a0do\u00a0Amazonas (FIEAM), Antonio Silva, abrir\u00e1 espa\u00e7o na 8\u00aa Reuni\u00e3o Ordin\u00e1ria\u00a0da\u00a0Diretoria\u00a0da\u00a0entidade,\u00a0nesta\u00a0quinta-feira (18), para homenagear\u00a0alunos\u00a0e instrutores\u00a0do\u00a0SENAI Amazonas que participaram como competidores e avaliadores, respectivamente,\u00a0daOlimp\u00edada\u00a0do\u00a0Conhecimento\u00a02014, realizada de 3 a 6 deste m\u00eas, em Belo Horizonte, Minas Gerais. A Reuni\u00e3o Ordin\u00e1ria\u00a0da\u00a0Diretoria\u00a0da\u00a0FIEAM\u00a0ocorre \u00e0s 18h, na sede\u00a0da\u00a0entidade, localizada, na Av. Joaquim Nabuco, 1919, Centro. Alunos\u00a0e instrutores representaram a [&hellip;]\" \/>\n<meta property=\"og:url\" content=\"https:\/\/fieam.org.br\/senai\/fieam-homenageia-alunos-da-olimpiada-do-conhecimento-nesta-quinta\/\" \/>\n<meta property=\"og:site_name\" content=\"SENAI\" \/>\n<meta property=\"article:published_time\" content=\"2014-09-19T17:39:07+00:00\" \/>\n<meta property=\"og:image\" content=\"https:\/\/fieam.org.br\/senai\/wp-content\/uploads\/sites\/16\/2014\/09\/Alunos-medalhistas-do-SENAI-AM-na-OC-2014.jpg\" \/>\n\t<meta property=\"og:image:width\" content=\"640\" \/>\n\t<meta property=\"og:image:height\" content=\"427\" \/>\n\t<meta property=\"og:image:type\" content=\"image\/jpeg\" \/>\n<meta name=\"author\" content=\"Autor\" \/>\n<meta name=\"twitter:card\" content=\"summary_large_image\" \/>\n<meta name=\"twitter:label1\" content=\"Escrito por\" \/>\n\t<meta name=\"twitter:data1\" content=\"Autor\" \/>\n\t<meta name=\"twitter:label2\" content=\"Est. tempo de leitura\" \/>\n\t<meta name=\"twitter:data2\" content=\"1 minuto\" \/>\n<script type=\"application\/ld+json\" class=\"yoast-schema-graph\">{\"@context\":\"https:\/\/schema.org\",\"@graph\":[{\"@type\":\"Article\",\"@id\":\"https:\/\/fieam.org.br\/senai\/fieam-homenageia-alunos-da-olimpiada-do-conhecimento-nesta-quinta\/#article\",\"isPartOf\":{\"@id\":\"https:\/\/fieam.org.br\/senai\/fieam-homenageia-alunos-da-olimpiada-do-conhecimento-nesta-quinta\/\"},\"author\":{\"name\":\"Autor\",\"@id\":\"https:\/\/fieam.org.br\/senai\/#\/schema\/person\/c1ceda8321521b291cee22da0a7d34be\"},\"headline\":\"FIEAM homenageia alunos da Olimp\u00edada do Conhecimento nesta quinta\",\"datePublished\":\"2014-09-19T17:39:07+00:00\",\"mainEntityOfPage\":{\"@id\":\"https:\/\/fieam.org.br\/senai\/fieam-homenageia-alunos-da-olimpiada-do-conhecimento-nesta-quinta\/\"},\"wordCount\":301,\"commentCount\":0,\"publisher\":{\"@id\":\"https:\/\/fieam.org.br\/senai\/#organization\"},\"image\":{\"@id\":\"https:\/\/fieam.org.br\/senai\/fieam-homenageia-alunos-da-olimpiada-do-conhecimento-nesta-quinta\/#primaryimage\"},\"thumbnailUrl\":\"http:\/\/www.fieam.org.br\/site\/senai\/files\/2014\/09\/Alunos-medalhistas-do-SENAI-AM-na-OC-2014-300x200.jpg\",\"articleSection\":[\"News\",\"News Destaques\"],\"inLanguage\":\"pt-BR\",\"potentialAction\":[{\"@type\":\"CommentAction\",\"name\":\"Comment\",\"target\":[\"https:\/\/fieam.org.br\/senai\/fieam-homenageia-alunos-da-olimpiada-do-conhecimento-nesta-quinta\/#respond\"]}]},{\"@type\":\"WebPage\",\"@id\":\"https:\/\/fieam.org.br\/senai\/fieam-homenageia-alunos-da-olimpiada-do-conhecimento-nesta-quinta\/\",\"url\":\"https:\/\/fieam.org.br\/senai\/fieam-homenageia-alunos-da-olimpiada-do-conhecimento-nesta-quinta\/\",\"name\":\"FIEAM homenageia alunos da Olimp\u00edada do Conhecimento nesta quinta - SENAI\",\"isPartOf\":{\"@id\":\"https:\/\/fieam.org.br\/senai\/#website\"},\"primaryImageOfPage\":{\"@id\":\"https:\/\/fieam.org.br\/senai\/fieam-homenageia-alunos-da-olimpiada-do-conhecimento-nesta-quinta\/#primaryimage\"},\"image\":{\"@id\":\"https:\/\/fieam.org.br\/senai\/fieam-homenageia-alunos-da-olimpiada-do-conhecimento-nesta-quinta\/#primaryimage\"},\"thumbnailUrl\":\"http:\/\/www.fieam.org.br\/site\/senai\/files\/2014\/09\/Alunos-medalhistas-do-SENAI-AM-na-OC-2014-300x200.jpg\",\"datePublished\":\"2014-09-19T17:39:07+00:00\",\"breadcrumb\":{\"@id\":\"https:\/\/fieam.org.br\/senai\/fieam-homenageia-alunos-da-olimpiada-do-conhecimento-nesta-quinta\/#breadcrumb\"},\"inLanguage\":\"pt-BR\",\"potentialAction\":[{\"@type\":\"ReadAction\",\"target\":[\"https:\/\/fieam.org.br\/senai\/fieam-homenageia-alunos-da-olimpiada-do-conhecimento-nesta-quinta\/\"]}]},{\"@type\":\"ImageObject\",\"inLanguage\":\"pt-BR\",\"@id\":\"https:\/\/fieam.org.br\/senai\/fieam-homenageia-alunos-da-olimpiada-do-conhecimento-nesta-quinta\/#primaryimage\",\"url\":\"http:\/\/www.fieam.org.br\/site\/senai\/files\/2014\/09\/Alunos-medalhistas-do-SENAI-AM-na-OC-2014-300x200.jpg\",\"contentUrl\":\"http:\/\/www.fieam.org.br\/site\/senai\/files\/2014\/09\/Alunos-medalhistas-do-SENAI-AM-na-OC-2014-300x200.jpg\"},{\"@type\":\"BreadcrumbList\",\"@id\":\"https:\/\/fieam.org.br\/senai\/fieam-homenageia-alunos-da-olimpiada-do-conhecimento-nesta-quinta\/#breadcrumb\",\"itemListElement\":[{\"@type\":\"ListItem\",\"position\":1,\"name\":\"In\u00edcio\",\"item\":\"https:\/\/fieam.org.br\/senai\/\"},{\"@type\":\"ListItem\",\"position\":2,\"name\":\"FIEAM homenageia alunos da Olimp\u00edada do Conhecimento nesta quinta\"}]},{\"@type\":\"WebSite\",\"@id\":\"https:\/\/fieam.org.br\/senai\/#website\",\"url\":\"https:\/\/fieam.org.br\/senai\/\",\"name\":\"SENAI\",\"description\":\"Site Oficial!\",\"publisher\":{\"@id\":\"https:\/\/fieam.org.br\/senai\/#organization\"},\"potentialAction\":[{\"@type\":\"SearchAction\",\"target\":{\"@type\":\"EntryPoint\",\"urlTemplate\":\"https:\/\/fieam.org.br\/senai\/?s={search_term_string}\"},\"query-input\":{\"@type\":\"PropertyValueSpecification\",\"valueRequired\":true,\"valueName\":\"search_term_string\"}}],\"inLanguage\":\"pt-BR\"},{\"@type\":\"Organization\",\"@id\":\"https:\/\/fieam.org.br\/senai\/#organization\",\"name\":\"SENAI\",\"url\":\"https:\/\/fieam.org.br\/senai\/\",\"logo\":{\"@type\":\"ImageObject\",\"inLanguage\":\"pt-BR\",\"@id\":\"https:\/\/fieam.org.br\/senai\/#\/schema\/logo\/image\/\",\"url\":\"https:\/\/fieam.org.br\/senai\/wp-content\/uploads\/sites\/16\/2024\/03\/cropped-fav.png\",\"contentUrl\":\"https:\/\/fieam.org.br\/senai\/wp-content\/uploads\/sites\/16\/2024\/03\/cropped-fav.png\",\"width\":592,\"height\":577,\"caption\":\"SENAI\"},\"image\":{\"@id\":\"https:\/\/fieam.org.br\/senai\/#\/schema\/logo\/image\/\"}},{\"@type\":\"Person\",\"@id\":\"https:\/\/fieam.org.br\/senai\/#\/schema\/person\/c1ceda8321521b291cee22da0a7d34be\",\"name\":\"Autor\",\"image\":{\"@type\":\"ImageObject\",\"inLanguage\":\"pt-BR\",\"@id\":\"https:\/\/fieam.org.br\/senai\/#\/schema\/person\/image\/\",\"url\":\"https:\/\/secure.gravatar.com\/avatar\/3732c223e0e1fad69062a8f770955c9068d37b055204f310a0be18d4069fe380?s=96&d=mm&r=g\",\"contentUrl\":\"https:\/\/secure.gravatar.com\/avatar\/3732c223e0e1fad69062a8f770955c9068d37b055204f310a0be18d4069fe380?s=96&d=mm&r=g\",\"caption\":\"Autor\"},\"sameAs\":[\"https:\/\/marketingmassivo.com.br\"],\"url\":\"https:\/\/fieam.org.br\/senai\/author\/admin\/\"}]}<\/script>\n<!-- \/ Yoast SEO plugin. -->","yoast_head_json":{"title":"FIEAM homenageia alunos da Olimp\u00edada do Conhecimento nesta quinta - SENAI","robots":{"index":"index","follow":"follow","max-snippet":"max-snippet:-1","max-image-preview":"max-image-preview:large","max-video-preview":"max-video-preview:-1"},"canonical":"https:\/\/fieam.org.br\/senai\/fieam-homenageia-alunos-da-olimpiada-do-conhecimento-nesta-quinta\/","og_locale":"pt_BR","og_type":"article","og_title":"FIEAM homenageia alunos da Olimp\u00edada do Conhecimento nesta quinta - SENAI","og_description":"O presidente\u00a0da\u00a0Federa\u00e7\u00e3o das Ind\u00fastrias\u00a0do\u00a0Estado\u00a0do\u00a0Amazonas (FIEAM), Antonio Silva, abrir\u00e1 espa\u00e7o na 8\u00aa Reuni\u00e3o Ordin\u00e1ria\u00a0da\u00a0Diretoria\u00a0da\u00a0entidade,\u00a0nesta\u00a0quinta-feira (18), para homenagear\u00a0alunos\u00a0e instrutores\u00a0do\u00a0SENAI Amazonas que participaram como competidores e avaliadores, respectivamente,\u00a0daOlimp\u00edada\u00a0do\u00a0Conhecimento\u00a02014, realizada de 3 a 6 deste m\u00eas, em Belo Horizonte, Minas Gerais. A Reuni\u00e3o Ordin\u00e1ria\u00a0da\u00a0Diretoria\u00a0da\u00a0FIEAM\u00a0ocorre \u00e0s 18h, na sede\u00a0da\u00a0entidade, localizada, na Av. Joaquim Nabuco, 1919, Centro. Alunos\u00a0e instrutores representaram a [&hellip;]","og_url":"https:\/\/fieam.org.br\/senai\/fieam-homenageia-alunos-da-olimpiada-do-conhecimento-nesta-quinta\/","og_site_name":"SENAI","article_published_time":"2014-09-19T17:39:07+00:00","og_image":[{"width":640,"height":427,"url":"https:\/\/fieam.org.br\/senai\/wp-content\/uploads\/sites\/16\/2014\/09\/Alunos-medalhistas-do-SENAI-AM-na-OC-2014.jpg","type":"image\/jpeg"}],"author":"Autor","twitter_card":"summary_large_image","twitter_misc":{"Escrito por":"Autor","Est. tempo de leitura":"1 minuto"},"schema":{"@context":"https:\/\/schema.org","@graph":[{"@type":"Article","@id":"https:\/\/fieam.org.br\/senai\/fieam-homenageia-alunos-da-olimpiada-do-conhecimento-nesta-quinta\/#article","isPartOf":{"@id":"https:\/\/fieam.org.br\/senai\/fieam-homenageia-alunos-da-olimpiada-do-conhecimento-nesta-quinta\/"},"author":{"name":"Autor","@id":"https:\/\/fieam.org.br\/senai\/#\/schema\/person\/c1ceda8321521b291cee22da0a7d34be"},"headline":"FIEAM homenageia alunos da Olimp\u00edada do Conhecimento nesta quinta","datePublished":"2014-09-19T17:39:07+00:00","mainEntityOfPage":{"@id":"https:\/\/fieam.org.br\/senai\/fieam-homenageia-alunos-da-olimpiada-do-conhecimento-nesta-quinta\/"},"wordCount":301,"commentCount":0,"publisher":{"@id":"https:\/\/fieam.org.br\/senai\/#organization"},"image":{"@id":"https:\/\/fieam.org.br\/senai\/fieam-homenageia-alunos-da-olimpiada-do-conhecimento-nesta-quinta\/#primaryimage"},"thumbnailUrl":"http:\/\/www.fieam.org.br\/site\/senai\/files\/2014\/09\/Alunos-medalhistas-do-SENAI-AM-na-OC-2014-300x200.jpg","articleSection":["News","News Destaques"],"inLanguage":"pt-BR","potentialAction":[{"@type":"CommentAction","name":"Comment","target":["https:\/\/fieam.org.br\/senai\/fieam-homenageia-alunos-da-olimpiada-do-conhecimento-nesta-quinta\/#respond"]}]},{"@type":"WebPage","@id":"https:\/\/fieam.org.br\/senai\/fieam-homenageia-alunos-da-olimpiada-do-conhecimento-nesta-quinta\/","url":"https:\/\/fieam.org.br\/senai\/fieam-homenageia-alunos-da-olimpiada-do-conhecimento-nesta-quinta\/","name":"FIEAM homenageia alunos da Olimp\u00edada do Conhecimento nesta quinta - SENAI","isPartOf":{"@id":"https:\/\/fieam.org.br\/senai\/#website"},"primaryImageOfPage":{"@id":"https:\/\/fieam.org.br\/senai\/fieam-homenageia-alunos-da-olimpiada-do-conhecimento-nesta-quinta\/#primaryimage"},"image":{"@id":"https:\/\/fieam.org.br\/senai\/fieam-homenageia-alunos-da-olimpiada-do-conhecimento-nesta-quinta\/#primaryimage"},"thumbnailUrl":"http:\/\/www.fieam.org.br\/site\/senai\/files\/2014\/09\/Alunos-medalhistas-do-SENAI-AM-na-OC-2014-300x200.jpg","datePublished":"2014-09-19T17:39:07+00:00","breadcrumb":{"@id":"https:\/\/fieam.org.br\/senai\/fieam-homenageia-alunos-da-olimpiada-do-conhecimento-nesta-quinta\/#breadcrumb"},"inLanguage":"pt-BR","potentialAction":[{"@type":"ReadAction","target":["https:\/\/fieam.org.br\/senai\/fieam-homenageia-alunos-da-olimpiada-do-conhecimento-nesta-quinta\/"]}]},{"@type":"ImageObject","inLanguage":"pt-BR","@id":"https:\/\/fieam.org.br\/senai\/fieam-homenageia-alunos-da-olimpiada-do-conhecimento-nesta-quinta\/#primaryimage","url":"http:\/\/www.fieam.org.br\/site\/senai\/files\/2014\/09\/Alunos-medalhistas-do-SENAI-AM-na-OC-2014-300x200.jpg","contentUrl":"http:\/\/www.fieam.org.br\/site\/senai\/files\/2014\/09\/Alunos-medalhistas-do-SENAI-AM-na-OC-2014-300x200.jpg"},{"@type":"BreadcrumbList","@id":"https:\/\/fieam.org.br\/senai\/fieam-homenageia-alunos-da-olimpiada-do-conhecimento-nesta-quinta\/#breadcrumb","itemListElement":[{"@type":"ListItem","position":1,"name":"In\u00edcio","item":"https:\/\/fieam.org.br\/senai\/"},{"@type":"ListItem","position":2,"name":"FIEAM homenageia alunos da Olimp\u00edada do Conhecimento nesta quinta"}]},{"@type":"WebSite","@id":"https:\/\/fieam.org.br\/senai\/#website","url":"https:\/\/fieam.org.br\/senai\/","name":"SENAI","description":"Site Oficial!","publisher":{"@id":"https:\/\/fieam.org.br\/senai\/#organization"},"potentialAction":[{"@type":"SearchAction","target":{"@type":"EntryPoint","urlTemplate":"https:\/\/fieam.org.br\/senai\/?s={search_term_string}"},"query-input":{"@type":"PropertyValueSpecification","valueRequired":true,"valueName":"search_term_string"}}],"inLanguage":"pt-BR"},{"@type":"Organization","@id":"https:\/\/fieam.org.br\/senai\/#organization","name":"SENAI","url":"https:\/\/fieam.org.br\/senai\/","logo":{"@type":"ImageObject","inLanguage":"pt-BR","@id":"https:\/\/fieam.org.br\/senai\/#\/schema\/logo\/image\/","url":"https:\/\/fieam.org.br\/senai\/wp-content\/uploads\/sites\/16\/2024\/03\/cropped-fav.png","contentUrl":"https:\/\/fieam.org.br\/senai\/wp-content\/uploads\/sites\/16\/2024\/03\/cropped-fav.png","width":592,"height":577,"caption":"SENAI"},"image":{"@id":"https:\/\/fieam.org.br\/senai\/#\/schema\/logo\/image\/"}},{"@type":"Person","@id":"https:\/\/fieam.org.br\/senai\/#\/schema\/person\/c1ceda8321521b291cee22da0a7d34be","name":"Autor","image":{"@type":"ImageObject","inLanguage":"pt-BR","@id":"https:\/\/fieam.org.br\/senai\/#\/schema\/person\/image\/","url":"https:\/\/secure.gravatar.com\/avatar\/3732c223e0e1fad69062a8f770955c9068d37b055204f310a0be18d4069fe380?s=96&d=mm&r=g","contentUrl":"https:\/\/secure.gravatar.com\/avatar\/3732c223e0e1fad69062a8f770955c9068d37b055204f310a0be18d4069fe380?s=96&d=mm&r=g","caption":"Autor"},"sameAs":["https:\/\/marketingmassivo.com.br"],"url":"https:\/\/fieam.org.br\/senai\/author\/admin\/"}]}},"_links":{"self":[{"href":"https:\/\/fieam.org.br\/senai\/wp-json\/wp\/v2\/posts\/4158","targetHints":{"allow":["GET"]}}],"collection":[{"href":"https:\/\/fieam.org.br\/senai\/wp-json\/wp\/v2\/posts"}],"about":[{"href":"https:\/\/fieam.org.br\/senai\/wp-json\/wp\/v2\/types\/post"}],"author":[{"embeddable":true,"href":"https:\/\/fieam.org.br\/senai\/wp-json\/wp\/v2\/users\/1"}],"replies":[{"embeddable":true,"href":"https:\/\/fieam.org.br\/senai\/wp-json\/wp\/v2\/comments?post=4158"}],"version-history":[{"count":0,"href":"https:\/\/fieam.org.br\/senai\/wp-json\/wp\/v2\/posts\/4158\/revisions"}],"wp:attachment":[{"href":"https:\/\/fieam.org.br\/senai\/wp-json\/wp\/v2\/media?parent=4158"}],"wp:term":[{"taxonomy":"category","embeddable":true,"href":"https:\/\/fieam.org.br\/senai\/wp-json\/wp\/v2\/categories?post=4158"},{"taxonomy":"post_tag","embeddable":true,"href":"https:\/\/fieam.org.br\/senai\/wp-json\/wp\/v2\/tags?post=4158"}],"curies":[{"name":"wp","href":"https:\/\/api.w.org\/{rel}","templated":true}]}}