{"id":4138,"date":"2014-09-16T13:13:14","date_gmt":"2014-09-16T13:13:14","guid":{"rendered":"http:\/\/www.fieam.org.br\/site\/senai\/?p=4138"},"modified":"2014-09-16T13:13:14","modified_gmt":"2014-09-16T13:13:14","slug":"alunos-do-senai-realizam-mostra-de-sustentabilidade","status":"publish","type":"post","link":"https:\/\/fieam.org.br\/senai\/alunos-do-senai-realizam-mostra-de-sustentabilidade\/","title":{"rendered":"Alunos do SENAI realizam Mostra de Sustentabilidade"},"content":{"rendered":"<figure id=\"attachment_4139\" aria-describedby=\"caption-attachment-4139\" style=\"width: 300px\" class=\"wp-caption alignleft\"><a href=\"http:\/\/www.fieam.org.br\/site\/senai\/files\/2014\/09\/Alunos-de-Almoxarife-apresentam-projeto-de-refrigera\u00e7\u00e3o-para-representantes-de-empresas-parceiras.jpg\"><img fetchpriority=\"high\" decoding=\"async\" class=\"size-medium wp-image-4139\" alt=\"Alunos de Almoxarife apresentam projeto de refrigera\u00e7\u00e3o para representantes de empresas parceiras\" src=\"http:\/\/www.fieam.org.br\/site\/senai\/files\/2014\/09\/Alunos-de-Almoxarife-apresentam-projeto-de-refrigera\u00e7\u00e3o-para-representantes-de-empresas-parceiras-300x200.jpg\" width=\"300\" height=\"200\" \/><\/a><figcaption id=\"caption-attachment-4139\" class=\"wp-caption-text\">Alunos de Almoxarife apresentam projeto de refrigera\u00e7\u00e3o para representantes de empresas parceiras<\/figcaption><\/figure>\n<p>Projetos e ideias sustent\u00e1veis sobre temas como lixo urbano, reciclagem e energias renov\u00e1veis marcaram a programa\u00e7\u00e3o a 1\u00aa Mostra de Sustentabilidade, promovida nesta segunda-feira (15) por alunos da\u00a0<a href=\"http:\/\/www.fieam.org.br\/site\/senai\" target=\"_blank\" rel=\"noopener\">Escola SENAI<\/a>\u00a0Dem\u00f3stenes Travessa, voltada para o segmento da constru\u00e7\u00e3o civil. Al\u00e9m de palestras, o evento contou com uma mostra de produtos feitos com material descart\u00e1vel e recicl\u00e1vel.<\/p>\n<p>De acordo com o gerente da escola, Rodson Barros, \u00e9 preciso que os jovens tenham uma participa\u00e7\u00e3o mais ativa na preserva\u00e7\u00e3o do meio ambiente para que exista uma gera\u00e7\u00e3o futura no planeta. \u201cO SENAI n\u00e3o s\u00f3 qualifica pessoas, n\u00e3o s\u00f3 prepara para o mundo do trabalho, mas tamb\u00e9m resgata um pouco dessa concep\u00e7\u00e3o de cidadania, de envolver jovens com esse pensamento de proteger um pouco mais o meio ambiente e a natureza\u201d, disse.<\/p>\n<p>Uma das turmas da escola apresentou dois projetos na mostra, o primeiro apresentado pelo aluno Alexandre Lima de Souza, 17, sobre \u201cEnergia Sustent\u00e1vel\u201d, no qual foram utilizadas batatas como recurso para o fornecimento de energia para liga\u00e7\u00e3o de leds. \u201cA energia recebida das batatas dura em m\u00e9dia 45 minutos e pode ser ligada, al\u00e9m de leds, numa calculadora ou um rel\u00f3gio\u201d, disse Alexandre.<\/p>\n<p>Outro projeto que chamou a aten\u00e7\u00e3o dos visitantes foi o \u201cRefrigerando o mundo com sustentabilidade\u201d, que consiste num condicionador de ar feito com um garraf\u00e3o de \u00e1gua de 5 litros, um motor com h\u00e9lice de freezer<i>,<\/i>\u00a0uma tela e pedras de gelo. O aparelho refrigera um ambiente pequeno, mas pode suprir um espa\u00e7o maior se o cooler utilizado for maior. \u201cTodo o projeto foi realizado com o \u201cpatroc\u00ednio\u201d de vizinhos e amigos que n\u00e3o utilizavam mais esses materiais, que muitas das vezes ningu\u00e9m sabe como reaproveitar\u201d, disse o aluno Breno Italo Melo, 17.<\/p>\n<p>O visitante M\u00e1rcio Santos, montador da empresa Bemol, aprovou o condicionador sustent\u00e1vel. \u201c\u00c9 de grande utilidade esse aparelho refrigerador, que \u00e9 de mais baixo custo e menos nocivo ao meio ambiente. Gosto desse tipo de inven\u00e7\u00e3o e pretendo realizar a experi\u00eancia em meu pequeno escrit\u00f3rio de montagem de pe\u00e7as\u201d, frisou o montador.<\/p>\n<p>Na mostra de produtos reciclados era poss\u00edvel encontrar cadeiras feitas com tubos hidr\u00e1ulicos, lumin\u00e1rias de colheres descart\u00e1veis, entre outros objetos decorativos confeccionados pelos alunos do SENAI.<\/p>\n<p>\u201cCom esta a\u00e7\u00e3o, o SENAI pretende fazer com que as pessoas conhe\u00e7am e vivenciem o poder das a\u00e7\u00f5es sustent\u00e1veis e descubram na reeduca\u00e7\u00e3o do consumo, com a reciclagem, a possibilidade de gera\u00e7\u00e3o de renda\u201d, disse a professora e coordenadora do evento, Sandorlene Cruz.<\/p>\n<p>Prestigiaram o evento representantes das empresas Tecon, RD Engenharia, Work Engenharia, Vertex Engenharia e Bemol.<\/p>\n<p>[nggallery id=144]<\/p>\n","protected":false},"excerpt":{"rendered":"<p>Projetos e ideias sustent\u00e1veis sobre temas como lixo urbano, reciclagem e energias renov\u00e1veis marcaram a programa\u00e7\u00e3o a 1\u00aa Mostra de Sustentabilidade, promovida nesta segunda-feira (15) por alunos da\u00a0Escola SENAI\u00a0Dem\u00f3stenes Travessa, voltada para o segmento da constru\u00e7\u00e3o civil. Al\u00e9m de palestras, o evento contou com uma mostra de produtos feitos com material descart\u00e1vel e recicl\u00e1vel. De [&hellip;]<\/p>\n","protected":false},"author":1,"featured_media":0,"comment_status":"open","ping_status":"open","sticky":false,"template":"","format":"standard","meta":{"footnotes":""},"categories":[21,22],"tags":[],"class_list":["post-4138","post","type-post","status-publish","format-standard","hentry","category-news","category-news_destaque"],"yoast_head":"<!-- This site is optimized with the Yoast SEO plugin v26.8 - https:\/\/yoast.com\/product\/yoast-seo-wordpress\/ -->\n<title>Alunos do SENAI realizam Mostra de Sustentabilidade - SENAI<\/title>\n<meta name=\"robots\" content=\"index, follow, max-snippet:-1, max-image-preview:large, max-video-preview:-1\" \/>\n<link rel=\"canonical\" href=\"https:\/\/fieam.org.br\/senai\/alunos-do-senai-realizam-mostra-de-sustentabilidade\/\" \/>\n<meta property=\"og:locale\" content=\"pt_BR\" \/>\n<meta property=\"og:type\" content=\"article\" \/>\n<meta property=\"og:title\" content=\"Alunos do SENAI realizam Mostra de Sustentabilidade - SENAI\" \/>\n<meta property=\"og:description\" content=\"Projetos e ideias sustent\u00e1veis sobre temas como lixo urbano, reciclagem e energias renov\u00e1veis marcaram a programa\u00e7\u00e3o a 1\u00aa Mostra de Sustentabilidade, promovida nesta segunda-feira (15) por alunos da\u00a0Escola SENAI\u00a0Dem\u00f3stenes Travessa, voltada para o segmento da constru\u00e7\u00e3o civil. Al\u00e9m de palestras, o evento contou com uma mostra de produtos feitos com material descart\u00e1vel e recicl\u00e1vel. De [&hellip;]\" \/>\n<meta property=\"og:url\" content=\"https:\/\/fieam.org.br\/senai\/alunos-do-senai-realizam-mostra-de-sustentabilidade\/\" \/>\n<meta property=\"og:site_name\" content=\"SENAI\" \/>\n<meta property=\"article:published_time\" content=\"2014-09-16T13:13:14+00:00\" \/>\n<meta name=\"author\" content=\"Autor\" \/>\n<meta name=\"twitter:card\" content=\"summary_large_image\" \/>\n<meta name=\"twitter:label1\" content=\"Escrito por\" \/>\n\t<meta name=\"twitter:data1\" content=\"Autor\" \/>\n\t<meta name=\"twitter:label2\" content=\"Est. tempo de leitura\" \/>\n\t<meta name=\"twitter:data2\" content=\"2 minutos\" \/>\n<script type=\"application\/ld+json\" class=\"yoast-schema-graph\">{\"@context\":\"https:\/\/schema.org\",\"@graph\":[{\"@type\":\"Article\",\"@id\":\"https:\/\/fieam.org.br\/senai\/alunos-do-senai-realizam-mostra-de-sustentabilidade\/#article\",\"isPartOf\":{\"@id\":\"https:\/\/fieam.org.br\/senai\/alunos-do-senai-realizam-mostra-de-sustentabilidade\/\"},\"author\":{\"name\":\"Autor\",\"@id\":\"https:\/\/fieam.org.br\/senai\/#\/schema\/person\/c1ceda8321521b291cee22da0a7d34be\"},\"headline\":\"Alunos do SENAI realizam Mostra de Sustentabilidade\",\"datePublished\":\"2014-09-16T13:13:14+00:00\",\"mainEntityOfPage\":{\"@id\":\"https:\/\/fieam.org.br\/senai\/alunos-do-senai-realizam-mostra-de-sustentabilidade\/\"},\"wordCount\":484,\"commentCount\":0,\"publisher\":{\"@id\":\"https:\/\/fieam.org.br\/senai\/#organization\"},\"articleSection\":[\"News\",\"News Destaques\"],\"inLanguage\":\"pt-BR\",\"potentialAction\":[{\"@type\":\"CommentAction\",\"name\":\"Comment\",\"target\":[\"https:\/\/fieam.org.br\/senai\/alunos-do-senai-realizam-mostra-de-sustentabilidade\/#respond\"]}]},{\"@type\":\"WebPage\",\"@id\":\"https:\/\/fieam.org.br\/senai\/alunos-do-senai-realizam-mostra-de-sustentabilidade\/\",\"url\":\"https:\/\/fieam.org.br\/senai\/alunos-do-senai-realizam-mostra-de-sustentabilidade\/\",\"name\":\"Alunos do SENAI realizam Mostra de Sustentabilidade - SENAI\",\"isPartOf\":{\"@id\":\"https:\/\/fieam.org.br\/senai\/#website\"},\"datePublished\":\"2014-09-16T13:13:14+00:00\",\"breadcrumb\":{\"@id\":\"https:\/\/fieam.org.br\/senai\/alunos-do-senai-realizam-mostra-de-sustentabilidade\/#breadcrumb\"},\"inLanguage\":\"pt-BR\",\"potentialAction\":[{\"@type\":\"ReadAction\",\"target\":[\"https:\/\/fieam.org.br\/senai\/alunos-do-senai-realizam-mostra-de-sustentabilidade\/\"]}]},{\"@type\":\"BreadcrumbList\",\"@id\":\"https:\/\/fieam.org.br\/senai\/alunos-do-senai-realizam-mostra-de-sustentabilidade\/#breadcrumb\",\"itemListElement\":[{\"@type\":\"ListItem\",\"position\":1,\"name\":\"In\u00edcio\",\"item\":\"https:\/\/fieam.org.br\/senai\/\"},{\"@type\":\"ListItem\",\"position\":2,\"name\":\"Alunos do SENAI realizam Mostra de Sustentabilidade\"}]},{\"@type\":\"WebSite\",\"@id\":\"https:\/\/fieam.org.br\/senai\/#website\",\"url\":\"https:\/\/fieam.org.br\/senai\/\",\"name\":\"SENAI\",\"description\":\"Site Oficial!\",\"publisher\":{\"@id\":\"https:\/\/fieam.org.br\/senai\/#organization\"},\"potentialAction\":[{\"@type\":\"SearchAction\",\"target\":{\"@type\":\"EntryPoint\",\"urlTemplate\":\"https:\/\/fieam.org.br\/senai\/?s={search_term_string}\"},\"query-input\":{\"@type\":\"PropertyValueSpecification\",\"valueRequired\":true,\"valueName\":\"search_term_string\"}}],\"inLanguage\":\"pt-BR\"},{\"@type\":\"Organization\",\"@id\":\"https:\/\/fieam.org.br\/senai\/#organization\",\"name\":\"SENAI\",\"url\":\"https:\/\/fieam.org.br\/senai\/\",\"logo\":{\"@type\":\"ImageObject\",\"inLanguage\":\"pt-BR\",\"@id\":\"https:\/\/fieam.org.br\/senai\/#\/schema\/logo\/image\/\",\"url\":\"https:\/\/fieam.org.br\/senai\/wp-content\/uploads\/sites\/16\/2024\/03\/cropped-fav.png\",\"contentUrl\":\"https:\/\/fieam.org.br\/senai\/wp-content\/uploads\/sites\/16\/2024\/03\/cropped-fav.png\",\"width\":592,\"height\":577,\"caption\":\"SENAI\"},\"image\":{\"@id\":\"https:\/\/fieam.org.br\/senai\/#\/schema\/logo\/image\/\"}},{\"@type\":\"Person\",\"@id\":\"https:\/\/fieam.org.br\/senai\/#\/schema\/person\/c1ceda8321521b291cee22da0a7d34be\",\"name\":\"Autor\",\"image\":{\"@type\":\"ImageObject\",\"inLanguage\":\"pt-BR\",\"@id\":\"https:\/\/fieam.org.br\/senai\/#\/schema\/person\/image\/\",\"url\":\"https:\/\/secure.gravatar.com\/avatar\/3732c223e0e1fad69062a8f770955c9068d37b055204f310a0be18d4069fe380?s=96&d=mm&r=g\",\"contentUrl\":\"https:\/\/secure.gravatar.com\/avatar\/3732c223e0e1fad69062a8f770955c9068d37b055204f310a0be18d4069fe380?s=96&d=mm&r=g\",\"caption\":\"Autor\"},\"sameAs\":[\"https:\/\/marketingmassivo.com.br\"],\"url\":\"https:\/\/fieam.org.br\/senai\/author\/admin\/\"}]}<\/script>\n<!-- \/ Yoast SEO plugin. -->","yoast_head_json":{"title":"Alunos do SENAI realizam Mostra de Sustentabilidade - SENAI","robots":{"index":"index","follow":"follow","max-snippet":"max-snippet:-1","max-image-preview":"max-image-preview:large","max-video-preview":"max-video-preview:-1"},"canonical":"https:\/\/fieam.org.br\/senai\/alunos-do-senai-realizam-mostra-de-sustentabilidade\/","og_locale":"pt_BR","og_type":"article","og_title":"Alunos do SENAI realizam Mostra de Sustentabilidade - SENAI","og_description":"Projetos e ideias sustent\u00e1veis sobre temas como lixo urbano, reciclagem e energias renov\u00e1veis marcaram a programa\u00e7\u00e3o a 1\u00aa Mostra de Sustentabilidade, promovida nesta segunda-feira (15) por alunos da\u00a0Escola SENAI\u00a0Dem\u00f3stenes Travessa, voltada para o segmento da constru\u00e7\u00e3o civil. Al\u00e9m de palestras, o evento contou com uma mostra de produtos feitos com material descart\u00e1vel e recicl\u00e1vel. De [&hellip;]","og_url":"https:\/\/fieam.org.br\/senai\/alunos-do-senai-realizam-mostra-de-sustentabilidade\/","og_site_name":"SENAI","article_published_time":"2014-09-16T13:13:14+00:00","author":"Autor","twitter_card":"summary_large_image","twitter_misc":{"Escrito por":"Autor","Est. tempo de leitura":"2 minutos"},"schema":{"@context":"https:\/\/schema.org","@graph":[{"@type":"Article","@id":"https:\/\/fieam.org.br\/senai\/alunos-do-senai-realizam-mostra-de-sustentabilidade\/#article","isPartOf":{"@id":"https:\/\/fieam.org.br\/senai\/alunos-do-senai-realizam-mostra-de-sustentabilidade\/"},"author":{"name":"Autor","@id":"https:\/\/fieam.org.br\/senai\/#\/schema\/person\/c1ceda8321521b291cee22da0a7d34be"},"headline":"Alunos do SENAI realizam Mostra de Sustentabilidade","datePublished":"2014-09-16T13:13:14+00:00","mainEntityOfPage":{"@id":"https:\/\/fieam.org.br\/senai\/alunos-do-senai-realizam-mostra-de-sustentabilidade\/"},"wordCount":484,"commentCount":0,"publisher":{"@id":"https:\/\/fieam.org.br\/senai\/#organization"},"articleSection":["News","News Destaques"],"inLanguage":"pt-BR","potentialAction":[{"@type":"CommentAction","name":"Comment","target":["https:\/\/fieam.org.br\/senai\/alunos-do-senai-realizam-mostra-de-sustentabilidade\/#respond"]}]},{"@type":"WebPage","@id":"https:\/\/fieam.org.br\/senai\/alunos-do-senai-realizam-mostra-de-sustentabilidade\/","url":"https:\/\/fieam.org.br\/senai\/alunos-do-senai-realizam-mostra-de-sustentabilidade\/","name":"Alunos do SENAI realizam Mostra de Sustentabilidade - SENAI","isPartOf":{"@id":"https:\/\/fieam.org.br\/senai\/#website"},"datePublished":"2014-09-16T13:13:14+00:00","breadcrumb":{"@id":"https:\/\/fieam.org.br\/senai\/alunos-do-senai-realizam-mostra-de-sustentabilidade\/#breadcrumb"},"inLanguage":"pt-BR","potentialAction":[{"@type":"ReadAction","target":["https:\/\/fieam.org.br\/senai\/alunos-do-senai-realizam-mostra-de-sustentabilidade\/"]}]},{"@type":"BreadcrumbList","@id":"https:\/\/fieam.org.br\/senai\/alunos-do-senai-realizam-mostra-de-sustentabilidade\/#breadcrumb","itemListElement":[{"@type":"ListItem","position":1,"name":"In\u00edcio","item":"https:\/\/fieam.org.br\/senai\/"},{"@type":"ListItem","position":2,"name":"Alunos do SENAI realizam Mostra de Sustentabilidade"}]},{"@type":"WebSite","@id":"https:\/\/fieam.org.br\/senai\/#website","url":"https:\/\/fieam.org.br\/senai\/","name":"SENAI","description":"Site Oficial!","publisher":{"@id":"https:\/\/fieam.org.br\/senai\/#organization"},"potentialAction":[{"@type":"SearchAction","target":{"@type":"EntryPoint","urlTemplate":"https:\/\/fieam.org.br\/senai\/?s={search_term_string}"},"query-input":{"@type":"PropertyValueSpecification","valueRequired":true,"valueName":"search_term_string"}}],"inLanguage":"pt-BR"},{"@type":"Organization","@id":"https:\/\/fieam.org.br\/senai\/#organization","name":"SENAI","url":"https:\/\/fieam.org.br\/senai\/","logo":{"@type":"ImageObject","inLanguage":"pt-BR","@id":"https:\/\/fieam.org.br\/senai\/#\/schema\/logo\/image\/","url":"https:\/\/fieam.org.br\/senai\/wp-content\/uploads\/sites\/16\/2024\/03\/cropped-fav.png","contentUrl":"https:\/\/fieam.org.br\/senai\/wp-content\/uploads\/sites\/16\/2024\/03\/cropped-fav.png","width":592,"height":577,"caption":"SENAI"},"image":{"@id":"https:\/\/fieam.org.br\/senai\/#\/schema\/logo\/image\/"}},{"@type":"Person","@id":"https:\/\/fieam.org.br\/senai\/#\/schema\/person\/c1ceda8321521b291cee22da0a7d34be","name":"Autor","image":{"@type":"ImageObject","inLanguage":"pt-BR","@id":"https:\/\/fieam.org.br\/senai\/#\/schema\/person\/image\/","url":"https:\/\/secure.gravatar.com\/avatar\/3732c223e0e1fad69062a8f770955c9068d37b055204f310a0be18d4069fe380?s=96&d=mm&r=g","contentUrl":"https:\/\/secure.gravatar.com\/avatar\/3732c223e0e1fad69062a8f770955c9068d37b055204f310a0be18d4069fe380?s=96&d=mm&r=g","caption":"Autor"},"sameAs":["https:\/\/marketingmassivo.com.br"],"url":"https:\/\/fieam.org.br\/senai\/author\/admin\/"}]}},"_links":{"self":[{"href":"https:\/\/fieam.org.br\/senai\/wp-json\/wp\/v2\/posts\/4138","targetHints":{"allow":["GET"]}}],"collection":[{"href":"https:\/\/fieam.org.br\/senai\/wp-json\/wp\/v2\/posts"}],"about":[{"href":"https:\/\/fieam.org.br\/senai\/wp-json\/wp\/v2\/types\/post"}],"author":[{"embeddable":true,"href":"https:\/\/fieam.org.br\/senai\/wp-json\/wp\/v2\/users\/1"}],"replies":[{"embeddable":true,"href":"https:\/\/fieam.org.br\/senai\/wp-json\/wp\/v2\/comments?post=4138"}],"version-history":[{"count":0,"href":"https:\/\/fieam.org.br\/senai\/wp-json\/wp\/v2\/posts\/4138\/revisions"}],"wp:attachment":[{"href":"https:\/\/fieam.org.br\/senai\/wp-json\/wp\/v2\/media?parent=4138"}],"wp:term":[{"taxonomy":"category","embeddable":true,"href":"https:\/\/fieam.org.br\/senai\/wp-json\/wp\/v2\/categories?post=4138"},{"taxonomy":"post_tag","embeddable":true,"href":"https:\/\/fieam.org.br\/senai\/wp-json\/wp\/v2\/tags?post=4138"}],"curies":[{"name":"wp","href":"https:\/\/api.w.org\/{rel}","templated":true}]}}