{"id":4128,"date":"2014-09-11T20:40:30","date_gmt":"2014-09-11T20:40:30","guid":{"rendered":"http:\/\/www.fieam.org.br\/site\/senai\/?p=4128"},"modified":"2014-09-11T20:40:30","modified_gmt":"2014-09-11T20:40:30","slug":"educacao-ambiental-e-tema-de-mostra-no-senai","status":"publish","type":"post","link":"https:\/\/fieam.org.br\/senai\/educacao-ambiental-e-tema-de-mostra-no-senai\/","title":{"rendered":"Educa\u00e7\u00e3o ambiental \u00e9 tema de mostra no SENAI"},"content":{"rendered":"<p>O Servi\u00e7o Nacional de Aprendizagem Industrial (SENAI Amazonas) promove na pr\u00f3xima segunda-feira (15), a partir de 8 horas, a I Mostra de Sustentabilidade, com o tema \u201cA arte de transformar\u201d, no Hall da Escola SENAI Dem\u00f3stenes Travessa, localizada na Av. Rodrigo Ot\u00e1vio, 510, Distrito Industrial (DI).<\/p>\n<p>Dentro da programa\u00e7\u00e3o est\u00e3o apresenta\u00e7\u00f5es do Grupo de Teatro do SESI, mostras de produtos artesanais feitos com materiais recicl\u00e1veis e projetos sustent\u00e1veis, al\u00e9m das palestras \u201cEnergia renov\u00e1vel\u201d e \u201cColeta seletiva\u201d com alunos do curso de instalador el\u00e9trico do SENAI.<\/p>\n<p>A mostra, de acordo com a coordenadora, professora Sandorlene Cruz, \u00e9 uma atividade voltada \u00e0 educa\u00e7\u00e3o ambiental, com proposta de sensibiliza\u00e7\u00e3o e tomada de atitudes individuais e coletivas, dando dicas de como aproveitar materiais recicl\u00e1veis e contribuir para a diminui\u00e7\u00e3o da polui\u00e7\u00e3o do planeta.<\/p>\n<p>\u201cCom esta a\u00e7\u00e3o, o SENAI pretende fazer com que as pessoas conhe\u00e7am e vivenciem o poder das a\u00e7\u00f5es sustent\u00e1veis e descubram na reeduca\u00e7\u00e3o do consumo com a reciclagem, a possibilidade de gera\u00e7\u00e3o de renda\u201d, disse Sandorlene.<\/p>\n","protected":false},"excerpt":{"rendered":"<p>O Servi\u00e7o Nacional de Aprendizagem Industrial (SENAI Amazonas) promove na pr\u00f3xima segunda-feira (15), a partir de 8 horas, a I Mostra de Sustentabilidade, com o tema \u201cA arte de transformar\u201d, no Hall da Escola SENAI Dem\u00f3stenes Travessa, localizada na Av. Rodrigo Ot\u00e1vio, 510, Distrito Industrial (DI). Dentro da programa\u00e7\u00e3o est\u00e3o apresenta\u00e7\u00f5es do Grupo de Teatro [&hellip;]<\/p>\n","protected":false},"author":1,"featured_media":0,"comment_status":"open","ping_status":"open","sticky":false,"template":"","format":"standard","meta":{"footnotes":""},"categories":[21,22],"tags":[],"class_list":["post-4128","post","type-post","status-publish","format-standard","hentry","category-news","category-news_destaque"],"yoast_head":"<!-- This site is optimized with the Yoast SEO plugin v26.8 - https:\/\/yoast.com\/product\/yoast-seo-wordpress\/ -->\n<title>Educa\u00e7\u00e3o ambiental \u00e9 tema de mostra no SENAI - SENAI<\/title>\n<meta name=\"robots\" content=\"index, follow, max-snippet:-1, max-image-preview:large, max-video-preview:-1\" \/>\n<link rel=\"canonical\" href=\"https:\/\/fieam.org.br\/senai\/educacao-ambiental-e-tema-de-mostra-no-senai\/\" \/>\n<meta property=\"og:locale\" content=\"pt_BR\" \/>\n<meta property=\"og:type\" content=\"article\" \/>\n<meta property=\"og:title\" content=\"Educa\u00e7\u00e3o ambiental \u00e9 tema de mostra no SENAI - SENAI\" \/>\n<meta property=\"og:description\" content=\"O Servi\u00e7o Nacional de Aprendizagem Industrial (SENAI Amazonas) promove na pr\u00f3xima segunda-feira (15), a partir de 8 horas, a I Mostra de Sustentabilidade, com o tema \u201cA arte de transformar\u201d, no Hall da Escola SENAI Dem\u00f3stenes Travessa, localizada na Av. Rodrigo Ot\u00e1vio, 510, Distrito Industrial (DI). Dentro da programa\u00e7\u00e3o est\u00e3o apresenta\u00e7\u00f5es do Grupo de Teatro [&hellip;]\" \/>\n<meta property=\"og:url\" content=\"https:\/\/fieam.org.br\/senai\/educacao-ambiental-e-tema-de-mostra-no-senai\/\" \/>\n<meta property=\"og:site_name\" content=\"SENAI\" \/>\n<meta property=\"article:published_time\" content=\"2014-09-11T20:40:30+00:00\" \/>\n<meta name=\"author\" content=\"Autor\" \/>\n<meta name=\"twitter:card\" content=\"summary_large_image\" \/>\n<meta name=\"twitter:label1\" content=\"Escrito por\" \/>\n\t<meta name=\"twitter:data1\" content=\"Autor\" \/>\n\t<meta name=\"twitter:label2\" content=\"Est. tempo de leitura\" \/>\n\t<meta name=\"twitter:data2\" content=\"1 minuto\" \/>\n<script type=\"application\/ld+json\" class=\"yoast-schema-graph\">{\"@context\":\"https:\/\/schema.org\",\"@graph\":[{\"@type\":\"Article\",\"@id\":\"https:\/\/fieam.org.br\/senai\/educacao-ambiental-e-tema-de-mostra-no-senai\/#article\",\"isPartOf\":{\"@id\":\"https:\/\/fieam.org.br\/senai\/educacao-ambiental-e-tema-de-mostra-no-senai\/\"},\"author\":{\"name\":\"Autor\",\"@id\":\"https:\/\/fieam.org.br\/senai\/#\/schema\/person\/c1ceda8321521b291cee22da0a7d34be\"},\"headline\":\"Educa\u00e7\u00e3o ambiental \u00e9 tema de mostra no SENAI\",\"datePublished\":\"2014-09-11T20:40:30+00:00\",\"mainEntityOfPage\":{\"@id\":\"https:\/\/fieam.org.br\/senai\/educacao-ambiental-e-tema-de-mostra-no-senai\/\"},\"wordCount\":191,\"commentCount\":0,\"publisher\":{\"@id\":\"https:\/\/fieam.org.br\/senai\/#organization\"},\"articleSection\":[\"News\",\"News Destaques\"],\"inLanguage\":\"pt-BR\",\"potentialAction\":[{\"@type\":\"CommentAction\",\"name\":\"Comment\",\"target\":[\"https:\/\/fieam.org.br\/senai\/educacao-ambiental-e-tema-de-mostra-no-senai\/#respond\"]}]},{\"@type\":\"WebPage\",\"@id\":\"https:\/\/fieam.org.br\/senai\/educacao-ambiental-e-tema-de-mostra-no-senai\/\",\"url\":\"https:\/\/fieam.org.br\/senai\/educacao-ambiental-e-tema-de-mostra-no-senai\/\",\"name\":\"Educa\u00e7\u00e3o ambiental \u00e9 tema de mostra no SENAI - SENAI\",\"isPartOf\":{\"@id\":\"https:\/\/fieam.org.br\/senai\/#website\"},\"datePublished\":\"2014-09-11T20:40:30+00:00\",\"breadcrumb\":{\"@id\":\"https:\/\/fieam.org.br\/senai\/educacao-ambiental-e-tema-de-mostra-no-senai\/#breadcrumb\"},\"inLanguage\":\"pt-BR\",\"potentialAction\":[{\"@type\":\"ReadAction\",\"target\":[\"https:\/\/fieam.org.br\/senai\/educacao-ambiental-e-tema-de-mostra-no-senai\/\"]}]},{\"@type\":\"BreadcrumbList\",\"@id\":\"https:\/\/fieam.org.br\/senai\/educacao-ambiental-e-tema-de-mostra-no-senai\/#breadcrumb\",\"itemListElement\":[{\"@type\":\"ListItem\",\"position\":1,\"name\":\"In\u00edcio\",\"item\":\"https:\/\/fieam.org.br\/senai\/\"},{\"@type\":\"ListItem\",\"position\":2,\"name\":\"Educa\u00e7\u00e3o ambiental \u00e9 tema de mostra no SENAI\"}]},{\"@type\":\"WebSite\",\"@id\":\"https:\/\/fieam.org.br\/senai\/#website\",\"url\":\"https:\/\/fieam.org.br\/senai\/\",\"name\":\"SENAI\",\"description\":\"Site Oficial!\",\"publisher\":{\"@id\":\"https:\/\/fieam.org.br\/senai\/#organization\"},\"potentialAction\":[{\"@type\":\"SearchAction\",\"target\":{\"@type\":\"EntryPoint\",\"urlTemplate\":\"https:\/\/fieam.org.br\/senai\/?s={search_term_string}\"},\"query-input\":{\"@type\":\"PropertyValueSpecification\",\"valueRequired\":true,\"valueName\":\"search_term_string\"}}],\"inLanguage\":\"pt-BR\"},{\"@type\":\"Organization\",\"@id\":\"https:\/\/fieam.org.br\/senai\/#organization\",\"name\":\"SENAI\",\"url\":\"https:\/\/fieam.org.br\/senai\/\",\"logo\":{\"@type\":\"ImageObject\",\"inLanguage\":\"pt-BR\",\"@id\":\"https:\/\/fieam.org.br\/senai\/#\/schema\/logo\/image\/\",\"url\":\"https:\/\/fieam.org.br\/senai\/wp-content\/uploads\/sites\/16\/2024\/03\/cropped-fav.png\",\"contentUrl\":\"https:\/\/fieam.org.br\/senai\/wp-content\/uploads\/sites\/16\/2024\/03\/cropped-fav.png\",\"width\":592,\"height\":577,\"caption\":\"SENAI\"},\"image\":{\"@id\":\"https:\/\/fieam.org.br\/senai\/#\/schema\/logo\/image\/\"}},{\"@type\":\"Person\",\"@id\":\"https:\/\/fieam.org.br\/senai\/#\/schema\/person\/c1ceda8321521b291cee22da0a7d34be\",\"name\":\"Autor\",\"image\":{\"@type\":\"ImageObject\",\"inLanguage\":\"pt-BR\",\"@id\":\"https:\/\/fieam.org.br\/senai\/#\/schema\/person\/image\/\",\"url\":\"https:\/\/secure.gravatar.com\/avatar\/3732c223e0e1fad69062a8f770955c9068d37b055204f310a0be18d4069fe380?s=96&d=mm&r=g\",\"contentUrl\":\"https:\/\/secure.gravatar.com\/avatar\/3732c223e0e1fad69062a8f770955c9068d37b055204f310a0be18d4069fe380?s=96&d=mm&r=g\",\"caption\":\"Autor\"},\"sameAs\":[\"https:\/\/marketingmassivo.com.br\"],\"url\":\"https:\/\/fieam.org.br\/senai\/author\/admin\/\"}]}<\/script>\n<!-- \/ Yoast SEO plugin. -->","yoast_head_json":{"title":"Educa\u00e7\u00e3o ambiental \u00e9 tema de mostra no SENAI - SENAI","robots":{"index":"index","follow":"follow","max-snippet":"max-snippet:-1","max-image-preview":"max-image-preview:large","max-video-preview":"max-video-preview:-1"},"canonical":"https:\/\/fieam.org.br\/senai\/educacao-ambiental-e-tema-de-mostra-no-senai\/","og_locale":"pt_BR","og_type":"article","og_title":"Educa\u00e7\u00e3o ambiental \u00e9 tema de mostra no SENAI - SENAI","og_description":"O Servi\u00e7o Nacional de Aprendizagem Industrial (SENAI Amazonas) promove na pr\u00f3xima segunda-feira (15), a partir de 8 horas, a I Mostra de Sustentabilidade, com o tema \u201cA arte de transformar\u201d, no Hall da Escola SENAI Dem\u00f3stenes Travessa, localizada na Av. Rodrigo Ot\u00e1vio, 510, Distrito Industrial (DI). Dentro da programa\u00e7\u00e3o est\u00e3o apresenta\u00e7\u00f5es do Grupo de Teatro [&hellip;]","og_url":"https:\/\/fieam.org.br\/senai\/educacao-ambiental-e-tema-de-mostra-no-senai\/","og_site_name":"SENAI","article_published_time":"2014-09-11T20:40:30+00:00","author":"Autor","twitter_card":"summary_large_image","twitter_misc":{"Escrito por":"Autor","Est. tempo de leitura":"1 minuto"},"schema":{"@context":"https:\/\/schema.org","@graph":[{"@type":"Article","@id":"https:\/\/fieam.org.br\/senai\/educacao-ambiental-e-tema-de-mostra-no-senai\/#article","isPartOf":{"@id":"https:\/\/fieam.org.br\/senai\/educacao-ambiental-e-tema-de-mostra-no-senai\/"},"author":{"name":"Autor","@id":"https:\/\/fieam.org.br\/senai\/#\/schema\/person\/c1ceda8321521b291cee22da0a7d34be"},"headline":"Educa\u00e7\u00e3o ambiental \u00e9 tema de mostra no SENAI","datePublished":"2014-09-11T20:40:30+00:00","mainEntityOfPage":{"@id":"https:\/\/fieam.org.br\/senai\/educacao-ambiental-e-tema-de-mostra-no-senai\/"},"wordCount":191,"commentCount":0,"publisher":{"@id":"https:\/\/fieam.org.br\/senai\/#organization"},"articleSection":["News","News Destaques"],"inLanguage":"pt-BR","potentialAction":[{"@type":"CommentAction","name":"Comment","target":["https:\/\/fieam.org.br\/senai\/educacao-ambiental-e-tema-de-mostra-no-senai\/#respond"]}]},{"@type":"WebPage","@id":"https:\/\/fieam.org.br\/senai\/educacao-ambiental-e-tema-de-mostra-no-senai\/","url":"https:\/\/fieam.org.br\/senai\/educacao-ambiental-e-tema-de-mostra-no-senai\/","name":"Educa\u00e7\u00e3o ambiental \u00e9 tema de mostra no SENAI - SENAI","isPartOf":{"@id":"https:\/\/fieam.org.br\/senai\/#website"},"datePublished":"2014-09-11T20:40:30+00:00","breadcrumb":{"@id":"https:\/\/fieam.org.br\/senai\/educacao-ambiental-e-tema-de-mostra-no-senai\/#breadcrumb"},"inLanguage":"pt-BR","potentialAction":[{"@type":"ReadAction","target":["https:\/\/fieam.org.br\/senai\/educacao-ambiental-e-tema-de-mostra-no-senai\/"]}]},{"@type":"BreadcrumbList","@id":"https:\/\/fieam.org.br\/senai\/educacao-ambiental-e-tema-de-mostra-no-senai\/#breadcrumb","itemListElement":[{"@type":"ListItem","position":1,"name":"In\u00edcio","item":"https:\/\/fieam.org.br\/senai\/"},{"@type":"ListItem","position":2,"name":"Educa\u00e7\u00e3o ambiental \u00e9 tema de mostra no SENAI"}]},{"@type":"WebSite","@id":"https:\/\/fieam.org.br\/senai\/#website","url":"https:\/\/fieam.org.br\/senai\/","name":"SENAI","description":"Site Oficial!","publisher":{"@id":"https:\/\/fieam.org.br\/senai\/#organization"},"potentialAction":[{"@type":"SearchAction","target":{"@type":"EntryPoint","urlTemplate":"https:\/\/fieam.org.br\/senai\/?s={search_term_string}"},"query-input":{"@type":"PropertyValueSpecification","valueRequired":true,"valueName":"search_term_string"}}],"inLanguage":"pt-BR"},{"@type":"Organization","@id":"https:\/\/fieam.org.br\/senai\/#organization","name":"SENAI","url":"https:\/\/fieam.org.br\/senai\/","logo":{"@type":"ImageObject","inLanguage":"pt-BR","@id":"https:\/\/fieam.org.br\/senai\/#\/schema\/logo\/image\/","url":"https:\/\/fieam.org.br\/senai\/wp-content\/uploads\/sites\/16\/2024\/03\/cropped-fav.png","contentUrl":"https:\/\/fieam.org.br\/senai\/wp-content\/uploads\/sites\/16\/2024\/03\/cropped-fav.png","width":592,"height":577,"caption":"SENAI"},"image":{"@id":"https:\/\/fieam.org.br\/senai\/#\/schema\/logo\/image\/"}},{"@type":"Person","@id":"https:\/\/fieam.org.br\/senai\/#\/schema\/person\/c1ceda8321521b291cee22da0a7d34be","name":"Autor","image":{"@type":"ImageObject","inLanguage":"pt-BR","@id":"https:\/\/fieam.org.br\/senai\/#\/schema\/person\/image\/","url":"https:\/\/secure.gravatar.com\/avatar\/3732c223e0e1fad69062a8f770955c9068d37b055204f310a0be18d4069fe380?s=96&d=mm&r=g","contentUrl":"https:\/\/secure.gravatar.com\/avatar\/3732c223e0e1fad69062a8f770955c9068d37b055204f310a0be18d4069fe380?s=96&d=mm&r=g","caption":"Autor"},"sameAs":["https:\/\/marketingmassivo.com.br"],"url":"https:\/\/fieam.org.br\/senai\/author\/admin\/"}]}},"_links":{"self":[{"href":"https:\/\/fieam.org.br\/senai\/wp-json\/wp\/v2\/posts\/4128","targetHints":{"allow":["GET"]}}],"collection":[{"href":"https:\/\/fieam.org.br\/senai\/wp-json\/wp\/v2\/posts"}],"about":[{"href":"https:\/\/fieam.org.br\/senai\/wp-json\/wp\/v2\/types\/post"}],"author":[{"embeddable":true,"href":"https:\/\/fieam.org.br\/senai\/wp-json\/wp\/v2\/users\/1"}],"replies":[{"embeddable":true,"href":"https:\/\/fieam.org.br\/senai\/wp-json\/wp\/v2\/comments?post=4128"}],"version-history":[{"count":0,"href":"https:\/\/fieam.org.br\/senai\/wp-json\/wp\/v2\/posts\/4128\/revisions"}],"wp:attachment":[{"href":"https:\/\/fieam.org.br\/senai\/wp-json\/wp\/v2\/media?parent=4128"}],"wp:term":[{"taxonomy":"category","embeddable":true,"href":"https:\/\/fieam.org.br\/senai\/wp-json\/wp\/v2\/categories?post=4128"},{"taxonomy":"post_tag","embeddable":true,"href":"https:\/\/fieam.org.br\/senai\/wp-json\/wp\/v2\/tags?post=4128"}],"curies":[{"name":"wp","href":"https:\/\/api.w.org\/{rel}","templated":true}]}}