{"id":4114,"date":"2014-09-08T18:54:55","date_gmt":"2014-09-08T18:54:55","guid":{"rendered":"http:\/\/www.fieam.org.br\/site\/senai\/?p=4114"},"modified":"2014-09-08T18:54:55","modified_gmt":"2014-09-08T18:54:55","slug":"amazonenses-estao-confiantes-na-disputa-por-medalhas-na-8a-olimpiada-do-conhecimento-em-bh","status":"publish","type":"post","link":"https:\/\/fieam.org.br\/senai\/amazonenses-estao-confiantes-na-disputa-por-medalhas-na-8a-olimpiada-do-conhecimento-em-bh\/","title":{"rendered":"Amazonenses est\u00e3o confiantes na disputa por medalhas na 8\u00aa Olimp\u00edada do Conhecimento em BH"},"content":{"rendered":"<p align=\"center\"><b>Amazonenses est\u00e3o confiantes na disputa por medalhas na 8\u00aa Olimp\u00edada do Conhecimento em BH<\/b><\/p>\n<p>&nbsp;<\/p>\n<p>As provas da 8\u00aa edi\u00e7\u00e3o da Olimp\u00edada do Conhecimento come\u00e7aram para valer na quarta-feira (3) e os 13 alunos do\u00a0<a href=\"http:\/\/www.fieam.org.br\/site\/senai\" target=\"_blank\" rel=\"noopener\">SENAI<\/a>\u00a0Amazonas demonstram seriedade e concentra\u00e7\u00e3o na disputa por medalhas nas 11 ocupa\u00e7\u00f5es industriais que disputam: Mecatr\u00f4nica, Sistema de Constru\u00e7\u00e3o Drywall, Soldagem, Marcenaria de M\u00f3veis, Constru\u00e7\u00e3o em Alvenaria, Eletr\u00f4nica Industrial, Vitrinismo, Tecnologia da Moda, Jardinagem e Paisagismo e Constru\u00e7\u00e3o de Moldes. A delega\u00e7\u00e3o do Amazonas conta ainda com um competidor do SENAC na ocupa\u00e7\u00e3o Cabeleireiro.<\/p>\n<p>O avaliador de Mecatr\u00f4nica, Marcos Alexandre, preferiu ter cautela na an\u00e1lise de como a dupla do Amazonas se saiu no primeiro dia de competi\u00e7\u00e3o. \u201cAqui todos est\u00e3o no p\u00e1reo para medalha. A disputa est\u00e1 acirrada e est\u00e1 muito no in\u00edcio para fazer um balan\u00e7o de quem est\u00e1 melhor. O importante \u00e9 que nossa equipe est\u00e1 bem focada e as duas tarefas realizadas no primeiro dia de prova foram bem executadas e tiveram pleno funcionamento\u201d, disse o avaliador.<\/p>\n<p>Favorita para conquistar medalha, para o Amazonas, a dupla de Mecatr\u00f4nica, Rafael Braga, 18, e Giovanne Reis, 19, est\u00e1 em completa concentra\u00e7\u00e3o para executar as tarefas de construir e manter uma linha de produ\u00e7\u00e3o em funcionamento automatizado com bra\u00e7o rob\u00f4.<\/p>\n<p>Para o avaliador de Eletr\u00f4nica Industrial, Silvano Tavares J\u00fanior, as avalia\u00e7\u00f5es, at\u00e9 a manh\u00e3 desta quinta-feira, 4, foram complexas, mas nada fora do treinamento realizado com o aluno amazonense Welrikyson Marinho, de 18 anos.<\/p>\n<p>H\u00e1 quase dois anos, o competidor de Eletr\u00f4nica do Amazonas se dedica \u00e0s tarefas de executar programa\u00e7\u00e3o e soldagem em sistemas embarcados.<\/p>\n<p>\u201cNosso aluno est\u00e1 bem, superando os desafios da press\u00e3o da competi\u00e7\u00e3o com outros 14 alunos. Faremos o nosso melhor para representar a educa\u00e7\u00e3o profissional disseminada em eletr\u00f4nica industrial no SENAI Amazonas\u201d, declarou Silvano.<\/p>\n<p>Na ocupa\u00e7\u00e3o Sistema Drywall, o avaliador Emerson Ara\u00fajo revela que o competidor Jess\u00e9 Nunes, de 20 anos, est\u00e1 tranquilo e vem demonstrando um bom desempenho nas aplica\u00e7\u00f5es de revestimento de gesso nas divis\u00f3rias propostas no primeiro dia e na manh\u00e3 desta quinta-feira. O aluno executa tarefas de cortes e montagens de placas de gesso e encaixe com materiais sint\u00e9ticos como alum\u00ednio e a\u00e7o.<\/p>\n<p>\u201cTemos a perspectiva de levar uma medalha nesta ocupa\u00e7\u00e3o, sabendo que o aluno teve um treinamento intensivo e t\u00e9cnico para realizar todas as atividades que ser\u00e3o propostas nesta Olimp\u00edada do Conhecimento\u201d, disse Emerson Ara\u00fajo.<\/p>\n<p>O an\u00fancio dos vencedores da Olimp\u00edada do Conhecimento 2014 ser\u00e1 no dia 7 de setembro, domingo, a partir das 16h, na Arena Vivo, em Belo Horizonte. At\u00e9 l\u00e1, a delega\u00e7\u00e3o do Amazonas segue confiante na conquista de medalha, bem como de mais conhecimento profissional na intera\u00e7\u00e3o com os melhores alunos do SENAI de todo o Brasil.<\/p>\n<p>Nesta Olimp\u00edada, est\u00e3o competindo cerca de 800 alunos, de todos os departamentos regionais do SENAI, representando 58 ocupa\u00e7\u00f5es. O evento realizado pelo SENAI Nacional \u00e9 o maior torneio de educa\u00e7\u00e3o profissional das Am\u00e9ricas.<\/p>\n\n","protected":false},"excerpt":{"rendered":"<p>Amazonenses est\u00e3o confiantes na disputa por medalhas na 8\u00aa Olimp\u00edada do Conhecimento em BH &nbsp; As provas da 8\u00aa edi\u00e7\u00e3o da Olimp\u00edada do Conhecimento come\u00e7aram para valer na quarta-feira (3) e os 13 alunos do\u00a0SENAI\u00a0Amazonas demonstram seriedade e concentra\u00e7\u00e3o na disputa por medalhas nas 11 ocupa\u00e7\u00f5es industriais que disputam: Mecatr\u00f4nica, Sistema de Constru\u00e7\u00e3o Drywall, Soldagem, [&hellip;]<\/p>\n","protected":false},"author":1,"featured_media":0,"comment_status":"open","ping_status":"open","sticky":false,"template":"","format":"standard","meta":{"footnotes":""},"categories":[21,22],"tags":[],"class_list":["post-4114","post","type-post","status-publish","format-standard","hentry","category-news","category-news_destaque"],"yoast_head":"<!-- This site is optimized with the Yoast SEO plugin v26.8 - https:\/\/yoast.com\/product\/yoast-seo-wordpress\/ -->\n<title>Amazonenses est\u00e3o confiantes na disputa por medalhas na 8\u00aa Olimp\u00edada do Conhecimento em BH - SENAI<\/title>\n<meta name=\"robots\" content=\"index, follow, max-snippet:-1, max-image-preview:large, max-video-preview:-1\" \/>\n<link rel=\"canonical\" href=\"https:\/\/fieam.org.br\/senai\/amazonenses-estao-confiantes-na-disputa-por-medalhas-na-8a-olimpiada-do-conhecimento-em-bh\/\" \/>\n<meta property=\"og:locale\" content=\"pt_BR\" \/>\n<meta property=\"og:type\" content=\"article\" \/>\n<meta property=\"og:title\" content=\"Amazonenses est\u00e3o confiantes na disputa por medalhas na 8\u00aa Olimp\u00edada do Conhecimento em BH - SENAI\" \/>\n<meta property=\"og:description\" content=\"Amazonenses est\u00e3o confiantes na disputa por medalhas na 8\u00aa Olimp\u00edada do Conhecimento em BH &nbsp; As provas da 8\u00aa edi\u00e7\u00e3o da Olimp\u00edada do Conhecimento come\u00e7aram para valer na quarta-feira (3) e os 13 alunos do\u00a0SENAI\u00a0Amazonas demonstram seriedade e concentra\u00e7\u00e3o na disputa por medalhas nas 11 ocupa\u00e7\u00f5es industriais que disputam: Mecatr\u00f4nica, Sistema de Constru\u00e7\u00e3o Drywall, Soldagem, [&hellip;]\" \/>\n<meta property=\"og:url\" content=\"https:\/\/fieam.org.br\/senai\/amazonenses-estao-confiantes-na-disputa-por-medalhas-na-8a-olimpiada-do-conhecimento-em-bh\/\" \/>\n<meta property=\"og:site_name\" content=\"SENAI\" \/>\n<meta property=\"article:published_time\" content=\"2014-09-08T18:54:55+00:00\" \/>\n<meta name=\"author\" content=\"Autor\" \/>\n<meta name=\"twitter:card\" content=\"summary_large_image\" \/>\n<meta name=\"twitter:label1\" content=\"Escrito por\" \/>\n\t<meta name=\"twitter:data1\" content=\"Autor\" \/>\n\t<meta name=\"twitter:label2\" content=\"Est. tempo de leitura\" \/>\n\t<meta name=\"twitter:data2\" content=\"3 minutos\" \/>\n<script type=\"application\/ld+json\" class=\"yoast-schema-graph\">{\"@context\":\"https:\/\/schema.org\",\"@graph\":[{\"@type\":\"Article\",\"@id\":\"https:\/\/fieam.org.br\/senai\/amazonenses-estao-confiantes-na-disputa-por-medalhas-na-8a-olimpiada-do-conhecimento-em-bh\/#article\",\"isPartOf\":{\"@id\":\"https:\/\/fieam.org.br\/senai\/amazonenses-estao-confiantes-na-disputa-por-medalhas-na-8a-olimpiada-do-conhecimento-em-bh\/\"},\"author\":{\"name\":\"Autor\",\"@id\":\"https:\/\/fieam.org.br\/senai\/#\/schema\/person\/c1ceda8321521b291cee22da0a7d34be\"},\"headline\":\"Amazonenses est\u00e3o confiantes na disputa por medalhas na 8\u00aa Olimp\u00edada do Conhecimento em BH\",\"datePublished\":\"2014-09-08T18:54:55+00:00\",\"mainEntityOfPage\":{\"@id\":\"https:\/\/fieam.org.br\/senai\/amazonenses-estao-confiantes-na-disputa-por-medalhas-na-8a-olimpiada-do-conhecimento-em-bh\/\"},\"wordCount\":540,\"commentCount\":0,\"publisher\":{\"@id\":\"https:\/\/fieam.org.br\/senai\/#organization\"},\"articleSection\":[\"News\",\"News Destaques\"],\"inLanguage\":\"pt-BR\",\"potentialAction\":[{\"@type\":\"CommentAction\",\"name\":\"Comment\",\"target\":[\"https:\/\/fieam.org.br\/senai\/amazonenses-estao-confiantes-na-disputa-por-medalhas-na-8a-olimpiada-do-conhecimento-em-bh\/#respond\"]}]},{\"@type\":\"WebPage\",\"@id\":\"https:\/\/fieam.org.br\/senai\/amazonenses-estao-confiantes-na-disputa-por-medalhas-na-8a-olimpiada-do-conhecimento-em-bh\/\",\"url\":\"https:\/\/fieam.org.br\/senai\/amazonenses-estao-confiantes-na-disputa-por-medalhas-na-8a-olimpiada-do-conhecimento-em-bh\/\",\"name\":\"Amazonenses est\u00e3o confiantes na disputa por medalhas na 8\u00aa Olimp\u00edada do Conhecimento em BH - SENAI\",\"isPartOf\":{\"@id\":\"https:\/\/fieam.org.br\/senai\/#website\"},\"datePublished\":\"2014-09-08T18:54:55+00:00\",\"breadcrumb\":{\"@id\":\"https:\/\/fieam.org.br\/senai\/amazonenses-estao-confiantes-na-disputa-por-medalhas-na-8a-olimpiada-do-conhecimento-em-bh\/#breadcrumb\"},\"inLanguage\":\"pt-BR\",\"potentialAction\":[{\"@type\":\"ReadAction\",\"target\":[\"https:\/\/fieam.org.br\/senai\/amazonenses-estao-confiantes-na-disputa-por-medalhas-na-8a-olimpiada-do-conhecimento-em-bh\/\"]}]},{\"@type\":\"BreadcrumbList\",\"@id\":\"https:\/\/fieam.org.br\/senai\/amazonenses-estao-confiantes-na-disputa-por-medalhas-na-8a-olimpiada-do-conhecimento-em-bh\/#breadcrumb\",\"itemListElement\":[{\"@type\":\"ListItem\",\"position\":1,\"name\":\"In\u00edcio\",\"item\":\"https:\/\/fieam.org.br\/senai\/\"},{\"@type\":\"ListItem\",\"position\":2,\"name\":\"Amazonenses est\u00e3o confiantes na disputa por medalhas na 8\u00aa Olimp\u00edada do Conhecimento em BH\"}]},{\"@type\":\"WebSite\",\"@id\":\"https:\/\/fieam.org.br\/senai\/#website\",\"url\":\"https:\/\/fieam.org.br\/senai\/\",\"name\":\"SENAI\",\"description\":\"Site Oficial!\",\"publisher\":{\"@id\":\"https:\/\/fieam.org.br\/senai\/#organization\"},\"potentialAction\":[{\"@type\":\"SearchAction\",\"target\":{\"@type\":\"EntryPoint\",\"urlTemplate\":\"https:\/\/fieam.org.br\/senai\/?s={search_term_string}\"},\"query-input\":{\"@type\":\"PropertyValueSpecification\",\"valueRequired\":true,\"valueName\":\"search_term_string\"}}],\"inLanguage\":\"pt-BR\"},{\"@type\":\"Organization\",\"@id\":\"https:\/\/fieam.org.br\/senai\/#organization\",\"name\":\"SENAI\",\"url\":\"https:\/\/fieam.org.br\/senai\/\",\"logo\":{\"@type\":\"ImageObject\",\"inLanguage\":\"pt-BR\",\"@id\":\"https:\/\/fieam.org.br\/senai\/#\/schema\/logo\/image\/\",\"url\":\"https:\/\/fieam.org.br\/senai\/wp-content\/uploads\/sites\/16\/2024\/03\/cropped-fav.png\",\"contentUrl\":\"https:\/\/fieam.org.br\/senai\/wp-content\/uploads\/sites\/16\/2024\/03\/cropped-fav.png\",\"width\":592,\"height\":577,\"caption\":\"SENAI\"},\"image\":{\"@id\":\"https:\/\/fieam.org.br\/senai\/#\/schema\/logo\/image\/\"}},{\"@type\":\"Person\",\"@id\":\"https:\/\/fieam.org.br\/senai\/#\/schema\/person\/c1ceda8321521b291cee22da0a7d34be\",\"name\":\"Autor\",\"image\":{\"@type\":\"ImageObject\",\"inLanguage\":\"pt-BR\",\"@id\":\"https:\/\/fieam.org.br\/senai\/#\/schema\/person\/image\/\",\"url\":\"https:\/\/secure.gravatar.com\/avatar\/3732c223e0e1fad69062a8f770955c9068d37b055204f310a0be18d4069fe380?s=96&d=mm&r=g\",\"contentUrl\":\"https:\/\/secure.gravatar.com\/avatar\/3732c223e0e1fad69062a8f770955c9068d37b055204f310a0be18d4069fe380?s=96&d=mm&r=g\",\"caption\":\"Autor\"},\"sameAs\":[\"https:\/\/marketingmassivo.com.br\"],\"url\":\"https:\/\/fieam.org.br\/senai\/author\/admin\/\"}]}<\/script>\n<!-- \/ Yoast SEO plugin. -->","yoast_head_json":{"title":"Amazonenses est\u00e3o confiantes na disputa por medalhas na 8\u00aa Olimp\u00edada do Conhecimento em BH - SENAI","robots":{"index":"index","follow":"follow","max-snippet":"max-snippet:-1","max-image-preview":"max-image-preview:large","max-video-preview":"max-video-preview:-1"},"canonical":"https:\/\/fieam.org.br\/senai\/amazonenses-estao-confiantes-na-disputa-por-medalhas-na-8a-olimpiada-do-conhecimento-em-bh\/","og_locale":"pt_BR","og_type":"article","og_title":"Amazonenses est\u00e3o confiantes na disputa por medalhas na 8\u00aa Olimp\u00edada do Conhecimento em BH - SENAI","og_description":"Amazonenses est\u00e3o confiantes na disputa por medalhas na 8\u00aa Olimp\u00edada do Conhecimento em BH &nbsp; As provas da 8\u00aa edi\u00e7\u00e3o da Olimp\u00edada do Conhecimento come\u00e7aram para valer na quarta-feira (3) e os 13 alunos do\u00a0SENAI\u00a0Amazonas demonstram seriedade e concentra\u00e7\u00e3o na disputa por medalhas nas 11 ocupa\u00e7\u00f5es industriais que disputam: Mecatr\u00f4nica, Sistema de Constru\u00e7\u00e3o Drywall, Soldagem, [&hellip;]","og_url":"https:\/\/fieam.org.br\/senai\/amazonenses-estao-confiantes-na-disputa-por-medalhas-na-8a-olimpiada-do-conhecimento-em-bh\/","og_site_name":"SENAI","article_published_time":"2014-09-08T18:54:55+00:00","author":"Autor","twitter_card":"summary_large_image","twitter_misc":{"Escrito por":"Autor","Est. tempo de leitura":"3 minutos"},"schema":{"@context":"https:\/\/schema.org","@graph":[{"@type":"Article","@id":"https:\/\/fieam.org.br\/senai\/amazonenses-estao-confiantes-na-disputa-por-medalhas-na-8a-olimpiada-do-conhecimento-em-bh\/#article","isPartOf":{"@id":"https:\/\/fieam.org.br\/senai\/amazonenses-estao-confiantes-na-disputa-por-medalhas-na-8a-olimpiada-do-conhecimento-em-bh\/"},"author":{"name":"Autor","@id":"https:\/\/fieam.org.br\/senai\/#\/schema\/person\/c1ceda8321521b291cee22da0a7d34be"},"headline":"Amazonenses est\u00e3o confiantes na disputa por medalhas na 8\u00aa Olimp\u00edada do Conhecimento em BH","datePublished":"2014-09-08T18:54:55+00:00","mainEntityOfPage":{"@id":"https:\/\/fieam.org.br\/senai\/amazonenses-estao-confiantes-na-disputa-por-medalhas-na-8a-olimpiada-do-conhecimento-em-bh\/"},"wordCount":540,"commentCount":0,"publisher":{"@id":"https:\/\/fieam.org.br\/senai\/#organization"},"articleSection":["News","News Destaques"],"inLanguage":"pt-BR","potentialAction":[{"@type":"CommentAction","name":"Comment","target":["https:\/\/fieam.org.br\/senai\/amazonenses-estao-confiantes-na-disputa-por-medalhas-na-8a-olimpiada-do-conhecimento-em-bh\/#respond"]}]},{"@type":"WebPage","@id":"https:\/\/fieam.org.br\/senai\/amazonenses-estao-confiantes-na-disputa-por-medalhas-na-8a-olimpiada-do-conhecimento-em-bh\/","url":"https:\/\/fieam.org.br\/senai\/amazonenses-estao-confiantes-na-disputa-por-medalhas-na-8a-olimpiada-do-conhecimento-em-bh\/","name":"Amazonenses est\u00e3o confiantes na disputa por medalhas na 8\u00aa Olimp\u00edada do Conhecimento em BH - SENAI","isPartOf":{"@id":"https:\/\/fieam.org.br\/senai\/#website"},"datePublished":"2014-09-08T18:54:55+00:00","breadcrumb":{"@id":"https:\/\/fieam.org.br\/senai\/amazonenses-estao-confiantes-na-disputa-por-medalhas-na-8a-olimpiada-do-conhecimento-em-bh\/#breadcrumb"},"inLanguage":"pt-BR","potentialAction":[{"@type":"ReadAction","target":["https:\/\/fieam.org.br\/senai\/amazonenses-estao-confiantes-na-disputa-por-medalhas-na-8a-olimpiada-do-conhecimento-em-bh\/"]}]},{"@type":"BreadcrumbList","@id":"https:\/\/fieam.org.br\/senai\/amazonenses-estao-confiantes-na-disputa-por-medalhas-na-8a-olimpiada-do-conhecimento-em-bh\/#breadcrumb","itemListElement":[{"@type":"ListItem","position":1,"name":"In\u00edcio","item":"https:\/\/fieam.org.br\/senai\/"},{"@type":"ListItem","position":2,"name":"Amazonenses est\u00e3o confiantes na disputa por medalhas na 8\u00aa Olimp\u00edada do Conhecimento em BH"}]},{"@type":"WebSite","@id":"https:\/\/fieam.org.br\/senai\/#website","url":"https:\/\/fieam.org.br\/senai\/","name":"SENAI","description":"Site Oficial!","publisher":{"@id":"https:\/\/fieam.org.br\/senai\/#organization"},"potentialAction":[{"@type":"SearchAction","target":{"@type":"EntryPoint","urlTemplate":"https:\/\/fieam.org.br\/senai\/?s={search_term_string}"},"query-input":{"@type":"PropertyValueSpecification","valueRequired":true,"valueName":"search_term_string"}}],"inLanguage":"pt-BR"},{"@type":"Organization","@id":"https:\/\/fieam.org.br\/senai\/#organization","name":"SENAI","url":"https:\/\/fieam.org.br\/senai\/","logo":{"@type":"ImageObject","inLanguage":"pt-BR","@id":"https:\/\/fieam.org.br\/senai\/#\/schema\/logo\/image\/","url":"https:\/\/fieam.org.br\/senai\/wp-content\/uploads\/sites\/16\/2024\/03\/cropped-fav.png","contentUrl":"https:\/\/fieam.org.br\/senai\/wp-content\/uploads\/sites\/16\/2024\/03\/cropped-fav.png","width":592,"height":577,"caption":"SENAI"},"image":{"@id":"https:\/\/fieam.org.br\/senai\/#\/schema\/logo\/image\/"}},{"@type":"Person","@id":"https:\/\/fieam.org.br\/senai\/#\/schema\/person\/c1ceda8321521b291cee22da0a7d34be","name":"Autor","image":{"@type":"ImageObject","inLanguage":"pt-BR","@id":"https:\/\/fieam.org.br\/senai\/#\/schema\/person\/image\/","url":"https:\/\/secure.gravatar.com\/avatar\/3732c223e0e1fad69062a8f770955c9068d37b055204f310a0be18d4069fe380?s=96&d=mm&r=g","contentUrl":"https:\/\/secure.gravatar.com\/avatar\/3732c223e0e1fad69062a8f770955c9068d37b055204f310a0be18d4069fe380?s=96&d=mm&r=g","caption":"Autor"},"sameAs":["https:\/\/marketingmassivo.com.br"],"url":"https:\/\/fieam.org.br\/senai\/author\/admin\/"}]}},"_links":{"self":[{"href":"https:\/\/fieam.org.br\/senai\/wp-json\/wp\/v2\/posts\/4114","targetHints":{"allow":["GET"]}}],"collection":[{"href":"https:\/\/fieam.org.br\/senai\/wp-json\/wp\/v2\/posts"}],"about":[{"href":"https:\/\/fieam.org.br\/senai\/wp-json\/wp\/v2\/types\/post"}],"author":[{"embeddable":true,"href":"https:\/\/fieam.org.br\/senai\/wp-json\/wp\/v2\/users\/1"}],"replies":[{"embeddable":true,"href":"https:\/\/fieam.org.br\/senai\/wp-json\/wp\/v2\/comments?post=4114"}],"version-history":[{"count":0,"href":"https:\/\/fieam.org.br\/senai\/wp-json\/wp\/v2\/posts\/4114\/revisions"}],"wp:attachment":[{"href":"https:\/\/fieam.org.br\/senai\/wp-json\/wp\/v2\/media?parent=4114"}],"wp:term":[{"taxonomy":"category","embeddable":true,"href":"https:\/\/fieam.org.br\/senai\/wp-json\/wp\/v2\/categories?post=4114"},{"taxonomy":"post_tag","embeddable":true,"href":"https:\/\/fieam.org.br\/senai\/wp-json\/wp\/v2\/tags?post=4114"}],"curies":[{"name":"wp","href":"https:\/\/api.w.org\/{rel}","templated":true}]}}