{"id":4111,"date":"2014-09-08T14:14:19","date_gmt":"2014-09-08T14:14:19","guid":{"rendered":"http:\/\/www.fieam.org.br\/site\/senai\/?p=4111"},"modified":"2014-09-08T14:14:19","modified_gmt":"2014-09-08T14:14:19","slug":"olimpiada-do-conhecimento-prepara-brasil-para-sediar-mundial-de-ocupacoes-tecnicas","status":"publish","type":"post","link":"https:\/\/fieam.org.br\/senai\/olimpiada-do-conhecimento-prepara-brasil-para-sediar-mundial-de-ocupacoes-tecnicas\/","title":{"rendered":"Olimp\u00edada do Conhecimento prepara Brasil para sediar mundial de ocupa\u00e7\u00f5es t\u00e9cnicas"},"content":{"rendered":"<p align=\"center\"><i>Pela primeira vez, um pa\u00eds da Am\u00e9rica Latina receber\u00e1 a competi\u00e7\u00e3o\u00a0<\/i><i>que deve reunir profissionais de 60 pa\u00edses<\/i><\/p>\n<p>A oitava edi\u00e7\u00e3o da Olimp\u00edada do Conhecimento \u00e9 uma esp\u00e9cie de evento teste para a WorldSkills S\u00e3o Paulo, a competi\u00e7\u00e3o mundial de ocupa\u00e7\u00f5es t\u00e9cnicas que ser\u00e1 realizada pela primeira vez na Am\u00e9rica Latina, em agosto de 2015. Uma equipe de nove pessoas acompanha com detalhe a organiza\u00e7\u00e3o da OC em Belo Horizonte, cuja estrutura \u00e9 semelhante \u00e0 que deve ser montada no Anhembi, na capital paulista. Entre os dias 13 e 18 de setembro, durante a assembleia geral da organiza\u00e7\u00e3o, a equipe brasileira deve saber o que eventualmente pode ser alterado.<\/p>\n<p>A WorldSkills S\u00e3o Paulo dever\u00e1 receber 1.200 competidores \u2013 quase 50% a mais que a Olimp\u00edada do Conhecimento \u2013 em 49 modalidades t\u00e9cnicas industriais e do setor de servi\u00e7os. Os participantes, que s\u00e3o definidos apenas tr\u00eas meses antes das provas, devem representar 60 pa\u00edses.<\/p>\n<p>\u201cN\u00f3s nos esfor\u00e7amos e fizemos a maior e melhor competi\u00e7\u00e3o das am\u00e9ricas\u201d, revela o diretor-geral do Servi\u00e7o Nacional de Aprendizagem Industrial (SENAI), Rafael Lucchesi, ao destacar n\u00fameros como a quantidade de participantes e eventos especiais realizados em conjunto com a competi\u00e7\u00e3o. Na programa\u00e7\u00e3o, houve o Festival Internacional de Rob\u00f3tica, a mostra de Inova SENAI e a exposi\u00e7\u00e3o Ind\u00fastria do Futuro.<\/p>\n<p>A expectativa de Lucchesi \u00e9 que a realiza\u00e7\u00e3o do mundial impacte positivamente no interesse dos jovens brasileiros pela educa\u00e7\u00e3o profissional. \u201cFoi isso que aconteceu na Finl\u00e2ndia quando o pa\u00eds sediou o mundial em 2005. Hoje, 50% dos jovens do pa\u00eds est\u00e3o no ensino t\u00e9cnico\u201d, conta ele, que tamb\u00e9m \u00e9 membro do board da WorldSkills, institui\u00e7\u00e3o que realiza o torneio. No Brasil, apenas 6% dos jovens est\u00e3o em cursos de educa\u00e7\u00e3o profissional.<\/p>\n<p>Diretor-executivo da WorldSkills, David Hoey conta que essas competi\u00e7\u00f5es s\u00e3o como vitrines do futuro em rela\u00e7\u00e3o ao mercado profissional, al\u00e9m de mostrarem que \u00e9 poss\u00edvel, sim, escolher uma carreira de acordo com suas pr\u00f3prias habilidades.<\/p>\n<p>Esta edi\u00e7\u00e3o da Olimp\u00edada do Conhecimento \u00e9 tamb\u00e9m o primeiro passo para que os jovens trabalhadores consigam uma vaga no mundial. Os primeiros colocados em cada uma das ocupa\u00e7\u00f5es disputam uma vaga no mundial. Depois da medalha em Belo Horizonte, \u00e9 hora de for\u00e7ar o treino para atingir o n\u00edvel t\u00e9cnico da WorldSkills. Al\u00e9m dos primeiros lugares, 88 competidores do projeto Top One entram na disputa pela vaga no mundial.<b><\/b><\/p>\n<div>\n<p><b>\u200b\u200b<\/b><\/p>\n<\/div>\n<p><b>A OLIMP\u00cdADA\u00a0<\/b>\u2013 Em sua 8\u00aa edi\u00e7\u00e3o, a Olimp\u00edada do Conhecimento \u00e9 realizada at\u00e9 este s\u00e1bado (6), no Expominas. A competi\u00e7\u00e3o re\u00fane mais de 800 competidores, divididos em 58 ocupa\u00e7\u00f5es t\u00e9cnicas ligadas \u00e0 ind\u00fastria, ao setor de servi\u00e7os e \u00e0 agropecu\u00e1ria. Durante os quatro dias, os concorrentes, alunos do SENAI, Senac e Institutos Federais de Tecnologia, realizam tarefas semelhantes \u00e0s que teriam em situa\u00e7\u00f5es reais nas empresas.<\/p>\n<p>A cobertura completa da Olimp\u00edada do Conhecimento est\u00e1 em\u00a0<a href=\"http:\/\/www.senaiolimpiadas.com.br\/\" target=\"_blank\" rel=\"noopener\">www.senaiolimpiadas.com.br<\/a><\/p>\n<div>\n<p>&nbsp;<\/p>\n<div>\n<p>\u200b<b><\/b><\/p>\n<div>\n<p><b>\u200b\u200b<\/b><\/p>\n<\/div>\n<p><b>COBERTURA MULTIM\u00cdDIA<\/b><\/p>\n<\/div>\n<p>Facebook:\u00a0<a href=\"http:\/\/www.facebook.com\/torneiofllbrasil\" target=\"_blank\" rel=\"noopener\">www.facebook.com\/torneiofllbrasil<\/a><br \/>\nFlickr:\u00a0<a href=\"https:\/\/www.flickr.com\/photos\/cniweb\/sets\/72157645991454589\/\" target=\"_blank\" rel=\"noopener\">https:\/\/www.flickr.com\/photos\/cniweb\/sets\/72157645991454589\/<\/a><br \/>\nInstagram:\u00a0<a href=\"http:\/\/instagram.com\/torneioderoboticafll\" target=\"_blank\" rel=\"noopener\">http:\/\/instagram.com\/torneioderoboticafll<\/a><\/p>\n<p>&nbsp;<\/p>\n<div>\n<p><b>\u200b\u200b<\/b><\/p>\n<\/div>\n<p><b>ATENDIMENTO \u00c0 IMPRENSA<br \/>\nGer\u00eancia de Jornalismo da CNI<\/b><\/p>\n<p><a href=\"mailto:imprensa@cni.org.br\" target=\"_blank\" rel=\"noopener\">imprensa@cni.org.br<\/a><br \/>\n<a href=\"http:\/\/www.portaldaindustria.com.br\/\" target=\"_blank\" rel=\"noopener\">http:\/\/www.portaldaindustria.com.br\/<\/a><br \/>\n<a href=\"http:\/\/www.bancodemidia.cni.org.br\/\" target=\"_blank\" rel=\"noopener\">http:\/\/www.bancodemidia.cni.org.br<\/a><br \/>\n<a href=\"https:\/\/twitter.com\/CNI_br\" target=\"_blank\" rel=\"noopener\">https:\/\/twitter.com\/CNI_br<\/a><br \/>\n<a href=\"https:\/\/www.facebook.com\/cnibrasil\" target=\"_blank\" rel=\"noopener\">https:\/\/www.facebook.com\/cnibrasil<\/a><\/p>\n<div>\n<p><a href=\"http:\/\/www.youtube.com\/user\/cniweb\" target=\"_blank\" rel=\"noopener\">http:\/\/www.youtube.com\/user\/cniweb<\/a>\u200b<\/p>\n<\/div>\n<p>&nbsp;<\/p>\n<\/div>\n","protected":false},"excerpt":{"rendered":"<p>Pela primeira vez, um pa\u00eds da Am\u00e9rica Latina receber\u00e1 a competi\u00e7\u00e3o\u00a0que deve reunir profissionais de 60 pa\u00edses A oitava edi\u00e7\u00e3o da Olimp\u00edada do Conhecimento \u00e9 uma esp\u00e9cie de evento teste para a WorldSkills S\u00e3o Paulo, a competi\u00e7\u00e3o mundial de ocupa\u00e7\u00f5es t\u00e9cnicas que ser\u00e1 realizada pela primeira vez na Am\u00e9rica Latina, em agosto de 2015. Uma [&hellip;]<\/p>\n","protected":false},"author":1,"featured_media":0,"comment_status":"open","ping_status":"open","sticky":false,"template":"","format":"standard","meta":{"footnotes":""},"categories":[21,22],"tags":[],"class_list":["post-4111","post","type-post","status-publish","format-standard","hentry","category-news","category-news_destaque"],"yoast_head":"<!-- This site is optimized with the Yoast SEO plugin v26.8 - https:\/\/yoast.com\/product\/yoast-seo-wordpress\/ -->\n<title>Olimp\u00edada do Conhecimento prepara Brasil para sediar mundial de ocupa\u00e7\u00f5es t\u00e9cnicas - SENAI<\/title>\n<meta name=\"robots\" content=\"index, follow, max-snippet:-1, max-image-preview:large, max-video-preview:-1\" \/>\n<link rel=\"canonical\" href=\"https:\/\/fieam.org.br\/senai\/olimpiada-do-conhecimento-prepara-brasil-para-sediar-mundial-de-ocupacoes-tecnicas\/\" \/>\n<meta property=\"og:locale\" content=\"pt_BR\" \/>\n<meta property=\"og:type\" content=\"article\" \/>\n<meta property=\"og:title\" content=\"Olimp\u00edada do Conhecimento prepara Brasil para sediar mundial de ocupa\u00e7\u00f5es t\u00e9cnicas - SENAI\" \/>\n<meta property=\"og:description\" content=\"Pela primeira vez, um pa\u00eds da Am\u00e9rica Latina receber\u00e1 a competi\u00e7\u00e3o\u00a0que deve reunir profissionais de 60 pa\u00edses A oitava edi\u00e7\u00e3o da Olimp\u00edada do Conhecimento \u00e9 uma esp\u00e9cie de evento teste para a WorldSkills S\u00e3o Paulo, a competi\u00e7\u00e3o mundial de ocupa\u00e7\u00f5es t\u00e9cnicas que ser\u00e1 realizada pela primeira vez na Am\u00e9rica Latina, em agosto de 2015. Uma [&hellip;]\" \/>\n<meta property=\"og:url\" content=\"https:\/\/fieam.org.br\/senai\/olimpiada-do-conhecimento-prepara-brasil-para-sediar-mundial-de-ocupacoes-tecnicas\/\" \/>\n<meta property=\"og:site_name\" content=\"SENAI\" \/>\n<meta property=\"article:published_time\" content=\"2014-09-08T14:14:19+00:00\" \/>\n<meta name=\"author\" content=\"Autor\" \/>\n<meta name=\"twitter:card\" content=\"summary_large_image\" \/>\n<meta name=\"twitter:label1\" content=\"Escrito por\" \/>\n\t<meta name=\"twitter:data1\" content=\"Autor\" \/>\n\t<meta name=\"twitter:label2\" content=\"Est. tempo de leitura\" \/>\n\t<meta name=\"twitter:data2\" content=\"3 minutos\" \/>\n<script type=\"application\/ld+json\" class=\"yoast-schema-graph\">{\"@context\":\"https:\/\/schema.org\",\"@graph\":[{\"@type\":\"Article\",\"@id\":\"https:\/\/fieam.org.br\/senai\/olimpiada-do-conhecimento-prepara-brasil-para-sediar-mundial-de-ocupacoes-tecnicas\/#article\",\"isPartOf\":{\"@id\":\"https:\/\/fieam.org.br\/senai\/olimpiada-do-conhecimento-prepara-brasil-para-sediar-mundial-de-ocupacoes-tecnicas\/\"},\"author\":{\"name\":\"Autor\",\"@id\":\"https:\/\/fieam.org.br\/senai\/#\/schema\/person\/c1ceda8321521b291cee22da0a7d34be\"},\"headline\":\"Olimp\u00edada do Conhecimento prepara Brasil para sediar mundial de ocupa\u00e7\u00f5es t\u00e9cnicas\",\"datePublished\":\"2014-09-08T14:14:19+00:00\",\"mainEntityOfPage\":{\"@id\":\"https:\/\/fieam.org.br\/senai\/olimpiada-do-conhecimento-prepara-brasil-para-sediar-mundial-de-ocupacoes-tecnicas\/\"},\"wordCount\":586,\"commentCount\":0,\"publisher\":{\"@id\":\"https:\/\/fieam.org.br\/senai\/#organization\"},\"articleSection\":[\"News\",\"News Destaques\"],\"inLanguage\":\"pt-BR\",\"potentialAction\":[{\"@type\":\"CommentAction\",\"name\":\"Comment\",\"target\":[\"https:\/\/fieam.org.br\/senai\/olimpiada-do-conhecimento-prepara-brasil-para-sediar-mundial-de-ocupacoes-tecnicas\/#respond\"]}]},{\"@type\":\"WebPage\",\"@id\":\"https:\/\/fieam.org.br\/senai\/olimpiada-do-conhecimento-prepara-brasil-para-sediar-mundial-de-ocupacoes-tecnicas\/\",\"url\":\"https:\/\/fieam.org.br\/senai\/olimpiada-do-conhecimento-prepara-brasil-para-sediar-mundial-de-ocupacoes-tecnicas\/\",\"name\":\"Olimp\u00edada do Conhecimento prepara Brasil para sediar mundial de ocupa\u00e7\u00f5es t\u00e9cnicas - SENAI\",\"isPartOf\":{\"@id\":\"https:\/\/fieam.org.br\/senai\/#website\"},\"datePublished\":\"2014-09-08T14:14:19+00:00\",\"breadcrumb\":{\"@id\":\"https:\/\/fieam.org.br\/senai\/olimpiada-do-conhecimento-prepara-brasil-para-sediar-mundial-de-ocupacoes-tecnicas\/#breadcrumb\"},\"inLanguage\":\"pt-BR\",\"potentialAction\":[{\"@type\":\"ReadAction\",\"target\":[\"https:\/\/fieam.org.br\/senai\/olimpiada-do-conhecimento-prepara-brasil-para-sediar-mundial-de-ocupacoes-tecnicas\/\"]}]},{\"@type\":\"BreadcrumbList\",\"@id\":\"https:\/\/fieam.org.br\/senai\/olimpiada-do-conhecimento-prepara-brasil-para-sediar-mundial-de-ocupacoes-tecnicas\/#breadcrumb\",\"itemListElement\":[{\"@type\":\"ListItem\",\"position\":1,\"name\":\"In\u00edcio\",\"item\":\"https:\/\/fieam.org.br\/senai\/\"},{\"@type\":\"ListItem\",\"position\":2,\"name\":\"Olimp\u00edada do Conhecimento prepara Brasil para sediar mundial de ocupa\u00e7\u00f5es t\u00e9cnicas\"}]},{\"@type\":\"WebSite\",\"@id\":\"https:\/\/fieam.org.br\/senai\/#website\",\"url\":\"https:\/\/fieam.org.br\/senai\/\",\"name\":\"SENAI\",\"description\":\"Site Oficial!\",\"publisher\":{\"@id\":\"https:\/\/fieam.org.br\/senai\/#organization\"},\"potentialAction\":[{\"@type\":\"SearchAction\",\"target\":{\"@type\":\"EntryPoint\",\"urlTemplate\":\"https:\/\/fieam.org.br\/senai\/?s={search_term_string}\"},\"query-input\":{\"@type\":\"PropertyValueSpecification\",\"valueRequired\":true,\"valueName\":\"search_term_string\"}}],\"inLanguage\":\"pt-BR\"},{\"@type\":\"Organization\",\"@id\":\"https:\/\/fieam.org.br\/senai\/#organization\",\"name\":\"SENAI\",\"url\":\"https:\/\/fieam.org.br\/senai\/\",\"logo\":{\"@type\":\"ImageObject\",\"inLanguage\":\"pt-BR\",\"@id\":\"https:\/\/fieam.org.br\/senai\/#\/schema\/logo\/image\/\",\"url\":\"https:\/\/fieam.org.br\/senai\/wp-content\/uploads\/sites\/16\/2024\/03\/cropped-fav.png\",\"contentUrl\":\"https:\/\/fieam.org.br\/senai\/wp-content\/uploads\/sites\/16\/2024\/03\/cropped-fav.png\",\"width\":592,\"height\":577,\"caption\":\"SENAI\"},\"image\":{\"@id\":\"https:\/\/fieam.org.br\/senai\/#\/schema\/logo\/image\/\"}},{\"@type\":\"Person\",\"@id\":\"https:\/\/fieam.org.br\/senai\/#\/schema\/person\/c1ceda8321521b291cee22da0a7d34be\",\"name\":\"Autor\",\"image\":{\"@type\":\"ImageObject\",\"inLanguage\":\"pt-BR\",\"@id\":\"https:\/\/fieam.org.br\/senai\/#\/schema\/person\/image\/\",\"url\":\"https:\/\/secure.gravatar.com\/avatar\/3732c223e0e1fad69062a8f770955c9068d37b055204f310a0be18d4069fe380?s=96&d=mm&r=g\",\"contentUrl\":\"https:\/\/secure.gravatar.com\/avatar\/3732c223e0e1fad69062a8f770955c9068d37b055204f310a0be18d4069fe380?s=96&d=mm&r=g\",\"caption\":\"Autor\"},\"sameAs\":[\"https:\/\/marketingmassivo.com.br\"],\"url\":\"https:\/\/fieam.org.br\/senai\/author\/admin\/\"}]}<\/script>\n<!-- \/ Yoast SEO plugin. -->","yoast_head_json":{"title":"Olimp\u00edada do Conhecimento prepara Brasil para sediar mundial de ocupa\u00e7\u00f5es t\u00e9cnicas - SENAI","robots":{"index":"index","follow":"follow","max-snippet":"max-snippet:-1","max-image-preview":"max-image-preview:large","max-video-preview":"max-video-preview:-1"},"canonical":"https:\/\/fieam.org.br\/senai\/olimpiada-do-conhecimento-prepara-brasil-para-sediar-mundial-de-ocupacoes-tecnicas\/","og_locale":"pt_BR","og_type":"article","og_title":"Olimp\u00edada do Conhecimento prepara Brasil para sediar mundial de ocupa\u00e7\u00f5es t\u00e9cnicas - SENAI","og_description":"Pela primeira vez, um pa\u00eds da Am\u00e9rica Latina receber\u00e1 a competi\u00e7\u00e3o\u00a0que deve reunir profissionais de 60 pa\u00edses A oitava edi\u00e7\u00e3o da Olimp\u00edada do Conhecimento \u00e9 uma esp\u00e9cie de evento teste para a WorldSkills S\u00e3o Paulo, a competi\u00e7\u00e3o mundial de ocupa\u00e7\u00f5es t\u00e9cnicas que ser\u00e1 realizada pela primeira vez na Am\u00e9rica Latina, em agosto de 2015. Uma [&hellip;]","og_url":"https:\/\/fieam.org.br\/senai\/olimpiada-do-conhecimento-prepara-brasil-para-sediar-mundial-de-ocupacoes-tecnicas\/","og_site_name":"SENAI","article_published_time":"2014-09-08T14:14:19+00:00","author":"Autor","twitter_card":"summary_large_image","twitter_misc":{"Escrito por":"Autor","Est. tempo de leitura":"3 minutos"},"schema":{"@context":"https:\/\/schema.org","@graph":[{"@type":"Article","@id":"https:\/\/fieam.org.br\/senai\/olimpiada-do-conhecimento-prepara-brasil-para-sediar-mundial-de-ocupacoes-tecnicas\/#article","isPartOf":{"@id":"https:\/\/fieam.org.br\/senai\/olimpiada-do-conhecimento-prepara-brasil-para-sediar-mundial-de-ocupacoes-tecnicas\/"},"author":{"name":"Autor","@id":"https:\/\/fieam.org.br\/senai\/#\/schema\/person\/c1ceda8321521b291cee22da0a7d34be"},"headline":"Olimp\u00edada do Conhecimento prepara Brasil para sediar mundial de ocupa\u00e7\u00f5es t\u00e9cnicas","datePublished":"2014-09-08T14:14:19+00:00","mainEntityOfPage":{"@id":"https:\/\/fieam.org.br\/senai\/olimpiada-do-conhecimento-prepara-brasil-para-sediar-mundial-de-ocupacoes-tecnicas\/"},"wordCount":586,"commentCount":0,"publisher":{"@id":"https:\/\/fieam.org.br\/senai\/#organization"},"articleSection":["News","News Destaques"],"inLanguage":"pt-BR","potentialAction":[{"@type":"CommentAction","name":"Comment","target":["https:\/\/fieam.org.br\/senai\/olimpiada-do-conhecimento-prepara-brasil-para-sediar-mundial-de-ocupacoes-tecnicas\/#respond"]}]},{"@type":"WebPage","@id":"https:\/\/fieam.org.br\/senai\/olimpiada-do-conhecimento-prepara-brasil-para-sediar-mundial-de-ocupacoes-tecnicas\/","url":"https:\/\/fieam.org.br\/senai\/olimpiada-do-conhecimento-prepara-brasil-para-sediar-mundial-de-ocupacoes-tecnicas\/","name":"Olimp\u00edada do Conhecimento prepara Brasil para sediar mundial de ocupa\u00e7\u00f5es t\u00e9cnicas - SENAI","isPartOf":{"@id":"https:\/\/fieam.org.br\/senai\/#website"},"datePublished":"2014-09-08T14:14:19+00:00","breadcrumb":{"@id":"https:\/\/fieam.org.br\/senai\/olimpiada-do-conhecimento-prepara-brasil-para-sediar-mundial-de-ocupacoes-tecnicas\/#breadcrumb"},"inLanguage":"pt-BR","potentialAction":[{"@type":"ReadAction","target":["https:\/\/fieam.org.br\/senai\/olimpiada-do-conhecimento-prepara-brasil-para-sediar-mundial-de-ocupacoes-tecnicas\/"]}]},{"@type":"BreadcrumbList","@id":"https:\/\/fieam.org.br\/senai\/olimpiada-do-conhecimento-prepara-brasil-para-sediar-mundial-de-ocupacoes-tecnicas\/#breadcrumb","itemListElement":[{"@type":"ListItem","position":1,"name":"In\u00edcio","item":"https:\/\/fieam.org.br\/senai\/"},{"@type":"ListItem","position":2,"name":"Olimp\u00edada do Conhecimento prepara Brasil para sediar mundial de ocupa\u00e7\u00f5es t\u00e9cnicas"}]},{"@type":"WebSite","@id":"https:\/\/fieam.org.br\/senai\/#website","url":"https:\/\/fieam.org.br\/senai\/","name":"SENAI","description":"Site Oficial!","publisher":{"@id":"https:\/\/fieam.org.br\/senai\/#organization"},"potentialAction":[{"@type":"SearchAction","target":{"@type":"EntryPoint","urlTemplate":"https:\/\/fieam.org.br\/senai\/?s={search_term_string}"},"query-input":{"@type":"PropertyValueSpecification","valueRequired":true,"valueName":"search_term_string"}}],"inLanguage":"pt-BR"},{"@type":"Organization","@id":"https:\/\/fieam.org.br\/senai\/#organization","name":"SENAI","url":"https:\/\/fieam.org.br\/senai\/","logo":{"@type":"ImageObject","inLanguage":"pt-BR","@id":"https:\/\/fieam.org.br\/senai\/#\/schema\/logo\/image\/","url":"https:\/\/fieam.org.br\/senai\/wp-content\/uploads\/sites\/16\/2024\/03\/cropped-fav.png","contentUrl":"https:\/\/fieam.org.br\/senai\/wp-content\/uploads\/sites\/16\/2024\/03\/cropped-fav.png","width":592,"height":577,"caption":"SENAI"},"image":{"@id":"https:\/\/fieam.org.br\/senai\/#\/schema\/logo\/image\/"}},{"@type":"Person","@id":"https:\/\/fieam.org.br\/senai\/#\/schema\/person\/c1ceda8321521b291cee22da0a7d34be","name":"Autor","image":{"@type":"ImageObject","inLanguage":"pt-BR","@id":"https:\/\/fieam.org.br\/senai\/#\/schema\/person\/image\/","url":"https:\/\/secure.gravatar.com\/avatar\/3732c223e0e1fad69062a8f770955c9068d37b055204f310a0be18d4069fe380?s=96&d=mm&r=g","contentUrl":"https:\/\/secure.gravatar.com\/avatar\/3732c223e0e1fad69062a8f770955c9068d37b055204f310a0be18d4069fe380?s=96&d=mm&r=g","caption":"Autor"},"sameAs":["https:\/\/marketingmassivo.com.br"],"url":"https:\/\/fieam.org.br\/senai\/author\/admin\/"}]}},"_links":{"self":[{"href":"https:\/\/fieam.org.br\/senai\/wp-json\/wp\/v2\/posts\/4111","targetHints":{"allow":["GET"]}}],"collection":[{"href":"https:\/\/fieam.org.br\/senai\/wp-json\/wp\/v2\/posts"}],"about":[{"href":"https:\/\/fieam.org.br\/senai\/wp-json\/wp\/v2\/types\/post"}],"author":[{"embeddable":true,"href":"https:\/\/fieam.org.br\/senai\/wp-json\/wp\/v2\/users\/1"}],"replies":[{"embeddable":true,"href":"https:\/\/fieam.org.br\/senai\/wp-json\/wp\/v2\/comments?post=4111"}],"version-history":[{"count":0,"href":"https:\/\/fieam.org.br\/senai\/wp-json\/wp\/v2\/posts\/4111\/revisions"}],"wp:attachment":[{"href":"https:\/\/fieam.org.br\/senai\/wp-json\/wp\/v2\/media?parent=4111"}],"wp:term":[{"taxonomy":"category","embeddable":true,"href":"https:\/\/fieam.org.br\/senai\/wp-json\/wp\/v2\/categories?post=4111"},{"taxonomy":"post_tag","embeddable":true,"href":"https:\/\/fieam.org.br\/senai\/wp-json\/wp\/v2\/tags?post=4111"}],"curies":[{"name":"wp","href":"https:\/\/api.w.org\/{rel}","templated":true}]}}