{"id":4107,"date":"2014-09-04T17:47:06","date_gmt":"2014-09-04T17:47:06","guid":{"rendered":"http:\/\/www.fieam.org.br\/site\/senai\/?p=4107"},"modified":"2014-09-04T17:47:06","modified_gmt":"2014-09-04T17:47:06","slug":"presidente-dilma-participa-da-abertura-da-olimpiada-do-conhecimento-em-bh","status":"publish","type":"post","link":"https:\/\/fieam.org.br\/senai\/presidente-dilma-participa-da-abertura-da-olimpiada-do-conhecimento-em-bh\/","title":{"rendered":"Presidente Dilma participa da abertura da Olimp\u00edada do Conhecimento em BH"},"content":{"rendered":"<p align=\"center\"><i>Dilma Rousseff posa diante do Cyber Sama\u00fama III em homenagem ao barco-escola do SENAI Amazonas<\/i><\/p>\n<figure id=\"attachment_4108\" aria-describedby=\"caption-attachment-4108\" style=\"width: 300px\" class=\"wp-caption alignleft\"><a href=\"http:\/\/www.fieam.org.br\/site\/senai\/files\/2014\/09\/Presidente-Dilma-com-o-presidente-da-FIEAM-Antonio-Silva-presidente-da-CNI-Robson-Andrade-e-o-diretor-do-SENAI-Rafael-Lucchesi-esquerda.jpg\"><img fetchpriority=\"high\" decoding=\"async\" class=\"size-medium wp-image-4108\" alt=\"Presidente Dilma com o presidente da FIEAM, Antonio Silva, presidente da CNI, Robson Andrade, e o diretor do SENAI, Rafael Lucchesi (esquerda)\" src=\"http:\/\/www.fieam.org.br\/site\/senai\/files\/2014\/09\/Presidente-Dilma-com-o-presidente-da-FIEAM-Antonio-Silva-presidente-da-CNI-Robson-Andrade-e-o-diretor-do-SENAI-Rafael-Lucchesi-esquerda-300x199.jpg\" width=\"300\" height=\"199\" \/><\/a><figcaption id=\"caption-attachment-4108\" class=\"wp-caption-text\">Presidente Dilma com o presidente da FIEAM, Antonio Silva, presidente da CNI, Robson Andrade, e o diretor do SENAI, Rafael Lucchesi (esquerda)<\/figcaption><\/figure>\n<p>A visita da presidente Dilma Rousseff \u00e0 Olimp\u00edada do Conhecimento, na quarta-feira (3), deu in\u00edcio \u00e0 maratona de provas para os mais de 700 alunos competidores em 58 ocupa\u00e7\u00f5es \u2013 48 delas da ind\u00fastria &#8211; reunidos no Expominas, em Belo Horizonte (MG). Dilma visitou os espa\u00e7os de provas e posou para fotos, especialmente diante do Sama\u00fama III, espa\u00e7o Cyber que tem como refer\u00eancia os barcos-escolas Sama\u00fama, da Rede\u00a0<a href=\"http:\/\/www.fieam.org.br\/site\/senai\" target=\"_blank\" rel=\"noopener\">SENAI<\/a>, o mais recente deles inaugurado no in\u00edcio deste ano, em Manaus, pela presidente. Dilma destacou a import\u00e2ncia do SENAI e da Olimp\u00edada para aumentar a competitividade da ind\u00fastria brasileira.<\/p>\n<p>Sempre acompanhada por empres\u00e1rios da ind\u00fastria e por representantes da alta diretoria do Sistema Ind\u00fastria, como o presidente da Confedera\u00e7\u00e3o Nacional da Ind\u00fastria, Robson Braga, e o presidente da Federa\u00e7\u00e3o das Ind\u00fastrias do Estado do Amazonas (FIEAM) e 2\u00ba vice-presidente da CNI, empres\u00e1rio Antonio Silva, Dilma se mostrou impressionada com o n\u00edvel do Festival Internacional de Rob\u00f3tica FLL, primeiro local que visitou e que acontece paralelamente \u00e0 Olimp\u00edada, reunindo, entre os competidores brasileiros, alunos do SESI de todo o Brasil.<\/p>\n<p>Ao visitar o galp\u00e3o de tecnologia e manufatura, Dilma parou para observar o desempenho das duplas de Mecatr\u00f4nica, ocupa\u00e7\u00e3o em que o SENAI Amazonas tem representantes. Nas provas, os competidores devem executar prot\u00f3tipos de pequenas linhas de produ\u00e7\u00e3o automatizadas, com programa\u00e7\u00e3o de software, montagem da linha e atividades robotizadas.<\/p>\n<p>Para Dilma, o ambiente da Olimp\u00edada do Conhecimento liga os estudantes aos estudos, experimenta\u00e7\u00e3o, tecnologia e inova\u00e7\u00e3o.<\/p>\n<p><em>\u201cN\u00f3s temos que apostar na melhoria da produtividade no Brasil. N\u00f3s queremos um Brasil moderno, inclusivo, produtivo e competitivo. Ent\u00e3o eu considero a 8\u00aa Olimp\u00edada do Conhecimento, a WorldSkills, a Olimp\u00edada de Matem\u00e1tica, considero tudo isso como os grandes sinais do futuro nessa \u00e1rea. Elas fazem a liga\u00e7\u00e3o entre a ind\u00fastria, a academia, os pesquisadores, os laborat\u00f3rios e o governo, mostrando que \u00e9 essa parceria que leva o Brasil para a frente. N\u00e3o \u00e9 s\u00f3 um empurrando, s\u00e3o todos empurrando juntos<\/em><em>\u201d<\/em>, disse Dilma.<\/p>\n<p>A proposta da Olimp\u00edada do Conhecimento \u00e9 de ser uma vitrine das melhores metodologias do ensino e aprendizado em 58 ocupa\u00e7\u00f5es \u2013 48 industriais, sete do setor de servi\u00e7os e tr\u00eas da agropecu\u00e1ria. Jovens dos 26 Departamentos Regionais e do Distrito Federal t\u00eam o desafio de apresentar a excel\u00eancia de sua forma\u00e7\u00e3o profissional, simulando tarefas similares \u00e0s situa\u00e7\u00f5es reais do mercado de trabalho.<\/p>\n<p>A 8\u00aa edi\u00e7\u00e3o da Olimp\u00edada do Conhecimento segue at\u00e9 o pr\u00f3ximo s\u00e1bado (6), no Expominas, em Belo Horizonte. O Amazonas participa com 13 alunos do SENAI, competindo em 11 ocupa\u00e7\u00f5es industriais, e um do SENAI, da \u00e1rea de servi\u00e7os.<br \/>\n<b>*CR\u00c9DITOS DAS FOTOS JOS\u00c9 PAULO LACERDA\/CNI<\/b><\/p>\n<p>[nggallery id=141]<\/p>\n<p>&nbsp;<\/p>\n","protected":false},"excerpt":{"rendered":"<p>Dilma Rousseff posa diante do Cyber Sama\u00fama III em homenagem ao barco-escola do SENAI Amazonas A visita da presidente Dilma Rousseff \u00e0 Olimp\u00edada do Conhecimento, na quarta-feira (3), deu in\u00edcio \u00e0 maratona de provas para os mais de 700 alunos competidores em 58 ocupa\u00e7\u00f5es \u2013 48 delas da ind\u00fastria &#8211; reunidos no Expominas, em Belo [&hellip;]<\/p>\n","protected":false},"author":1,"featured_media":0,"comment_status":"open","ping_status":"open","sticky":false,"template":"","format":"standard","meta":{"footnotes":""},"categories":[21,22],"tags":[],"class_list":["post-4107","post","type-post","status-publish","format-standard","hentry","category-news","category-news_destaque"],"yoast_head":"<!-- This site is optimized with the Yoast SEO plugin v26.8 - https:\/\/yoast.com\/product\/yoast-seo-wordpress\/ -->\n<title>Presidente Dilma participa da abertura da Olimp\u00edada do Conhecimento em BH - SENAI<\/title>\n<meta name=\"robots\" content=\"index, follow, max-snippet:-1, max-image-preview:large, max-video-preview:-1\" \/>\n<link rel=\"canonical\" href=\"https:\/\/fieam.org.br\/senai\/presidente-dilma-participa-da-abertura-da-olimpiada-do-conhecimento-em-bh\/\" \/>\n<meta property=\"og:locale\" content=\"pt_BR\" \/>\n<meta property=\"og:type\" content=\"article\" \/>\n<meta property=\"og:title\" content=\"Presidente Dilma participa da abertura da Olimp\u00edada do Conhecimento em BH - SENAI\" \/>\n<meta property=\"og:description\" content=\"Dilma Rousseff posa diante do Cyber Sama\u00fama III em homenagem ao barco-escola do SENAI Amazonas A visita da presidente Dilma Rousseff \u00e0 Olimp\u00edada do Conhecimento, na quarta-feira (3), deu in\u00edcio \u00e0 maratona de provas para os mais de 700 alunos competidores em 58 ocupa\u00e7\u00f5es \u2013 48 delas da ind\u00fastria &#8211; reunidos no Expominas, em Belo [&hellip;]\" \/>\n<meta property=\"og:url\" content=\"https:\/\/fieam.org.br\/senai\/presidente-dilma-participa-da-abertura-da-olimpiada-do-conhecimento-em-bh\/\" \/>\n<meta property=\"og:site_name\" content=\"SENAI\" \/>\n<meta property=\"article:published_time\" content=\"2014-09-04T17:47:06+00:00\" \/>\n<meta name=\"author\" content=\"Autor\" \/>\n<meta name=\"twitter:card\" content=\"summary_large_image\" \/>\n<meta name=\"twitter:label1\" content=\"Escrito por\" \/>\n\t<meta name=\"twitter:data1\" content=\"Autor\" \/>\n\t<meta name=\"twitter:label2\" content=\"Est. tempo de leitura\" \/>\n\t<meta name=\"twitter:data2\" content=\"3 minutos\" \/>\n<script type=\"application\/ld+json\" class=\"yoast-schema-graph\">{\"@context\":\"https:\/\/schema.org\",\"@graph\":[{\"@type\":\"Article\",\"@id\":\"https:\/\/fieam.org.br\/senai\/presidente-dilma-participa-da-abertura-da-olimpiada-do-conhecimento-em-bh\/#article\",\"isPartOf\":{\"@id\":\"https:\/\/fieam.org.br\/senai\/presidente-dilma-participa-da-abertura-da-olimpiada-do-conhecimento-em-bh\/\"},\"author\":{\"name\":\"Autor\",\"@id\":\"https:\/\/fieam.org.br\/senai\/#\/schema\/person\/c1ceda8321521b291cee22da0a7d34be\"},\"headline\":\"Presidente Dilma participa da abertura da Olimp\u00edada do Conhecimento em BH\",\"datePublished\":\"2014-09-04T17:47:06+00:00\",\"mainEntityOfPage\":{\"@id\":\"https:\/\/fieam.org.br\/senai\/presidente-dilma-participa-da-abertura-da-olimpiada-do-conhecimento-em-bh\/\"},\"wordCount\":535,\"commentCount\":0,\"publisher\":{\"@id\":\"https:\/\/fieam.org.br\/senai\/#organization\"},\"image\":{\"@id\":\"https:\/\/fieam.org.br\/senai\/presidente-dilma-participa-da-abertura-da-olimpiada-do-conhecimento-em-bh\/#primaryimage\"},\"thumbnailUrl\":\"http:\/\/www.fieam.org.br\/site\/senai\/files\/2014\/09\/Presidente-Dilma-com-o-presidente-da-FIEAM-Antonio-Silva-presidente-da-CNI-Robson-Andrade-e-o-diretor-do-SENAI-Rafael-Lucchesi-esquerda-300x199.jpg\",\"articleSection\":[\"News\",\"News Destaques\"],\"inLanguage\":\"pt-BR\",\"potentialAction\":[{\"@type\":\"CommentAction\",\"name\":\"Comment\",\"target\":[\"https:\/\/fieam.org.br\/senai\/presidente-dilma-participa-da-abertura-da-olimpiada-do-conhecimento-em-bh\/#respond\"]}]},{\"@type\":\"WebPage\",\"@id\":\"https:\/\/fieam.org.br\/senai\/presidente-dilma-participa-da-abertura-da-olimpiada-do-conhecimento-em-bh\/\",\"url\":\"https:\/\/fieam.org.br\/senai\/presidente-dilma-participa-da-abertura-da-olimpiada-do-conhecimento-em-bh\/\",\"name\":\"Presidente Dilma participa da abertura da Olimp\u00edada do Conhecimento em BH - SENAI\",\"isPartOf\":{\"@id\":\"https:\/\/fieam.org.br\/senai\/#website\"},\"primaryImageOfPage\":{\"@id\":\"https:\/\/fieam.org.br\/senai\/presidente-dilma-participa-da-abertura-da-olimpiada-do-conhecimento-em-bh\/#primaryimage\"},\"image\":{\"@id\":\"https:\/\/fieam.org.br\/senai\/presidente-dilma-participa-da-abertura-da-olimpiada-do-conhecimento-em-bh\/#primaryimage\"},\"thumbnailUrl\":\"http:\/\/www.fieam.org.br\/site\/senai\/files\/2014\/09\/Presidente-Dilma-com-o-presidente-da-FIEAM-Antonio-Silva-presidente-da-CNI-Robson-Andrade-e-o-diretor-do-SENAI-Rafael-Lucchesi-esquerda-300x199.jpg\",\"datePublished\":\"2014-09-04T17:47:06+00:00\",\"breadcrumb\":{\"@id\":\"https:\/\/fieam.org.br\/senai\/presidente-dilma-participa-da-abertura-da-olimpiada-do-conhecimento-em-bh\/#breadcrumb\"},\"inLanguage\":\"pt-BR\",\"potentialAction\":[{\"@type\":\"ReadAction\",\"target\":[\"https:\/\/fieam.org.br\/senai\/presidente-dilma-participa-da-abertura-da-olimpiada-do-conhecimento-em-bh\/\"]}]},{\"@type\":\"ImageObject\",\"inLanguage\":\"pt-BR\",\"@id\":\"https:\/\/fieam.org.br\/senai\/presidente-dilma-participa-da-abertura-da-olimpiada-do-conhecimento-em-bh\/#primaryimage\",\"url\":\"http:\/\/www.fieam.org.br\/site\/senai\/files\/2014\/09\/Presidente-Dilma-com-o-presidente-da-FIEAM-Antonio-Silva-presidente-da-CNI-Robson-Andrade-e-o-diretor-do-SENAI-Rafael-Lucchesi-esquerda-300x199.jpg\",\"contentUrl\":\"http:\/\/www.fieam.org.br\/site\/senai\/files\/2014\/09\/Presidente-Dilma-com-o-presidente-da-FIEAM-Antonio-Silva-presidente-da-CNI-Robson-Andrade-e-o-diretor-do-SENAI-Rafael-Lucchesi-esquerda-300x199.jpg\"},{\"@type\":\"BreadcrumbList\",\"@id\":\"https:\/\/fieam.org.br\/senai\/presidente-dilma-participa-da-abertura-da-olimpiada-do-conhecimento-em-bh\/#breadcrumb\",\"itemListElement\":[{\"@type\":\"ListItem\",\"position\":1,\"name\":\"In\u00edcio\",\"item\":\"https:\/\/fieam.org.br\/senai\/\"},{\"@type\":\"ListItem\",\"position\":2,\"name\":\"Presidente Dilma participa da abertura da Olimp\u00edada do Conhecimento em BH\"}]},{\"@type\":\"WebSite\",\"@id\":\"https:\/\/fieam.org.br\/senai\/#website\",\"url\":\"https:\/\/fieam.org.br\/senai\/\",\"name\":\"SENAI\",\"description\":\"Site Oficial!\",\"publisher\":{\"@id\":\"https:\/\/fieam.org.br\/senai\/#organization\"},\"potentialAction\":[{\"@type\":\"SearchAction\",\"target\":{\"@type\":\"EntryPoint\",\"urlTemplate\":\"https:\/\/fieam.org.br\/senai\/?s={search_term_string}\"},\"query-input\":{\"@type\":\"PropertyValueSpecification\",\"valueRequired\":true,\"valueName\":\"search_term_string\"}}],\"inLanguage\":\"pt-BR\"},{\"@type\":\"Organization\",\"@id\":\"https:\/\/fieam.org.br\/senai\/#organization\",\"name\":\"SENAI\",\"url\":\"https:\/\/fieam.org.br\/senai\/\",\"logo\":{\"@type\":\"ImageObject\",\"inLanguage\":\"pt-BR\",\"@id\":\"https:\/\/fieam.org.br\/senai\/#\/schema\/logo\/image\/\",\"url\":\"https:\/\/fieam.org.br\/senai\/wp-content\/uploads\/sites\/16\/2024\/03\/cropped-fav.png\",\"contentUrl\":\"https:\/\/fieam.org.br\/senai\/wp-content\/uploads\/sites\/16\/2024\/03\/cropped-fav.png\",\"width\":592,\"height\":577,\"caption\":\"SENAI\"},\"image\":{\"@id\":\"https:\/\/fieam.org.br\/senai\/#\/schema\/logo\/image\/\"}},{\"@type\":\"Person\",\"@id\":\"https:\/\/fieam.org.br\/senai\/#\/schema\/person\/c1ceda8321521b291cee22da0a7d34be\",\"name\":\"Autor\",\"image\":{\"@type\":\"ImageObject\",\"inLanguage\":\"pt-BR\",\"@id\":\"https:\/\/fieam.org.br\/senai\/#\/schema\/person\/image\/\",\"url\":\"https:\/\/secure.gravatar.com\/avatar\/3732c223e0e1fad69062a8f770955c9068d37b055204f310a0be18d4069fe380?s=96&d=mm&r=g\",\"contentUrl\":\"https:\/\/secure.gravatar.com\/avatar\/3732c223e0e1fad69062a8f770955c9068d37b055204f310a0be18d4069fe380?s=96&d=mm&r=g\",\"caption\":\"Autor\"},\"sameAs\":[\"https:\/\/marketingmassivo.com.br\"],\"url\":\"https:\/\/fieam.org.br\/senai\/author\/admin\/\"}]}<\/script>\n<!-- \/ Yoast SEO plugin. -->","yoast_head_json":{"title":"Presidente Dilma participa da abertura da Olimp\u00edada do Conhecimento em BH - SENAI","robots":{"index":"index","follow":"follow","max-snippet":"max-snippet:-1","max-image-preview":"max-image-preview:large","max-video-preview":"max-video-preview:-1"},"canonical":"https:\/\/fieam.org.br\/senai\/presidente-dilma-participa-da-abertura-da-olimpiada-do-conhecimento-em-bh\/","og_locale":"pt_BR","og_type":"article","og_title":"Presidente Dilma participa da abertura da Olimp\u00edada do Conhecimento em BH - SENAI","og_description":"Dilma Rousseff posa diante do Cyber Sama\u00fama III em homenagem ao barco-escola do SENAI Amazonas A visita da presidente Dilma Rousseff \u00e0 Olimp\u00edada do Conhecimento, na quarta-feira (3), deu in\u00edcio \u00e0 maratona de provas para os mais de 700 alunos competidores em 58 ocupa\u00e7\u00f5es \u2013 48 delas da ind\u00fastria &#8211; reunidos no Expominas, em Belo [&hellip;]","og_url":"https:\/\/fieam.org.br\/senai\/presidente-dilma-participa-da-abertura-da-olimpiada-do-conhecimento-em-bh\/","og_site_name":"SENAI","article_published_time":"2014-09-04T17:47:06+00:00","author":"Autor","twitter_card":"summary_large_image","twitter_misc":{"Escrito por":"Autor","Est. tempo de leitura":"3 minutos"},"schema":{"@context":"https:\/\/schema.org","@graph":[{"@type":"Article","@id":"https:\/\/fieam.org.br\/senai\/presidente-dilma-participa-da-abertura-da-olimpiada-do-conhecimento-em-bh\/#article","isPartOf":{"@id":"https:\/\/fieam.org.br\/senai\/presidente-dilma-participa-da-abertura-da-olimpiada-do-conhecimento-em-bh\/"},"author":{"name":"Autor","@id":"https:\/\/fieam.org.br\/senai\/#\/schema\/person\/c1ceda8321521b291cee22da0a7d34be"},"headline":"Presidente Dilma participa da abertura da Olimp\u00edada do Conhecimento em BH","datePublished":"2014-09-04T17:47:06+00:00","mainEntityOfPage":{"@id":"https:\/\/fieam.org.br\/senai\/presidente-dilma-participa-da-abertura-da-olimpiada-do-conhecimento-em-bh\/"},"wordCount":535,"commentCount":0,"publisher":{"@id":"https:\/\/fieam.org.br\/senai\/#organization"},"image":{"@id":"https:\/\/fieam.org.br\/senai\/presidente-dilma-participa-da-abertura-da-olimpiada-do-conhecimento-em-bh\/#primaryimage"},"thumbnailUrl":"http:\/\/www.fieam.org.br\/site\/senai\/files\/2014\/09\/Presidente-Dilma-com-o-presidente-da-FIEAM-Antonio-Silva-presidente-da-CNI-Robson-Andrade-e-o-diretor-do-SENAI-Rafael-Lucchesi-esquerda-300x199.jpg","articleSection":["News","News Destaques"],"inLanguage":"pt-BR","potentialAction":[{"@type":"CommentAction","name":"Comment","target":["https:\/\/fieam.org.br\/senai\/presidente-dilma-participa-da-abertura-da-olimpiada-do-conhecimento-em-bh\/#respond"]}]},{"@type":"WebPage","@id":"https:\/\/fieam.org.br\/senai\/presidente-dilma-participa-da-abertura-da-olimpiada-do-conhecimento-em-bh\/","url":"https:\/\/fieam.org.br\/senai\/presidente-dilma-participa-da-abertura-da-olimpiada-do-conhecimento-em-bh\/","name":"Presidente Dilma participa da abertura da Olimp\u00edada do Conhecimento em BH - SENAI","isPartOf":{"@id":"https:\/\/fieam.org.br\/senai\/#website"},"primaryImageOfPage":{"@id":"https:\/\/fieam.org.br\/senai\/presidente-dilma-participa-da-abertura-da-olimpiada-do-conhecimento-em-bh\/#primaryimage"},"image":{"@id":"https:\/\/fieam.org.br\/senai\/presidente-dilma-participa-da-abertura-da-olimpiada-do-conhecimento-em-bh\/#primaryimage"},"thumbnailUrl":"http:\/\/www.fieam.org.br\/site\/senai\/files\/2014\/09\/Presidente-Dilma-com-o-presidente-da-FIEAM-Antonio-Silva-presidente-da-CNI-Robson-Andrade-e-o-diretor-do-SENAI-Rafael-Lucchesi-esquerda-300x199.jpg","datePublished":"2014-09-04T17:47:06+00:00","breadcrumb":{"@id":"https:\/\/fieam.org.br\/senai\/presidente-dilma-participa-da-abertura-da-olimpiada-do-conhecimento-em-bh\/#breadcrumb"},"inLanguage":"pt-BR","potentialAction":[{"@type":"ReadAction","target":["https:\/\/fieam.org.br\/senai\/presidente-dilma-participa-da-abertura-da-olimpiada-do-conhecimento-em-bh\/"]}]},{"@type":"ImageObject","inLanguage":"pt-BR","@id":"https:\/\/fieam.org.br\/senai\/presidente-dilma-participa-da-abertura-da-olimpiada-do-conhecimento-em-bh\/#primaryimage","url":"http:\/\/www.fieam.org.br\/site\/senai\/files\/2014\/09\/Presidente-Dilma-com-o-presidente-da-FIEAM-Antonio-Silva-presidente-da-CNI-Robson-Andrade-e-o-diretor-do-SENAI-Rafael-Lucchesi-esquerda-300x199.jpg","contentUrl":"http:\/\/www.fieam.org.br\/site\/senai\/files\/2014\/09\/Presidente-Dilma-com-o-presidente-da-FIEAM-Antonio-Silva-presidente-da-CNI-Robson-Andrade-e-o-diretor-do-SENAI-Rafael-Lucchesi-esquerda-300x199.jpg"},{"@type":"BreadcrumbList","@id":"https:\/\/fieam.org.br\/senai\/presidente-dilma-participa-da-abertura-da-olimpiada-do-conhecimento-em-bh\/#breadcrumb","itemListElement":[{"@type":"ListItem","position":1,"name":"In\u00edcio","item":"https:\/\/fieam.org.br\/senai\/"},{"@type":"ListItem","position":2,"name":"Presidente Dilma participa da abertura da Olimp\u00edada do Conhecimento em BH"}]},{"@type":"WebSite","@id":"https:\/\/fieam.org.br\/senai\/#website","url":"https:\/\/fieam.org.br\/senai\/","name":"SENAI","description":"Site Oficial!","publisher":{"@id":"https:\/\/fieam.org.br\/senai\/#organization"},"potentialAction":[{"@type":"SearchAction","target":{"@type":"EntryPoint","urlTemplate":"https:\/\/fieam.org.br\/senai\/?s={search_term_string}"},"query-input":{"@type":"PropertyValueSpecification","valueRequired":true,"valueName":"search_term_string"}}],"inLanguage":"pt-BR"},{"@type":"Organization","@id":"https:\/\/fieam.org.br\/senai\/#organization","name":"SENAI","url":"https:\/\/fieam.org.br\/senai\/","logo":{"@type":"ImageObject","inLanguage":"pt-BR","@id":"https:\/\/fieam.org.br\/senai\/#\/schema\/logo\/image\/","url":"https:\/\/fieam.org.br\/senai\/wp-content\/uploads\/sites\/16\/2024\/03\/cropped-fav.png","contentUrl":"https:\/\/fieam.org.br\/senai\/wp-content\/uploads\/sites\/16\/2024\/03\/cropped-fav.png","width":592,"height":577,"caption":"SENAI"},"image":{"@id":"https:\/\/fieam.org.br\/senai\/#\/schema\/logo\/image\/"}},{"@type":"Person","@id":"https:\/\/fieam.org.br\/senai\/#\/schema\/person\/c1ceda8321521b291cee22da0a7d34be","name":"Autor","image":{"@type":"ImageObject","inLanguage":"pt-BR","@id":"https:\/\/fieam.org.br\/senai\/#\/schema\/person\/image\/","url":"https:\/\/secure.gravatar.com\/avatar\/3732c223e0e1fad69062a8f770955c9068d37b055204f310a0be18d4069fe380?s=96&d=mm&r=g","contentUrl":"https:\/\/secure.gravatar.com\/avatar\/3732c223e0e1fad69062a8f770955c9068d37b055204f310a0be18d4069fe380?s=96&d=mm&r=g","caption":"Autor"},"sameAs":["https:\/\/marketingmassivo.com.br"],"url":"https:\/\/fieam.org.br\/senai\/author\/admin\/"}]}},"_links":{"self":[{"href":"https:\/\/fieam.org.br\/senai\/wp-json\/wp\/v2\/posts\/4107","targetHints":{"allow":["GET"]}}],"collection":[{"href":"https:\/\/fieam.org.br\/senai\/wp-json\/wp\/v2\/posts"}],"about":[{"href":"https:\/\/fieam.org.br\/senai\/wp-json\/wp\/v2\/types\/post"}],"author":[{"embeddable":true,"href":"https:\/\/fieam.org.br\/senai\/wp-json\/wp\/v2\/users\/1"}],"replies":[{"embeddable":true,"href":"https:\/\/fieam.org.br\/senai\/wp-json\/wp\/v2\/comments?post=4107"}],"version-history":[{"count":0,"href":"https:\/\/fieam.org.br\/senai\/wp-json\/wp\/v2\/posts\/4107\/revisions"}],"wp:attachment":[{"href":"https:\/\/fieam.org.br\/senai\/wp-json\/wp\/v2\/media?parent=4107"}],"wp:term":[{"taxonomy":"category","embeddable":true,"href":"https:\/\/fieam.org.br\/senai\/wp-json\/wp\/v2\/categories?post=4107"},{"taxonomy":"post_tag","embeddable":true,"href":"https:\/\/fieam.org.br\/senai\/wp-json\/wp\/v2\/tags?post=4107"}],"curies":[{"name":"wp","href":"https:\/\/api.w.org\/{rel}","templated":true}]}}