{"id":4104,"date":"2014-09-03T20:16:58","date_gmt":"2014-09-03T20:16:58","guid":{"rendered":"http:\/\/www.fieam.org.br\/site\/senai\/?p=4104"},"modified":"2014-09-03T20:16:58","modified_gmt":"2014-09-03T20:16:58","slug":"dilma-rousseff-diz-que-olimpiada-do-conhecimento-constroi-alicerce-para-o-futuro","status":"publish","type":"post","link":"https:\/\/fieam.org.br\/senai\/dilma-rousseff-diz-que-olimpiada-do-conhecimento-constroi-alicerce-para-o-futuro\/","title":{"rendered":"Dilma Rousseff diz que Olimp\u00edada do Conhecimento constr\u00f3i alicerce para o futuro"},"content":{"rendered":"<p align=\"center\"><i>Em visita \u00e0 \u00e1rea de competi\u00e7\u00e3o, presidente destaca import\u00e2ncia da educa\u00e7\u00e3o e inova\u00e7\u00e3o<\/i><\/p>\n<p align=\"center\"><i>para ampliar a competitividade da ind\u00fastria<\/i><\/p>\n<p align=\"center\"><i>\u00a0<\/i><\/p>\n<p align=\"center\">\n<div>\n<p>\u200b<b>\u200b<\/b><\/p>\n<\/div>\n<p><b>Belo Horizonte<\/b>\u00a0&#8211; Em visita \u00e0 8\u00aa Olimp\u00edada do Conhecimento nesta quarta-feira (03), a presidente da Rep\u00fablica, Dilma Rousseff, destacou a import\u00e2ncia da educa\u00e7\u00e3o e da inova\u00e7\u00e3o para o desenvolvimento do pa\u00eds. \u201cA Olimp\u00edada do Conhecimento \u00e9 como se a gente abrisse uma cortina e mostrasse o caminho do futuro. Constru\u00edmos aqui um alicerce para o futuro\u201d, disse a presidente em discurso logo ap\u00f3s visitar a \u00e1rea do torneio promovido pelo SENAI, em que cerca de 800 estudantes do ensino t\u00e9cnico competem de hoje at\u00e9 s\u00e1bado, em Belo Horizonte. A presidente disse, no entanto, que o pa\u00eds precisa aumentar investimentos em educa\u00e7\u00e3o e inova\u00e7\u00e3o.<\/p>\n<p>O presidente da Confedera\u00e7\u00e3o Nacional da Ind\u00fastria (CNI), Robson Braga de Andrade, destacou que o aumento do n\u00famero de ocupa\u00e7\u00f5es profissionais que participam da competi\u00e7\u00e3o \u2013 passou de 26, em 2001, para 58 neste ano \u2013 demonstra que os jovens brasileiros est\u00e3o se interessando mais pelo ensino t\u00e9cnico e tecnol\u00f3gico e se preparando para participar do desenvolvimento do pa\u00eds. \u201cOs jovens est\u00e3o cada vez mais comprometidos com o crescimento da ind\u00fastria e do pa\u00eds\u201d, afirmou Braga de Andrade.<\/p>\n<div>\n<p>\u200b\u200b<\/p>\n<\/div>\n<div>\n<p><b>\u200b\u200b<\/b><\/p>\n<\/div>\n<p><b>DESTAQUE PARA ALUNOS DO PRONATEC<\/b>\u00a0\u2013 Este ano \u00e9 a primeira vez que os alunos do Programa Nacional de Acesso ao Ensino T\u00e9cnico e Emprego (Pronatec) participam da competi\u00e7\u00e3o. Dos 726 participantes, 597 passaram por cursos de forma\u00e7\u00e3o inicial e continuada (FIC) ou t\u00e9cnicos de n\u00edvel m\u00e9dio oferecidos no escopo do programa pelo Servi\u00e7o Nacional de Aprendizagem Industrial (SENAI), do Servi\u00e7o Nacional de Aprendizagem Comercial (SENAC) e nos Institutos Federais de Tecnologia.<\/p>\n<p>\u201cFico extremamente realizada que 82% dos participantes sejam do Pronatec\u201d, disse a presidente Dilma. \u201cTivemos uma parceria com o Sistema S muito bem sucedida, que consiste na jun\u00e7\u00e3o das estruturas do governo federal, com os institutos federais de educa\u00e7\u00e3o e ensino tecnol\u00f3gico, e as escolas do Sistema S\u201d, completou a presidente.<\/p>\n<p>Durante quatro dias de provas, que ocorrem entre 3 e 6 de setembro, os competidores realizam tarefas semelhantes \u00e0s que enfrentariam em situa\u00e7\u00f5es reais do dia a dia do mundo do trabalho. Seu desempenho estabelece o padr\u00e3o de excel\u00eancia das pr\u00e1ticas de 58 ocupa\u00e7\u00f5es t\u00e9cnicas, sendo 48 da ind\u00fastria, sete do setor de servi\u00e7os e tr\u00eas da agropecu\u00e1ria.<b><\/b><\/p>\n<div>\n<p><b>\u200b\u200b<\/b><\/p>\n<\/div>\n<p><b>EDUCA\u00c7\u00c3O E TECNOLOGIA<\/b>\u00a0\u2013 A presidente Dilma chegou por volta das dez horas da manh\u00e3 ao Expominas. A visita come\u00e7ou pela \u00e1rea de competi\u00e7\u00f5es do Festival Internacional de Rob\u00f3tica FLL, na qual 210 crian\u00e7as e adolescentes realizam miss\u00f5es utilizando rob\u00f4s constru\u00eddos na plataforma Lego MINDSTORMS. Igor Verri, 14 anos, ficou respons\u00e1vel por explicar para a presidente como s\u00e3o as provas. \u201cA gente tem dois minutos e meio para cumprir 20 miss\u00f5es, que incluem solucionar problemas de desastres como furac\u00e3o, tornado e tsunami\u201d, disse, logo depois da apresenta\u00e7\u00e3o.<\/p>\n<p>Depois disso, ela visitou a exposi\u00e7\u00e3o Inova SENAI, que re\u00fane 50 inventos desenvolvidos por estudantes e professores da institui\u00e7\u00e3o. No caminho, parou para conhecer um dispositivo que aumenta a mobilidade dos cadeirantes. \u201cO sistema \u00e9 acoplado a uma cadeira de rodas manual e permite que ela transponha obst\u00e1culos de at\u00e9 30 cent\u00edmetros\u201d, explicou o professor Eliseu de Sousa, do SENAI do Paran\u00e1 e o coordenador do projeto.<\/p>\n<p>Na exposi\u00e7\u00e3o Ind\u00fastria do Futuro, Dilma Rousseff conheceu exemplos de tecnologias educacionais que podem ser utilizadas na forma\u00e7\u00e3o dos alunos na educa\u00e7\u00e3o profissional. Depois disso, ela passou por pela \u00e1rea reservada \u00e0 inova\u00e7\u00e3o de produtos desenvolvidos pela ind\u00fastria brasileira. &#8220;Temos que apostar na melhoria da produtividade no Brasil e para isso estamos numa \u00e1rea fundamental, que \u00e9 a inova\u00e7\u00e3o na ind\u00fastria, pois se liga aos demais setores, como agricultura e servi\u00e7os&#8221;.<\/p>\n<ul>\n<li>Outras informa\u00e7\u00f5es em\u00a0<a href=\"http:\/\/www.senaiolimpiadas.com.br\/\" target=\"_blank\" rel=\"noopener\">http:\/\/www.senaiolimpiadas.com.br<\/a><\/li>\n<\/ul>\n<p><b>\u00a0<\/b><\/p>\n<div>\n<p><b>\u200b\u200b<\/b><\/p>\n<\/div>\n<p><b>COBERTURA MULTIM\u00cdDIA<\/b><\/p>\n<div>\n<p><b>\u200b\u200b<\/b><\/p>\n<\/div>\n<p><b>Facebook:<\/b>\u00a0<a href=\"http:\/\/www.facebook.com\/torneiofllbrasil\" target=\"_blank\" rel=\"noopener\">www.facebook.com\/torneiofllbrasil<\/a><b><\/b><\/p>\n<div>\n<p><b>\u200b\u200b<\/b><\/p>\n<\/div>\n<p><b>Flickr<\/b>:\u00a0<a href=\"https:\/\/www.flickr.com\/photos\/cniweb\/sets\/72157645991454589\/\" target=\"_blank\" rel=\"noopener\">https:\/\/www.flickr.com\/photos\/cniweb\/sets\/72157645991454589\/<\/a><b><\/b><\/p>\n<div>\n<p><b>\u200b\u200b<\/b><\/p>\n<\/div>\n<p><b>Instagram<\/b>:\u00a0<a href=\"http:\/\/instagram.com\/torneioderoboticafll\" target=\"_blank\" rel=\"noopener\">http:\/\/instagram.com\/torneioderoboticafll<\/a><\/p>\n<p><b>ATENDIMENTO \u00c0 IMPRENSA<br \/>\nGer\u00eancia de Jornalismo da CNI<\/b><\/p>\n<div>\n<p><b>\u00a0<\/b><\/p>\n<\/div>\n<div>\n<div>\n<p><b>\u200b<\/b><\/p>\n<\/div>\n<div>\n<p><b>\u200b<\/b><\/p>\n<\/div>\n<p><b>Tels. (61) 3317-9578 \/ 9825<\/b><\/p>\n<div>\n<p><b>\u200b \u00a0 \u00a0 \u00a0 \u00a0 \u00a0 \u200b<\/b><\/p>\n<\/div>\n<p><b>(31) 3313-6499 \/ 7035<br \/>\n<a href=\"mailto:imprensa@cni.org.br\" target=\"_blank\" rel=\"noopener\">imprensa@cni.org.br<\/a><\/b><br \/>\n<a href=\"http:\/\/www.portaldaindustria.com.br\/\" target=\"_blank\" rel=\"noopener\">http:\/\/www.portaldaindustria.com.br\/<\/a><br \/>\n<a href=\"http:\/\/www.bancodemidia.cni.org.br\/\" target=\"_blank\" rel=\"noopener\">http:\/\/www.bancodemidia.cni.org.br<\/a><br \/>\n<a href=\"https:\/\/twitter.com\/CNI_br\" target=\"_blank\" rel=\"noopener\">https:\/\/twitter.com\/CNI_br<\/a><br \/>\n<a href=\"https:\/\/www.facebook.com\/cnibrasil\" target=\"_blank\" rel=\"noopener\">https:\/\/www.facebook.com\/cnibrasil<\/a><br \/>\n<a href=\"http:\/\/www.youtube.com\/user\/cniweb\" target=\"_blank\" rel=\"noopener\">http:\/\/www.youtube.com\/user\/cniweb<\/a><\/p>\n<\/div>\n","protected":false},"excerpt":{"rendered":"<p>Em visita \u00e0 \u00e1rea de competi\u00e7\u00e3o, presidente destaca import\u00e2ncia da educa\u00e7\u00e3o e inova\u00e7\u00e3o para ampliar a competitividade da ind\u00fastria \u00a0 \u200b\u200b Belo Horizonte\u00a0&#8211; Em visita \u00e0 8\u00aa Olimp\u00edada do Conhecimento nesta quarta-feira (03), a presidente da Rep\u00fablica, Dilma Rousseff, destacou a import\u00e2ncia da educa\u00e7\u00e3o e da inova\u00e7\u00e3o para o desenvolvimento do pa\u00eds. \u201cA Olimp\u00edada do [&hellip;]<\/p>\n","protected":false},"author":1,"featured_media":0,"comment_status":"open","ping_status":"open","sticky":false,"template":"","format":"standard","meta":{"footnotes":""},"categories":[21,22],"tags":[],"class_list":["post-4104","post","type-post","status-publish","format-standard","hentry","category-news","category-news_destaque"],"yoast_head":"<!-- This site is optimized with the Yoast SEO plugin v26.8 - https:\/\/yoast.com\/product\/yoast-seo-wordpress\/ -->\n<title>Dilma Rousseff diz que Olimp\u00edada do Conhecimento constr\u00f3i alicerce para o futuro - SENAI<\/title>\n<meta name=\"robots\" content=\"index, follow, max-snippet:-1, max-image-preview:large, max-video-preview:-1\" \/>\n<link rel=\"canonical\" href=\"https:\/\/fieam.org.br\/senai\/dilma-rousseff-diz-que-olimpiada-do-conhecimento-constroi-alicerce-para-o-futuro\/\" \/>\n<meta property=\"og:locale\" content=\"pt_BR\" \/>\n<meta property=\"og:type\" content=\"article\" \/>\n<meta property=\"og:title\" content=\"Dilma Rousseff diz que Olimp\u00edada do Conhecimento constr\u00f3i alicerce para o futuro - SENAI\" \/>\n<meta property=\"og:description\" content=\"Em visita \u00e0 \u00e1rea de competi\u00e7\u00e3o, presidente destaca import\u00e2ncia da educa\u00e7\u00e3o e inova\u00e7\u00e3o para ampliar a competitividade da ind\u00fastria \u00a0 \u200b\u200b Belo Horizonte\u00a0&#8211; Em visita \u00e0 8\u00aa Olimp\u00edada do Conhecimento nesta quarta-feira (03), a presidente da Rep\u00fablica, Dilma Rousseff, destacou a import\u00e2ncia da educa\u00e7\u00e3o e da inova\u00e7\u00e3o para o desenvolvimento do pa\u00eds. \u201cA Olimp\u00edada do [&hellip;]\" \/>\n<meta property=\"og:url\" content=\"https:\/\/fieam.org.br\/senai\/dilma-rousseff-diz-que-olimpiada-do-conhecimento-constroi-alicerce-para-o-futuro\/\" \/>\n<meta property=\"og:site_name\" content=\"SENAI\" \/>\n<meta property=\"article:published_time\" content=\"2014-09-03T20:16:58+00:00\" \/>\n<meta name=\"author\" content=\"Autor\" \/>\n<meta name=\"twitter:card\" content=\"summary_large_image\" \/>\n<meta name=\"twitter:label1\" content=\"Escrito por\" \/>\n\t<meta name=\"twitter:data1\" content=\"Autor\" \/>\n\t<meta name=\"twitter:label2\" content=\"Est. tempo de leitura\" \/>\n\t<meta name=\"twitter:data2\" content=\"4 minutos\" \/>\n<script type=\"application\/ld+json\" class=\"yoast-schema-graph\">{\"@context\":\"https:\/\/schema.org\",\"@graph\":[{\"@type\":\"Article\",\"@id\":\"https:\/\/fieam.org.br\/senai\/dilma-rousseff-diz-que-olimpiada-do-conhecimento-constroi-alicerce-para-o-futuro\/#article\",\"isPartOf\":{\"@id\":\"https:\/\/fieam.org.br\/senai\/dilma-rousseff-diz-que-olimpiada-do-conhecimento-constroi-alicerce-para-o-futuro\/\"},\"author\":{\"name\":\"Autor\",\"@id\":\"https:\/\/fieam.org.br\/senai\/#\/schema\/person\/c1ceda8321521b291cee22da0a7d34be\"},\"headline\":\"Dilma Rousseff diz que Olimp\u00edada do Conhecimento constr\u00f3i alicerce para o futuro\",\"datePublished\":\"2014-09-03T20:16:58+00:00\",\"mainEntityOfPage\":{\"@id\":\"https:\/\/fieam.org.br\/senai\/dilma-rousseff-diz-que-olimpiada-do-conhecimento-constroi-alicerce-para-o-futuro\/\"},\"wordCount\":743,\"commentCount\":0,\"publisher\":{\"@id\":\"https:\/\/fieam.org.br\/senai\/#organization\"},\"articleSection\":[\"News\",\"News Destaques\"],\"inLanguage\":\"pt-BR\",\"potentialAction\":[{\"@type\":\"CommentAction\",\"name\":\"Comment\",\"target\":[\"https:\/\/fieam.org.br\/senai\/dilma-rousseff-diz-que-olimpiada-do-conhecimento-constroi-alicerce-para-o-futuro\/#respond\"]}]},{\"@type\":\"WebPage\",\"@id\":\"https:\/\/fieam.org.br\/senai\/dilma-rousseff-diz-que-olimpiada-do-conhecimento-constroi-alicerce-para-o-futuro\/\",\"url\":\"https:\/\/fieam.org.br\/senai\/dilma-rousseff-diz-que-olimpiada-do-conhecimento-constroi-alicerce-para-o-futuro\/\",\"name\":\"Dilma Rousseff diz que Olimp\u00edada do Conhecimento constr\u00f3i alicerce para o futuro - SENAI\",\"isPartOf\":{\"@id\":\"https:\/\/fieam.org.br\/senai\/#website\"},\"datePublished\":\"2014-09-03T20:16:58+00:00\",\"breadcrumb\":{\"@id\":\"https:\/\/fieam.org.br\/senai\/dilma-rousseff-diz-que-olimpiada-do-conhecimento-constroi-alicerce-para-o-futuro\/#breadcrumb\"},\"inLanguage\":\"pt-BR\",\"potentialAction\":[{\"@type\":\"ReadAction\",\"target\":[\"https:\/\/fieam.org.br\/senai\/dilma-rousseff-diz-que-olimpiada-do-conhecimento-constroi-alicerce-para-o-futuro\/\"]}]},{\"@type\":\"BreadcrumbList\",\"@id\":\"https:\/\/fieam.org.br\/senai\/dilma-rousseff-diz-que-olimpiada-do-conhecimento-constroi-alicerce-para-o-futuro\/#breadcrumb\",\"itemListElement\":[{\"@type\":\"ListItem\",\"position\":1,\"name\":\"In\u00edcio\",\"item\":\"https:\/\/fieam.org.br\/senai\/\"},{\"@type\":\"ListItem\",\"position\":2,\"name\":\"Dilma Rousseff diz que Olimp\u00edada do Conhecimento constr\u00f3i alicerce para o futuro\"}]},{\"@type\":\"WebSite\",\"@id\":\"https:\/\/fieam.org.br\/senai\/#website\",\"url\":\"https:\/\/fieam.org.br\/senai\/\",\"name\":\"SENAI\",\"description\":\"Site Oficial!\",\"publisher\":{\"@id\":\"https:\/\/fieam.org.br\/senai\/#organization\"},\"potentialAction\":[{\"@type\":\"SearchAction\",\"target\":{\"@type\":\"EntryPoint\",\"urlTemplate\":\"https:\/\/fieam.org.br\/senai\/?s={search_term_string}\"},\"query-input\":{\"@type\":\"PropertyValueSpecification\",\"valueRequired\":true,\"valueName\":\"search_term_string\"}}],\"inLanguage\":\"pt-BR\"},{\"@type\":\"Organization\",\"@id\":\"https:\/\/fieam.org.br\/senai\/#organization\",\"name\":\"SENAI\",\"url\":\"https:\/\/fieam.org.br\/senai\/\",\"logo\":{\"@type\":\"ImageObject\",\"inLanguage\":\"pt-BR\",\"@id\":\"https:\/\/fieam.org.br\/senai\/#\/schema\/logo\/image\/\",\"url\":\"https:\/\/fieam.org.br\/senai\/wp-content\/uploads\/sites\/16\/2024\/03\/cropped-fav.png\",\"contentUrl\":\"https:\/\/fieam.org.br\/senai\/wp-content\/uploads\/sites\/16\/2024\/03\/cropped-fav.png\",\"width\":592,\"height\":577,\"caption\":\"SENAI\"},\"image\":{\"@id\":\"https:\/\/fieam.org.br\/senai\/#\/schema\/logo\/image\/\"}},{\"@type\":\"Person\",\"@id\":\"https:\/\/fieam.org.br\/senai\/#\/schema\/person\/c1ceda8321521b291cee22da0a7d34be\",\"name\":\"Autor\",\"image\":{\"@type\":\"ImageObject\",\"inLanguage\":\"pt-BR\",\"@id\":\"https:\/\/fieam.org.br\/senai\/#\/schema\/person\/image\/\",\"url\":\"https:\/\/secure.gravatar.com\/avatar\/3732c223e0e1fad69062a8f770955c9068d37b055204f310a0be18d4069fe380?s=96&d=mm&r=g\",\"contentUrl\":\"https:\/\/secure.gravatar.com\/avatar\/3732c223e0e1fad69062a8f770955c9068d37b055204f310a0be18d4069fe380?s=96&d=mm&r=g\",\"caption\":\"Autor\"},\"sameAs\":[\"https:\/\/marketingmassivo.com.br\"],\"url\":\"https:\/\/fieam.org.br\/senai\/author\/admin\/\"}]}<\/script>\n<!-- \/ Yoast SEO plugin. -->","yoast_head_json":{"title":"Dilma Rousseff diz que Olimp\u00edada do Conhecimento constr\u00f3i alicerce para o futuro - SENAI","robots":{"index":"index","follow":"follow","max-snippet":"max-snippet:-1","max-image-preview":"max-image-preview:large","max-video-preview":"max-video-preview:-1"},"canonical":"https:\/\/fieam.org.br\/senai\/dilma-rousseff-diz-que-olimpiada-do-conhecimento-constroi-alicerce-para-o-futuro\/","og_locale":"pt_BR","og_type":"article","og_title":"Dilma Rousseff diz que Olimp\u00edada do Conhecimento constr\u00f3i alicerce para o futuro - SENAI","og_description":"Em visita \u00e0 \u00e1rea de competi\u00e7\u00e3o, presidente destaca import\u00e2ncia da educa\u00e7\u00e3o e inova\u00e7\u00e3o para ampliar a competitividade da ind\u00fastria \u00a0 \u200b\u200b Belo Horizonte\u00a0&#8211; Em visita \u00e0 8\u00aa Olimp\u00edada do Conhecimento nesta quarta-feira (03), a presidente da Rep\u00fablica, Dilma Rousseff, destacou a import\u00e2ncia da educa\u00e7\u00e3o e da inova\u00e7\u00e3o para o desenvolvimento do pa\u00eds. \u201cA Olimp\u00edada do [&hellip;]","og_url":"https:\/\/fieam.org.br\/senai\/dilma-rousseff-diz-que-olimpiada-do-conhecimento-constroi-alicerce-para-o-futuro\/","og_site_name":"SENAI","article_published_time":"2014-09-03T20:16:58+00:00","author":"Autor","twitter_card":"summary_large_image","twitter_misc":{"Escrito por":"Autor","Est. tempo de leitura":"4 minutos"},"schema":{"@context":"https:\/\/schema.org","@graph":[{"@type":"Article","@id":"https:\/\/fieam.org.br\/senai\/dilma-rousseff-diz-que-olimpiada-do-conhecimento-constroi-alicerce-para-o-futuro\/#article","isPartOf":{"@id":"https:\/\/fieam.org.br\/senai\/dilma-rousseff-diz-que-olimpiada-do-conhecimento-constroi-alicerce-para-o-futuro\/"},"author":{"name":"Autor","@id":"https:\/\/fieam.org.br\/senai\/#\/schema\/person\/c1ceda8321521b291cee22da0a7d34be"},"headline":"Dilma Rousseff diz que Olimp\u00edada do Conhecimento constr\u00f3i alicerce para o futuro","datePublished":"2014-09-03T20:16:58+00:00","mainEntityOfPage":{"@id":"https:\/\/fieam.org.br\/senai\/dilma-rousseff-diz-que-olimpiada-do-conhecimento-constroi-alicerce-para-o-futuro\/"},"wordCount":743,"commentCount":0,"publisher":{"@id":"https:\/\/fieam.org.br\/senai\/#organization"},"articleSection":["News","News Destaques"],"inLanguage":"pt-BR","potentialAction":[{"@type":"CommentAction","name":"Comment","target":["https:\/\/fieam.org.br\/senai\/dilma-rousseff-diz-que-olimpiada-do-conhecimento-constroi-alicerce-para-o-futuro\/#respond"]}]},{"@type":"WebPage","@id":"https:\/\/fieam.org.br\/senai\/dilma-rousseff-diz-que-olimpiada-do-conhecimento-constroi-alicerce-para-o-futuro\/","url":"https:\/\/fieam.org.br\/senai\/dilma-rousseff-diz-que-olimpiada-do-conhecimento-constroi-alicerce-para-o-futuro\/","name":"Dilma Rousseff diz que Olimp\u00edada do Conhecimento constr\u00f3i alicerce para o futuro - SENAI","isPartOf":{"@id":"https:\/\/fieam.org.br\/senai\/#website"},"datePublished":"2014-09-03T20:16:58+00:00","breadcrumb":{"@id":"https:\/\/fieam.org.br\/senai\/dilma-rousseff-diz-que-olimpiada-do-conhecimento-constroi-alicerce-para-o-futuro\/#breadcrumb"},"inLanguage":"pt-BR","potentialAction":[{"@type":"ReadAction","target":["https:\/\/fieam.org.br\/senai\/dilma-rousseff-diz-que-olimpiada-do-conhecimento-constroi-alicerce-para-o-futuro\/"]}]},{"@type":"BreadcrumbList","@id":"https:\/\/fieam.org.br\/senai\/dilma-rousseff-diz-que-olimpiada-do-conhecimento-constroi-alicerce-para-o-futuro\/#breadcrumb","itemListElement":[{"@type":"ListItem","position":1,"name":"In\u00edcio","item":"https:\/\/fieam.org.br\/senai\/"},{"@type":"ListItem","position":2,"name":"Dilma Rousseff diz que Olimp\u00edada do Conhecimento constr\u00f3i alicerce para o futuro"}]},{"@type":"WebSite","@id":"https:\/\/fieam.org.br\/senai\/#website","url":"https:\/\/fieam.org.br\/senai\/","name":"SENAI","description":"Site Oficial!","publisher":{"@id":"https:\/\/fieam.org.br\/senai\/#organization"},"potentialAction":[{"@type":"SearchAction","target":{"@type":"EntryPoint","urlTemplate":"https:\/\/fieam.org.br\/senai\/?s={search_term_string}"},"query-input":{"@type":"PropertyValueSpecification","valueRequired":true,"valueName":"search_term_string"}}],"inLanguage":"pt-BR"},{"@type":"Organization","@id":"https:\/\/fieam.org.br\/senai\/#organization","name":"SENAI","url":"https:\/\/fieam.org.br\/senai\/","logo":{"@type":"ImageObject","inLanguage":"pt-BR","@id":"https:\/\/fieam.org.br\/senai\/#\/schema\/logo\/image\/","url":"https:\/\/fieam.org.br\/senai\/wp-content\/uploads\/sites\/16\/2024\/03\/cropped-fav.png","contentUrl":"https:\/\/fieam.org.br\/senai\/wp-content\/uploads\/sites\/16\/2024\/03\/cropped-fav.png","width":592,"height":577,"caption":"SENAI"},"image":{"@id":"https:\/\/fieam.org.br\/senai\/#\/schema\/logo\/image\/"}},{"@type":"Person","@id":"https:\/\/fieam.org.br\/senai\/#\/schema\/person\/c1ceda8321521b291cee22da0a7d34be","name":"Autor","image":{"@type":"ImageObject","inLanguage":"pt-BR","@id":"https:\/\/fieam.org.br\/senai\/#\/schema\/person\/image\/","url":"https:\/\/secure.gravatar.com\/avatar\/3732c223e0e1fad69062a8f770955c9068d37b055204f310a0be18d4069fe380?s=96&d=mm&r=g","contentUrl":"https:\/\/secure.gravatar.com\/avatar\/3732c223e0e1fad69062a8f770955c9068d37b055204f310a0be18d4069fe380?s=96&d=mm&r=g","caption":"Autor"},"sameAs":["https:\/\/marketingmassivo.com.br"],"url":"https:\/\/fieam.org.br\/senai\/author\/admin\/"}]}},"_links":{"self":[{"href":"https:\/\/fieam.org.br\/senai\/wp-json\/wp\/v2\/posts\/4104","targetHints":{"allow":["GET"]}}],"collection":[{"href":"https:\/\/fieam.org.br\/senai\/wp-json\/wp\/v2\/posts"}],"about":[{"href":"https:\/\/fieam.org.br\/senai\/wp-json\/wp\/v2\/types\/post"}],"author":[{"embeddable":true,"href":"https:\/\/fieam.org.br\/senai\/wp-json\/wp\/v2\/users\/1"}],"replies":[{"embeddable":true,"href":"https:\/\/fieam.org.br\/senai\/wp-json\/wp\/v2\/comments?post=4104"}],"version-history":[{"count":0,"href":"https:\/\/fieam.org.br\/senai\/wp-json\/wp\/v2\/posts\/4104\/revisions"}],"wp:attachment":[{"href":"https:\/\/fieam.org.br\/senai\/wp-json\/wp\/v2\/media?parent=4104"}],"wp:term":[{"taxonomy":"category","embeddable":true,"href":"https:\/\/fieam.org.br\/senai\/wp-json\/wp\/v2\/categories?post=4104"},{"taxonomy":"post_tag","embeddable":true,"href":"https:\/\/fieam.org.br\/senai\/wp-json\/wp\/v2\/tags?post=4104"}],"curies":[{"name":"wp","href":"https:\/\/api.w.org\/{rel}","templated":true}]}}