{"id":3759,"date":"2014-06-03T21:07:28","date_gmt":"2014-06-03T21:07:28","guid":{"rendered":"http:\/\/www.fieam.org.br\/site\/senai\/?p=3759"},"modified":"2014-06-03T21:07:28","modified_gmt":"2014-06-03T21:07:28","slug":"senai-realiza-certificacao-profissional-para-trabalhadores-da-construcao-civil","status":"publish","type":"post","link":"https:\/\/fieam.org.br\/senai\/senai-realiza-certificacao-profissional-para-trabalhadores-da-construcao-civil\/","title":{"rendered":"SENAI realiza certifica\u00e7\u00e3o profissional para trabalhadores da constru\u00e7\u00e3o civil"},"content":{"rendered":"<p>\u201cAl\u00e9m de ser um reconhecimento profissional, a Certifica\u00e7\u00e3o de Pessoas carrega uma fun\u00e7\u00e3o social ao permitir melhores oportunidades de emprego ao trabalhador que n\u00e3o passou por um curso de qualifica\u00e7\u00e3o, mas conquistou suas habilidades no dia a dia, com a experi\u00eancia profissional\u201d. Assim, o examinador do Centro de Exames para a Certifica\u00e7\u00e3o (CEC), Abramito Benacon, destacou a import\u00e2ncia desta a\u00e7\u00e3o do\u00a0<a href=\"http:\/\/www.fieam.org.br\/site\/senai\" target=\"_blank\" rel=\"noopener\">Servi\u00e7o Nacional de Aprendizagem Industrial (SENAI Amazonas)<\/a>\u00a0oferecido aos profissionais da constru\u00e7\u00e3o civil.<\/p>\n<p>Desde 2011, a institui\u00e7\u00e3o disp\u00f5e de ambientes e avaliadores para realizar a certifica\u00e7\u00e3o de pessoas, concedendo aos aprovados uma carteira expedida pelo SENAI Nacional com validade de 5 anos. As certifica\u00e7\u00f5es oferecidas s\u00e3o nas ocupa\u00e7\u00f5es de pedreiro, pedreiro de alvenaria sem fun\u00e7\u00e3o estrutural, pedreiro de alvenaria com fun\u00e7\u00e3o estrutural, pedreiro de montagem de laje pr\u00e9-moldada, pedreiro de revestimento em argamassa e assentamento de revestimento, instalador hidr\u00e1ulico, instalador el\u00e9trico e pintor de obras.<\/p>\n<p>De acordo com Abramito, a certifica\u00e7\u00e3o de pessoas \u00e9 indicada para os trabalhadores que t\u00eam o conhecimento emp\u00edrico, adquirido nas atividades aut\u00f4nomas e em canteiro de obras, atuando no setor produtivo da ind\u00fastria da constru\u00e7\u00e3o civil. Esse reconhecimento profissional traz ao mercado de trabalho maior credibilidade e seguran\u00e7a.<\/p>\n<p>A valida\u00e7\u00e3o do trabalhador \u00e9 realizada por t\u00e9cnicos e instrutores do SENAI Amazonas que acompanham a execu\u00e7\u00e3o das provas geradas pelo Sistema SENAI de Certifica\u00e7\u00e3o de Pessoas. O profissional avaliado tem op\u00e7\u00e3o de realizar o exame pr\u00e1tico em apenas um dia, em 8h.<\/p>\n<p>\u201cA dura\u00e7\u00e3o da avalia\u00e7\u00e3o em at\u00e9 8h \u00e9 fundamental para o profissional de hoje que n\u00e3o tem tempo ou n\u00e3o pode se ausentar do local de trabalho por muito tempo, j\u00e1 que sua produ\u00e7\u00e3o \u00e9 o que determina a sua renda. O exame realizado no CEC visa avaliar, reconhecer e certificar pessoas para o exerc\u00edcio de sua vida profissional\u201d, explicou a examinadora na ocupa\u00e7\u00e3o de pedreiro, pintura e hidr\u00e1ulica, Sonia Reis.<\/p>\n<p>O processo de certifica\u00e7\u00e3o \u00e9 composto de inscri\u00e7\u00e3o, avalia\u00e7\u00e3o, entrega de resultados, reexame, supervis\u00e3o, recertifica\u00e7\u00e3o e, quando aplic\u00e1vel, suspens\u00e3o, entre outros. O processo tem um custo que varia de R$ 75,00 a R$ 450,00, de acordo com o escopo da Certifica\u00e7\u00e3o cobrado nas situa\u00e7\u00f5es de certifica\u00e7\u00e3o (exame pr\u00e1tico), reexame (quando o candidato n\u00e3o for aprovado em alguma tarefa, aplicando apenas a tarefa em que o mesmo n\u00e3o foi aprovado), e recertifica\u00e7\u00e3o (quando a validade da certifica\u00e7\u00e3o tiver expirado, ou seja, ap\u00f3s 5 anos ou ainda quando o candidato tiver sua certifica\u00e7\u00e3o cancelada por qualquer motivo).<\/p>\n<p>Os interessados em participar do exame de certifica\u00e7\u00e3o profissional nas ocupa\u00e7\u00f5es de pedreiro, instalador hidr\u00e1ulico, instalador el\u00e9trico e pintor de obras devem apresentar c\u00f3pia de documento de identifica\u00e7\u00e3o com foto, c\u00f3pia do documento com n\u00famero do CPF, formul\u00e1rio de solicita\u00e7\u00e3o de inscri\u00e7\u00e3o preenchido e assinado e uma foto 3&#215;4. A solicita\u00e7\u00e3o de inscri\u00e7\u00e3o pode ser feita diretamente no Centro de Exames para Certifica\u00e7\u00e3o do SENAI Amazonas, localizado na Escola SENAI Dem\u00f3stenes Travessa, Avenida Rodrigo Ot\u00e1vio, 510, Distrito Industrial, ou via internet pelo site\u00a0<a href=\"http:\/\/www.senai.br\/certificacao\" target=\"_blank\" rel=\"noopener\">www.senai.br\/certificacao<\/a>, seguindo as instru\u00e7\u00f5es que l\u00e1 constam.<\/p>\n<p>Mais informa\u00e7\u00f5es pelo telefone 3614-5900 ou pelo e-mail\u00a0<a href=\"mailto:ceceddt@am.senai.br\" target=\"_blank\" rel=\"noopener\">ceceddt@am.senai.br<\/a><\/p>\n<p><b>\u00a0\u00a0\u00a0\u00a0\u00a0\u00a0\u00a0\u00a0\u00a0\u00a0\u00a0\u00a0\u00a0\u00a0\u00a0\u00a0\u00a0\u00a0<\/b><\/p>\n<table width=\"584\" border=\"0\" cellspacing=\"0\" cellpadding=\"0\">\n<tbody>\n<tr>\n<td width=\"206\"><b>OCUPA\u00c7\u00c3O<\/b><\/td>\n<td width=\"132\"><b>PROCESSO DE CERTICA\u00c7\u00c3O (R$)<\/b><\/td>\n<td colspan=\"2\" width=\"161\"><b>REEXAME (R$)<\/b><\/td>\n<td width=\"85\"><b>VALIDADE<\/b><\/p>\n<p><b>(05 anos)<\/b><\/td>\n<\/tr>\n<tr>\n<td rowspan=\"2\" width=\"206\">Eletricista Instalador Predial de Baixa Tens\u00e3o<\/td>\n<td rowspan=\"2\" width=\"132\">300,00<\/td>\n<td width=\"94\">Tarefa 1<\/td>\n<td width=\"66\">250,00<\/td>\n<td rowspan=\"2\" width=\"85\">60 meses<\/td>\n<\/tr>\n<tr>\n<td width=\"94\">Tarefa 2<\/td>\n<td width=\"66\">50,00<\/td>\n<\/tr>\n<tr>\n<td rowspan=\"4\" width=\"206\">Encanador Instalador Predial<\/td>\n<td rowspan=\"4\" width=\"132\">300,00<\/td>\n<td width=\"94\">Tarefa 1<\/td>\n<td width=\"66\">120,00<\/td>\n<td rowspan=\"4\" width=\"85\">60 meses<\/td>\n<\/tr>\n<tr>\n<td width=\"94\">Tarefa 2<\/td>\n<td width=\"66\">40,00<\/td>\n<\/tr>\n<tr>\n<td width=\"94\">Tarefa 3<\/td>\n<td width=\"66\">30,00<\/td>\n<\/tr>\n<tr>\n<td width=\"94\">Tarefa 4<\/td>\n<td width=\"66\">80,00<\/td>\n<\/tr>\n<tr>\n<td width=\"206\">&nbsp;<\/td>\n<td width=\"132\">&nbsp;<\/td>\n<td width=\"94\">Tarefa 5<\/td>\n<td width=\"66\">30,00<\/td>\n<td width=\"85\">&nbsp;<\/td>\n<\/tr>\n<tr>\n<td rowspan=\"4\" width=\"206\">Pedreiro<\/td>\n<td rowspan=\"4\" width=\"132\">450,00<\/td>\n<td width=\"94\">Tarefa 1<\/td>\n<td width=\"66\">125,00<\/td>\n<td rowspan=\"4\" width=\"85\">60 meses<\/td>\n<\/tr>\n<tr>\n<td width=\"94\">Tarefa 2<\/td>\n<td width=\"66\">125,00<\/td>\n<\/tr>\n<tr>\n<td width=\"94\">Tarefa 3<\/td>\n<td width=\"66\">75,00<\/td>\n<\/tr>\n<tr>\n<td width=\"94\">Tarefa 4<\/td>\n<td width=\"66\">125,00<\/td>\n<\/tr>\n<tr>\n<td width=\"206\">Pedreiro \u2013 Alvenaria sem fun\u00e7\u00e3o estrutural<\/td>\n<td width=\"132\">125,00<\/td>\n<td colspan=\"2\" width=\"161\">125,00<\/td>\n<td width=\"85\">60 meses<\/td>\n<\/tr>\n<tr>\n<td width=\"206\">Pedreiro \u2013 Alvenaria com fun\u00e7\u00e3o estrutural<\/td>\n<td width=\"132\">125,00<\/td>\n<td colspan=\"2\" width=\"161\">125,00<\/td>\n<td width=\"85\">60 meses<\/td>\n<\/tr>\n<tr>\n<td width=\"206\">Pedreiro \u2013 Montagem de laje pr\u00e9-moldada<\/td>\n<td width=\"132\">75,00<\/td>\n<td colspan=\"2\" width=\"161\">75,00<\/td>\n<td width=\"85\">60 meses<\/td>\n<\/tr>\n<tr>\n<td width=\"206\">Pedreiro \u2013 Revestimento em argamassa \/ Assentamento de revestimento<\/td>\n<td width=\"132\">125,00<\/td>\n<td colspan=\"2\" width=\"161\">125,00<\/td>\n<td width=\"85\">60 meses<\/td>\n<\/tr>\n<tr>\n<td rowspan=\"4\" width=\"206\">Pintor de Obras<\/td>\n<td rowspan=\"4\" width=\"132\">300,00<\/td>\n<td width=\"94\">Tarefa 1<\/td>\n<td width=\"66\">90,00<\/td>\n<td rowspan=\"4\" width=\"85\">60 meses<\/td>\n<\/tr>\n<tr>\n<td width=\"94\">Tarefa 2<\/td>\n<td width=\"66\">80,00<\/td>\n<\/tr>\n<tr>\n<td width=\"94\">Tarefa 3<\/td>\n<td width=\"66\">80,00<\/td>\n<\/tr>\n<tr>\n<td width=\"94\">Tarefa 4<\/td>\n<td width=\"66\">50,00<\/td>\n<\/tr>\n<\/tbody>\n<\/table>\n<p>[nggallery id=122]<\/p>\n","protected":false},"excerpt":{"rendered":"<p>\u201cAl\u00e9m de ser um reconhecimento profissional, a Certifica\u00e7\u00e3o de Pessoas carrega uma fun\u00e7\u00e3o social ao permitir melhores oportunidades de emprego ao trabalhador que n\u00e3o passou por um curso de qualifica\u00e7\u00e3o, mas conquistou suas habilidades no dia a dia, com a experi\u00eancia profissional\u201d. Assim, o examinador do Centro de Exames para a Certifica\u00e7\u00e3o (CEC), Abramito Benacon, [&hellip;]<\/p>\n","protected":false},"author":1,"featured_media":0,"comment_status":"open","ping_status":"open","sticky":false,"template":"","format":"standard","meta":{"footnotes":""},"categories":[21,22],"tags":[],"class_list":["post-3759","post","type-post","status-publish","format-standard","hentry","category-news","category-news_destaque"],"yoast_head":"<!-- This site is optimized with the Yoast SEO plugin v26.8 - https:\/\/yoast.com\/product\/yoast-seo-wordpress\/ -->\n<title>SENAI realiza certifica\u00e7\u00e3o profissional para trabalhadores da constru\u00e7\u00e3o civil - SENAI<\/title>\n<meta name=\"robots\" content=\"index, follow, max-snippet:-1, max-image-preview:large, max-video-preview:-1\" \/>\n<link rel=\"canonical\" href=\"https:\/\/fieam.org.br\/senai\/senai-realiza-certificacao-profissional-para-trabalhadores-da-construcao-civil\/\" \/>\n<meta property=\"og:locale\" content=\"pt_BR\" \/>\n<meta property=\"og:type\" content=\"article\" \/>\n<meta property=\"og:title\" content=\"SENAI realiza certifica\u00e7\u00e3o profissional para trabalhadores da constru\u00e7\u00e3o civil - SENAI\" \/>\n<meta property=\"og:description\" content=\"\u201cAl\u00e9m de ser um reconhecimento profissional, a Certifica\u00e7\u00e3o de Pessoas carrega uma fun\u00e7\u00e3o social ao permitir melhores oportunidades de emprego ao trabalhador que n\u00e3o passou por um curso de qualifica\u00e7\u00e3o, mas conquistou suas habilidades no dia a dia, com a experi\u00eancia profissional\u201d. Assim, o examinador do Centro de Exames para a Certifica\u00e7\u00e3o (CEC), Abramito Benacon, [&hellip;]\" \/>\n<meta property=\"og:url\" content=\"https:\/\/fieam.org.br\/senai\/senai-realiza-certificacao-profissional-para-trabalhadores-da-construcao-civil\/\" \/>\n<meta property=\"og:site_name\" content=\"SENAI\" \/>\n<meta property=\"article:published_time\" content=\"2014-06-03T21:07:28+00:00\" \/>\n<meta name=\"author\" content=\"Autor\" \/>\n<meta name=\"twitter:card\" content=\"summary_large_image\" \/>\n<meta name=\"twitter:label1\" content=\"Escrito por\" \/>\n\t<meta name=\"twitter:data1\" content=\"Autor\" \/>\n\t<meta name=\"twitter:label2\" content=\"Est. tempo de leitura\" \/>\n\t<meta name=\"twitter:data2\" content=\"3 minutos\" \/>\n<script type=\"application\/ld+json\" class=\"yoast-schema-graph\">{\"@context\":\"https:\/\/schema.org\",\"@graph\":[{\"@type\":\"Article\",\"@id\":\"https:\/\/fieam.org.br\/senai\/senai-realiza-certificacao-profissional-para-trabalhadores-da-construcao-civil\/#article\",\"isPartOf\":{\"@id\":\"https:\/\/fieam.org.br\/senai\/senai-realiza-certificacao-profissional-para-trabalhadores-da-construcao-civil\/\"},\"author\":{\"name\":\"Autor\",\"@id\":\"https:\/\/fieam.org.br\/senai\/#\/schema\/person\/c1ceda8321521b291cee22da0a7d34be\"},\"headline\":\"SENAI realiza certifica\u00e7\u00e3o profissional para trabalhadores da constru\u00e7\u00e3o civil\",\"datePublished\":\"2014-06-03T21:07:28+00:00\",\"mainEntityOfPage\":{\"@id\":\"https:\/\/fieam.org.br\/senai\/senai-realiza-certificacao-profissional-para-trabalhadores-da-construcao-civil\/\"},\"wordCount\":664,\"commentCount\":0,\"publisher\":{\"@id\":\"https:\/\/fieam.org.br\/senai\/#organization\"},\"articleSection\":[\"News\",\"News Destaques\"],\"inLanguage\":\"pt-BR\",\"potentialAction\":[{\"@type\":\"CommentAction\",\"name\":\"Comment\",\"target\":[\"https:\/\/fieam.org.br\/senai\/senai-realiza-certificacao-profissional-para-trabalhadores-da-construcao-civil\/#respond\"]}]},{\"@type\":\"WebPage\",\"@id\":\"https:\/\/fieam.org.br\/senai\/senai-realiza-certificacao-profissional-para-trabalhadores-da-construcao-civil\/\",\"url\":\"https:\/\/fieam.org.br\/senai\/senai-realiza-certificacao-profissional-para-trabalhadores-da-construcao-civil\/\",\"name\":\"SENAI realiza certifica\u00e7\u00e3o profissional para trabalhadores da constru\u00e7\u00e3o civil - SENAI\",\"isPartOf\":{\"@id\":\"https:\/\/fieam.org.br\/senai\/#website\"},\"datePublished\":\"2014-06-03T21:07:28+00:00\",\"breadcrumb\":{\"@id\":\"https:\/\/fieam.org.br\/senai\/senai-realiza-certificacao-profissional-para-trabalhadores-da-construcao-civil\/#breadcrumb\"},\"inLanguage\":\"pt-BR\",\"potentialAction\":[{\"@type\":\"ReadAction\",\"target\":[\"https:\/\/fieam.org.br\/senai\/senai-realiza-certificacao-profissional-para-trabalhadores-da-construcao-civil\/\"]}]},{\"@type\":\"BreadcrumbList\",\"@id\":\"https:\/\/fieam.org.br\/senai\/senai-realiza-certificacao-profissional-para-trabalhadores-da-construcao-civil\/#breadcrumb\",\"itemListElement\":[{\"@type\":\"ListItem\",\"position\":1,\"name\":\"In\u00edcio\",\"item\":\"https:\/\/fieam.org.br\/senai\/\"},{\"@type\":\"ListItem\",\"position\":2,\"name\":\"SENAI realiza certifica\u00e7\u00e3o profissional para trabalhadores da constru\u00e7\u00e3o civil\"}]},{\"@type\":\"WebSite\",\"@id\":\"https:\/\/fieam.org.br\/senai\/#website\",\"url\":\"https:\/\/fieam.org.br\/senai\/\",\"name\":\"SENAI\",\"description\":\"Site Oficial!\",\"publisher\":{\"@id\":\"https:\/\/fieam.org.br\/senai\/#organization\"},\"potentialAction\":[{\"@type\":\"SearchAction\",\"target\":{\"@type\":\"EntryPoint\",\"urlTemplate\":\"https:\/\/fieam.org.br\/senai\/?s={search_term_string}\"},\"query-input\":{\"@type\":\"PropertyValueSpecification\",\"valueRequired\":true,\"valueName\":\"search_term_string\"}}],\"inLanguage\":\"pt-BR\"},{\"@type\":\"Organization\",\"@id\":\"https:\/\/fieam.org.br\/senai\/#organization\",\"name\":\"SENAI\",\"url\":\"https:\/\/fieam.org.br\/senai\/\",\"logo\":{\"@type\":\"ImageObject\",\"inLanguage\":\"pt-BR\",\"@id\":\"https:\/\/fieam.org.br\/senai\/#\/schema\/logo\/image\/\",\"url\":\"https:\/\/fieam.org.br\/senai\/wp-content\/uploads\/sites\/16\/2024\/03\/cropped-fav.png\",\"contentUrl\":\"https:\/\/fieam.org.br\/senai\/wp-content\/uploads\/sites\/16\/2024\/03\/cropped-fav.png\",\"width\":592,\"height\":577,\"caption\":\"SENAI\"},\"image\":{\"@id\":\"https:\/\/fieam.org.br\/senai\/#\/schema\/logo\/image\/\"}},{\"@type\":\"Person\",\"@id\":\"https:\/\/fieam.org.br\/senai\/#\/schema\/person\/c1ceda8321521b291cee22da0a7d34be\",\"name\":\"Autor\",\"image\":{\"@type\":\"ImageObject\",\"inLanguage\":\"pt-BR\",\"@id\":\"https:\/\/fieam.org.br\/senai\/#\/schema\/person\/image\/\",\"url\":\"https:\/\/secure.gravatar.com\/avatar\/3732c223e0e1fad69062a8f770955c9068d37b055204f310a0be18d4069fe380?s=96&d=mm&r=g\",\"contentUrl\":\"https:\/\/secure.gravatar.com\/avatar\/3732c223e0e1fad69062a8f770955c9068d37b055204f310a0be18d4069fe380?s=96&d=mm&r=g\",\"caption\":\"Autor\"},\"sameAs\":[\"https:\/\/marketingmassivo.com.br\"],\"url\":\"https:\/\/fieam.org.br\/senai\/author\/admin\/\"}]}<\/script>\n<!-- \/ Yoast SEO plugin. -->","yoast_head_json":{"title":"SENAI realiza certifica\u00e7\u00e3o profissional para trabalhadores da constru\u00e7\u00e3o civil - SENAI","robots":{"index":"index","follow":"follow","max-snippet":"max-snippet:-1","max-image-preview":"max-image-preview:large","max-video-preview":"max-video-preview:-1"},"canonical":"https:\/\/fieam.org.br\/senai\/senai-realiza-certificacao-profissional-para-trabalhadores-da-construcao-civil\/","og_locale":"pt_BR","og_type":"article","og_title":"SENAI realiza certifica\u00e7\u00e3o profissional para trabalhadores da constru\u00e7\u00e3o civil - SENAI","og_description":"\u201cAl\u00e9m de ser um reconhecimento profissional, a Certifica\u00e7\u00e3o de Pessoas carrega uma fun\u00e7\u00e3o social ao permitir melhores oportunidades de emprego ao trabalhador que n\u00e3o passou por um curso de qualifica\u00e7\u00e3o, mas conquistou suas habilidades no dia a dia, com a experi\u00eancia profissional\u201d. Assim, o examinador do Centro de Exames para a Certifica\u00e7\u00e3o (CEC), Abramito Benacon, [&hellip;]","og_url":"https:\/\/fieam.org.br\/senai\/senai-realiza-certificacao-profissional-para-trabalhadores-da-construcao-civil\/","og_site_name":"SENAI","article_published_time":"2014-06-03T21:07:28+00:00","author":"Autor","twitter_card":"summary_large_image","twitter_misc":{"Escrito por":"Autor","Est. tempo de leitura":"3 minutos"},"schema":{"@context":"https:\/\/schema.org","@graph":[{"@type":"Article","@id":"https:\/\/fieam.org.br\/senai\/senai-realiza-certificacao-profissional-para-trabalhadores-da-construcao-civil\/#article","isPartOf":{"@id":"https:\/\/fieam.org.br\/senai\/senai-realiza-certificacao-profissional-para-trabalhadores-da-construcao-civil\/"},"author":{"name":"Autor","@id":"https:\/\/fieam.org.br\/senai\/#\/schema\/person\/c1ceda8321521b291cee22da0a7d34be"},"headline":"SENAI realiza certifica\u00e7\u00e3o profissional para trabalhadores da constru\u00e7\u00e3o civil","datePublished":"2014-06-03T21:07:28+00:00","mainEntityOfPage":{"@id":"https:\/\/fieam.org.br\/senai\/senai-realiza-certificacao-profissional-para-trabalhadores-da-construcao-civil\/"},"wordCount":664,"commentCount":0,"publisher":{"@id":"https:\/\/fieam.org.br\/senai\/#organization"},"articleSection":["News","News Destaques"],"inLanguage":"pt-BR","potentialAction":[{"@type":"CommentAction","name":"Comment","target":["https:\/\/fieam.org.br\/senai\/senai-realiza-certificacao-profissional-para-trabalhadores-da-construcao-civil\/#respond"]}]},{"@type":"WebPage","@id":"https:\/\/fieam.org.br\/senai\/senai-realiza-certificacao-profissional-para-trabalhadores-da-construcao-civil\/","url":"https:\/\/fieam.org.br\/senai\/senai-realiza-certificacao-profissional-para-trabalhadores-da-construcao-civil\/","name":"SENAI realiza certifica\u00e7\u00e3o profissional para trabalhadores da constru\u00e7\u00e3o civil - SENAI","isPartOf":{"@id":"https:\/\/fieam.org.br\/senai\/#website"},"datePublished":"2014-06-03T21:07:28+00:00","breadcrumb":{"@id":"https:\/\/fieam.org.br\/senai\/senai-realiza-certificacao-profissional-para-trabalhadores-da-construcao-civil\/#breadcrumb"},"inLanguage":"pt-BR","potentialAction":[{"@type":"ReadAction","target":["https:\/\/fieam.org.br\/senai\/senai-realiza-certificacao-profissional-para-trabalhadores-da-construcao-civil\/"]}]},{"@type":"BreadcrumbList","@id":"https:\/\/fieam.org.br\/senai\/senai-realiza-certificacao-profissional-para-trabalhadores-da-construcao-civil\/#breadcrumb","itemListElement":[{"@type":"ListItem","position":1,"name":"In\u00edcio","item":"https:\/\/fieam.org.br\/senai\/"},{"@type":"ListItem","position":2,"name":"SENAI realiza certifica\u00e7\u00e3o profissional para trabalhadores da constru\u00e7\u00e3o civil"}]},{"@type":"WebSite","@id":"https:\/\/fieam.org.br\/senai\/#website","url":"https:\/\/fieam.org.br\/senai\/","name":"SENAI","description":"Site Oficial!","publisher":{"@id":"https:\/\/fieam.org.br\/senai\/#organization"},"potentialAction":[{"@type":"SearchAction","target":{"@type":"EntryPoint","urlTemplate":"https:\/\/fieam.org.br\/senai\/?s={search_term_string}"},"query-input":{"@type":"PropertyValueSpecification","valueRequired":true,"valueName":"search_term_string"}}],"inLanguage":"pt-BR"},{"@type":"Organization","@id":"https:\/\/fieam.org.br\/senai\/#organization","name":"SENAI","url":"https:\/\/fieam.org.br\/senai\/","logo":{"@type":"ImageObject","inLanguage":"pt-BR","@id":"https:\/\/fieam.org.br\/senai\/#\/schema\/logo\/image\/","url":"https:\/\/fieam.org.br\/senai\/wp-content\/uploads\/sites\/16\/2024\/03\/cropped-fav.png","contentUrl":"https:\/\/fieam.org.br\/senai\/wp-content\/uploads\/sites\/16\/2024\/03\/cropped-fav.png","width":592,"height":577,"caption":"SENAI"},"image":{"@id":"https:\/\/fieam.org.br\/senai\/#\/schema\/logo\/image\/"}},{"@type":"Person","@id":"https:\/\/fieam.org.br\/senai\/#\/schema\/person\/c1ceda8321521b291cee22da0a7d34be","name":"Autor","image":{"@type":"ImageObject","inLanguage":"pt-BR","@id":"https:\/\/fieam.org.br\/senai\/#\/schema\/person\/image\/","url":"https:\/\/secure.gravatar.com\/avatar\/3732c223e0e1fad69062a8f770955c9068d37b055204f310a0be18d4069fe380?s=96&d=mm&r=g","contentUrl":"https:\/\/secure.gravatar.com\/avatar\/3732c223e0e1fad69062a8f770955c9068d37b055204f310a0be18d4069fe380?s=96&d=mm&r=g","caption":"Autor"},"sameAs":["https:\/\/marketingmassivo.com.br"],"url":"https:\/\/fieam.org.br\/senai\/author\/admin\/"}]}},"_links":{"self":[{"href":"https:\/\/fieam.org.br\/senai\/wp-json\/wp\/v2\/posts\/3759","targetHints":{"allow":["GET"]}}],"collection":[{"href":"https:\/\/fieam.org.br\/senai\/wp-json\/wp\/v2\/posts"}],"about":[{"href":"https:\/\/fieam.org.br\/senai\/wp-json\/wp\/v2\/types\/post"}],"author":[{"embeddable":true,"href":"https:\/\/fieam.org.br\/senai\/wp-json\/wp\/v2\/users\/1"}],"replies":[{"embeddable":true,"href":"https:\/\/fieam.org.br\/senai\/wp-json\/wp\/v2\/comments?post=3759"}],"version-history":[{"count":0,"href":"https:\/\/fieam.org.br\/senai\/wp-json\/wp\/v2\/posts\/3759\/revisions"}],"wp:attachment":[{"href":"https:\/\/fieam.org.br\/senai\/wp-json\/wp\/v2\/media?parent=3759"}],"wp:term":[{"taxonomy":"category","embeddable":true,"href":"https:\/\/fieam.org.br\/senai\/wp-json\/wp\/v2\/categories?post=3759"},{"taxonomy":"post_tag","embeddable":true,"href":"https:\/\/fieam.org.br\/senai\/wp-json\/wp\/v2\/tags?post=3759"}],"curies":[{"name":"wp","href":"https:\/\/api.w.org\/{rel}","templated":true}]}}