{"id":3745,"date":"2014-05-28T19:45:51","date_gmt":"2014-05-28T19:45:51","guid":{"rendered":"http:\/\/www.fieam.org.br\/site\/senai\/?p=3745"},"modified":"2014-05-28T19:45:51","modified_gmt":"2014-05-28T19:45:51","slug":"dilma-homenageia-brasileiros-que-venceram-torneio-de-profissoes-das-americas","status":"publish","type":"post","link":"https:\/\/fieam.org.br\/senai\/dilma-homenageia-brasileiros-que-venceram-torneio-de-profissoes-das-americas\/","title":{"rendered":"Dilma homenageia brasileiros que venceram torneio de profiss\u00f5es das Am\u00e9ricas"},"content":{"rendered":"<p style=\"text-align: left\" align=\"center\"><i>No encontro com estudantes do SENAI e do Senac, a presidente anuncia que ganhadores\u00a0<\/i><i>de medalhas da WorldSkills ter\u00e3o prioridade na sele\u00e7\u00e3o do programa Ci\u00eancia sem Fronteiras<\/i><\/p>\n<p>A presidente Dilma Rousseff disse que a forma\u00e7\u00e3o profissional em todos os n\u00edveis &#8211; t\u00e9cnico, tecn\u00f3logo e acad\u00eamico &#8211; \u00e9 fundamental para o Brasil aproximar a ci\u00eancia da ind\u00fastria. A afirma\u00e7\u00e3o foi feita nesta ter\u00e7a-feira, 27 de maio, durante encontro com os 34 competidores brasileiros que participaram da WorldSkills Am\u00e9ricas, torneio interamericano de profiss\u00f5es t\u00e9cnicas, que reuniu 186 jovens de 17 pa\u00edses entre 1\u00ba e 6 de abril em Bogot\u00e1, na Col\u00f4mbia. A equipe brasileira era formada por 30 estudantes do\u00a0<a href=\"http:\/\/www.fieam.org.br\/site\/senai\" target=\"_blank\" rel=\"noopener\">SENAI<\/a>\u00a0e quatro do Servi\u00e7o Nacional de Aprendizagem Comercial (Senac).<\/p>\n<p>\u201c\u00c9 uma honra ter voc\u00eas aqui, e, sobretudo, \u00e9 a certeza que o futuro est\u00e1 em voc\u00eas. Est\u00e1 no fato de que o nosso pa\u00eds precisa tanto de universit\u00e1rios, cientistas, pesquisadores, mas precisa muito de t\u00e9cnicos e tecn\u00f3logos. Sem isso n\u00f3s, de fato, n\u00e3o faremos esse casamento essencial entre ci\u00eancia e ind\u00fastria&#8221;, disse Dilma.<\/p>\n<p>Para premiar os estudantes de cursos t\u00e9cnicos e de aprendizagem profissional que representaram o Brasil no torneio, a presidente anunciou que os campe\u00f5es da WorldSkills ter\u00e3o prioridade na sele\u00e7\u00e3o para o Ci\u00eancia sem Fronteiras, programa do governo federal que d\u00e1 bolsa para alunos de cursos superiores estudarem em universidades no exterior. Os crit\u00e9rios para premiar os medalhistas da WorldSkills que optarem por cursar o ensino superior ser\u00e3o definidos nos pr\u00f3ximos editais do Ci\u00eancia sem Fronteira.<\/p>\n<p>Al\u00e9m disso, a presidente destacou a import\u00e2ncia do ensino t\u00e9cnico e lembrou o \u00eaxito da parceria do governo federal com o Sistema S no\u00a0<a href=\"http:\/\/pronatec.mec.gov.br\/\" target=\"_blank\" rel=\"noopener\">Programa Nacional de Acesso ao Ensino T\u00e9cnico e Emprego (Pronatec)<\/a>. Dois medalhistas de ouro da equipe brasileira na WorldSkills Am\u00e9ricas foram formados pelo programa: Rudimar Braga dos Santos, estudante do SENAI, que venceu o torneio na ocupa\u00e7\u00e3o de Aplica\u00e7\u00e3o de Gessos e Sistemas Drywall, e Rita de C\u00e1ssia Agliardi, aluna do Senac, ganhadora da ocupa\u00e7\u00e3o de Enfermagem.<\/p>\n<p>O SENAI \u00e9 o principal parceiro do governo federal no Pronatec. \u201cNeste ano, o SENAI vai chegar a 4 milh\u00f5es de matr\u00edculas via Pronatec. Estamos preparando esses jovens para o futuro do Brasil com o apoio que o governo tem dado ao ensino profissionalizante\u201d, afirmou o presidente da CNI, Robson Braga de Andrade, que tamb\u00e9m participou do encontro no Pal\u00e1cio do Planalto.<\/p>\n<p>A educa\u00e7\u00e3o profissional, de acordo com o SENAI facilita o ingresso dos jovens no mercado de trabalho e \u00e9 um excelente caminho para a constru\u00e7\u00e3o de uma carreira s\u00f3lida e promissora. Segundo dados do Censo da Educa\u00e7\u00e3o 2013, apenas 7,8% dos brasileiros optam pela educa\u00e7\u00e3o profissional. Na Austr\u00e1lia, esse n\u00famero \u00e9 de 76,8%, na Finl\u00e2ndia, de 69,7%, e na Alemanha, de 51,5%, conforme indicam os dados do CEDEFOP &#8211; European Centre for the Development of Vocational Training.<\/p>\n<p>&nbsp;<\/p>\n<p>\u201cA educa\u00e7\u00e3o como a que tive no SENAI \u00e9 fundamental para qualifica\u00e7\u00e3o profissional dos jovens brasileiros e para o crescimento tecnol\u00f3gico do pa\u00eds\u201d, afirmou Leandro Oliveira, 21 anos, logo ap\u00f3s o encontro com a presidente da Rep\u00fablica. Leandro conquistou a medalha de prata em Eletricidade Predial no torneio realizado em Bogot\u00e1. Hoje ele \u00e9 professor do SENAI em Petrolina, Pernambuco e cursa Engenharia Mec\u00e2nica, na Universidade Federal do Vale do S\u00e3o Francisco. \u201cSonho agora em participar do Ci\u00eancias sem Fronteiras, fazer o curso no exterior e retornar ao Brasil com uma experi\u00eancia diferenciada\u201d, disse.<\/p>\n<p>&nbsp;<\/p>\n<p><b>CERTIFICADO DE EXCEL\u00caNCIA<\/b>\u00a0&#8211; Para o medalhista de ouro em Desenho Mec\u00e2nico Assistido por CAD, Gabriel de Castro, 21 anos, participar de competi\u00e7\u00f5es de educa\u00e7\u00e3o profissional somam ao curr\u00edculo uma experi\u00eancia \u00fanica e valorizada. \u201cConquistar essa medalha, seja na Olimp\u00edada do Conhecimento, ou no caso, da WorldSkills Am\u00e9ricas, \u00e9 uma esp\u00e9cie de certificado de excel\u00eancia do seu trabalho. Hoje eu devo meu emprego aos meus estudos no SENAI\u201d, explicou ele, que mora em Goi\u00e2nia e trabalha no sistema de produ\u00e7\u00e3o da empresa Hypermarcas, em \u00a0Senador Canedo, na regi\u00e3o metropolitana de Goi\u00e2nia.<\/p>\n<p>O antes aluno, e hoje t\u00e9cnico trainee do SENAI de Barroso, no interior de Minas Gerais, J\u00fanior Renato Ferreira, 21 anos, tamb\u00e9m comemora a conquista. Ele levou o ouro em Revestimento Cer\u00e2mico na Col\u00f4mbia. \u201c\u00c9 muito legal esse reconhecimento pela profiss\u00e3o, por um trabalho bem feito. Algumas empresas me procuraram para me contratar e decidi ficar no SENAI. Quando voltei pra minha cidade, fui recebido como her\u00f3i, \u00e9 muito bacana\u201d, conta ele. O munic\u00edpio de Barroso tem cerca de 20 mil habitantes.<\/p>\n<p><b>WORLDSKILLS AM\u00c9RICAS<\/b>\u00a0&#8211; A equipe brasileira que participou da WorldSkills Am\u00e9ricas conquistou 30 medalhas, sendo 25 de ouro, quatro de prata e uma de bronze. Os brasileiros competiram em 31 ocupa\u00e7\u00f5es profissionais e obtiveram o melhor resultado entre os 17 pa\u00edses participantes do torneio.<\/p>\n<p>A disputa reuniu 186 jovens em modalidades profissionais como mecatr\u00f4nica, instala\u00e7\u00e3o hidr\u00e1ulica, tecnologia da moda e desenvolvimento de aplicativos para celulares e tablets. Nas provas, os estudantes executaram tarefas do dia a dia do trabalho nas profiss\u00f5es que escolheram, seguindo padr\u00f5es internacionais de qualidade.<\/p>\n<p>Venceram aqueles que conseguiram resolver o desafio dentro do menor prazo e tamb\u00e9m com o menor n\u00famero de falhas. O Brasil alcan\u00e7ou a maior pontua\u00e7\u00e3o entre todas as delega\u00e7\u00f5es (16.755 pontos), mais de 3 mil pontos \u00e0 frente da Col\u00f4mbia, a segunda colocada, com 13.029 pontos. Esse somat\u00f3rio leva em conta o desempenho de toda a delega\u00e7\u00e3o de cada pa\u00eds. Em agosto de 2015, S\u00e3o Paulo receber\u00e1 a vers\u00e3o mundial do torneio. Antes disso, em setembro deste ano, o SENAI promove a etapa nacional, a Olimp\u00edada do Conhecimento 2014.<\/p>\n<p><b>O SENAI \u2013 O SENAI<\/b>\u00a0\u00e9 uma institui\u00e7\u00e3o privada mantida pela ind\u00fastria brasileira. Com 817 escolas fixas e m\u00f3veis \u00a0espalhadas pelo pa\u00eds, a institui\u00e7\u00e3o j\u00e1 formou 61 milh\u00f5es de profissionais. No ano passado, foram 3,4 milh\u00f5es de matr\u00edculas em cursos de aprendizagem, t\u00e9cnicos, superiores e de p\u00f3s-gradua\u00e7\u00e3o. A meta para 2014 \u00e9 alcan\u00e7ar 4 milh\u00f5es de matr\u00edculas. \u00a0Al\u00e9m da forma\u00e7\u00e3o profissional dos trabalhadores, o SENAI est\u00e1 investindo mais de R$ 2 bilh\u00f5es na implanta\u00e7\u00e3o da rede de 25 institutos de inova\u00e7\u00e3o e 60 institutos de tecnologia para apoiar a inova\u00e7\u00e3o e o desenvolvimento tecnol\u00f3gico da ind\u00fastria brasileira.<\/p>\n<p><b>Confira o desempenho dos brasileiros na WorldSkills Am\u00e9ricas:<\/b><\/p>\n<p>Alvenaria &#8211; Ariel Bertoluci &#8211; Ouro<\/p>\n<p>Cabeleireiro &#8211; \u00a0Juliana Almeida Bezerra &#8211; Ouro<\/p>\n<p>CAD &#8211; Gabriel de Castro Freitas &#8211; Ouro<\/p>\n<p>Confec\u00e7\u00e3o de roupas &#8211; Mariana Mariah Vieira de Freitas &#8211; Ouro<\/p>\n<p>Confeitaria &#8211; Luiz Gustavo Brant &#8211; Ouro<\/p>\n<p>Cozinha &#8211; Poliana Aparecida do Nascimento &#8211; Bronze<\/p>\n<p>Design Gr\u00e1fico &#8211; Paulo Henrique Castro Pereira &#8211; Ouro<\/p>\n<p>Desenvolvimento de aplicativos para dispositivos m\u00f3veis &#8211; Guilherme Lima Hernandez Rinc\u00e3o e Micael Brito de Jesus &#8211; Ouro<\/p>\n<p>DryWall &#8211; Rudimar Braga dos Santos &#8211; Ouro<\/p>\n<p>Eletricidade industrial &#8211; Caique Ferreira de Faria &#8211; Ouro<\/p>\n<p>Eletricidade predial &#8211; Leandro Figueiredo Oliveira &#8211; Prata<\/p>\n<p>Eletr\u00f4nica &#8211; Mauri Saraiva dos Santos &#8211; Ouro<\/p>\n<p>Enfermagem \u00a0&#8211; \u00a0Rita de Cassia Rocha Agliardi &#8211; Ouro<\/p>\n<p>Fresagem CNC &#8211; Henrique da Silva Santana &#8211; Ouro<\/p>\n<p>Fresagem &#8211; Wesley Silvestre dos Santos &#8211; Ouro<\/p>\n<p>Instala\u00e7\u00e3o hidr\u00e1ulica &#8211; Pablo Facchin &#8211; Ouro<\/p>\n<p>Instala\u00e7\u00e3o e manuten\u00e7\u00e3o de PC &#8211; Edson Geovani dos Santos &#8211; Prata<\/p>\n<p>Marcenaria &#8211; Selimar Dias dos Santos Filho &#8211; Ouro<\/p>\n<p>Mec\u00e2nica de auto &#8211; Mateus Zitkoski &#8211; Ouro<\/p>\n<p>Mecatr\u00f4nica \u00a0&#8211; Diego Basso e Mateus Gaspary de Freitas &#8211; Ouro<\/p>\n<p>Polimec\u00e2nica &#8211; Alexandre Sampaio Luz &#8211; Ouro<\/p>\n<p>Refrigera\u00e7\u00e3o &#8211; Gabriel de Souza Cardoso &#8211; Ouro<\/p>\n<p>Revestimento cer\u00e2mico &#8211; Junior Renato Ferreira &#8211; Ouro<\/p>\n<p>Rob\u00f3tica &#8211; Carlos Adriano Vieira e Victor Gabriel Ver\u00edssimo Brand\u00e3o &#8211; Ouro<\/p>\n<p>Servi\u00e7o de restaurante &#8211; Anderson Fonseca de Almeida &#8211; Ouro<\/p>\n<p>Solu\u00e7\u00f5es em tecnologia da informa\u00e7\u00e3o \u00a0&#8211; \u00a0Eliza Thais Neves Am\u00e2ncio &#8211; Prata<\/p>\n<p>Soldagem &#8211; Rafael Wenderson Moais Pereira &#8211; Ouro<\/p>\n<p>Tecnologia da moda &#8211; Isadora Micaela Guercovich &#8211; Sem medalha<\/p>\n<p>Tornearia &#8211; Marcio Ven\u00e2ncio Aur\u00e9lio Caetano &#8211; Ouro<\/p>\n<p>Tornearia CNC &#8211; Jos\u00e9 Augusto Costa Ferreira &#8211; Ouro<\/p>\n<p>Web Design &#8211; Mateus Paulino da Silva Santos \u2013 Prata<\/p>\n<p><b>MULTIM\u00cdDIA<\/b>\u00a0&#8211; Confira todas as fotos do encontro entre a presidente Dilma Rousseff e os competidores da WorldSkills Am\u00e9ricas.\u00a0<a href=\"http:\/\/xn--elas%20esto%20em%20nosso%20lbum%20no%20flickr%21-u5d6f\/\" target=\"_blank\" rel=\"noopener\">Elas est\u00e3o em nosso \u00e1lbum no Flickr!<\/a><\/p>\n<p><b>ATENDIMENTO \u00c0 IMPRENSA<br \/>\nGer\u00eancia de Jornalismo da CNI<\/b><\/p>\n<p><a href=\"tel:%2861%29%203317-9578\" target=\"_blank\" rel=\"noopener\">(61) 3317-9578<\/a>\u00a0\/ 8917 \/ 9825<br \/>\n<a href=\"mailto:imprensa@cni.org.br\" target=\"_blank\" rel=\"noopener\">imprensa@cni.org.br<\/a><br \/>\n<a href=\"http:\/\/www.portaldaindustria.com.br\/\" target=\"_blank\" rel=\"noopener\">http:\/\/www.portaldaindustria.com.br\/<\/a><br \/>\n<a href=\"http:\/\/www.bancodemidia.cni.org.br\/\" target=\"_blank\" rel=\"noopener\">http:\/\/www.bancodemidia.cni.org.br<\/a><br \/>\n<a href=\"https:\/\/twitter.com\/CNI_br\" target=\"_blank\" rel=\"noopener\">https:\/\/twitter.com\/CNI_br<\/a><br \/>\n<a href=\"https:\/\/www.facebook.com\/cnibrasil\" target=\"_blank\" rel=\"noopener\">https:\/\/www.facebook.com\/cnibrasil<\/a><br \/>\n<a href=\"http:\/\/www.youtube.com\/user\/cniweb\" target=\"_blank\" rel=\"noopener\">http:\/\/www.youtube.com\/user\/cniweb<\/a><\/p>\n","protected":false},"excerpt":{"rendered":"<p>No encontro com estudantes do SENAI e do Senac, a presidente anuncia que ganhadores\u00a0de medalhas da WorldSkills ter\u00e3o prioridade na sele\u00e7\u00e3o do programa Ci\u00eancia sem Fronteiras A presidente Dilma Rousseff disse que a forma\u00e7\u00e3o profissional em todos os n\u00edveis &#8211; t\u00e9cnico, tecn\u00f3logo e acad\u00eamico &#8211; \u00e9 fundamental para o Brasil aproximar a ci\u00eancia da ind\u00fastria. [&hellip;]<\/p>\n","protected":false},"author":1,"featured_media":0,"comment_status":"open","ping_status":"open","sticky":false,"template":"","format":"standard","meta":{"footnotes":""},"categories":[21,22],"tags":[],"class_list":["post-3745","post","type-post","status-publish","format-standard","hentry","category-news","category-news_destaque"],"yoast_head":"<!-- This site is optimized with the Yoast SEO plugin v26.8 - https:\/\/yoast.com\/product\/yoast-seo-wordpress\/ -->\n<title>Dilma homenageia brasileiros que venceram torneio de profiss\u00f5es das Am\u00e9ricas - SENAI<\/title>\n<meta name=\"robots\" content=\"index, follow, max-snippet:-1, max-image-preview:large, max-video-preview:-1\" \/>\n<link rel=\"canonical\" href=\"https:\/\/fieam.org.br\/senai\/dilma-homenageia-brasileiros-que-venceram-torneio-de-profissoes-das-americas\/\" \/>\n<meta property=\"og:locale\" content=\"pt_BR\" \/>\n<meta property=\"og:type\" content=\"article\" \/>\n<meta property=\"og:title\" content=\"Dilma homenageia brasileiros que venceram torneio de profiss\u00f5es das Am\u00e9ricas - SENAI\" \/>\n<meta property=\"og:description\" content=\"No encontro com estudantes do SENAI e do Senac, a presidente anuncia que ganhadores\u00a0de medalhas da WorldSkills ter\u00e3o prioridade na sele\u00e7\u00e3o do programa Ci\u00eancia sem Fronteiras A presidente Dilma Rousseff disse que a forma\u00e7\u00e3o profissional em todos os n\u00edveis &#8211; t\u00e9cnico, tecn\u00f3logo e acad\u00eamico &#8211; \u00e9 fundamental para o Brasil aproximar a ci\u00eancia da ind\u00fastria. [&hellip;]\" \/>\n<meta property=\"og:url\" content=\"https:\/\/fieam.org.br\/senai\/dilma-homenageia-brasileiros-que-venceram-torneio-de-profissoes-das-americas\/\" \/>\n<meta property=\"og:site_name\" content=\"SENAI\" \/>\n<meta property=\"article:published_time\" content=\"2014-05-28T19:45:51+00:00\" \/>\n<meta name=\"author\" content=\"Autor\" \/>\n<meta name=\"twitter:card\" content=\"summary_large_image\" \/>\n<meta name=\"twitter:label1\" content=\"Escrito por\" \/>\n\t<meta name=\"twitter:data1\" content=\"Autor\" \/>\n\t<meta name=\"twitter:label2\" content=\"Est. tempo de leitura\" \/>\n\t<meta name=\"twitter:data2\" content=\"7 minutos\" \/>\n<script type=\"application\/ld+json\" class=\"yoast-schema-graph\">{\"@context\":\"https:\/\/schema.org\",\"@graph\":[{\"@type\":\"Article\",\"@id\":\"https:\/\/fieam.org.br\/senai\/dilma-homenageia-brasileiros-que-venceram-torneio-de-profissoes-das-americas\/#article\",\"isPartOf\":{\"@id\":\"https:\/\/fieam.org.br\/senai\/dilma-homenageia-brasileiros-que-venceram-torneio-de-profissoes-das-americas\/\"},\"author\":{\"name\":\"Autor\",\"@id\":\"https:\/\/fieam.org.br\/senai\/#\/schema\/person\/c1ceda8321521b291cee22da0a7d34be\"},\"headline\":\"Dilma homenageia brasileiros que venceram torneio de profiss\u00f5es das Am\u00e9ricas\",\"datePublished\":\"2014-05-28T19:45:51+00:00\",\"mainEntityOfPage\":{\"@id\":\"https:\/\/fieam.org.br\/senai\/dilma-homenageia-brasileiros-que-venceram-torneio-de-profissoes-das-americas\/\"},\"wordCount\":1487,\"commentCount\":0,\"publisher\":{\"@id\":\"https:\/\/fieam.org.br\/senai\/#organization\"},\"articleSection\":[\"News\",\"News Destaques\"],\"inLanguage\":\"pt-BR\",\"potentialAction\":[{\"@type\":\"CommentAction\",\"name\":\"Comment\",\"target\":[\"https:\/\/fieam.org.br\/senai\/dilma-homenageia-brasileiros-que-venceram-torneio-de-profissoes-das-americas\/#respond\"]}]},{\"@type\":\"WebPage\",\"@id\":\"https:\/\/fieam.org.br\/senai\/dilma-homenageia-brasileiros-que-venceram-torneio-de-profissoes-das-americas\/\",\"url\":\"https:\/\/fieam.org.br\/senai\/dilma-homenageia-brasileiros-que-venceram-torneio-de-profissoes-das-americas\/\",\"name\":\"Dilma homenageia brasileiros que venceram torneio de profiss\u00f5es das Am\u00e9ricas - SENAI\",\"isPartOf\":{\"@id\":\"https:\/\/fieam.org.br\/senai\/#website\"},\"datePublished\":\"2014-05-28T19:45:51+00:00\",\"breadcrumb\":{\"@id\":\"https:\/\/fieam.org.br\/senai\/dilma-homenageia-brasileiros-que-venceram-torneio-de-profissoes-das-americas\/#breadcrumb\"},\"inLanguage\":\"pt-BR\",\"potentialAction\":[{\"@type\":\"ReadAction\",\"target\":[\"https:\/\/fieam.org.br\/senai\/dilma-homenageia-brasileiros-que-venceram-torneio-de-profissoes-das-americas\/\"]}]},{\"@type\":\"BreadcrumbList\",\"@id\":\"https:\/\/fieam.org.br\/senai\/dilma-homenageia-brasileiros-que-venceram-torneio-de-profissoes-das-americas\/#breadcrumb\",\"itemListElement\":[{\"@type\":\"ListItem\",\"position\":1,\"name\":\"In\u00edcio\",\"item\":\"https:\/\/fieam.org.br\/senai\/\"},{\"@type\":\"ListItem\",\"position\":2,\"name\":\"Dilma homenageia brasileiros que venceram torneio de profiss\u00f5es das Am\u00e9ricas\"}]},{\"@type\":\"WebSite\",\"@id\":\"https:\/\/fieam.org.br\/senai\/#website\",\"url\":\"https:\/\/fieam.org.br\/senai\/\",\"name\":\"SENAI\",\"description\":\"Site Oficial!\",\"publisher\":{\"@id\":\"https:\/\/fieam.org.br\/senai\/#organization\"},\"potentialAction\":[{\"@type\":\"SearchAction\",\"target\":{\"@type\":\"EntryPoint\",\"urlTemplate\":\"https:\/\/fieam.org.br\/senai\/?s={search_term_string}\"},\"query-input\":{\"@type\":\"PropertyValueSpecification\",\"valueRequired\":true,\"valueName\":\"search_term_string\"}}],\"inLanguage\":\"pt-BR\"},{\"@type\":\"Organization\",\"@id\":\"https:\/\/fieam.org.br\/senai\/#organization\",\"name\":\"SENAI\",\"url\":\"https:\/\/fieam.org.br\/senai\/\",\"logo\":{\"@type\":\"ImageObject\",\"inLanguage\":\"pt-BR\",\"@id\":\"https:\/\/fieam.org.br\/senai\/#\/schema\/logo\/image\/\",\"url\":\"https:\/\/fieam.org.br\/senai\/wp-content\/uploads\/sites\/16\/2024\/03\/cropped-fav.png\",\"contentUrl\":\"https:\/\/fieam.org.br\/senai\/wp-content\/uploads\/sites\/16\/2024\/03\/cropped-fav.png\",\"width\":592,\"height\":577,\"caption\":\"SENAI\"},\"image\":{\"@id\":\"https:\/\/fieam.org.br\/senai\/#\/schema\/logo\/image\/\"}},{\"@type\":\"Person\",\"@id\":\"https:\/\/fieam.org.br\/senai\/#\/schema\/person\/c1ceda8321521b291cee22da0a7d34be\",\"name\":\"Autor\",\"image\":{\"@type\":\"ImageObject\",\"inLanguage\":\"pt-BR\",\"@id\":\"https:\/\/fieam.org.br\/senai\/#\/schema\/person\/image\/\",\"url\":\"https:\/\/secure.gravatar.com\/avatar\/3732c223e0e1fad69062a8f770955c9068d37b055204f310a0be18d4069fe380?s=96&d=mm&r=g\",\"contentUrl\":\"https:\/\/secure.gravatar.com\/avatar\/3732c223e0e1fad69062a8f770955c9068d37b055204f310a0be18d4069fe380?s=96&d=mm&r=g\",\"caption\":\"Autor\"},\"sameAs\":[\"https:\/\/marketingmassivo.com.br\"],\"url\":\"https:\/\/fieam.org.br\/senai\/author\/admin\/\"}]}<\/script>\n<!-- \/ Yoast SEO plugin. -->","yoast_head_json":{"title":"Dilma homenageia brasileiros que venceram torneio de profiss\u00f5es das Am\u00e9ricas - SENAI","robots":{"index":"index","follow":"follow","max-snippet":"max-snippet:-1","max-image-preview":"max-image-preview:large","max-video-preview":"max-video-preview:-1"},"canonical":"https:\/\/fieam.org.br\/senai\/dilma-homenageia-brasileiros-que-venceram-torneio-de-profissoes-das-americas\/","og_locale":"pt_BR","og_type":"article","og_title":"Dilma homenageia brasileiros que venceram torneio de profiss\u00f5es das Am\u00e9ricas - SENAI","og_description":"No encontro com estudantes do SENAI e do Senac, a presidente anuncia que ganhadores\u00a0de medalhas da WorldSkills ter\u00e3o prioridade na sele\u00e7\u00e3o do programa Ci\u00eancia sem Fronteiras A presidente Dilma Rousseff disse que a forma\u00e7\u00e3o profissional em todos os n\u00edveis &#8211; t\u00e9cnico, tecn\u00f3logo e acad\u00eamico &#8211; \u00e9 fundamental para o Brasil aproximar a ci\u00eancia da ind\u00fastria. [&hellip;]","og_url":"https:\/\/fieam.org.br\/senai\/dilma-homenageia-brasileiros-que-venceram-torneio-de-profissoes-das-americas\/","og_site_name":"SENAI","article_published_time":"2014-05-28T19:45:51+00:00","author":"Autor","twitter_card":"summary_large_image","twitter_misc":{"Escrito por":"Autor","Est. tempo de leitura":"7 minutos"},"schema":{"@context":"https:\/\/schema.org","@graph":[{"@type":"Article","@id":"https:\/\/fieam.org.br\/senai\/dilma-homenageia-brasileiros-que-venceram-torneio-de-profissoes-das-americas\/#article","isPartOf":{"@id":"https:\/\/fieam.org.br\/senai\/dilma-homenageia-brasileiros-que-venceram-torneio-de-profissoes-das-americas\/"},"author":{"name":"Autor","@id":"https:\/\/fieam.org.br\/senai\/#\/schema\/person\/c1ceda8321521b291cee22da0a7d34be"},"headline":"Dilma homenageia brasileiros que venceram torneio de profiss\u00f5es das Am\u00e9ricas","datePublished":"2014-05-28T19:45:51+00:00","mainEntityOfPage":{"@id":"https:\/\/fieam.org.br\/senai\/dilma-homenageia-brasileiros-que-venceram-torneio-de-profissoes-das-americas\/"},"wordCount":1487,"commentCount":0,"publisher":{"@id":"https:\/\/fieam.org.br\/senai\/#organization"},"articleSection":["News","News Destaques"],"inLanguage":"pt-BR","potentialAction":[{"@type":"CommentAction","name":"Comment","target":["https:\/\/fieam.org.br\/senai\/dilma-homenageia-brasileiros-que-venceram-torneio-de-profissoes-das-americas\/#respond"]}]},{"@type":"WebPage","@id":"https:\/\/fieam.org.br\/senai\/dilma-homenageia-brasileiros-que-venceram-torneio-de-profissoes-das-americas\/","url":"https:\/\/fieam.org.br\/senai\/dilma-homenageia-brasileiros-que-venceram-torneio-de-profissoes-das-americas\/","name":"Dilma homenageia brasileiros que venceram torneio de profiss\u00f5es das Am\u00e9ricas - SENAI","isPartOf":{"@id":"https:\/\/fieam.org.br\/senai\/#website"},"datePublished":"2014-05-28T19:45:51+00:00","breadcrumb":{"@id":"https:\/\/fieam.org.br\/senai\/dilma-homenageia-brasileiros-que-venceram-torneio-de-profissoes-das-americas\/#breadcrumb"},"inLanguage":"pt-BR","potentialAction":[{"@type":"ReadAction","target":["https:\/\/fieam.org.br\/senai\/dilma-homenageia-brasileiros-que-venceram-torneio-de-profissoes-das-americas\/"]}]},{"@type":"BreadcrumbList","@id":"https:\/\/fieam.org.br\/senai\/dilma-homenageia-brasileiros-que-venceram-torneio-de-profissoes-das-americas\/#breadcrumb","itemListElement":[{"@type":"ListItem","position":1,"name":"In\u00edcio","item":"https:\/\/fieam.org.br\/senai\/"},{"@type":"ListItem","position":2,"name":"Dilma homenageia brasileiros que venceram torneio de profiss\u00f5es das Am\u00e9ricas"}]},{"@type":"WebSite","@id":"https:\/\/fieam.org.br\/senai\/#website","url":"https:\/\/fieam.org.br\/senai\/","name":"SENAI","description":"Site Oficial!","publisher":{"@id":"https:\/\/fieam.org.br\/senai\/#organization"},"potentialAction":[{"@type":"SearchAction","target":{"@type":"EntryPoint","urlTemplate":"https:\/\/fieam.org.br\/senai\/?s={search_term_string}"},"query-input":{"@type":"PropertyValueSpecification","valueRequired":true,"valueName":"search_term_string"}}],"inLanguage":"pt-BR"},{"@type":"Organization","@id":"https:\/\/fieam.org.br\/senai\/#organization","name":"SENAI","url":"https:\/\/fieam.org.br\/senai\/","logo":{"@type":"ImageObject","inLanguage":"pt-BR","@id":"https:\/\/fieam.org.br\/senai\/#\/schema\/logo\/image\/","url":"https:\/\/fieam.org.br\/senai\/wp-content\/uploads\/sites\/16\/2024\/03\/cropped-fav.png","contentUrl":"https:\/\/fieam.org.br\/senai\/wp-content\/uploads\/sites\/16\/2024\/03\/cropped-fav.png","width":592,"height":577,"caption":"SENAI"},"image":{"@id":"https:\/\/fieam.org.br\/senai\/#\/schema\/logo\/image\/"}},{"@type":"Person","@id":"https:\/\/fieam.org.br\/senai\/#\/schema\/person\/c1ceda8321521b291cee22da0a7d34be","name":"Autor","image":{"@type":"ImageObject","inLanguage":"pt-BR","@id":"https:\/\/fieam.org.br\/senai\/#\/schema\/person\/image\/","url":"https:\/\/secure.gravatar.com\/avatar\/3732c223e0e1fad69062a8f770955c9068d37b055204f310a0be18d4069fe380?s=96&d=mm&r=g","contentUrl":"https:\/\/secure.gravatar.com\/avatar\/3732c223e0e1fad69062a8f770955c9068d37b055204f310a0be18d4069fe380?s=96&d=mm&r=g","caption":"Autor"},"sameAs":["https:\/\/marketingmassivo.com.br"],"url":"https:\/\/fieam.org.br\/senai\/author\/admin\/"}]}},"_links":{"self":[{"href":"https:\/\/fieam.org.br\/senai\/wp-json\/wp\/v2\/posts\/3745","targetHints":{"allow":["GET"]}}],"collection":[{"href":"https:\/\/fieam.org.br\/senai\/wp-json\/wp\/v2\/posts"}],"about":[{"href":"https:\/\/fieam.org.br\/senai\/wp-json\/wp\/v2\/types\/post"}],"author":[{"embeddable":true,"href":"https:\/\/fieam.org.br\/senai\/wp-json\/wp\/v2\/users\/1"}],"replies":[{"embeddable":true,"href":"https:\/\/fieam.org.br\/senai\/wp-json\/wp\/v2\/comments?post=3745"}],"version-history":[{"count":0,"href":"https:\/\/fieam.org.br\/senai\/wp-json\/wp\/v2\/posts\/3745\/revisions"}],"wp:attachment":[{"href":"https:\/\/fieam.org.br\/senai\/wp-json\/wp\/v2\/media?parent=3745"}],"wp:term":[{"taxonomy":"category","embeddable":true,"href":"https:\/\/fieam.org.br\/senai\/wp-json\/wp\/v2\/categories?post=3745"},{"taxonomy":"post_tag","embeddable":true,"href":"https:\/\/fieam.org.br\/senai\/wp-json\/wp\/v2\/tags?post=3745"}],"curies":[{"name":"wp","href":"https:\/\/api.w.org\/{rel}","templated":true}]}}