{"id":3516,"date":"2014-03-13T14:38:11","date_gmt":"2014-03-13T14:38:11","guid":{"rendered":"http:\/\/www.fieam.org.br\/site\/senai\/?p=3516"},"modified":"2014-03-13T14:38:11","modified_gmt":"2014-03-13T14:38:11","slug":"fieam-preve-construcao-do-isi-em-microeletronica","status":"publish","type":"post","link":"https:\/\/fieam.org.br\/senai\/fieam-preve-construcao-do-isi-em-microeletronica\/","title":{"rendered":"FIEAM prev\u00ea constru\u00e7\u00e3o do ISI em microeletr\u00f4nica"},"content":{"rendered":"<p><a href=\"http:\/\/www.fieam.org.br\/site\/senai\/files\/2014\/03\/IMG_1834_.jpg\"><img fetchpriority=\"high\" decoding=\"async\" class=\" wp-image-3536 alignleft\" alt=\"IMG_1834_\" src=\"http:\/\/www.fieam.org.br\/site\/senai\/files\/2014\/03\/IMG_1834_-1024x682.jpg\" width=\"368\" height=\"245\" srcset=\"https:\/\/fieam.org.br\/senai\/wp-content\/uploads\/sites\/16\/2014\/03\/IMG_1834_-1024x682.jpg 1024w, https:\/\/fieam.org.br\/senai\/wp-content\/uploads\/sites\/16\/2014\/03\/IMG_1834_-300x200.jpg 300w, https:\/\/fieam.org.br\/senai\/wp-content\/uploads\/sites\/16\/2014\/03\/IMG_1834_-768x512.jpg 768w, https:\/\/fieam.org.br\/senai\/wp-content\/uploads\/sites\/16\/2014\/03\/IMG_1834_-1536x1024.jpg 1536w, https:\/\/fieam.org.br\/senai\/wp-content\/uploads\/sites\/16\/2014\/03\/IMG_1834_.jpg 2000w\" sizes=\"(max-width: 368px) 100vw, 368px\" \/><\/a>Tecnologia \u00e9 o assunto da vez na Federa\u00e7\u00e3o das Ind\u00fastrias do Estado do Amazonas (FIEAM). A entidade vai priorizar em 2014 a constru\u00e7\u00e3o e entrega do Instituto SENAI de Inova\u00e7\u00e3o em Microeletr\u00f4nica. O SENAI Amazonas \u00e9 um dos departamentos regionais que vai implantar at\u00e9 o final do ano o ISI. No Brasil, est\u00e3o previstos 24 institutos.<\/p>\n<p>O Banco Nacional de Desenvolvimento Social (BNDES) est\u00e1 disponibilizando R$ 1,5 bilh\u00e3o para implanta\u00e7\u00e3o dos institutos que executar\u00e3o pesquisa e desenvolvimento tecnol\u00f3gico nas \u00e1reas de microeletr\u00f4nica, tecnologias minerais, tecnologias construtivas, energias renov\u00e1veis, engenharia de software, conforma\u00e7\u00e3o e soldagem, log\u00edstica, biomassa, engenharia de superf\u00edcies, metalurgia e ligas especiais, energia el\u00e9trica de alta pot\u00eancia, sistema virtuais de produ\u00e7\u00e3o, qu\u00edmica aplicada, engenharia de cer\u00e2micas, biotecnologia, tecnologia de micromanufatura, defesa, eletroqu\u00edmica, tecnologia laser, sistemas embarcados, mec\u00e2nica de precis\u00e3o, solu\u00e7\u00f5es integradas em metal-mec\u00e2nica, e engenharia de pol\u00edmetros.<\/p>\n<p>Segundo o diretor do Instituto SENAI de Inova\u00e7\u00e3o em Microeletr\u00f4nica, Jos\u00e9 Casarini, os tr\u00e2mites do processo de constru\u00e7\u00e3o do instituto avan\u00e7am e a fase atual \u00e9 referente ao licenciamento ambiental da \u00e1rea, elabora\u00e7\u00e3o do arruamento e do projeto executivo e aprova\u00e7\u00e3o do financiamento de R$ 34 milh\u00f5es pelo BNDES, recurso previsto para ser liberado em abril no quinto aditivo destinado aos ISI\u2019s.<\/p>\n<p>O Instituto em Microeletr\u00f4nica ocupar\u00e1 o espa\u00e7o de 204 mil m\u00b2, localizado numa \u00e1rea do Clube do Trabalhador, Zona Leste de Manaus, entregue em comodato ao SENAI Amazonas por 50 anos. Neste local ser\u00e1 tamb\u00e9m constru\u00eddo um Centro de Forma\u00e7\u00e3o Profissional que completar\u00e1 o complexo de ensino, aprendizagem e de presta\u00e7\u00e3o de servi\u00e7os t\u00e9cnicos e tecnol\u00f3gico do SENAI.<\/p>\n<p>Casarini revela outras atividades que est\u00e3o sendo executadas simultaneamente ao andamento de autoriza\u00e7\u00f5es burocr\u00e1ticas, como a proposta de contrata\u00e7\u00e3o de nove bolsistas pelo Inova Talentos, um programa do IEL, em parceria com o Conselho Nacional de Desenvolvimento Cient\u00edfico e Tecnol\u00f3gico (CNPq), que visa aproximar empresas e institutos de PD&amp;I \u00e0s a\u00e7\u00f5es conjuntas de inova\u00e7\u00e3o.<\/p>\n<p>A rede de institutos faz parte do Programa SENAI de Apoio \u00e0 Competitividade na Ind\u00fastria, lan\u00e7ado em 2012 pela Confedera\u00e7\u00e3o Nacional da Ind\u00fastria (CNI). Alinhados ao objetivo de gerar valor para o pa\u00eds a partir do conhecimento desenvolvido nacionalmente com oferta de produtos de maior valor agregado no mercado, os ISI\u2019s ir\u00e3o atuar com pesquisa aplicada, buscando solu\u00e7\u00f5es vi\u00e1veis para o processo produtivo.<\/p>\n<p>A expectativa do diretor do ISI \u00e9 para que os primeiros projetos \u00e0 ind\u00fastria amazonense na linha de automa\u00e7\u00e3o de processos sejam apresentados no in\u00edcio do segundo semestre deste ano, desenvolvidos a partir de estudos em microeletr\u00f4nica e com a utiliza\u00e7\u00e3o dos aproximadamente 60 equipamentos importados direcionados a an\u00e1lise de caracteriza\u00e7\u00e3o e processos de semicondutores e desenvolvimento das linhas de servi\u00e7os de otimiza\u00e7\u00e3o e monitoramento de processos industriais.<\/p>\n","protected":false},"excerpt":{"rendered":"<p>Tecnologia \u00e9 o assunto da vez na Federa\u00e7\u00e3o das Ind\u00fastrias do Estado do Amazonas (FIEAM). A entidade vai priorizar em 2014 a constru\u00e7\u00e3o e entrega do Instituto SENAI de Inova\u00e7\u00e3o em Microeletr\u00f4nica. O SENAI Amazonas \u00e9 um dos departamentos regionais que vai implantar at\u00e9 o final do ano o ISI. No Brasil, est\u00e3o previstos 24 [&hellip;]<\/p>\n","protected":false},"author":1,"featured_media":0,"comment_status":"open","ping_status":"open","sticky":false,"template":"","format":"standard","meta":{"footnotes":""},"categories":[27],"tags":[],"class_list":["post-3516","post","type-post","status-publish","format-standard","hentry","category-uncategorized"],"yoast_head":"<!-- This site is optimized with the Yoast SEO plugin v26.8 - https:\/\/yoast.com\/product\/yoast-seo-wordpress\/ -->\n<title>FIEAM prev\u00ea constru\u00e7\u00e3o do ISI em microeletr\u00f4nica - SENAI<\/title>\n<meta name=\"robots\" content=\"index, follow, max-snippet:-1, max-image-preview:large, max-video-preview:-1\" \/>\n<link rel=\"canonical\" href=\"https:\/\/fieam.org.br\/senai\/fieam-preve-construcao-do-isi-em-microeletronica\/\" \/>\n<meta property=\"og:locale\" content=\"pt_BR\" \/>\n<meta property=\"og:type\" content=\"article\" \/>\n<meta property=\"og:title\" content=\"FIEAM prev\u00ea constru\u00e7\u00e3o do ISI em microeletr\u00f4nica - SENAI\" \/>\n<meta property=\"og:description\" content=\"Tecnologia \u00e9 o assunto da vez na Federa\u00e7\u00e3o das Ind\u00fastrias do Estado do Amazonas (FIEAM). A entidade vai priorizar em 2014 a constru\u00e7\u00e3o e entrega do Instituto SENAI de Inova\u00e7\u00e3o em Microeletr\u00f4nica. O SENAI Amazonas \u00e9 um dos departamentos regionais que vai implantar at\u00e9 o final do ano o ISI. No Brasil, est\u00e3o previstos 24 [&hellip;]\" \/>\n<meta property=\"og:url\" content=\"https:\/\/fieam.org.br\/senai\/fieam-preve-construcao-do-isi-em-microeletronica\/\" \/>\n<meta property=\"og:site_name\" content=\"SENAI\" \/>\n<meta property=\"article:published_time\" content=\"2014-03-13T14:38:11+00:00\" \/>\n<meta property=\"og:image\" content=\"https:\/\/fieam.org.br\/senai\/wp-content\/uploads\/sites\/16\/2014\/03\/IMG_1834_.jpg\" \/>\n\t<meta property=\"og:image:width\" content=\"2000\" \/>\n\t<meta property=\"og:image:height\" content=\"1333\" \/>\n\t<meta property=\"og:image:type\" content=\"image\/jpeg\" \/>\n<meta name=\"author\" content=\"Autor\" \/>\n<meta name=\"twitter:card\" content=\"summary_large_image\" \/>\n<meta name=\"twitter:label1\" content=\"Escrito por\" \/>\n\t<meta name=\"twitter:data1\" content=\"Autor\" \/>\n\t<meta name=\"twitter:label2\" content=\"Est. tempo de leitura\" \/>\n\t<meta name=\"twitter:data2\" content=\"3 minutos\" \/>\n<script type=\"application\/ld+json\" class=\"yoast-schema-graph\">{\"@context\":\"https:\/\/schema.org\",\"@graph\":[{\"@type\":\"Article\",\"@id\":\"https:\/\/fieam.org.br\/senai\/fieam-preve-construcao-do-isi-em-microeletronica\/#article\",\"isPartOf\":{\"@id\":\"https:\/\/fieam.org.br\/senai\/fieam-preve-construcao-do-isi-em-microeletronica\/\"},\"author\":{\"name\":\"Autor\",\"@id\":\"https:\/\/fieam.org.br\/senai\/#\/schema\/person\/c1ceda8321521b291cee22da0a7d34be\"},\"headline\":\"FIEAM prev\u00ea constru\u00e7\u00e3o do ISI em microeletr\u00f4nica\",\"datePublished\":\"2014-03-13T14:38:11+00:00\",\"mainEntityOfPage\":{\"@id\":\"https:\/\/fieam.org.br\/senai\/fieam-preve-construcao-do-isi-em-microeletronica\/\"},\"wordCount\":510,\"commentCount\":0,\"publisher\":{\"@id\":\"https:\/\/fieam.org.br\/senai\/#organization\"},\"image\":{\"@id\":\"https:\/\/fieam.org.br\/senai\/fieam-preve-construcao-do-isi-em-microeletronica\/#primaryimage\"},\"thumbnailUrl\":\"http:\/\/www.fieam.org.br\/site\/senai\/files\/2014\/03\/IMG_1834_-1024x682.jpg\",\"articleSection\":[\"Uncategorized\"],\"inLanguage\":\"pt-BR\",\"potentialAction\":[{\"@type\":\"CommentAction\",\"name\":\"Comment\",\"target\":[\"https:\/\/fieam.org.br\/senai\/fieam-preve-construcao-do-isi-em-microeletronica\/#respond\"]}]},{\"@type\":\"WebPage\",\"@id\":\"https:\/\/fieam.org.br\/senai\/fieam-preve-construcao-do-isi-em-microeletronica\/\",\"url\":\"https:\/\/fieam.org.br\/senai\/fieam-preve-construcao-do-isi-em-microeletronica\/\",\"name\":\"FIEAM prev\u00ea constru\u00e7\u00e3o do ISI em microeletr\u00f4nica - SENAI\",\"isPartOf\":{\"@id\":\"https:\/\/fieam.org.br\/senai\/#website\"},\"primaryImageOfPage\":{\"@id\":\"https:\/\/fieam.org.br\/senai\/fieam-preve-construcao-do-isi-em-microeletronica\/#primaryimage\"},\"image\":{\"@id\":\"https:\/\/fieam.org.br\/senai\/fieam-preve-construcao-do-isi-em-microeletronica\/#primaryimage\"},\"thumbnailUrl\":\"http:\/\/www.fieam.org.br\/site\/senai\/files\/2014\/03\/IMG_1834_-1024x682.jpg\",\"datePublished\":\"2014-03-13T14:38:11+00:00\",\"breadcrumb\":{\"@id\":\"https:\/\/fieam.org.br\/senai\/fieam-preve-construcao-do-isi-em-microeletronica\/#breadcrumb\"},\"inLanguage\":\"pt-BR\",\"potentialAction\":[{\"@type\":\"ReadAction\",\"target\":[\"https:\/\/fieam.org.br\/senai\/fieam-preve-construcao-do-isi-em-microeletronica\/\"]}]},{\"@type\":\"ImageObject\",\"inLanguage\":\"pt-BR\",\"@id\":\"https:\/\/fieam.org.br\/senai\/fieam-preve-construcao-do-isi-em-microeletronica\/#primaryimage\",\"url\":\"http:\/\/www.fieam.org.br\/site\/senai\/files\/2014\/03\/IMG_1834_-1024x682.jpg\",\"contentUrl\":\"http:\/\/www.fieam.org.br\/site\/senai\/files\/2014\/03\/IMG_1834_-1024x682.jpg\"},{\"@type\":\"BreadcrumbList\",\"@id\":\"https:\/\/fieam.org.br\/senai\/fieam-preve-construcao-do-isi-em-microeletronica\/#breadcrumb\",\"itemListElement\":[{\"@type\":\"ListItem\",\"position\":1,\"name\":\"In\u00edcio\",\"item\":\"https:\/\/fieam.org.br\/senai\/\"},{\"@type\":\"ListItem\",\"position\":2,\"name\":\"FIEAM prev\u00ea constru\u00e7\u00e3o do ISI em microeletr\u00f4nica\"}]},{\"@type\":\"WebSite\",\"@id\":\"https:\/\/fieam.org.br\/senai\/#website\",\"url\":\"https:\/\/fieam.org.br\/senai\/\",\"name\":\"SENAI\",\"description\":\"Site Oficial!\",\"publisher\":{\"@id\":\"https:\/\/fieam.org.br\/senai\/#organization\"},\"potentialAction\":[{\"@type\":\"SearchAction\",\"target\":{\"@type\":\"EntryPoint\",\"urlTemplate\":\"https:\/\/fieam.org.br\/senai\/?s={search_term_string}\"},\"query-input\":{\"@type\":\"PropertyValueSpecification\",\"valueRequired\":true,\"valueName\":\"search_term_string\"}}],\"inLanguage\":\"pt-BR\"},{\"@type\":\"Organization\",\"@id\":\"https:\/\/fieam.org.br\/senai\/#organization\",\"name\":\"SENAI\",\"url\":\"https:\/\/fieam.org.br\/senai\/\",\"logo\":{\"@type\":\"ImageObject\",\"inLanguage\":\"pt-BR\",\"@id\":\"https:\/\/fieam.org.br\/senai\/#\/schema\/logo\/image\/\",\"url\":\"https:\/\/fieam.org.br\/senai\/wp-content\/uploads\/sites\/16\/2024\/03\/cropped-fav.png\",\"contentUrl\":\"https:\/\/fieam.org.br\/senai\/wp-content\/uploads\/sites\/16\/2024\/03\/cropped-fav.png\",\"width\":592,\"height\":577,\"caption\":\"SENAI\"},\"image\":{\"@id\":\"https:\/\/fieam.org.br\/senai\/#\/schema\/logo\/image\/\"}},{\"@type\":\"Person\",\"@id\":\"https:\/\/fieam.org.br\/senai\/#\/schema\/person\/c1ceda8321521b291cee22da0a7d34be\",\"name\":\"Autor\",\"image\":{\"@type\":\"ImageObject\",\"inLanguage\":\"pt-BR\",\"@id\":\"https:\/\/fieam.org.br\/senai\/#\/schema\/person\/image\/\",\"url\":\"https:\/\/secure.gravatar.com\/avatar\/3732c223e0e1fad69062a8f770955c9068d37b055204f310a0be18d4069fe380?s=96&d=mm&r=g\",\"contentUrl\":\"https:\/\/secure.gravatar.com\/avatar\/3732c223e0e1fad69062a8f770955c9068d37b055204f310a0be18d4069fe380?s=96&d=mm&r=g\",\"caption\":\"Autor\"},\"sameAs\":[\"https:\/\/marketingmassivo.com.br\"],\"url\":\"https:\/\/fieam.org.br\/senai\/author\/admin\/\"}]}<\/script>\n<!-- \/ Yoast SEO plugin. -->","yoast_head_json":{"title":"FIEAM prev\u00ea constru\u00e7\u00e3o do ISI em microeletr\u00f4nica - SENAI","robots":{"index":"index","follow":"follow","max-snippet":"max-snippet:-1","max-image-preview":"max-image-preview:large","max-video-preview":"max-video-preview:-1"},"canonical":"https:\/\/fieam.org.br\/senai\/fieam-preve-construcao-do-isi-em-microeletronica\/","og_locale":"pt_BR","og_type":"article","og_title":"FIEAM prev\u00ea constru\u00e7\u00e3o do ISI em microeletr\u00f4nica - SENAI","og_description":"Tecnologia \u00e9 o assunto da vez na Federa\u00e7\u00e3o das Ind\u00fastrias do Estado do Amazonas (FIEAM). A entidade vai priorizar em 2014 a constru\u00e7\u00e3o e entrega do Instituto SENAI de Inova\u00e7\u00e3o em Microeletr\u00f4nica. O SENAI Amazonas \u00e9 um dos departamentos regionais que vai implantar at\u00e9 o final do ano o ISI. No Brasil, est\u00e3o previstos 24 [&hellip;]","og_url":"https:\/\/fieam.org.br\/senai\/fieam-preve-construcao-do-isi-em-microeletronica\/","og_site_name":"SENAI","article_published_time":"2014-03-13T14:38:11+00:00","og_image":[{"width":2000,"height":1333,"url":"https:\/\/fieam.org.br\/senai\/wp-content\/uploads\/sites\/16\/2014\/03\/IMG_1834_.jpg","type":"image\/jpeg"}],"author":"Autor","twitter_card":"summary_large_image","twitter_misc":{"Escrito por":"Autor","Est. tempo de leitura":"3 minutos"},"schema":{"@context":"https:\/\/schema.org","@graph":[{"@type":"Article","@id":"https:\/\/fieam.org.br\/senai\/fieam-preve-construcao-do-isi-em-microeletronica\/#article","isPartOf":{"@id":"https:\/\/fieam.org.br\/senai\/fieam-preve-construcao-do-isi-em-microeletronica\/"},"author":{"name":"Autor","@id":"https:\/\/fieam.org.br\/senai\/#\/schema\/person\/c1ceda8321521b291cee22da0a7d34be"},"headline":"FIEAM prev\u00ea constru\u00e7\u00e3o do ISI em microeletr\u00f4nica","datePublished":"2014-03-13T14:38:11+00:00","mainEntityOfPage":{"@id":"https:\/\/fieam.org.br\/senai\/fieam-preve-construcao-do-isi-em-microeletronica\/"},"wordCount":510,"commentCount":0,"publisher":{"@id":"https:\/\/fieam.org.br\/senai\/#organization"},"image":{"@id":"https:\/\/fieam.org.br\/senai\/fieam-preve-construcao-do-isi-em-microeletronica\/#primaryimage"},"thumbnailUrl":"http:\/\/www.fieam.org.br\/site\/senai\/files\/2014\/03\/IMG_1834_-1024x682.jpg","articleSection":["Uncategorized"],"inLanguage":"pt-BR","potentialAction":[{"@type":"CommentAction","name":"Comment","target":["https:\/\/fieam.org.br\/senai\/fieam-preve-construcao-do-isi-em-microeletronica\/#respond"]}]},{"@type":"WebPage","@id":"https:\/\/fieam.org.br\/senai\/fieam-preve-construcao-do-isi-em-microeletronica\/","url":"https:\/\/fieam.org.br\/senai\/fieam-preve-construcao-do-isi-em-microeletronica\/","name":"FIEAM prev\u00ea constru\u00e7\u00e3o do ISI em microeletr\u00f4nica - SENAI","isPartOf":{"@id":"https:\/\/fieam.org.br\/senai\/#website"},"primaryImageOfPage":{"@id":"https:\/\/fieam.org.br\/senai\/fieam-preve-construcao-do-isi-em-microeletronica\/#primaryimage"},"image":{"@id":"https:\/\/fieam.org.br\/senai\/fieam-preve-construcao-do-isi-em-microeletronica\/#primaryimage"},"thumbnailUrl":"http:\/\/www.fieam.org.br\/site\/senai\/files\/2014\/03\/IMG_1834_-1024x682.jpg","datePublished":"2014-03-13T14:38:11+00:00","breadcrumb":{"@id":"https:\/\/fieam.org.br\/senai\/fieam-preve-construcao-do-isi-em-microeletronica\/#breadcrumb"},"inLanguage":"pt-BR","potentialAction":[{"@type":"ReadAction","target":["https:\/\/fieam.org.br\/senai\/fieam-preve-construcao-do-isi-em-microeletronica\/"]}]},{"@type":"ImageObject","inLanguage":"pt-BR","@id":"https:\/\/fieam.org.br\/senai\/fieam-preve-construcao-do-isi-em-microeletronica\/#primaryimage","url":"http:\/\/www.fieam.org.br\/site\/senai\/files\/2014\/03\/IMG_1834_-1024x682.jpg","contentUrl":"http:\/\/www.fieam.org.br\/site\/senai\/files\/2014\/03\/IMG_1834_-1024x682.jpg"},{"@type":"BreadcrumbList","@id":"https:\/\/fieam.org.br\/senai\/fieam-preve-construcao-do-isi-em-microeletronica\/#breadcrumb","itemListElement":[{"@type":"ListItem","position":1,"name":"In\u00edcio","item":"https:\/\/fieam.org.br\/senai\/"},{"@type":"ListItem","position":2,"name":"FIEAM prev\u00ea constru\u00e7\u00e3o do ISI em microeletr\u00f4nica"}]},{"@type":"WebSite","@id":"https:\/\/fieam.org.br\/senai\/#website","url":"https:\/\/fieam.org.br\/senai\/","name":"SENAI","description":"Site Oficial!","publisher":{"@id":"https:\/\/fieam.org.br\/senai\/#organization"},"potentialAction":[{"@type":"SearchAction","target":{"@type":"EntryPoint","urlTemplate":"https:\/\/fieam.org.br\/senai\/?s={search_term_string}"},"query-input":{"@type":"PropertyValueSpecification","valueRequired":true,"valueName":"search_term_string"}}],"inLanguage":"pt-BR"},{"@type":"Organization","@id":"https:\/\/fieam.org.br\/senai\/#organization","name":"SENAI","url":"https:\/\/fieam.org.br\/senai\/","logo":{"@type":"ImageObject","inLanguage":"pt-BR","@id":"https:\/\/fieam.org.br\/senai\/#\/schema\/logo\/image\/","url":"https:\/\/fieam.org.br\/senai\/wp-content\/uploads\/sites\/16\/2024\/03\/cropped-fav.png","contentUrl":"https:\/\/fieam.org.br\/senai\/wp-content\/uploads\/sites\/16\/2024\/03\/cropped-fav.png","width":592,"height":577,"caption":"SENAI"},"image":{"@id":"https:\/\/fieam.org.br\/senai\/#\/schema\/logo\/image\/"}},{"@type":"Person","@id":"https:\/\/fieam.org.br\/senai\/#\/schema\/person\/c1ceda8321521b291cee22da0a7d34be","name":"Autor","image":{"@type":"ImageObject","inLanguage":"pt-BR","@id":"https:\/\/fieam.org.br\/senai\/#\/schema\/person\/image\/","url":"https:\/\/secure.gravatar.com\/avatar\/3732c223e0e1fad69062a8f770955c9068d37b055204f310a0be18d4069fe380?s=96&d=mm&r=g","contentUrl":"https:\/\/secure.gravatar.com\/avatar\/3732c223e0e1fad69062a8f770955c9068d37b055204f310a0be18d4069fe380?s=96&d=mm&r=g","caption":"Autor"},"sameAs":["https:\/\/marketingmassivo.com.br"],"url":"https:\/\/fieam.org.br\/senai\/author\/admin\/"}]}},"_links":{"self":[{"href":"https:\/\/fieam.org.br\/senai\/wp-json\/wp\/v2\/posts\/3516","targetHints":{"allow":["GET"]}}],"collection":[{"href":"https:\/\/fieam.org.br\/senai\/wp-json\/wp\/v2\/posts"}],"about":[{"href":"https:\/\/fieam.org.br\/senai\/wp-json\/wp\/v2\/types\/post"}],"author":[{"embeddable":true,"href":"https:\/\/fieam.org.br\/senai\/wp-json\/wp\/v2\/users\/1"}],"replies":[{"embeddable":true,"href":"https:\/\/fieam.org.br\/senai\/wp-json\/wp\/v2\/comments?post=3516"}],"version-history":[{"count":0,"href":"https:\/\/fieam.org.br\/senai\/wp-json\/wp\/v2\/posts\/3516\/revisions"}],"wp:attachment":[{"href":"https:\/\/fieam.org.br\/senai\/wp-json\/wp\/v2\/media?parent=3516"}],"wp:term":[{"taxonomy":"category","embeddable":true,"href":"https:\/\/fieam.org.br\/senai\/wp-json\/wp\/v2\/categories?post=3516"},{"taxonomy":"post_tag","embeddable":true,"href":"https:\/\/fieam.org.br\/senai\/wp-json\/wp\/v2\/tags?post=3516"}],"curies":[{"name":"wp","href":"https:\/\/api.w.org\/{rel}","templated":true}]}}