{"id":3514,"date":"2014-03-13T14:28:18","date_gmt":"2014-03-13T14:28:18","guid":{"rendered":"http:\/\/www.fieam.org.br\/site\/senai\/?p=3514"},"modified":"2014-03-13T14:28:18","modified_gmt":"2014-03-13T14:28:18","slug":"novas-escolas-e-unidades-de-educacao-profissional","status":"publish","type":"post","link":"https:\/\/fieam.org.br\/senai\/novas-escolas-e-unidades-de-educacao-profissional\/","title":{"rendered":"Novas escolas e unidades de educa\u00e7\u00e3o profissional"},"content":{"rendered":"<p>O SENAI Amazonas prepara novos ambientes para aulas te\u00f3ricas e pr\u00e1ticas em suas quatro unidades instaladas em Manaus. O pr\u00e9dio da Caldeiraria, em anexo \u00e0 sede do SENAI, no Distrito Industrial, suprir\u00e1 as demandas por m\u00e3o de obra qualificada e solu\u00e7\u00f5es inovadoras nos segmentos do petr\u00f3leo e g\u00e1s, naval, gera\u00e7\u00e3o de energia, manuten\u00e7\u00e3o e metalurgia. Neste novo pr\u00e9dio est\u00e1 prevista a forma\u00e7\u00e3o profissional de 616 alunos em 2014.<\/p>\n<p>O segmento eletroeletr\u00f4nico, setor que mais emprega no PIM, com n\u00famero superior a 48 mil trabalhadores diretos, foi outra \u00e1rea que passou por mudan\u00e7as na Escola SENAI Ant\u00f4nio Sim\u00f5es, com reformas e amplia\u00e7\u00f5es nos laborat\u00f3rios de eletricidade, metrologia e operador de linha de montagem. Com as obras de adequa\u00e7\u00e3o nos ambientes de eletricidade e metrologia, a institui\u00e7\u00e3o poder\u00e1 atender 1.700 alunos, sendo 850 para cada \u00e1rea. Nestas duas ocupa\u00e7\u00f5es, o SENAI oferece mais de dez cursos que est\u00e3o inseridos nas programa\u00e7\u00f5es trimestrais, al\u00e9m das v\u00e1rias op\u00e7\u00f5es de programa\u00e7\u00e3o personalizada para atender \u00e0s demandas espec\u00edficas das ind\u00fastrias.<\/p>\n<p>No segmento de aprendizagem em automa\u00e7\u00e3o industrial, um novo rob\u00f4, o IRC 120, foi integrado ao complexo para atender os cursos de automa\u00e7\u00e3o, rob\u00f3tica e mecatr\u00f4nica, ocupa\u00e7\u00f5es nas quais o SENAI Amazonas deve certificar mais de 400 alunos em 2014.<\/p>\n<p>Outra grande modifica\u00e7\u00e3o estrutural foi na \u00e1rea de alimentos com a reforma do laborat\u00f3rio de panifica\u00e7\u00e3o que ampliou sua capacidade de 60 para 150 alunos. A institui\u00e7\u00e3o conta com dois ambientes amplos para ministrar aulas te\u00f3ricas e pr\u00e1ticas dos mais de 10 cursos nas ocupa\u00e7\u00f5es de padeiro, confeiteiro, boleiro e cozinheiro.<\/p>\n","protected":false},"excerpt":{"rendered":"<p>O SENAI Amazonas prepara novos ambientes para aulas te\u00f3ricas e pr\u00e1ticas em suas quatro unidades instaladas em Manaus. O pr\u00e9dio da Caldeiraria, em anexo \u00e0 sede do SENAI, no Distrito Industrial, suprir\u00e1 as demandas por m\u00e3o de obra qualificada e solu\u00e7\u00f5es inovadoras nos segmentos do petr\u00f3leo e g\u00e1s, naval, gera\u00e7\u00e3o de energia, manuten\u00e7\u00e3o e metalurgia. [&hellip;]<\/p>\n","protected":false},"author":1,"featured_media":0,"comment_status":"open","ping_status":"open","sticky":false,"template":"","format":"standard","meta":{"footnotes":""},"categories":[27],"tags":[],"class_list":["post-3514","post","type-post","status-publish","format-standard","hentry","category-uncategorized"],"yoast_head":"<!-- This site is optimized with the Yoast SEO plugin v26.8 - https:\/\/yoast.com\/product\/yoast-seo-wordpress\/ -->\n<title>Novas escolas e unidades de educa\u00e7\u00e3o profissional - SENAI<\/title>\n<meta name=\"robots\" content=\"index, follow, max-snippet:-1, max-image-preview:large, max-video-preview:-1\" \/>\n<link rel=\"canonical\" href=\"https:\/\/fieam.org.br\/senai\/novas-escolas-e-unidades-de-educacao-profissional\/\" \/>\n<meta property=\"og:locale\" content=\"pt_BR\" \/>\n<meta property=\"og:type\" content=\"article\" \/>\n<meta property=\"og:title\" content=\"Novas escolas e unidades de educa\u00e7\u00e3o profissional - SENAI\" \/>\n<meta property=\"og:description\" content=\"O SENAI Amazonas prepara novos ambientes para aulas te\u00f3ricas e pr\u00e1ticas em suas quatro unidades instaladas em Manaus. O pr\u00e9dio da Caldeiraria, em anexo \u00e0 sede do SENAI, no Distrito Industrial, suprir\u00e1 as demandas por m\u00e3o de obra qualificada e solu\u00e7\u00f5es inovadoras nos segmentos do petr\u00f3leo e g\u00e1s, naval, gera\u00e7\u00e3o de energia, manuten\u00e7\u00e3o e metalurgia. [&hellip;]\" \/>\n<meta property=\"og:url\" content=\"https:\/\/fieam.org.br\/senai\/novas-escolas-e-unidades-de-educacao-profissional\/\" \/>\n<meta property=\"og:site_name\" content=\"SENAI\" \/>\n<meta property=\"article:published_time\" content=\"2014-03-13T14:28:18+00:00\" \/>\n<meta name=\"author\" content=\"Autor\" \/>\n<meta name=\"twitter:card\" content=\"summary_large_image\" \/>\n<meta name=\"twitter:label1\" content=\"Escrito por\" \/>\n\t<meta name=\"twitter:data1\" content=\"Autor\" \/>\n\t<meta name=\"twitter:label2\" content=\"Est. tempo de leitura\" \/>\n\t<meta name=\"twitter:data2\" content=\"1 minuto\" \/>\n<script type=\"application\/ld+json\" class=\"yoast-schema-graph\">{\"@context\":\"https:\/\/schema.org\",\"@graph\":[{\"@type\":\"Article\",\"@id\":\"https:\/\/fieam.org.br\/senai\/novas-escolas-e-unidades-de-educacao-profissional\/#article\",\"isPartOf\":{\"@id\":\"https:\/\/fieam.org.br\/senai\/novas-escolas-e-unidades-de-educacao-profissional\/\"},\"author\":{\"name\":\"Autor\",\"@id\":\"https:\/\/fieam.org.br\/senai\/#\/schema\/person\/c1ceda8321521b291cee22da0a7d34be\"},\"headline\":\"Novas escolas e unidades de educa\u00e7\u00e3o profissional\",\"datePublished\":\"2014-03-13T14:28:18+00:00\",\"mainEntityOfPage\":{\"@id\":\"https:\/\/fieam.org.br\/senai\/novas-escolas-e-unidades-de-educacao-profissional\/\"},\"wordCount\":292,\"commentCount\":0,\"publisher\":{\"@id\":\"https:\/\/fieam.org.br\/senai\/#organization\"},\"articleSection\":[\"Uncategorized\"],\"inLanguage\":\"pt-BR\",\"potentialAction\":[{\"@type\":\"CommentAction\",\"name\":\"Comment\",\"target\":[\"https:\/\/fieam.org.br\/senai\/novas-escolas-e-unidades-de-educacao-profissional\/#respond\"]}]},{\"@type\":\"WebPage\",\"@id\":\"https:\/\/fieam.org.br\/senai\/novas-escolas-e-unidades-de-educacao-profissional\/\",\"url\":\"https:\/\/fieam.org.br\/senai\/novas-escolas-e-unidades-de-educacao-profissional\/\",\"name\":\"Novas escolas e unidades de educa\u00e7\u00e3o profissional - SENAI\",\"isPartOf\":{\"@id\":\"https:\/\/fieam.org.br\/senai\/#website\"},\"datePublished\":\"2014-03-13T14:28:18+00:00\",\"breadcrumb\":{\"@id\":\"https:\/\/fieam.org.br\/senai\/novas-escolas-e-unidades-de-educacao-profissional\/#breadcrumb\"},\"inLanguage\":\"pt-BR\",\"potentialAction\":[{\"@type\":\"ReadAction\",\"target\":[\"https:\/\/fieam.org.br\/senai\/novas-escolas-e-unidades-de-educacao-profissional\/\"]}]},{\"@type\":\"BreadcrumbList\",\"@id\":\"https:\/\/fieam.org.br\/senai\/novas-escolas-e-unidades-de-educacao-profissional\/#breadcrumb\",\"itemListElement\":[{\"@type\":\"ListItem\",\"position\":1,\"name\":\"In\u00edcio\",\"item\":\"https:\/\/fieam.org.br\/senai\/\"},{\"@type\":\"ListItem\",\"position\":2,\"name\":\"Novas escolas e unidades de educa\u00e7\u00e3o profissional\"}]},{\"@type\":\"WebSite\",\"@id\":\"https:\/\/fieam.org.br\/senai\/#website\",\"url\":\"https:\/\/fieam.org.br\/senai\/\",\"name\":\"SENAI\",\"description\":\"Site Oficial!\",\"publisher\":{\"@id\":\"https:\/\/fieam.org.br\/senai\/#organization\"},\"potentialAction\":[{\"@type\":\"SearchAction\",\"target\":{\"@type\":\"EntryPoint\",\"urlTemplate\":\"https:\/\/fieam.org.br\/senai\/?s={search_term_string}\"},\"query-input\":{\"@type\":\"PropertyValueSpecification\",\"valueRequired\":true,\"valueName\":\"search_term_string\"}}],\"inLanguage\":\"pt-BR\"},{\"@type\":\"Organization\",\"@id\":\"https:\/\/fieam.org.br\/senai\/#organization\",\"name\":\"SENAI\",\"url\":\"https:\/\/fieam.org.br\/senai\/\",\"logo\":{\"@type\":\"ImageObject\",\"inLanguage\":\"pt-BR\",\"@id\":\"https:\/\/fieam.org.br\/senai\/#\/schema\/logo\/image\/\",\"url\":\"https:\/\/fieam.org.br\/senai\/wp-content\/uploads\/sites\/16\/2024\/03\/cropped-fav.png\",\"contentUrl\":\"https:\/\/fieam.org.br\/senai\/wp-content\/uploads\/sites\/16\/2024\/03\/cropped-fav.png\",\"width\":592,\"height\":577,\"caption\":\"SENAI\"},\"image\":{\"@id\":\"https:\/\/fieam.org.br\/senai\/#\/schema\/logo\/image\/\"}},{\"@type\":\"Person\",\"@id\":\"https:\/\/fieam.org.br\/senai\/#\/schema\/person\/c1ceda8321521b291cee22da0a7d34be\",\"name\":\"Autor\",\"image\":{\"@type\":\"ImageObject\",\"inLanguage\":\"pt-BR\",\"@id\":\"https:\/\/fieam.org.br\/senai\/#\/schema\/person\/image\/\",\"url\":\"https:\/\/secure.gravatar.com\/avatar\/3732c223e0e1fad69062a8f770955c9068d37b055204f310a0be18d4069fe380?s=96&d=mm&r=g\",\"contentUrl\":\"https:\/\/secure.gravatar.com\/avatar\/3732c223e0e1fad69062a8f770955c9068d37b055204f310a0be18d4069fe380?s=96&d=mm&r=g\",\"caption\":\"Autor\"},\"sameAs\":[\"https:\/\/marketingmassivo.com.br\"],\"url\":\"https:\/\/fieam.org.br\/senai\/author\/admin\/\"}]}<\/script>\n<!-- \/ Yoast SEO plugin. -->","yoast_head_json":{"title":"Novas escolas e unidades de educa\u00e7\u00e3o profissional - SENAI","robots":{"index":"index","follow":"follow","max-snippet":"max-snippet:-1","max-image-preview":"max-image-preview:large","max-video-preview":"max-video-preview:-1"},"canonical":"https:\/\/fieam.org.br\/senai\/novas-escolas-e-unidades-de-educacao-profissional\/","og_locale":"pt_BR","og_type":"article","og_title":"Novas escolas e unidades de educa\u00e7\u00e3o profissional - SENAI","og_description":"O SENAI Amazonas prepara novos ambientes para aulas te\u00f3ricas e pr\u00e1ticas em suas quatro unidades instaladas em Manaus. O pr\u00e9dio da Caldeiraria, em anexo \u00e0 sede do SENAI, no Distrito Industrial, suprir\u00e1 as demandas por m\u00e3o de obra qualificada e solu\u00e7\u00f5es inovadoras nos segmentos do petr\u00f3leo e g\u00e1s, naval, gera\u00e7\u00e3o de energia, manuten\u00e7\u00e3o e metalurgia. [&hellip;]","og_url":"https:\/\/fieam.org.br\/senai\/novas-escolas-e-unidades-de-educacao-profissional\/","og_site_name":"SENAI","article_published_time":"2014-03-13T14:28:18+00:00","author":"Autor","twitter_card":"summary_large_image","twitter_misc":{"Escrito por":"Autor","Est. tempo de leitura":"1 minuto"},"schema":{"@context":"https:\/\/schema.org","@graph":[{"@type":"Article","@id":"https:\/\/fieam.org.br\/senai\/novas-escolas-e-unidades-de-educacao-profissional\/#article","isPartOf":{"@id":"https:\/\/fieam.org.br\/senai\/novas-escolas-e-unidades-de-educacao-profissional\/"},"author":{"name":"Autor","@id":"https:\/\/fieam.org.br\/senai\/#\/schema\/person\/c1ceda8321521b291cee22da0a7d34be"},"headline":"Novas escolas e unidades de educa\u00e7\u00e3o profissional","datePublished":"2014-03-13T14:28:18+00:00","mainEntityOfPage":{"@id":"https:\/\/fieam.org.br\/senai\/novas-escolas-e-unidades-de-educacao-profissional\/"},"wordCount":292,"commentCount":0,"publisher":{"@id":"https:\/\/fieam.org.br\/senai\/#organization"},"articleSection":["Uncategorized"],"inLanguage":"pt-BR","potentialAction":[{"@type":"CommentAction","name":"Comment","target":["https:\/\/fieam.org.br\/senai\/novas-escolas-e-unidades-de-educacao-profissional\/#respond"]}]},{"@type":"WebPage","@id":"https:\/\/fieam.org.br\/senai\/novas-escolas-e-unidades-de-educacao-profissional\/","url":"https:\/\/fieam.org.br\/senai\/novas-escolas-e-unidades-de-educacao-profissional\/","name":"Novas escolas e unidades de educa\u00e7\u00e3o profissional - SENAI","isPartOf":{"@id":"https:\/\/fieam.org.br\/senai\/#website"},"datePublished":"2014-03-13T14:28:18+00:00","breadcrumb":{"@id":"https:\/\/fieam.org.br\/senai\/novas-escolas-e-unidades-de-educacao-profissional\/#breadcrumb"},"inLanguage":"pt-BR","potentialAction":[{"@type":"ReadAction","target":["https:\/\/fieam.org.br\/senai\/novas-escolas-e-unidades-de-educacao-profissional\/"]}]},{"@type":"BreadcrumbList","@id":"https:\/\/fieam.org.br\/senai\/novas-escolas-e-unidades-de-educacao-profissional\/#breadcrumb","itemListElement":[{"@type":"ListItem","position":1,"name":"In\u00edcio","item":"https:\/\/fieam.org.br\/senai\/"},{"@type":"ListItem","position":2,"name":"Novas escolas e unidades de educa\u00e7\u00e3o profissional"}]},{"@type":"WebSite","@id":"https:\/\/fieam.org.br\/senai\/#website","url":"https:\/\/fieam.org.br\/senai\/","name":"SENAI","description":"Site Oficial!","publisher":{"@id":"https:\/\/fieam.org.br\/senai\/#organization"},"potentialAction":[{"@type":"SearchAction","target":{"@type":"EntryPoint","urlTemplate":"https:\/\/fieam.org.br\/senai\/?s={search_term_string}"},"query-input":{"@type":"PropertyValueSpecification","valueRequired":true,"valueName":"search_term_string"}}],"inLanguage":"pt-BR"},{"@type":"Organization","@id":"https:\/\/fieam.org.br\/senai\/#organization","name":"SENAI","url":"https:\/\/fieam.org.br\/senai\/","logo":{"@type":"ImageObject","inLanguage":"pt-BR","@id":"https:\/\/fieam.org.br\/senai\/#\/schema\/logo\/image\/","url":"https:\/\/fieam.org.br\/senai\/wp-content\/uploads\/sites\/16\/2024\/03\/cropped-fav.png","contentUrl":"https:\/\/fieam.org.br\/senai\/wp-content\/uploads\/sites\/16\/2024\/03\/cropped-fav.png","width":592,"height":577,"caption":"SENAI"},"image":{"@id":"https:\/\/fieam.org.br\/senai\/#\/schema\/logo\/image\/"}},{"@type":"Person","@id":"https:\/\/fieam.org.br\/senai\/#\/schema\/person\/c1ceda8321521b291cee22da0a7d34be","name":"Autor","image":{"@type":"ImageObject","inLanguage":"pt-BR","@id":"https:\/\/fieam.org.br\/senai\/#\/schema\/person\/image\/","url":"https:\/\/secure.gravatar.com\/avatar\/3732c223e0e1fad69062a8f770955c9068d37b055204f310a0be18d4069fe380?s=96&d=mm&r=g","contentUrl":"https:\/\/secure.gravatar.com\/avatar\/3732c223e0e1fad69062a8f770955c9068d37b055204f310a0be18d4069fe380?s=96&d=mm&r=g","caption":"Autor"},"sameAs":["https:\/\/marketingmassivo.com.br"],"url":"https:\/\/fieam.org.br\/senai\/author\/admin\/"}]}},"_links":{"self":[{"href":"https:\/\/fieam.org.br\/senai\/wp-json\/wp\/v2\/posts\/3514","targetHints":{"allow":["GET"]}}],"collection":[{"href":"https:\/\/fieam.org.br\/senai\/wp-json\/wp\/v2\/posts"}],"about":[{"href":"https:\/\/fieam.org.br\/senai\/wp-json\/wp\/v2\/types\/post"}],"author":[{"embeddable":true,"href":"https:\/\/fieam.org.br\/senai\/wp-json\/wp\/v2\/users\/1"}],"replies":[{"embeddable":true,"href":"https:\/\/fieam.org.br\/senai\/wp-json\/wp\/v2\/comments?post=3514"}],"version-history":[{"count":0,"href":"https:\/\/fieam.org.br\/senai\/wp-json\/wp\/v2\/posts\/3514\/revisions"}],"wp:attachment":[{"href":"https:\/\/fieam.org.br\/senai\/wp-json\/wp\/v2\/media?parent=3514"}],"wp:term":[{"taxonomy":"category","embeddable":true,"href":"https:\/\/fieam.org.br\/senai\/wp-json\/wp\/v2\/categories?post=3514"},{"taxonomy":"post_tag","embeddable":true,"href":"https:\/\/fieam.org.br\/senai\/wp-json\/wp\/v2\/tags?post=3514"}],"curies":[{"name":"wp","href":"https:\/\/api.w.org\/{rel}","templated":true}]}}