{"id":3512,"date":"2014-03-13T14:26:47","date_gmt":"2014-03-13T14:26:47","guid":{"rendered":"http:\/\/www.fieam.org.br\/site\/senai\/?p=3512"},"modified":"2014-03-13T14:26:47","modified_gmt":"2014-03-13T14:26:47","slug":"motos-yamaha-viram-kit-didatico-em-escola-senai-2","status":"publish","type":"post","link":"https:\/\/fieam.org.br\/senai\/motos-yamaha-viram-kit-didatico-em-escola-senai-2\/","title":{"rendered":"Motos Yamaha viram kit did\u00e1tico em Escola SENAI"},"content":{"rendered":"<p>A prepara\u00e7\u00e3o de m\u00e3o de obra para o polo de duas rodas no Polo Industrial de Manaus, pelo SENAI Amazonas, ganhou refor\u00e7o em 29 de janeiro, com a doa\u00e7\u00e3o de cinco motocicletas de 660, 250 e 150 cilindradas pela Yamaha Motor da Amaz\u00f4nia. Os ve\u00edculos tamb\u00e9m v\u00e3o fazer parte dos kits did\u00e1ticos utilizados nos cursos de mec\u00e2nica de motos dos barcos-escolas Sama\u00fama e Sama\u00fama II, a partir deste ano.<\/p>\n<p>Ao repassar as motos ao diretor regional do SENAI, Aldemurpe Barros, o diretor executivo da planta da Yamaha em Manaus, Seijiro Teramae, lembrou a parceria industrial em n\u00edvel nacional entre as duas institui\u00e7\u00f5es e disse que a doa\u00e7\u00e3o tem dois objetivos: a prepara\u00e7\u00e3o do profissional para o polo de duas rodas suprindo a demanda por trabalhadores da f\u00e1brica, concession\u00e1rias e munic\u00edpios distantes de Manaus, e ampliar o conhecimento do mercado e clientes sobre motos, motores e equipamentos Yamaha.<\/p>\n<p>Aldemurpe Barros destacou que a iniciativa de doa\u00e7\u00e3o \u00e9 uma pr\u00e1tica constante da Yamaha, que vem contribuindo ao longo dos anos com a capacita\u00e7\u00e3o de profissionais no interior do Estado, bem como na capital. \u201cAs motos doadas t\u00eam fins did\u00e1ticos que atendem a finalidade de apresentar as ferramentas que os alunos v\u00e3o passar a conhecer no curso profissionalizante, preparando-os para o mercado de trabalho\u201d, explica.<\/p>\n<p>O diretor lembrou que as a\u00e7\u00f5es descentralizadas do ensino\/aprendizagem disseminado pelo SENAI, por meio do Sama\u00fama, abrangem quase toda a regi\u00e3o Norte, sabendo que o barco-escola j\u00e1 aportou em munic\u00edpios de seis dos sete Estados que comp\u00f5em o Norte do Brasil.<\/p>\n<p>\u201cNos munic\u00edpios da regi\u00e3o Norte, motos s\u00e3o transporte de massa e a circula\u00e7\u00e3o deste ve\u00edculo vem crescendo nas cidades interioranas, da\u00ed a import\u00e2ncia da forma\u00e7\u00e3o de mec\u00e2nicos para atender este mercado em expans\u00e3o\u201d, disse Aldemurpe.<\/p>\n<p>Na avalia\u00e7\u00e3o do diretor executivo da Yamaha, a aproxima\u00e7\u00e3o da empresa com o SENAI \u00e9 gratificante, pois passa a ajudar diretamente na forma\u00e7\u00e3o de novos trabalhadores e a contribuir com a sociedade como um todo. Teramae ressaltou o interesse da Yamaha em ampliar a parceria com a institui\u00e7\u00e3o, visando a participa\u00e7\u00e3o efetiva no desenvolvimento e crescimento do Amazonas e do Brasil.<\/p>\n<p>\u201cO japon\u00eas possui uma organiza\u00e7\u00e3o sequencial voltada \u00e0 tecnologia, por\u00e9m \u00e9 receoso em momentos de mudan\u00e7a, j\u00e1 o brasileiro \u00e9 r\u00e1pido em sua produ\u00e7\u00e3o e corajoso em suas decis\u00f5es. Somos povos de culturas diferentes e podemos aprender um com o outro para aprimorar o que temos de melhor\u201d, disse Seijiro Teramae.<\/p>\n","protected":false},"excerpt":{"rendered":"<p>A prepara\u00e7\u00e3o de m\u00e3o de obra para o polo de duas rodas no Polo Industrial de Manaus, pelo SENAI Amazonas, ganhou refor\u00e7o em 29 de janeiro, com a doa\u00e7\u00e3o de cinco motocicletas de 660, 250 e 150 cilindradas pela Yamaha Motor da Amaz\u00f4nia. Os ve\u00edculos tamb\u00e9m v\u00e3o fazer parte dos kits did\u00e1ticos utilizados nos cursos [&hellip;]<\/p>\n","protected":false},"author":1,"featured_media":0,"comment_status":"open","ping_status":"open","sticky":false,"template":"","format":"standard","meta":{"footnotes":""},"categories":[27],"tags":[],"class_list":["post-3512","post","type-post","status-publish","format-standard","hentry","category-uncategorized"],"yoast_head":"<!-- This site is optimized with the Yoast SEO plugin v26.8 - https:\/\/yoast.com\/product\/yoast-seo-wordpress\/ -->\n<title>Motos Yamaha viram kit did\u00e1tico em Escola SENAI - SENAI<\/title>\n<meta name=\"robots\" content=\"index, follow, max-snippet:-1, max-image-preview:large, max-video-preview:-1\" \/>\n<link rel=\"canonical\" href=\"https:\/\/fieam.org.br\/senai\/motos-yamaha-viram-kit-didatico-em-escola-senai-2\/\" \/>\n<meta property=\"og:locale\" content=\"pt_BR\" \/>\n<meta property=\"og:type\" content=\"article\" \/>\n<meta property=\"og:title\" content=\"Motos Yamaha viram kit did\u00e1tico em Escola SENAI - SENAI\" \/>\n<meta property=\"og:description\" content=\"A prepara\u00e7\u00e3o de m\u00e3o de obra para o polo de duas rodas no Polo Industrial de Manaus, pelo SENAI Amazonas, ganhou refor\u00e7o em 29 de janeiro, com a doa\u00e7\u00e3o de cinco motocicletas de 660, 250 e 150 cilindradas pela Yamaha Motor da Amaz\u00f4nia. Os ve\u00edculos tamb\u00e9m v\u00e3o fazer parte dos kits did\u00e1ticos utilizados nos cursos [&hellip;]\" \/>\n<meta property=\"og:url\" content=\"https:\/\/fieam.org.br\/senai\/motos-yamaha-viram-kit-didatico-em-escola-senai-2\/\" \/>\n<meta property=\"og:site_name\" content=\"SENAI\" \/>\n<meta property=\"article:published_time\" content=\"2014-03-13T14:26:47+00:00\" \/>\n<meta name=\"author\" content=\"Autor\" \/>\n<meta name=\"twitter:card\" content=\"summary_large_image\" \/>\n<meta name=\"twitter:label1\" content=\"Escrito por\" \/>\n\t<meta name=\"twitter:data1\" content=\"Autor\" \/>\n\t<meta name=\"twitter:label2\" content=\"Est. tempo de leitura\" \/>\n\t<meta name=\"twitter:data2\" content=\"2 minutos\" \/>\n<script type=\"application\/ld+json\" class=\"yoast-schema-graph\">{\"@context\":\"https:\/\/schema.org\",\"@graph\":[{\"@type\":\"Article\",\"@id\":\"https:\/\/fieam.org.br\/senai\/motos-yamaha-viram-kit-didatico-em-escola-senai-2\/#article\",\"isPartOf\":{\"@id\":\"https:\/\/fieam.org.br\/senai\/motos-yamaha-viram-kit-didatico-em-escola-senai-2\/\"},\"author\":{\"name\":\"Autor\",\"@id\":\"https:\/\/fieam.org.br\/senai\/#\/schema\/person\/c1ceda8321521b291cee22da0a7d34be\"},\"headline\":\"Motos Yamaha viram kit did\u00e1tico em Escola SENAI\",\"datePublished\":\"2014-03-13T14:26:47+00:00\",\"mainEntityOfPage\":{\"@id\":\"https:\/\/fieam.org.br\/senai\/motos-yamaha-viram-kit-didatico-em-escola-senai-2\/\"},\"wordCount\":452,\"commentCount\":0,\"publisher\":{\"@id\":\"https:\/\/fieam.org.br\/senai\/#organization\"},\"articleSection\":[\"Uncategorized\"],\"inLanguage\":\"pt-BR\",\"potentialAction\":[{\"@type\":\"CommentAction\",\"name\":\"Comment\",\"target\":[\"https:\/\/fieam.org.br\/senai\/motos-yamaha-viram-kit-didatico-em-escola-senai-2\/#respond\"]}]},{\"@type\":\"WebPage\",\"@id\":\"https:\/\/fieam.org.br\/senai\/motos-yamaha-viram-kit-didatico-em-escola-senai-2\/\",\"url\":\"https:\/\/fieam.org.br\/senai\/motos-yamaha-viram-kit-didatico-em-escola-senai-2\/\",\"name\":\"Motos Yamaha viram kit did\u00e1tico em Escola SENAI - SENAI\",\"isPartOf\":{\"@id\":\"https:\/\/fieam.org.br\/senai\/#website\"},\"datePublished\":\"2014-03-13T14:26:47+00:00\",\"breadcrumb\":{\"@id\":\"https:\/\/fieam.org.br\/senai\/motos-yamaha-viram-kit-didatico-em-escola-senai-2\/#breadcrumb\"},\"inLanguage\":\"pt-BR\",\"potentialAction\":[{\"@type\":\"ReadAction\",\"target\":[\"https:\/\/fieam.org.br\/senai\/motos-yamaha-viram-kit-didatico-em-escola-senai-2\/\"]}]},{\"@type\":\"BreadcrumbList\",\"@id\":\"https:\/\/fieam.org.br\/senai\/motos-yamaha-viram-kit-didatico-em-escola-senai-2\/#breadcrumb\",\"itemListElement\":[{\"@type\":\"ListItem\",\"position\":1,\"name\":\"In\u00edcio\",\"item\":\"https:\/\/fieam.org.br\/senai\/\"},{\"@type\":\"ListItem\",\"position\":2,\"name\":\"Motos Yamaha viram kit did\u00e1tico em Escola SENAI\"}]},{\"@type\":\"WebSite\",\"@id\":\"https:\/\/fieam.org.br\/senai\/#website\",\"url\":\"https:\/\/fieam.org.br\/senai\/\",\"name\":\"SENAI\",\"description\":\"Site Oficial!\",\"publisher\":{\"@id\":\"https:\/\/fieam.org.br\/senai\/#organization\"},\"potentialAction\":[{\"@type\":\"SearchAction\",\"target\":{\"@type\":\"EntryPoint\",\"urlTemplate\":\"https:\/\/fieam.org.br\/senai\/?s={search_term_string}\"},\"query-input\":{\"@type\":\"PropertyValueSpecification\",\"valueRequired\":true,\"valueName\":\"search_term_string\"}}],\"inLanguage\":\"pt-BR\"},{\"@type\":\"Organization\",\"@id\":\"https:\/\/fieam.org.br\/senai\/#organization\",\"name\":\"SENAI\",\"url\":\"https:\/\/fieam.org.br\/senai\/\",\"logo\":{\"@type\":\"ImageObject\",\"inLanguage\":\"pt-BR\",\"@id\":\"https:\/\/fieam.org.br\/senai\/#\/schema\/logo\/image\/\",\"url\":\"https:\/\/fieam.org.br\/senai\/wp-content\/uploads\/sites\/16\/2024\/03\/cropped-fav.png\",\"contentUrl\":\"https:\/\/fieam.org.br\/senai\/wp-content\/uploads\/sites\/16\/2024\/03\/cropped-fav.png\",\"width\":592,\"height\":577,\"caption\":\"SENAI\"},\"image\":{\"@id\":\"https:\/\/fieam.org.br\/senai\/#\/schema\/logo\/image\/\"}},{\"@type\":\"Person\",\"@id\":\"https:\/\/fieam.org.br\/senai\/#\/schema\/person\/c1ceda8321521b291cee22da0a7d34be\",\"name\":\"Autor\",\"image\":{\"@type\":\"ImageObject\",\"inLanguage\":\"pt-BR\",\"@id\":\"https:\/\/fieam.org.br\/senai\/#\/schema\/person\/image\/\",\"url\":\"https:\/\/secure.gravatar.com\/avatar\/3732c223e0e1fad69062a8f770955c9068d37b055204f310a0be18d4069fe380?s=96&d=mm&r=g\",\"contentUrl\":\"https:\/\/secure.gravatar.com\/avatar\/3732c223e0e1fad69062a8f770955c9068d37b055204f310a0be18d4069fe380?s=96&d=mm&r=g\",\"caption\":\"Autor\"},\"sameAs\":[\"https:\/\/marketingmassivo.com.br\"],\"url\":\"https:\/\/fieam.org.br\/senai\/author\/admin\/\"}]}<\/script>\n<!-- \/ Yoast SEO plugin. -->","yoast_head_json":{"title":"Motos Yamaha viram kit did\u00e1tico em Escola SENAI - SENAI","robots":{"index":"index","follow":"follow","max-snippet":"max-snippet:-1","max-image-preview":"max-image-preview:large","max-video-preview":"max-video-preview:-1"},"canonical":"https:\/\/fieam.org.br\/senai\/motos-yamaha-viram-kit-didatico-em-escola-senai-2\/","og_locale":"pt_BR","og_type":"article","og_title":"Motos Yamaha viram kit did\u00e1tico em Escola SENAI - SENAI","og_description":"A prepara\u00e7\u00e3o de m\u00e3o de obra para o polo de duas rodas no Polo Industrial de Manaus, pelo SENAI Amazonas, ganhou refor\u00e7o em 29 de janeiro, com a doa\u00e7\u00e3o de cinco motocicletas de 660, 250 e 150 cilindradas pela Yamaha Motor da Amaz\u00f4nia. Os ve\u00edculos tamb\u00e9m v\u00e3o fazer parte dos kits did\u00e1ticos utilizados nos cursos [&hellip;]","og_url":"https:\/\/fieam.org.br\/senai\/motos-yamaha-viram-kit-didatico-em-escola-senai-2\/","og_site_name":"SENAI","article_published_time":"2014-03-13T14:26:47+00:00","author":"Autor","twitter_card":"summary_large_image","twitter_misc":{"Escrito por":"Autor","Est. tempo de leitura":"2 minutos"},"schema":{"@context":"https:\/\/schema.org","@graph":[{"@type":"Article","@id":"https:\/\/fieam.org.br\/senai\/motos-yamaha-viram-kit-didatico-em-escola-senai-2\/#article","isPartOf":{"@id":"https:\/\/fieam.org.br\/senai\/motos-yamaha-viram-kit-didatico-em-escola-senai-2\/"},"author":{"name":"Autor","@id":"https:\/\/fieam.org.br\/senai\/#\/schema\/person\/c1ceda8321521b291cee22da0a7d34be"},"headline":"Motos Yamaha viram kit did\u00e1tico em Escola SENAI","datePublished":"2014-03-13T14:26:47+00:00","mainEntityOfPage":{"@id":"https:\/\/fieam.org.br\/senai\/motos-yamaha-viram-kit-didatico-em-escola-senai-2\/"},"wordCount":452,"commentCount":0,"publisher":{"@id":"https:\/\/fieam.org.br\/senai\/#organization"},"articleSection":["Uncategorized"],"inLanguage":"pt-BR","potentialAction":[{"@type":"CommentAction","name":"Comment","target":["https:\/\/fieam.org.br\/senai\/motos-yamaha-viram-kit-didatico-em-escola-senai-2\/#respond"]}]},{"@type":"WebPage","@id":"https:\/\/fieam.org.br\/senai\/motos-yamaha-viram-kit-didatico-em-escola-senai-2\/","url":"https:\/\/fieam.org.br\/senai\/motos-yamaha-viram-kit-didatico-em-escola-senai-2\/","name":"Motos Yamaha viram kit did\u00e1tico em Escola SENAI - SENAI","isPartOf":{"@id":"https:\/\/fieam.org.br\/senai\/#website"},"datePublished":"2014-03-13T14:26:47+00:00","breadcrumb":{"@id":"https:\/\/fieam.org.br\/senai\/motos-yamaha-viram-kit-didatico-em-escola-senai-2\/#breadcrumb"},"inLanguage":"pt-BR","potentialAction":[{"@type":"ReadAction","target":["https:\/\/fieam.org.br\/senai\/motos-yamaha-viram-kit-didatico-em-escola-senai-2\/"]}]},{"@type":"BreadcrumbList","@id":"https:\/\/fieam.org.br\/senai\/motos-yamaha-viram-kit-didatico-em-escola-senai-2\/#breadcrumb","itemListElement":[{"@type":"ListItem","position":1,"name":"In\u00edcio","item":"https:\/\/fieam.org.br\/senai\/"},{"@type":"ListItem","position":2,"name":"Motos Yamaha viram kit did\u00e1tico em Escola SENAI"}]},{"@type":"WebSite","@id":"https:\/\/fieam.org.br\/senai\/#website","url":"https:\/\/fieam.org.br\/senai\/","name":"SENAI","description":"Site Oficial!","publisher":{"@id":"https:\/\/fieam.org.br\/senai\/#organization"},"potentialAction":[{"@type":"SearchAction","target":{"@type":"EntryPoint","urlTemplate":"https:\/\/fieam.org.br\/senai\/?s={search_term_string}"},"query-input":{"@type":"PropertyValueSpecification","valueRequired":true,"valueName":"search_term_string"}}],"inLanguage":"pt-BR"},{"@type":"Organization","@id":"https:\/\/fieam.org.br\/senai\/#organization","name":"SENAI","url":"https:\/\/fieam.org.br\/senai\/","logo":{"@type":"ImageObject","inLanguage":"pt-BR","@id":"https:\/\/fieam.org.br\/senai\/#\/schema\/logo\/image\/","url":"https:\/\/fieam.org.br\/senai\/wp-content\/uploads\/sites\/16\/2024\/03\/cropped-fav.png","contentUrl":"https:\/\/fieam.org.br\/senai\/wp-content\/uploads\/sites\/16\/2024\/03\/cropped-fav.png","width":592,"height":577,"caption":"SENAI"},"image":{"@id":"https:\/\/fieam.org.br\/senai\/#\/schema\/logo\/image\/"}},{"@type":"Person","@id":"https:\/\/fieam.org.br\/senai\/#\/schema\/person\/c1ceda8321521b291cee22da0a7d34be","name":"Autor","image":{"@type":"ImageObject","inLanguage":"pt-BR","@id":"https:\/\/fieam.org.br\/senai\/#\/schema\/person\/image\/","url":"https:\/\/secure.gravatar.com\/avatar\/3732c223e0e1fad69062a8f770955c9068d37b055204f310a0be18d4069fe380?s=96&d=mm&r=g","contentUrl":"https:\/\/secure.gravatar.com\/avatar\/3732c223e0e1fad69062a8f770955c9068d37b055204f310a0be18d4069fe380?s=96&d=mm&r=g","caption":"Autor"},"sameAs":["https:\/\/marketingmassivo.com.br"],"url":"https:\/\/fieam.org.br\/senai\/author\/admin\/"}]}},"_links":{"self":[{"href":"https:\/\/fieam.org.br\/senai\/wp-json\/wp\/v2\/posts\/3512","targetHints":{"allow":["GET"]}}],"collection":[{"href":"https:\/\/fieam.org.br\/senai\/wp-json\/wp\/v2\/posts"}],"about":[{"href":"https:\/\/fieam.org.br\/senai\/wp-json\/wp\/v2\/types\/post"}],"author":[{"embeddable":true,"href":"https:\/\/fieam.org.br\/senai\/wp-json\/wp\/v2\/users\/1"}],"replies":[{"embeddable":true,"href":"https:\/\/fieam.org.br\/senai\/wp-json\/wp\/v2\/comments?post=3512"}],"version-history":[{"count":0,"href":"https:\/\/fieam.org.br\/senai\/wp-json\/wp\/v2\/posts\/3512\/revisions"}],"wp:attachment":[{"href":"https:\/\/fieam.org.br\/senai\/wp-json\/wp\/v2\/media?parent=3512"}],"wp:term":[{"taxonomy":"category","embeddable":true,"href":"https:\/\/fieam.org.br\/senai\/wp-json\/wp\/v2\/categories?post=3512"},{"taxonomy":"post_tag","embeddable":true,"href":"https:\/\/fieam.org.br\/senai\/wp-json\/wp\/v2\/tags?post=3512"}],"curies":[{"name":"wp","href":"https:\/\/api.w.org\/{rel}","templated":true}]}}