{"id":3510,"date":"2014-03-13T14:23:25","date_gmt":"2014-03-13T14:23:25","guid":{"rendered":"http:\/\/www.fieam.org.br\/site\/senai\/?p=3510"},"modified":"2014-03-13T14:23:25","modified_gmt":"2014-03-13T14:23:25","slug":"samauma-ii-novo-conceito-de-barco-ecologico","status":"publish","type":"post","link":"https:\/\/fieam.org.br\/senai\/samauma-ii-novo-conceito-de-barco-ecologico\/","title":{"rendered":"Sama\u00fama II, novo conceito de barco ecol\u00f3gico"},"content":{"rendered":"<p><a href=\"http:\/\/www.fieam.org.br\/site\/senai\/files\/2014\/03\/Sama\u00fama-II_Encontro-das-\u00c1guas.jpg\"><img decoding=\"async\" class=\" wp-image-3522 alignleft\" alt=\"Sama\u00fama II_Encontro das \u00c1guas\" src=\"http:\/\/www.fieam.org.br\/site\/senai\/files\/2014\/03\/Sama\u00fama-II_Encontro-das-\u00c1guas.jpg\" width=\"244\" height=\"194\" \/><\/a>Previsto para entrar em atividade no 2\u00ba semestre, o novo barco-escola da Rede SENAI tornou-se realidade em 14 de fevereiro. O Sama\u00fama II, com seus tr\u00eas conveses, pesando mais de 250 toneladas, distribu\u00eddas em 13,27 metros de altura, 10,58 metros de largura e 42,55 metros de comprimento, teve sua obra conclu\u00edda no in\u00edcio deste ano depois de dois anos de trabalho.<\/p>\n<p>A embarca\u00e7\u00e3o vem com novo conceito ecol\u00f3gico, o que deu ao empreendimento o car\u00e1ter de \u201cbarco verde\u201d da Rede SENAI. Al\u00e9m da educa\u00e7\u00e3o profissional, a nova unidade ir\u00e1 multiplicar os conhecimentos sobre aproveitamento dos recursos naturais dispon\u00edveis na regi\u00e3o, entre eles, energia solar, congelamento de pescado e utiliza\u00e7\u00e3o de sementes na confec\u00e7\u00e3o de roupas. Essas novas vertentes est\u00e3o alinhadas ao desenvolvimento sustent\u00e1vel da economia do povo da floresta.<\/p>\n<p>O novo barco foi concebido a partir da bem-sucedida a\u00e7\u00e3o desenvolvida pelo pioneiro Sama\u00fama ao longo dos \u00faltimos 35 anos, per\u00edodo em que foram qualificados mais de 47 mil alunos em 61 munic\u00edpios do Amazonas, Par\u00e1, Roraima, Acre e Rond\u00f4nia. Neste ano, o Sama\u00fama navegou 9.682 quil\u00f4metros para atender os munic\u00edpios de Carauari, Mara\u00e3 e Japur\u00e1, no Amazonas, distrito de Nazar\u00e9,\u00a0em Rond\u00f4nia, e Laranjal do Jar\u00ed, no Amap\u00e1, certificando 2.214 alunos.<\/p>\n<p>Em 2014, as duas unidades fluviais do SENAI Amazonas devem certificar juntas 4 mil alunos em localidades da Amaz\u00f4nia, disseminando a educa\u00e7\u00e3o profissional, bem como os conceitos de empreendedorismo e cidadania, \u00e0 popula\u00e7\u00e3o do Norte do Brasil.<\/p>\n","protected":false},"excerpt":{"rendered":"<p>Previsto para entrar em atividade no 2\u00ba semestre, o novo barco-escola da Rede SENAI tornou-se realidade em 14 de fevereiro. O Sama\u00fama II, com seus tr\u00eas conveses, pesando mais de 250 toneladas, distribu\u00eddas em 13,27 metros de altura, 10,58 metros de largura e 42,55 metros de comprimento, teve sua obra conclu\u00edda no in\u00edcio deste ano [&hellip;]<\/p>\n","protected":false},"author":1,"featured_media":0,"comment_status":"open","ping_status":"open","sticky":false,"template":"","format":"standard","meta":{"footnotes":""},"categories":[27],"tags":[],"class_list":["post-3510","post","type-post","status-publish","format-standard","hentry","category-uncategorized"],"yoast_head":"<!-- This site is optimized with the Yoast SEO plugin v26.8 - https:\/\/yoast.com\/product\/yoast-seo-wordpress\/ -->\n<title>Sama\u00fama II, novo conceito de barco ecol\u00f3gico - SENAI<\/title>\n<meta name=\"robots\" content=\"index, follow, max-snippet:-1, max-image-preview:large, max-video-preview:-1\" \/>\n<link rel=\"canonical\" href=\"https:\/\/fieam.org.br\/senai\/samauma-ii-novo-conceito-de-barco-ecologico\/\" \/>\n<meta property=\"og:locale\" content=\"pt_BR\" \/>\n<meta property=\"og:type\" content=\"article\" \/>\n<meta property=\"og:title\" content=\"Sama\u00fama II, novo conceito de barco ecol\u00f3gico - SENAI\" \/>\n<meta property=\"og:description\" content=\"Previsto para entrar em atividade no 2\u00ba semestre, o novo barco-escola da Rede SENAI tornou-se realidade em 14 de fevereiro. O Sama\u00fama II, com seus tr\u00eas conveses, pesando mais de 250 toneladas, distribu\u00eddas em 13,27 metros de altura, 10,58 metros de largura e 42,55 metros de comprimento, teve sua obra conclu\u00edda no in\u00edcio deste ano [&hellip;]\" \/>\n<meta property=\"og:url\" content=\"https:\/\/fieam.org.br\/senai\/samauma-ii-novo-conceito-de-barco-ecologico\/\" \/>\n<meta property=\"og:site_name\" content=\"SENAI\" \/>\n<meta property=\"article:published_time\" content=\"2014-03-13T14:23:25+00:00\" \/>\n<meta name=\"author\" content=\"Autor\" \/>\n<meta name=\"twitter:card\" content=\"summary_large_image\" \/>\n<meta name=\"twitter:label1\" content=\"Escrito por\" \/>\n\t<meta name=\"twitter:data1\" content=\"Autor\" \/>\n\t<meta name=\"twitter:label2\" content=\"Est. tempo de leitura\" \/>\n\t<meta name=\"twitter:data2\" content=\"1 minuto\" \/>\n<script type=\"application\/ld+json\" class=\"yoast-schema-graph\">{\"@context\":\"https:\/\/schema.org\",\"@graph\":[{\"@type\":\"Article\",\"@id\":\"https:\/\/fieam.org.br\/senai\/samauma-ii-novo-conceito-de-barco-ecologico\/#article\",\"isPartOf\":{\"@id\":\"https:\/\/fieam.org.br\/senai\/samauma-ii-novo-conceito-de-barco-ecologico\/\"},\"author\":{\"name\":\"Autor\",\"@id\":\"https:\/\/fieam.org.br\/senai\/#\/schema\/person\/c1ceda8321521b291cee22da0a7d34be\"},\"headline\":\"Sama\u00fama II, novo conceito de barco ecol\u00f3gico\",\"datePublished\":\"2014-03-13T14:23:25+00:00\",\"mainEntityOfPage\":{\"@id\":\"https:\/\/fieam.org.br\/senai\/samauma-ii-novo-conceito-de-barco-ecologico\/\"},\"wordCount\":261,\"commentCount\":0,\"publisher\":{\"@id\":\"https:\/\/fieam.org.br\/senai\/#organization\"},\"articleSection\":[\"Uncategorized\"],\"inLanguage\":\"pt-BR\",\"potentialAction\":[{\"@type\":\"CommentAction\",\"name\":\"Comment\",\"target\":[\"https:\/\/fieam.org.br\/senai\/samauma-ii-novo-conceito-de-barco-ecologico\/#respond\"]}]},{\"@type\":\"WebPage\",\"@id\":\"https:\/\/fieam.org.br\/senai\/samauma-ii-novo-conceito-de-barco-ecologico\/\",\"url\":\"https:\/\/fieam.org.br\/senai\/samauma-ii-novo-conceito-de-barco-ecologico\/\",\"name\":\"Sama\u00fama II, novo conceito de barco ecol\u00f3gico - SENAI\",\"isPartOf\":{\"@id\":\"https:\/\/fieam.org.br\/senai\/#website\"},\"datePublished\":\"2014-03-13T14:23:25+00:00\",\"breadcrumb\":{\"@id\":\"https:\/\/fieam.org.br\/senai\/samauma-ii-novo-conceito-de-barco-ecologico\/#breadcrumb\"},\"inLanguage\":\"pt-BR\",\"potentialAction\":[{\"@type\":\"ReadAction\",\"target\":[\"https:\/\/fieam.org.br\/senai\/samauma-ii-novo-conceito-de-barco-ecologico\/\"]}]},{\"@type\":\"BreadcrumbList\",\"@id\":\"https:\/\/fieam.org.br\/senai\/samauma-ii-novo-conceito-de-barco-ecologico\/#breadcrumb\",\"itemListElement\":[{\"@type\":\"ListItem\",\"position\":1,\"name\":\"In\u00edcio\",\"item\":\"https:\/\/fieam.org.br\/senai\/\"},{\"@type\":\"ListItem\",\"position\":2,\"name\":\"Sama\u00fama II, novo conceito de barco ecol\u00f3gico\"}]},{\"@type\":\"WebSite\",\"@id\":\"https:\/\/fieam.org.br\/senai\/#website\",\"url\":\"https:\/\/fieam.org.br\/senai\/\",\"name\":\"SENAI\",\"description\":\"Site Oficial!\",\"publisher\":{\"@id\":\"https:\/\/fieam.org.br\/senai\/#organization\"},\"potentialAction\":[{\"@type\":\"SearchAction\",\"target\":{\"@type\":\"EntryPoint\",\"urlTemplate\":\"https:\/\/fieam.org.br\/senai\/?s={search_term_string}\"},\"query-input\":{\"@type\":\"PropertyValueSpecification\",\"valueRequired\":true,\"valueName\":\"search_term_string\"}}],\"inLanguage\":\"pt-BR\"},{\"@type\":\"Organization\",\"@id\":\"https:\/\/fieam.org.br\/senai\/#organization\",\"name\":\"SENAI\",\"url\":\"https:\/\/fieam.org.br\/senai\/\",\"logo\":{\"@type\":\"ImageObject\",\"inLanguage\":\"pt-BR\",\"@id\":\"https:\/\/fieam.org.br\/senai\/#\/schema\/logo\/image\/\",\"url\":\"https:\/\/fieam.org.br\/senai\/wp-content\/uploads\/sites\/16\/2024\/03\/cropped-fav.png\",\"contentUrl\":\"https:\/\/fieam.org.br\/senai\/wp-content\/uploads\/sites\/16\/2024\/03\/cropped-fav.png\",\"width\":592,\"height\":577,\"caption\":\"SENAI\"},\"image\":{\"@id\":\"https:\/\/fieam.org.br\/senai\/#\/schema\/logo\/image\/\"}},{\"@type\":\"Person\",\"@id\":\"https:\/\/fieam.org.br\/senai\/#\/schema\/person\/c1ceda8321521b291cee22da0a7d34be\",\"name\":\"Autor\",\"image\":{\"@type\":\"ImageObject\",\"inLanguage\":\"pt-BR\",\"@id\":\"https:\/\/fieam.org.br\/senai\/#\/schema\/person\/image\/\",\"url\":\"https:\/\/secure.gravatar.com\/avatar\/3732c223e0e1fad69062a8f770955c9068d37b055204f310a0be18d4069fe380?s=96&d=mm&r=g\",\"contentUrl\":\"https:\/\/secure.gravatar.com\/avatar\/3732c223e0e1fad69062a8f770955c9068d37b055204f310a0be18d4069fe380?s=96&d=mm&r=g\",\"caption\":\"Autor\"},\"sameAs\":[\"https:\/\/marketingmassivo.com.br\"],\"url\":\"https:\/\/fieam.org.br\/senai\/author\/admin\/\"}]}<\/script>\n<!-- \/ Yoast SEO plugin. -->","yoast_head_json":{"title":"Sama\u00fama II, novo conceito de barco ecol\u00f3gico - SENAI","robots":{"index":"index","follow":"follow","max-snippet":"max-snippet:-1","max-image-preview":"max-image-preview:large","max-video-preview":"max-video-preview:-1"},"canonical":"https:\/\/fieam.org.br\/senai\/samauma-ii-novo-conceito-de-barco-ecologico\/","og_locale":"pt_BR","og_type":"article","og_title":"Sama\u00fama II, novo conceito de barco ecol\u00f3gico - SENAI","og_description":"Previsto para entrar em atividade no 2\u00ba semestre, o novo barco-escola da Rede SENAI tornou-se realidade em 14 de fevereiro. O Sama\u00fama II, com seus tr\u00eas conveses, pesando mais de 250 toneladas, distribu\u00eddas em 13,27 metros de altura, 10,58 metros de largura e 42,55 metros de comprimento, teve sua obra conclu\u00edda no in\u00edcio deste ano [&hellip;]","og_url":"https:\/\/fieam.org.br\/senai\/samauma-ii-novo-conceito-de-barco-ecologico\/","og_site_name":"SENAI","article_published_time":"2014-03-13T14:23:25+00:00","author":"Autor","twitter_card":"summary_large_image","twitter_misc":{"Escrito por":"Autor","Est. tempo de leitura":"1 minuto"},"schema":{"@context":"https:\/\/schema.org","@graph":[{"@type":"Article","@id":"https:\/\/fieam.org.br\/senai\/samauma-ii-novo-conceito-de-barco-ecologico\/#article","isPartOf":{"@id":"https:\/\/fieam.org.br\/senai\/samauma-ii-novo-conceito-de-barco-ecologico\/"},"author":{"name":"Autor","@id":"https:\/\/fieam.org.br\/senai\/#\/schema\/person\/c1ceda8321521b291cee22da0a7d34be"},"headline":"Sama\u00fama II, novo conceito de barco ecol\u00f3gico","datePublished":"2014-03-13T14:23:25+00:00","mainEntityOfPage":{"@id":"https:\/\/fieam.org.br\/senai\/samauma-ii-novo-conceito-de-barco-ecologico\/"},"wordCount":261,"commentCount":0,"publisher":{"@id":"https:\/\/fieam.org.br\/senai\/#organization"},"articleSection":["Uncategorized"],"inLanguage":"pt-BR","potentialAction":[{"@type":"CommentAction","name":"Comment","target":["https:\/\/fieam.org.br\/senai\/samauma-ii-novo-conceito-de-barco-ecologico\/#respond"]}]},{"@type":"WebPage","@id":"https:\/\/fieam.org.br\/senai\/samauma-ii-novo-conceito-de-barco-ecologico\/","url":"https:\/\/fieam.org.br\/senai\/samauma-ii-novo-conceito-de-barco-ecologico\/","name":"Sama\u00fama II, novo conceito de barco ecol\u00f3gico - SENAI","isPartOf":{"@id":"https:\/\/fieam.org.br\/senai\/#website"},"datePublished":"2014-03-13T14:23:25+00:00","breadcrumb":{"@id":"https:\/\/fieam.org.br\/senai\/samauma-ii-novo-conceito-de-barco-ecologico\/#breadcrumb"},"inLanguage":"pt-BR","potentialAction":[{"@type":"ReadAction","target":["https:\/\/fieam.org.br\/senai\/samauma-ii-novo-conceito-de-barco-ecologico\/"]}]},{"@type":"BreadcrumbList","@id":"https:\/\/fieam.org.br\/senai\/samauma-ii-novo-conceito-de-barco-ecologico\/#breadcrumb","itemListElement":[{"@type":"ListItem","position":1,"name":"In\u00edcio","item":"https:\/\/fieam.org.br\/senai\/"},{"@type":"ListItem","position":2,"name":"Sama\u00fama II, novo conceito de barco ecol\u00f3gico"}]},{"@type":"WebSite","@id":"https:\/\/fieam.org.br\/senai\/#website","url":"https:\/\/fieam.org.br\/senai\/","name":"SENAI","description":"Site Oficial!","publisher":{"@id":"https:\/\/fieam.org.br\/senai\/#organization"},"potentialAction":[{"@type":"SearchAction","target":{"@type":"EntryPoint","urlTemplate":"https:\/\/fieam.org.br\/senai\/?s={search_term_string}"},"query-input":{"@type":"PropertyValueSpecification","valueRequired":true,"valueName":"search_term_string"}}],"inLanguage":"pt-BR"},{"@type":"Organization","@id":"https:\/\/fieam.org.br\/senai\/#organization","name":"SENAI","url":"https:\/\/fieam.org.br\/senai\/","logo":{"@type":"ImageObject","inLanguage":"pt-BR","@id":"https:\/\/fieam.org.br\/senai\/#\/schema\/logo\/image\/","url":"https:\/\/fieam.org.br\/senai\/wp-content\/uploads\/sites\/16\/2024\/03\/cropped-fav.png","contentUrl":"https:\/\/fieam.org.br\/senai\/wp-content\/uploads\/sites\/16\/2024\/03\/cropped-fav.png","width":592,"height":577,"caption":"SENAI"},"image":{"@id":"https:\/\/fieam.org.br\/senai\/#\/schema\/logo\/image\/"}},{"@type":"Person","@id":"https:\/\/fieam.org.br\/senai\/#\/schema\/person\/c1ceda8321521b291cee22da0a7d34be","name":"Autor","image":{"@type":"ImageObject","inLanguage":"pt-BR","@id":"https:\/\/fieam.org.br\/senai\/#\/schema\/person\/image\/","url":"https:\/\/secure.gravatar.com\/avatar\/3732c223e0e1fad69062a8f770955c9068d37b055204f310a0be18d4069fe380?s=96&d=mm&r=g","contentUrl":"https:\/\/secure.gravatar.com\/avatar\/3732c223e0e1fad69062a8f770955c9068d37b055204f310a0be18d4069fe380?s=96&d=mm&r=g","caption":"Autor"},"sameAs":["https:\/\/marketingmassivo.com.br"],"url":"https:\/\/fieam.org.br\/senai\/author\/admin\/"}]}},"_links":{"self":[{"href":"https:\/\/fieam.org.br\/senai\/wp-json\/wp\/v2\/posts\/3510","targetHints":{"allow":["GET"]}}],"collection":[{"href":"https:\/\/fieam.org.br\/senai\/wp-json\/wp\/v2\/posts"}],"about":[{"href":"https:\/\/fieam.org.br\/senai\/wp-json\/wp\/v2\/types\/post"}],"author":[{"embeddable":true,"href":"https:\/\/fieam.org.br\/senai\/wp-json\/wp\/v2\/users\/1"}],"replies":[{"embeddable":true,"href":"https:\/\/fieam.org.br\/senai\/wp-json\/wp\/v2\/comments?post=3510"}],"version-history":[{"count":0,"href":"https:\/\/fieam.org.br\/senai\/wp-json\/wp\/v2\/posts\/3510\/revisions"}],"wp:attachment":[{"href":"https:\/\/fieam.org.br\/senai\/wp-json\/wp\/v2\/media?parent=3510"}],"wp:term":[{"taxonomy":"category","embeddable":true,"href":"https:\/\/fieam.org.br\/senai\/wp-json\/wp\/v2\/categories?post=3510"},{"taxonomy":"post_tag","embeddable":true,"href":"https:\/\/fieam.org.br\/senai\/wp-json\/wp\/v2\/tags?post=3510"}],"curies":[{"name":"wp","href":"https:\/\/api.w.org\/{rel}","templated":true}]}}