{"id":3356,"date":"2014-01-20T15:23:29","date_gmt":"2014-01-20T15:23:29","guid":{"rendered":"http:\/\/www.fieam.org.br\/site\/senai\/?p=3356"},"modified":"2014-01-20T15:23:29","modified_gmt":"2014-01-20T15:23:29","slug":"20-01-14-o-sesi-e-o-senai-selecionam-talentos","status":"publish","type":"post","link":"https:\/\/fieam.org.br\/senai\/20-01-14-o-sesi-e-o-senai-selecionam-talentos\/","title":{"rendered":"20.01.14 O SESI e o SENAI selecionam talentos"},"content":{"rendered":"<p>O <strong>SESI<\/strong> e o <strong>SENAI<\/strong> selecionam talentos para atuar nas \u00e1reas abaixo solicitadas com os seguintes perfis:<\/p>\n<p><strong>Professor \u2013 1 vaga\/Pr\u00e9-requisitos:<\/strong> Gradua\u00e7\u00e3o Superior completa com Licenciatura Plena em Hist\u00f3ria, conhecimentos em Inform\u00e1tica, disponibilidade para aprender as a\u00e7\u00f5es referentes \u00e0 \u00e1rea de atua\u00e7\u00e3o e projetos vivenciados e aplicados pelo SESI para ministrar aula em turmas do 6\u00ba ao 9\u00ba ano do Ensino Fundamental e do Ensino M\u00e9dio, participar do planejamento da escola, preencher e organizar documentos acerca de seu trabalho docente\/pedag\u00f3gico e envolver-se nas atividades inter e extraclasse realizadas pelo SESI. Experi\u00eancia de 6 meses comprovada na \u00e1rea .<\/p>\n<p><strong>Professor \u2013 1 vaga\/Pr\u00e9-requisitos:<\/strong> Gradua\u00e7\u00e3o Superior completa com Licenciatura Plena em Geografia, conhecimentos em Inform\u00e1tica, disponibilidade para aprender as a\u00e7\u00f5es referentes \u00e0 \u00e1rea e atuar em diferentes projetos vivenciados e aplicados pelo SESI para ministrar aula em turma do 6\u00ba ao 9\u00ba ano do Ensino Fundamental e do Ensino M\u00e9dio, participar do planejamento e reuni\u00f5es da escola, preencher e organizar documentos acerca de seu trabalho docente\/pedag\u00f3gico e envolver-se nas atividades inter e extraclasse realizadas pelo SESI. Experi\u00eancia de 6 meses comprovada na \u00e1rea .<\/p>\n<p><strong>Bibliotec\u00e1rio \u2013 1 vaga\/Pr\u00e9-requisitos:<\/strong> Gradua\u00e7\u00e3o Superior completa em Biblioteconomia, conhecimentos em Inform\u00e1tica, disponibilidade para aprender as a\u00e7\u00f5es referentes \u00e0 \u00e1rea de atua\u00e7\u00e3o e diferentes projetos vivenciados e aplicados pelo SESI, administrar a biblioteca no descarte de acervo, cataloga\u00e7\u00e3o, classifica\u00e7\u00e3o, etiquetagem, capacita\u00e7\u00e3o e orienta\u00e7\u00e3o de usu\u00e1rios quanto a realiza\u00e7\u00e3o de pesquisa bibliogr\u00e1fica, controle de empr\u00e9stimos, devolu\u00e7\u00f5es, renova\u00e7\u00f5es e reservas de material bibliogr\u00e1fico e audiovisual, al\u00e9m das demais atividades pertinentes \u00e0 fun\u00e7\u00e3o. Experi\u00eancia de 6 meses comprovada na \u00e1rea .<\/p>\n<p><strong>T\u00e9cnico de N\u00edvel Superior \u2013 1 vaga\/Pr\u00e9-requisitos:<\/strong> Gradua\u00e7\u00e3o Superior completa em Nutri\u00e7\u00e3o, habilidade com o p\u00fablico, conhecimentos em Inform\u00e1tica avan\u00e7ada, atendimento ao cliente e programa 5s para atuar na elabora\u00e7\u00e3o de relat\u00f3rios t\u00e9cnicos, indicadores e monitoramento de metas com o objetivo de garantir atividades dos programas e projetos incluindo presta\u00e7\u00e3o de contas e supervis\u00e3o de atividades inerentes ao Programa Cozinha Brasil. Experi\u00eancia de 6 meses comprovada na \u00e1rea.<\/p>\n<p><strong>T\u00e9cnico em Educa\u00e7\u00e3o \u2013 1 vaga\/Pr\u00e9-requisitos:<\/strong> Gradua\u00e7\u00e3o Superior completa em Pedagogia, desej\u00e1vel p\u00f3s-gradua\u00e7\u00e3o em Supervis\u00e3o Escolar e\/ou EJA, conhecimentos em procedimentos da Qualidade, experi\u00eancia em Educa\u00e7\u00e3o de Jovens e Adultos e disponibilidade para viajar (podendo ocorrer regime de embarques programados\/sistem\u00e1ticos) para atuar no trabalho de supervis\u00e3o voltado para as salas de aulas nos interiores do Estado, professores itinerantes, salas em canteiros de obras e\/ou empresas industriais e acompanhamento pedag\u00f3gico aos docentes, al\u00e9m de atender demandas gerenciais, organiza\u00e7\u00e3o, desenvolvimento e acompanhamento dos planejamentos, elabora\u00e7\u00e3o\/an\u00e1lise de indicadores e produ\u00e7\u00e3o de relat\u00f3rios. Experi\u00eancia de 6 meses comprovada na \u00e1rea .<\/p>\n<p><strong>SENAI<\/strong><\/p>\n<p><strong>Instrutor I (Constru\u00e7\u00e3o Civil)\u2013 1 vaga\/Pr\u00e9-requisitos:<\/strong> Curso T\u00e9cnico completo em Edifica\u00e7\u00f5es e\/ou Cursos Profissionalizantes respeitando carga hor\u00e1ria m\u00ednima de 160 horas na \u00e1rea de atua\u00e7\u00e3o, experi\u00eancia em doc\u00eancia em Cursos e Programas de Forma\u00e7\u00e3o Inicial e Continuada de Trabalhadores nos segmentos de Constru\u00e7\u00e3o Civil, pedreiro e instalador hidr\u00e1ulico residencial, conhecimentos em Inform\u00e1tica e disponibilidade para viajar, para ministrar aulas, acompanhar e avaliar o desempenho do aluno, atuar na forma\u00e7\u00e3o do educando desenvolvendo qualidades profissionais e pessoais, al\u00e9m de participar do planejamento da escola, discutir proposta pedag\u00f3gica dos cursos e demais atividades pertinentes a \u00e1rea de ocupa\u00e7\u00e3o. Experi\u00eancia de 6 meses comprovada na \u00e1rea.<\/p>\n<p>Os interessados dever\u00e3o deixar Curr\u00edculo \u00e0 Av. Joaquim\u00a0 n\u00ba 1919 &#8211; Centro, na Recep\u00e7\u00e3o do Edif\u00edcio Raimar Aguiar &#8211; (De 20 a 24 de janeiro de 2014). Informar no curr\u00edculo o cargo pretendido e e-mail.<\/p>\n","protected":false},"excerpt":{"rendered":"<p>O SESI e o SENAI selecionam talentos para atuar nas \u00e1reas abaixo solicitadas com os seguintes perfis: Professor \u2013 1 vaga\/Pr\u00e9-requisitos: Gradua\u00e7\u00e3o Superior completa com Licenciatura Plena em Hist\u00f3ria, conhecimentos em Inform\u00e1tica, disponibilidade para aprender as a\u00e7\u00f5es referentes \u00e0 \u00e1rea de atua\u00e7\u00e3o e projetos vivenciados e aplicados pelo SESI para ministrar aula em turmas do [&hellip;]<\/p>\n","protected":false},"author":1,"featured_media":2482,"comment_status":"open","ping_status":"open","sticky":false,"template":"","format":"standard","meta":{"footnotes":""},"categories":[24],"tags":[],"class_list":["post-3356","post","type-post","status-publish","format-standard","has-post-thumbnail","hentry","category-selecao"],"yoast_head":"<!-- This site is optimized with the Yoast SEO plugin v26.8 - https:\/\/yoast.com\/product\/yoast-seo-wordpress\/ -->\n<title>20.01.14 O SESI e o SENAI selecionam talentos - SENAI<\/title>\n<meta name=\"robots\" content=\"index, follow, max-snippet:-1, max-image-preview:large, max-video-preview:-1\" \/>\n<link rel=\"canonical\" href=\"https:\/\/fieam.org.br\/senai\/20-01-14-o-sesi-e-o-senai-selecionam-talentos\/\" \/>\n<meta property=\"og:locale\" content=\"pt_BR\" \/>\n<meta property=\"og:type\" content=\"article\" \/>\n<meta property=\"og:title\" content=\"20.01.14 O SESI e o SENAI selecionam talentos - SENAI\" \/>\n<meta property=\"og:description\" content=\"O SESI e o SENAI selecionam talentos para atuar nas \u00e1reas abaixo solicitadas com os seguintes perfis: Professor \u2013 1 vaga\/Pr\u00e9-requisitos: Gradua\u00e7\u00e3o Superior completa com Licenciatura Plena em Hist\u00f3ria, conhecimentos em Inform\u00e1tica, disponibilidade para aprender as a\u00e7\u00f5es referentes \u00e0 \u00e1rea de atua\u00e7\u00e3o e projetos vivenciados e aplicados pelo SESI para ministrar aula em turmas do [&hellip;]\" \/>\n<meta property=\"og:url\" content=\"https:\/\/fieam.org.br\/senai\/20-01-14-o-sesi-e-o-senai-selecionam-talentos\/\" \/>\n<meta property=\"og:site_name\" content=\"SENAI\" \/>\n<meta property=\"article:published_time\" content=\"2014-01-20T15:23:29+00:00\" \/>\n<meta property=\"og:image\" content=\"https:\/\/fieam.org.br\/senai\/wp-content\/uploads\/sites\/16\/2013\/01\/selecao.jpg\" \/>\n\t<meta property=\"og:image:width\" content=\"250\" \/>\n\t<meta property=\"og:image:height\" content=\"250\" \/>\n\t<meta property=\"og:image:type\" content=\"image\/jpeg\" \/>\n<meta name=\"author\" content=\"Autor\" \/>\n<meta name=\"twitter:card\" content=\"summary_large_image\" \/>\n<meta name=\"twitter:label1\" content=\"Escrito por\" \/>\n\t<meta name=\"twitter:data1\" content=\"Autor\" \/>\n\t<meta name=\"twitter:label2\" content=\"Est. tempo de leitura\" \/>\n\t<meta name=\"twitter:data2\" content=\"3 minutos\" \/>\n<script type=\"application\/ld+json\" class=\"yoast-schema-graph\">{\"@context\":\"https:\/\/schema.org\",\"@graph\":[{\"@type\":\"Article\",\"@id\":\"https:\/\/fieam.org.br\/senai\/20-01-14-o-sesi-e-o-senai-selecionam-talentos\/#article\",\"isPartOf\":{\"@id\":\"https:\/\/fieam.org.br\/senai\/20-01-14-o-sesi-e-o-senai-selecionam-talentos\/\"},\"author\":{\"name\":\"Autor\",\"@id\":\"https:\/\/fieam.org.br\/senai\/#\/schema\/person\/c1ceda8321521b291cee22da0a7d34be\"},\"headline\":\"20.01.14 O SESI e o SENAI selecionam talentos\",\"datePublished\":\"2014-01-20T15:23:29+00:00\",\"mainEntityOfPage\":{\"@id\":\"https:\/\/fieam.org.br\/senai\/20-01-14-o-sesi-e-o-senai-selecionam-talentos\/\"},\"wordCount\":643,\"commentCount\":0,\"publisher\":{\"@id\":\"https:\/\/fieam.org.br\/senai\/#organization\"},\"image\":{\"@id\":\"https:\/\/fieam.org.br\/senai\/20-01-14-o-sesi-e-o-senai-selecionam-talentos\/#primaryimage\"},\"thumbnailUrl\":\"https:\/\/fieam.org.br\/senai\/wp-content\/uploads\/sites\/16\/2013\/01\/selecao.jpg\",\"articleSection\":[\"selecao\"],\"inLanguage\":\"pt-BR\",\"potentialAction\":[{\"@type\":\"CommentAction\",\"name\":\"Comment\",\"target\":[\"https:\/\/fieam.org.br\/senai\/20-01-14-o-sesi-e-o-senai-selecionam-talentos\/#respond\"]}]},{\"@type\":\"WebPage\",\"@id\":\"https:\/\/fieam.org.br\/senai\/20-01-14-o-sesi-e-o-senai-selecionam-talentos\/\",\"url\":\"https:\/\/fieam.org.br\/senai\/20-01-14-o-sesi-e-o-senai-selecionam-talentos\/\",\"name\":\"20.01.14 O SESI e o SENAI selecionam talentos - SENAI\",\"isPartOf\":{\"@id\":\"https:\/\/fieam.org.br\/senai\/#website\"},\"primaryImageOfPage\":{\"@id\":\"https:\/\/fieam.org.br\/senai\/20-01-14-o-sesi-e-o-senai-selecionam-talentos\/#primaryimage\"},\"image\":{\"@id\":\"https:\/\/fieam.org.br\/senai\/20-01-14-o-sesi-e-o-senai-selecionam-talentos\/#primaryimage\"},\"thumbnailUrl\":\"https:\/\/fieam.org.br\/senai\/wp-content\/uploads\/sites\/16\/2013\/01\/selecao.jpg\",\"datePublished\":\"2014-01-20T15:23:29+00:00\",\"breadcrumb\":{\"@id\":\"https:\/\/fieam.org.br\/senai\/20-01-14-o-sesi-e-o-senai-selecionam-talentos\/#breadcrumb\"},\"inLanguage\":\"pt-BR\",\"potentialAction\":[{\"@type\":\"ReadAction\",\"target\":[\"https:\/\/fieam.org.br\/senai\/20-01-14-o-sesi-e-o-senai-selecionam-talentos\/\"]}]},{\"@type\":\"ImageObject\",\"inLanguage\":\"pt-BR\",\"@id\":\"https:\/\/fieam.org.br\/senai\/20-01-14-o-sesi-e-o-senai-selecionam-talentos\/#primaryimage\",\"url\":\"https:\/\/fieam.org.br\/senai\/wp-content\/uploads\/sites\/16\/2013\/01\/selecao.jpg\",\"contentUrl\":\"https:\/\/fieam.org.br\/senai\/wp-content\/uploads\/sites\/16\/2013\/01\/selecao.jpg\",\"width\":250,\"height\":250},{\"@type\":\"BreadcrumbList\",\"@id\":\"https:\/\/fieam.org.br\/senai\/20-01-14-o-sesi-e-o-senai-selecionam-talentos\/#breadcrumb\",\"itemListElement\":[{\"@type\":\"ListItem\",\"position\":1,\"name\":\"In\u00edcio\",\"item\":\"https:\/\/fieam.org.br\/senai\/\"},{\"@type\":\"ListItem\",\"position\":2,\"name\":\"20.01.14 O SESI e o SENAI selecionam talentos\"}]},{\"@type\":\"WebSite\",\"@id\":\"https:\/\/fieam.org.br\/senai\/#website\",\"url\":\"https:\/\/fieam.org.br\/senai\/\",\"name\":\"SENAI\",\"description\":\"Site Oficial!\",\"publisher\":{\"@id\":\"https:\/\/fieam.org.br\/senai\/#organization\"},\"potentialAction\":[{\"@type\":\"SearchAction\",\"target\":{\"@type\":\"EntryPoint\",\"urlTemplate\":\"https:\/\/fieam.org.br\/senai\/?s={search_term_string}\"},\"query-input\":{\"@type\":\"PropertyValueSpecification\",\"valueRequired\":true,\"valueName\":\"search_term_string\"}}],\"inLanguage\":\"pt-BR\"},{\"@type\":\"Organization\",\"@id\":\"https:\/\/fieam.org.br\/senai\/#organization\",\"name\":\"SENAI\",\"url\":\"https:\/\/fieam.org.br\/senai\/\",\"logo\":{\"@type\":\"ImageObject\",\"inLanguage\":\"pt-BR\",\"@id\":\"https:\/\/fieam.org.br\/senai\/#\/schema\/logo\/image\/\",\"url\":\"https:\/\/fieam.org.br\/senai\/wp-content\/uploads\/sites\/16\/2024\/03\/cropped-fav.png\",\"contentUrl\":\"https:\/\/fieam.org.br\/senai\/wp-content\/uploads\/sites\/16\/2024\/03\/cropped-fav.png\",\"width\":592,\"height\":577,\"caption\":\"SENAI\"},\"image\":{\"@id\":\"https:\/\/fieam.org.br\/senai\/#\/schema\/logo\/image\/\"}},{\"@type\":\"Person\",\"@id\":\"https:\/\/fieam.org.br\/senai\/#\/schema\/person\/c1ceda8321521b291cee22da0a7d34be\",\"name\":\"Autor\",\"image\":{\"@type\":\"ImageObject\",\"inLanguage\":\"pt-BR\",\"@id\":\"https:\/\/fieam.org.br\/senai\/#\/schema\/person\/image\/\",\"url\":\"https:\/\/secure.gravatar.com\/avatar\/3732c223e0e1fad69062a8f770955c9068d37b055204f310a0be18d4069fe380?s=96&d=mm&r=g\",\"contentUrl\":\"https:\/\/secure.gravatar.com\/avatar\/3732c223e0e1fad69062a8f770955c9068d37b055204f310a0be18d4069fe380?s=96&d=mm&r=g\",\"caption\":\"Autor\"},\"sameAs\":[\"https:\/\/marketingmassivo.com.br\"],\"url\":\"https:\/\/fieam.org.br\/senai\/author\/admin\/\"}]}<\/script>\n<!-- \/ Yoast SEO plugin. -->","yoast_head_json":{"title":"20.01.14 O SESI e o SENAI selecionam talentos - SENAI","robots":{"index":"index","follow":"follow","max-snippet":"max-snippet:-1","max-image-preview":"max-image-preview:large","max-video-preview":"max-video-preview:-1"},"canonical":"https:\/\/fieam.org.br\/senai\/20-01-14-o-sesi-e-o-senai-selecionam-talentos\/","og_locale":"pt_BR","og_type":"article","og_title":"20.01.14 O SESI e o SENAI selecionam talentos - SENAI","og_description":"O SESI e o SENAI selecionam talentos para atuar nas \u00e1reas abaixo solicitadas com os seguintes perfis: Professor \u2013 1 vaga\/Pr\u00e9-requisitos: Gradua\u00e7\u00e3o Superior completa com Licenciatura Plena em Hist\u00f3ria, conhecimentos em Inform\u00e1tica, disponibilidade para aprender as a\u00e7\u00f5es referentes \u00e0 \u00e1rea de atua\u00e7\u00e3o e projetos vivenciados e aplicados pelo SESI para ministrar aula em turmas do [&hellip;]","og_url":"https:\/\/fieam.org.br\/senai\/20-01-14-o-sesi-e-o-senai-selecionam-talentos\/","og_site_name":"SENAI","article_published_time":"2014-01-20T15:23:29+00:00","og_image":[{"width":250,"height":250,"url":"https:\/\/fieam.org.br\/senai\/wp-content\/uploads\/sites\/16\/2013\/01\/selecao.jpg","type":"image\/jpeg"}],"author":"Autor","twitter_card":"summary_large_image","twitter_misc":{"Escrito por":"Autor","Est. tempo de leitura":"3 minutos"},"schema":{"@context":"https:\/\/schema.org","@graph":[{"@type":"Article","@id":"https:\/\/fieam.org.br\/senai\/20-01-14-o-sesi-e-o-senai-selecionam-talentos\/#article","isPartOf":{"@id":"https:\/\/fieam.org.br\/senai\/20-01-14-o-sesi-e-o-senai-selecionam-talentos\/"},"author":{"name":"Autor","@id":"https:\/\/fieam.org.br\/senai\/#\/schema\/person\/c1ceda8321521b291cee22da0a7d34be"},"headline":"20.01.14 O SESI e o SENAI selecionam talentos","datePublished":"2014-01-20T15:23:29+00:00","mainEntityOfPage":{"@id":"https:\/\/fieam.org.br\/senai\/20-01-14-o-sesi-e-o-senai-selecionam-talentos\/"},"wordCount":643,"commentCount":0,"publisher":{"@id":"https:\/\/fieam.org.br\/senai\/#organization"},"image":{"@id":"https:\/\/fieam.org.br\/senai\/20-01-14-o-sesi-e-o-senai-selecionam-talentos\/#primaryimage"},"thumbnailUrl":"https:\/\/fieam.org.br\/senai\/wp-content\/uploads\/sites\/16\/2013\/01\/selecao.jpg","articleSection":["selecao"],"inLanguage":"pt-BR","potentialAction":[{"@type":"CommentAction","name":"Comment","target":["https:\/\/fieam.org.br\/senai\/20-01-14-o-sesi-e-o-senai-selecionam-talentos\/#respond"]}]},{"@type":"WebPage","@id":"https:\/\/fieam.org.br\/senai\/20-01-14-o-sesi-e-o-senai-selecionam-talentos\/","url":"https:\/\/fieam.org.br\/senai\/20-01-14-o-sesi-e-o-senai-selecionam-talentos\/","name":"20.01.14 O SESI e o SENAI selecionam talentos - SENAI","isPartOf":{"@id":"https:\/\/fieam.org.br\/senai\/#website"},"primaryImageOfPage":{"@id":"https:\/\/fieam.org.br\/senai\/20-01-14-o-sesi-e-o-senai-selecionam-talentos\/#primaryimage"},"image":{"@id":"https:\/\/fieam.org.br\/senai\/20-01-14-o-sesi-e-o-senai-selecionam-talentos\/#primaryimage"},"thumbnailUrl":"https:\/\/fieam.org.br\/senai\/wp-content\/uploads\/sites\/16\/2013\/01\/selecao.jpg","datePublished":"2014-01-20T15:23:29+00:00","breadcrumb":{"@id":"https:\/\/fieam.org.br\/senai\/20-01-14-o-sesi-e-o-senai-selecionam-talentos\/#breadcrumb"},"inLanguage":"pt-BR","potentialAction":[{"@type":"ReadAction","target":["https:\/\/fieam.org.br\/senai\/20-01-14-o-sesi-e-o-senai-selecionam-talentos\/"]}]},{"@type":"ImageObject","inLanguage":"pt-BR","@id":"https:\/\/fieam.org.br\/senai\/20-01-14-o-sesi-e-o-senai-selecionam-talentos\/#primaryimage","url":"https:\/\/fieam.org.br\/senai\/wp-content\/uploads\/sites\/16\/2013\/01\/selecao.jpg","contentUrl":"https:\/\/fieam.org.br\/senai\/wp-content\/uploads\/sites\/16\/2013\/01\/selecao.jpg","width":250,"height":250},{"@type":"BreadcrumbList","@id":"https:\/\/fieam.org.br\/senai\/20-01-14-o-sesi-e-o-senai-selecionam-talentos\/#breadcrumb","itemListElement":[{"@type":"ListItem","position":1,"name":"In\u00edcio","item":"https:\/\/fieam.org.br\/senai\/"},{"@type":"ListItem","position":2,"name":"20.01.14 O SESI e o SENAI selecionam talentos"}]},{"@type":"WebSite","@id":"https:\/\/fieam.org.br\/senai\/#website","url":"https:\/\/fieam.org.br\/senai\/","name":"SENAI","description":"Site Oficial!","publisher":{"@id":"https:\/\/fieam.org.br\/senai\/#organization"},"potentialAction":[{"@type":"SearchAction","target":{"@type":"EntryPoint","urlTemplate":"https:\/\/fieam.org.br\/senai\/?s={search_term_string}"},"query-input":{"@type":"PropertyValueSpecification","valueRequired":true,"valueName":"search_term_string"}}],"inLanguage":"pt-BR"},{"@type":"Organization","@id":"https:\/\/fieam.org.br\/senai\/#organization","name":"SENAI","url":"https:\/\/fieam.org.br\/senai\/","logo":{"@type":"ImageObject","inLanguage":"pt-BR","@id":"https:\/\/fieam.org.br\/senai\/#\/schema\/logo\/image\/","url":"https:\/\/fieam.org.br\/senai\/wp-content\/uploads\/sites\/16\/2024\/03\/cropped-fav.png","contentUrl":"https:\/\/fieam.org.br\/senai\/wp-content\/uploads\/sites\/16\/2024\/03\/cropped-fav.png","width":592,"height":577,"caption":"SENAI"},"image":{"@id":"https:\/\/fieam.org.br\/senai\/#\/schema\/logo\/image\/"}},{"@type":"Person","@id":"https:\/\/fieam.org.br\/senai\/#\/schema\/person\/c1ceda8321521b291cee22da0a7d34be","name":"Autor","image":{"@type":"ImageObject","inLanguage":"pt-BR","@id":"https:\/\/fieam.org.br\/senai\/#\/schema\/person\/image\/","url":"https:\/\/secure.gravatar.com\/avatar\/3732c223e0e1fad69062a8f770955c9068d37b055204f310a0be18d4069fe380?s=96&d=mm&r=g","contentUrl":"https:\/\/secure.gravatar.com\/avatar\/3732c223e0e1fad69062a8f770955c9068d37b055204f310a0be18d4069fe380?s=96&d=mm&r=g","caption":"Autor"},"sameAs":["https:\/\/marketingmassivo.com.br"],"url":"https:\/\/fieam.org.br\/senai\/author\/admin\/"}]}},"_links":{"self":[{"href":"https:\/\/fieam.org.br\/senai\/wp-json\/wp\/v2\/posts\/3356","targetHints":{"allow":["GET"]}}],"collection":[{"href":"https:\/\/fieam.org.br\/senai\/wp-json\/wp\/v2\/posts"}],"about":[{"href":"https:\/\/fieam.org.br\/senai\/wp-json\/wp\/v2\/types\/post"}],"author":[{"embeddable":true,"href":"https:\/\/fieam.org.br\/senai\/wp-json\/wp\/v2\/users\/1"}],"replies":[{"embeddable":true,"href":"https:\/\/fieam.org.br\/senai\/wp-json\/wp\/v2\/comments?post=3356"}],"version-history":[{"count":0,"href":"https:\/\/fieam.org.br\/senai\/wp-json\/wp\/v2\/posts\/3356\/revisions"}],"wp:featuredmedia":[{"embeddable":true,"href":"https:\/\/fieam.org.br\/senai\/wp-json\/wp\/v2\/media\/2482"}],"wp:attachment":[{"href":"https:\/\/fieam.org.br\/senai\/wp-json\/wp\/v2\/media?parent=3356"}],"wp:term":[{"taxonomy":"category","embeddable":true,"href":"https:\/\/fieam.org.br\/senai\/wp-json\/wp\/v2\/categories?post=3356"},{"taxonomy":"post_tag","embeddable":true,"href":"https:\/\/fieam.org.br\/senai\/wp-json\/wp\/v2\/tags?post=3356"}],"curies":[{"name":"wp","href":"https:\/\/api.w.org\/{rel}","templated":true}]}}