{"id":3190,"date":"2013-10-19T15:01:17","date_gmt":"2013-10-19T15:01:17","guid":{"rendered":"http:\/\/www.fieam.org.br\/site\/senai\/?p=3190"},"modified":"2013-10-19T15:01:17","modified_gmt":"2013-10-19T15:01:17","slug":"abertura-da-5a-edicao-do-mundo-senai","status":"publish","type":"post","link":"https:\/\/fieam.org.br\/senai\/abertura-da-5a-edicao-do-mundo-senai\/","title":{"rendered":"Abertura da 5\u00aa edi\u00e7\u00e3o do Mundo SENAI"},"content":{"rendered":"<div>\n<div lang=\"PT-BR\">\n<p style=\"text-align: left\" align=\"center\"><a href=\"http:\/\/www.fieam.org.br\/site\/senai\/files\/2013\/10\/Panfleto-_FLYER-_Mundo-SENAI.jpg\"><img fetchpriority=\"high\" decoding=\"async\" class=\"alignleft  wp-image-3191\" alt=\"Panfleto _FLYER _Mundo SENAI\" src=\"http:\/\/www.fieam.org.br\/site\/senai\/files\/2013\/10\/Panfleto-_FLYER-_Mundo-SENAI.jpg\" width=\"402\" height=\"819\" srcset=\"https:\/\/fieam.org.br\/senai\/wp-content\/uploads\/sites\/16\/2013\/10\/Panfleto-_FLYER-_Mundo-SENAI.jpg 502w, https:\/\/fieam.org.br\/senai\/wp-content\/uploads\/sites\/16\/2013\/10\/Panfleto-_FLYER-_Mundo-SENAI-147x300.jpg 147w\" sizes=\"(max-width: 402px) 100vw, 402px\" \/><\/a>Nesta quinta-feira, 17, inicia-se a 5\u00aa edi\u00e7\u00e3o do\u00a0<a href=\"http:\/\/www.mundosenai.com.br\/\" target=\"_blank\" rel=\"noopener\">Mundo SENAI<\/a>, uma programa\u00e7\u00e3o de visita\u00e7\u00e3o nas\u00a0<a href=\"http:\/\/www.fieam.org.br\/site\/senai\/institucional\/\" target=\"_blank\" rel=\"noopener\">Escolas SENAI<\/a>. O evento \u00e9 uma oportunidade para a sociedade conhecer o que o SENAI Amazonas faz de melhor em educa\u00e7\u00e3o profissional e servi\u00e7os t\u00e9cnicos e tecnol\u00f3gicos. A solenidade de abertura, \u00e0s 18h30, ser\u00e1 realizada no audit\u00f3rio \u201cArivaldo Silveira Fontes\u201d, na sede da institui\u00e7\u00e3o, localizada na Avenida Rodrigo Ot\u00e1vio 2394, Distrito Industrial.<\/p>\n<p>A cerim\u00f4nia de abertura do Mundo SENAI 2013 \u00e9 direcionada aos executivos e representantes do Polo Industrial de Manaus, organiza\u00e7\u00f5es parceiras e imprensa. Durante a programa\u00e7\u00e3o, o diretor do SENAI Amazonas, Aldemurpe Barros, lan\u00e7ar\u00e1 nove cursos de Educa\u00e7\u00e3o \u00e0 Dist\u00e2ncia, que est\u00e3o inseridos nas modalidades de inicia\u00e7\u00e3o profissional, t\u00e9cnico e qualifica\u00e7\u00e3o profissional, com cargas hor\u00e1rias que variam de 14h a 1.632h.<\/p>\n<p>Ap\u00f3s apresenta\u00e7\u00e3o do portf\u00f3lio de servi\u00e7os do SENAI\/AM, o prof. Dr. Augusto C\u00e9sar Barreto Rocha ministrar\u00e1 a palestra \u201cInova\u00e7\u00e3o, Tecnologia &amp; Educa\u00e7\u00e3o\u201d. Toda a programa\u00e7\u00e3o de abertura ter\u00e1 dura\u00e7\u00e3o de duas horas, sendo finalizada com coquetel aos convidados no Hall da sede do SENAI\/AM.<\/p>\n<p>Na sexta-feira, as cinco unidades de educa\u00e7\u00e3o profissional do SENAI em Manaus, Ant\u00f4nio Sim\u00f5es, A\u00e7\u00f5es M\u00f3veis e Comunit\u00e1rias e Dem\u00f3stenes Travessas, localizadas no bairro Distrito Industrial, Waldemiro Lustoza, no bairro Cachoeirinha, e Centro Integrado de Educa\u00e7\u00e3o do Trabalhador Dolores Garcia, na Alvorada, estar\u00e3o de portas abertas para visita\u00e7\u00e3o, al\u00e9m de disponibilizarem um ciclo de atividades direcionadas aos visitantes com palestras e oficinas. A programa\u00e7\u00e3o de sexta ocorrer\u00e1 das 8h \u00e0s 17h.<\/p>\n<p>Segundo a coordenadora desta iniciativa no Departamento Regional do SENAI Amazonas, Gl\u00f3ria Fernandes, o Mundo SENAI visa fortalecer o relacionamento com os p\u00fablicos de interesse da institui\u00e7\u00e3o, bem como aumentar a assertividade dos jovens na escolha profissional, diminuindo a evas\u00e3o escolar e ampliando o n\u00famero de matr\u00edculas nos diversos cursos oferecidos pelo SENAI. A a\u00e7\u00e3o tamb\u00e9m tem o objetivo de firmar parcerias com empresas e organiza\u00e7\u00f5es que est\u00e3o alinhadas \u00e0 miss\u00e3o institucional de ampliar o acesso a educa\u00e7\u00e3o profissional no Estado, al\u00e9m de fortalecer a marca SENAI, institui\u00e7\u00e3o refer\u00eancia no ensino profissionalizante no Amazonas e no Brasil.<\/p>\n<p>\u201cA expectativa \u00e9 de atrair 4.800 visitantes nesta 5\u00aa edi\u00e7\u00e3o do Mundo SENAI no Amazonas. Esperamos grande participa\u00e7\u00e3o da sociedade na sexta-feira, quando estaremos recepcionando todos que chegarem \u00e0s escolas SENAI. Teremos visita\u00e7\u00e3o em laborat\u00f3rios e ambientes de tecnologia do e aprendizado, bem como apresenta\u00e7\u00e3o das nossas a\u00e7\u00f5es em educa\u00e7\u00e3o profissional e no servi\u00e7o t\u00e9cnico e tecnol\u00f3gico\u201d, disse Gl\u00f3ria Fernandes.<\/p>\n<p>&nbsp;<\/p>\n<\/div>\n<\/div>\n<div><\/div>\n<div><\/div>\n","protected":false},"excerpt":{"rendered":"<p>Nesta quinta-feira, 17, inicia-se a 5\u00aa edi\u00e7\u00e3o do\u00a0Mundo SENAI, uma programa\u00e7\u00e3o de visita\u00e7\u00e3o nas\u00a0Escolas SENAI. O evento \u00e9 uma oportunidade para a sociedade conhecer o que o SENAI Amazonas faz de melhor em educa\u00e7\u00e3o profissional e servi\u00e7os t\u00e9cnicos e tecnol\u00f3gicos. A solenidade de abertura, \u00e0s 18h30, ser\u00e1 realizada no audit\u00f3rio \u201cArivaldo Silveira Fontes\u201d, na sede [&hellip;]<\/p>\n","protected":false},"author":1,"featured_media":0,"comment_status":"open","ping_status":"open","sticky":false,"template":"","format":"standard","meta":{"footnotes":""},"categories":[21,22],"tags":[],"class_list":["post-3190","post","type-post","status-publish","format-standard","hentry","category-news","category-news_destaque"],"yoast_head":"<!-- This site is optimized with the Yoast SEO plugin v26.8 - https:\/\/yoast.com\/product\/yoast-seo-wordpress\/ -->\n<title>Abertura da 5\u00aa edi\u00e7\u00e3o do Mundo SENAI - SENAI<\/title>\n<meta name=\"robots\" content=\"index, follow, max-snippet:-1, max-image-preview:large, max-video-preview:-1\" \/>\n<link rel=\"canonical\" href=\"https:\/\/fieam.org.br\/senai\/abertura-da-5a-edicao-do-mundo-senai\/\" \/>\n<meta property=\"og:locale\" content=\"pt_BR\" \/>\n<meta property=\"og:type\" content=\"article\" \/>\n<meta property=\"og:title\" content=\"Abertura da 5\u00aa edi\u00e7\u00e3o do Mundo SENAI - SENAI\" \/>\n<meta property=\"og:description\" content=\"Nesta quinta-feira, 17, inicia-se a 5\u00aa edi\u00e7\u00e3o do\u00a0Mundo SENAI, uma programa\u00e7\u00e3o de visita\u00e7\u00e3o nas\u00a0Escolas SENAI. O evento \u00e9 uma oportunidade para a sociedade conhecer o que o SENAI Amazonas faz de melhor em educa\u00e7\u00e3o profissional e servi\u00e7os t\u00e9cnicos e tecnol\u00f3gicos. A solenidade de abertura, \u00e0s 18h30, ser\u00e1 realizada no audit\u00f3rio \u201cArivaldo Silveira Fontes\u201d, na sede [&hellip;]\" \/>\n<meta property=\"og:url\" content=\"https:\/\/fieam.org.br\/senai\/abertura-da-5a-edicao-do-mundo-senai\/\" \/>\n<meta property=\"og:site_name\" content=\"SENAI\" \/>\n<meta property=\"article:published_time\" content=\"2013-10-19T15:01:17+00:00\" \/>\n<meta property=\"og:image\" content=\"https:\/\/fieam.org.br\/senai\/wp-content\/uploads\/sites\/16\/2013\/10\/Panfleto-_FLYER-_Mundo-SENAI.jpg\" \/>\n\t<meta property=\"og:image:width\" content=\"502\" \/>\n\t<meta property=\"og:image:height\" content=\"1024\" \/>\n\t<meta property=\"og:image:type\" content=\"image\/jpeg\" \/>\n<meta name=\"author\" content=\"Autor\" \/>\n<meta name=\"twitter:card\" content=\"summary_large_image\" \/>\n<meta name=\"twitter:label1\" content=\"Escrito por\" \/>\n\t<meta name=\"twitter:data1\" content=\"Autor\" \/>\n\t<meta name=\"twitter:label2\" content=\"Est. tempo de leitura\" \/>\n\t<meta name=\"twitter:data2\" content=\"2 minutos\" \/>\n<script type=\"application\/ld+json\" class=\"yoast-schema-graph\">{\"@context\":\"https:\/\/schema.org\",\"@graph\":[{\"@type\":\"Article\",\"@id\":\"https:\/\/fieam.org.br\/senai\/abertura-da-5a-edicao-do-mundo-senai\/#article\",\"isPartOf\":{\"@id\":\"https:\/\/fieam.org.br\/senai\/abertura-da-5a-edicao-do-mundo-senai\/\"},\"author\":{\"name\":\"Autor\",\"@id\":\"https:\/\/fieam.org.br\/senai\/#\/schema\/person\/c1ceda8321521b291cee22da0a7d34be\"},\"headline\":\"Abertura da 5\u00aa edi\u00e7\u00e3o do Mundo SENAI\",\"datePublished\":\"2013-10-19T15:01:17+00:00\",\"mainEntityOfPage\":{\"@id\":\"https:\/\/fieam.org.br\/senai\/abertura-da-5a-edicao-do-mundo-senai\/\"},\"wordCount\":467,\"commentCount\":0,\"publisher\":{\"@id\":\"https:\/\/fieam.org.br\/senai\/#organization\"},\"image\":{\"@id\":\"https:\/\/fieam.org.br\/senai\/abertura-da-5a-edicao-do-mundo-senai\/#primaryimage\"},\"thumbnailUrl\":\"http:\/\/www.fieam.org.br\/site\/senai\/files\/2013\/10\/Panfleto-_FLYER-_Mundo-SENAI.jpg\",\"articleSection\":[\"News\",\"News Destaques\"],\"inLanguage\":\"pt-BR\",\"potentialAction\":[{\"@type\":\"CommentAction\",\"name\":\"Comment\",\"target\":[\"https:\/\/fieam.org.br\/senai\/abertura-da-5a-edicao-do-mundo-senai\/#respond\"]}]},{\"@type\":\"WebPage\",\"@id\":\"https:\/\/fieam.org.br\/senai\/abertura-da-5a-edicao-do-mundo-senai\/\",\"url\":\"https:\/\/fieam.org.br\/senai\/abertura-da-5a-edicao-do-mundo-senai\/\",\"name\":\"Abertura da 5\u00aa edi\u00e7\u00e3o do Mundo SENAI - SENAI\",\"isPartOf\":{\"@id\":\"https:\/\/fieam.org.br\/senai\/#website\"},\"primaryImageOfPage\":{\"@id\":\"https:\/\/fieam.org.br\/senai\/abertura-da-5a-edicao-do-mundo-senai\/#primaryimage\"},\"image\":{\"@id\":\"https:\/\/fieam.org.br\/senai\/abertura-da-5a-edicao-do-mundo-senai\/#primaryimage\"},\"thumbnailUrl\":\"http:\/\/www.fieam.org.br\/site\/senai\/files\/2013\/10\/Panfleto-_FLYER-_Mundo-SENAI.jpg\",\"datePublished\":\"2013-10-19T15:01:17+00:00\",\"breadcrumb\":{\"@id\":\"https:\/\/fieam.org.br\/senai\/abertura-da-5a-edicao-do-mundo-senai\/#breadcrumb\"},\"inLanguage\":\"pt-BR\",\"potentialAction\":[{\"@type\":\"ReadAction\",\"target\":[\"https:\/\/fieam.org.br\/senai\/abertura-da-5a-edicao-do-mundo-senai\/\"]}]},{\"@type\":\"ImageObject\",\"inLanguage\":\"pt-BR\",\"@id\":\"https:\/\/fieam.org.br\/senai\/abertura-da-5a-edicao-do-mundo-senai\/#primaryimage\",\"url\":\"http:\/\/www.fieam.org.br\/site\/senai\/files\/2013\/10\/Panfleto-_FLYER-_Mundo-SENAI.jpg\",\"contentUrl\":\"http:\/\/www.fieam.org.br\/site\/senai\/files\/2013\/10\/Panfleto-_FLYER-_Mundo-SENAI.jpg\"},{\"@type\":\"BreadcrumbList\",\"@id\":\"https:\/\/fieam.org.br\/senai\/abertura-da-5a-edicao-do-mundo-senai\/#breadcrumb\",\"itemListElement\":[{\"@type\":\"ListItem\",\"position\":1,\"name\":\"In\u00edcio\",\"item\":\"https:\/\/fieam.org.br\/senai\/\"},{\"@type\":\"ListItem\",\"position\":2,\"name\":\"Abertura da 5\u00aa edi\u00e7\u00e3o do Mundo SENAI\"}]},{\"@type\":\"WebSite\",\"@id\":\"https:\/\/fieam.org.br\/senai\/#website\",\"url\":\"https:\/\/fieam.org.br\/senai\/\",\"name\":\"SENAI\",\"description\":\"Site Oficial!\",\"publisher\":{\"@id\":\"https:\/\/fieam.org.br\/senai\/#organization\"},\"potentialAction\":[{\"@type\":\"SearchAction\",\"target\":{\"@type\":\"EntryPoint\",\"urlTemplate\":\"https:\/\/fieam.org.br\/senai\/?s={search_term_string}\"},\"query-input\":{\"@type\":\"PropertyValueSpecification\",\"valueRequired\":true,\"valueName\":\"search_term_string\"}}],\"inLanguage\":\"pt-BR\"},{\"@type\":\"Organization\",\"@id\":\"https:\/\/fieam.org.br\/senai\/#organization\",\"name\":\"SENAI\",\"url\":\"https:\/\/fieam.org.br\/senai\/\",\"logo\":{\"@type\":\"ImageObject\",\"inLanguage\":\"pt-BR\",\"@id\":\"https:\/\/fieam.org.br\/senai\/#\/schema\/logo\/image\/\",\"url\":\"https:\/\/fieam.org.br\/senai\/wp-content\/uploads\/sites\/16\/2024\/03\/cropped-fav.png\",\"contentUrl\":\"https:\/\/fieam.org.br\/senai\/wp-content\/uploads\/sites\/16\/2024\/03\/cropped-fav.png\",\"width\":592,\"height\":577,\"caption\":\"SENAI\"},\"image\":{\"@id\":\"https:\/\/fieam.org.br\/senai\/#\/schema\/logo\/image\/\"}},{\"@type\":\"Person\",\"@id\":\"https:\/\/fieam.org.br\/senai\/#\/schema\/person\/c1ceda8321521b291cee22da0a7d34be\",\"name\":\"Autor\",\"image\":{\"@type\":\"ImageObject\",\"inLanguage\":\"pt-BR\",\"@id\":\"https:\/\/fieam.org.br\/senai\/#\/schema\/person\/image\/\",\"url\":\"https:\/\/secure.gravatar.com\/avatar\/3732c223e0e1fad69062a8f770955c9068d37b055204f310a0be18d4069fe380?s=96&d=mm&r=g\",\"contentUrl\":\"https:\/\/secure.gravatar.com\/avatar\/3732c223e0e1fad69062a8f770955c9068d37b055204f310a0be18d4069fe380?s=96&d=mm&r=g\",\"caption\":\"Autor\"},\"sameAs\":[\"https:\/\/marketingmassivo.com.br\"],\"url\":\"https:\/\/fieam.org.br\/senai\/author\/admin\/\"}]}<\/script>\n<!-- \/ Yoast SEO plugin. -->","yoast_head_json":{"title":"Abertura da 5\u00aa edi\u00e7\u00e3o do Mundo SENAI - SENAI","robots":{"index":"index","follow":"follow","max-snippet":"max-snippet:-1","max-image-preview":"max-image-preview:large","max-video-preview":"max-video-preview:-1"},"canonical":"https:\/\/fieam.org.br\/senai\/abertura-da-5a-edicao-do-mundo-senai\/","og_locale":"pt_BR","og_type":"article","og_title":"Abertura da 5\u00aa edi\u00e7\u00e3o do Mundo SENAI - SENAI","og_description":"Nesta quinta-feira, 17, inicia-se a 5\u00aa edi\u00e7\u00e3o do\u00a0Mundo SENAI, uma programa\u00e7\u00e3o de visita\u00e7\u00e3o nas\u00a0Escolas SENAI. O evento \u00e9 uma oportunidade para a sociedade conhecer o que o SENAI Amazonas faz de melhor em educa\u00e7\u00e3o profissional e servi\u00e7os t\u00e9cnicos e tecnol\u00f3gicos. A solenidade de abertura, \u00e0s 18h30, ser\u00e1 realizada no audit\u00f3rio \u201cArivaldo Silveira Fontes\u201d, na sede [&hellip;]","og_url":"https:\/\/fieam.org.br\/senai\/abertura-da-5a-edicao-do-mundo-senai\/","og_site_name":"SENAI","article_published_time":"2013-10-19T15:01:17+00:00","og_image":[{"width":502,"height":1024,"url":"https:\/\/fieam.org.br\/senai\/wp-content\/uploads\/sites\/16\/2013\/10\/Panfleto-_FLYER-_Mundo-SENAI.jpg","type":"image\/jpeg"}],"author":"Autor","twitter_card":"summary_large_image","twitter_misc":{"Escrito por":"Autor","Est. tempo de leitura":"2 minutos"},"schema":{"@context":"https:\/\/schema.org","@graph":[{"@type":"Article","@id":"https:\/\/fieam.org.br\/senai\/abertura-da-5a-edicao-do-mundo-senai\/#article","isPartOf":{"@id":"https:\/\/fieam.org.br\/senai\/abertura-da-5a-edicao-do-mundo-senai\/"},"author":{"name":"Autor","@id":"https:\/\/fieam.org.br\/senai\/#\/schema\/person\/c1ceda8321521b291cee22da0a7d34be"},"headline":"Abertura da 5\u00aa edi\u00e7\u00e3o do Mundo SENAI","datePublished":"2013-10-19T15:01:17+00:00","mainEntityOfPage":{"@id":"https:\/\/fieam.org.br\/senai\/abertura-da-5a-edicao-do-mundo-senai\/"},"wordCount":467,"commentCount":0,"publisher":{"@id":"https:\/\/fieam.org.br\/senai\/#organization"},"image":{"@id":"https:\/\/fieam.org.br\/senai\/abertura-da-5a-edicao-do-mundo-senai\/#primaryimage"},"thumbnailUrl":"http:\/\/www.fieam.org.br\/site\/senai\/files\/2013\/10\/Panfleto-_FLYER-_Mundo-SENAI.jpg","articleSection":["News","News Destaques"],"inLanguage":"pt-BR","potentialAction":[{"@type":"CommentAction","name":"Comment","target":["https:\/\/fieam.org.br\/senai\/abertura-da-5a-edicao-do-mundo-senai\/#respond"]}]},{"@type":"WebPage","@id":"https:\/\/fieam.org.br\/senai\/abertura-da-5a-edicao-do-mundo-senai\/","url":"https:\/\/fieam.org.br\/senai\/abertura-da-5a-edicao-do-mundo-senai\/","name":"Abertura da 5\u00aa edi\u00e7\u00e3o do Mundo SENAI - SENAI","isPartOf":{"@id":"https:\/\/fieam.org.br\/senai\/#website"},"primaryImageOfPage":{"@id":"https:\/\/fieam.org.br\/senai\/abertura-da-5a-edicao-do-mundo-senai\/#primaryimage"},"image":{"@id":"https:\/\/fieam.org.br\/senai\/abertura-da-5a-edicao-do-mundo-senai\/#primaryimage"},"thumbnailUrl":"http:\/\/www.fieam.org.br\/site\/senai\/files\/2013\/10\/Panfleto-_FLYER-_Mundo-SENAI.jpg","datePublished":"2013-10-19T15:01:17+00:00","breadcrumb":{"@id":"https:\/\/fieam.org.br\/senai\/abertura-da-5a-edicao-do-mundo-senai\/#breadcrumb"},"inLanguage":"pt-BR","potentialAction":[{"@type":"ReadAction","target":["https:\/\/fieam.org.br\/senai\/abertura-da-5a-edicao-do-mundo-senai\/"]}]},{"@type":"ImageObject","inLanguage":"pt-BR","@id":"https:\/\/fieam.org.br\/senai\/abertura-da-5a-edicao-do-mundo-senai\/#primaryimage","url":"http:\/\/www.fieam.org.br\/site\/senai\/files\/2013\/10\/Panfleto-_FLYER-_Mundo-SENAI.jpg","contentUrl":"http:\/\/www.fieam.org.br\/site\/senai\/files\/2013\/10\/Panfleto-_FLYER-_Mundo-SENAI.jpg"},{"@type":"BreadcrumbList","@id":"https:\/\/fieam.org.br\/senai\/abertura-da-5a-edicao-do-mundo-senai\/#breadcrumb","itemListElement":[{"@type":"ListItem","position":1,"name":"In\u00edcio","item":"https:\/\/fieam.org.br\/senai\/"},{"@type":"ListItem","position":2,"name":"Abertura da 5\u00aa edi\u00e7\u00e3o do Mundo SENAI"}]},{"@type":"WebSite","@id":"https:\/\/fieam.org.br\/senai\/#website","url":"https:\/\/fieam.org.br\/senai\/","name":"SENAI","description":"Site Oficial!","publisher":{"@id":"https:\/\/fieam.org.br\/senai\/#organization"},"potentialAction":[{"@type":"SearchAction","target":{"@type":"EntryPoint","urlTemplate":"https:\/\/fieam.org.br\/senai\/?s={search_term_string}"},"query-input":{"@type":"PropertyValueSpecification","valueRequired":true,"valueName":"search_term_string"}}],"inLanguage":"pt-BR"},{"@type":"Organization","@id":"https:\/\/fieam.org.br\/senai\/#organization","name":"SENAI","url":"https:\/\/fieam.org.br\/senai\/","logo":{"@type":"ImageObject","inLanguage":"pt-BR","@id":"https:\/\/fieam.org.br\/senai\/#\/schema\/logo\/image\/","url":"https:\/\/fieam.org.br\/senai\/wp-content\/uploads\/sites\/16\/2024\/03\/cropped-fav.png","contentUrl":"https:\/\/fieam.org.br\/senai\/wp-content\/uploads\/sites\/16\/2024\/03\/cropped-fav.png","width":592,"height":577,"caption":"SENAI"},"image":{"@id":"https:\/\/fieam.org.br\/senai\/#\/schema\/logo\/image\/"}},{"@type":"Person","@id":"https:\/\/fieam.org.br\/senai\/#\/schema\/person\/c1ceda8321521b291cee22da0a7d34be","name":"Autor","image":{"@type":"ImageObject","inLanguage":"pt-BR","@id":"https:\/\/fieam.org.br\/senai\/#\/schema\/person\/image\/","url":"https:\/\/secure.gravatar.com\/avatar\/3732c223e0e1fad69062a8f770955c9068d37b055204f310a0be18d4069fe380?s=96&d=mm&r=g","contentUrl":"https:\/\/secure.gravatar.com\/avatar\/3732c223e0e1fad69062a8f770955c9068d37b055204f310a0be18d4069fe380?s=96&d=mm&r=g","caption":"Autor"},"sameAs":["https:\/\/marketingmassivo.com.br"],"url":"https:\/\/fieam.org.br\/senai\/author\/admin\/"}]}},"_links":{"self":[{"href":"https:\/\/fieam.org.br\/senai\/wp-json\/wp\/v2\/posts\/3190","targetHints":{"allow":["GET"]}}],"collection":[{"href":"https:\/\/fieam.org.br\/senai\/wp-json\/wp\/v2\/posts"}],"about":[{"href":"https:\/\/fieam.org.br\/senai\/wp-json\/wp\/v2\/types\/post"}],"author":[{"embeddable":true,"href":"https:\/\/fieam.org.br\/senai\/wp-json\/wp\/v2\/users\/1"}],"replies":[{"embeddable":true,"href":"https:\/\/fieam.org.br\/senai\/wp-json\/wp\/v2\/comments?post=3190"}],"version-history":[{"count":0,"href":"https:\/\/fieam.org.br\/senai\/wp-json\/wp\/v2\/posts\/3190\/revisions"}],"wp:attachment":[{"href":"https:\/\/fieam.org.br\/senai\/wp-json\/wp\/v2\/media?parent=3190"}],"wp:term":[{"taxonomy":"category","embeddable":true,"href":"https:\/\/fieam.org.br\/senai\/wp-json\/wp\/v2\/categories?post=3190"},{"taxonomy":"post_tag","embeddable":true,"href":"https:\/\/fieam.org.br\/senai\/wp-json\/wp\/v2\/tags?post=3190"}],"curies":[{"name":"wp","href":"https:\/\/api.w.org\/{rel}","templated":true}]}}