{"id":2855,"date":"2013-07-15T20:35:15","date_gmt":"2013-07-15T20:35:15","guid":{"rendered":"http:\/\/www.fieam.org.br\/site\/senai\/?p=2855"},"modified":"2013-07-15T20:35:15","modified_gmt":"2013-07-15T20:35:15","slug":"video-de-educacao-profissional-do-amazonas-compete-na-promocao-de-25-anos-da-festo","status":"publish","type":"post","link":"https:\/\/fieam.org.br\/senai\/video-de-educacao-profissional-do-amazonas-compete-na-promocao-de-25-anos-da-festo\/","title":{"rendered":"V\u00eddeo de educa\u00e7\u00e3o profissional do Amazonas  compete na promo\u00e7\u00e3o de 25 anos da FESTO"},"content":{"rendered":"<p>A Escola SENAI Ant\u00f4nio Sim\u00f5es \u00e9 uma das fortes candidatas a ganhar tr\u00eas bancadas com tecnologia de ponta da FESTO Didactic, empresa que desenvolve h\u00e1 25 anos softwares e equipamentos para a ind\u00fastria de automa\u00e7\u00e3o. A vota\u00e7\u00e3o est\u00e1 sendo realizada no perfil do facebook da FESTO Didactic pelo endere\u00e7o <a href=\"https:\/\/www.facebook.com\/FestoDidactic\/app_198444646841764\">https:\/\/www.facebook.com\/FestoDidactic\/app_198444646841764<\/a>. Para eleger a escola do Amazonas, basta entrar no perfil e clicar na Escola SENAI Ant\u00f4nio Sim\u00f5es e, em seguida, j\u00e1 se sabe a parcial da vota\u00e7\u00e3o de cada institui\u00e7\u00e3o participante.<\/p>\n<p>V\u00eddeos de escolas de todo o mundo participaram da pr\u00e9-sele\u00e7\u00e3o realizada em mar\u00e7o deste ano. Foram apresentadas imagens que mostram projetos, programas e atividades did\u00e1ticas no processo de ensino\/aprendizagem que utilizam equipamentos da marca FESTO. Apenas 20 v\u00eddeos foram selecionados, das quais dois s\u00e3o do Brasil e de escolas do SENAI, sendo uma de Manaus (AM) e a outra de Caixas do Sul (RS).<\/p>\n<p>O instrutor de mecatr\u00f4nica da Escola SENAI Ant\u00f4nio Sim\u00f5es, Marcos Alexandre de Lima, e os alunos medalha de prata da Olimp\u00edada do Conhecimento 2012 da ocupa\u00e7\u00e3o Mecatr\u00f4nica, Elton Freitas e Paulo Santiago, s\u00e3o os produtores e personagens do v\u00eddeo do SENAI Amazonas.<\/p>\n<p>O v\u00eddeo apresenta parte do que \u00e9 feito nas aulas pr\u00e1ticas do curso de automa\u00e7\u00e3o industrial no ambiente equipado com bancadas, computadores e robores que simulam o processo produtivo de uma linha de produ\u00e7\u00e3o no Polo Industrial de Manaus (PIM).<\/p>\n<p>A proposta da empresa FESTO \u00e9 marcar o ano em que comemora 25 anos de atividades, doando um alto investimento realizado na montagem do ambiente de competi\u00e7\u00e3o da ocupa\u00e7\u00e3o de Mecatr\u00f4nica do maior torneio de educa\u00e7\u00e3o profissional do mundo, o Worldskills, ocorrido na Alemanha, onde a dupla ga\u00facha, Henrique Baron e Maur\u00edcio Toigo, foi a grande campe\u00e3.<\/p>\n<p>As tr\u00eas bancadas ser\u00e3o entregues \u00e0 escola que teve a maior vota\u00e7\u00e3o at\u00e9 o dia 28 deste m\u00eas para que contribua com forma\u00e7\u00e3o de novos profissionais no segmento de automa\u00e7\u00e3o industrial.<\/p>\n<p>Vote na Escola SENAI Ant\u00f4nio Sim\u00f5es at\u00e9 o dia 28 deste m\u00eas pelo endere\u00e7o\u00a0 <a href=\"https:\/\/www.facebook.com\/FestoDidactic\/app_198444646841764\" target=\"_blank\" rel=\"noopener\">https:\/\/www.facebook.com\/FestoDidactic\/app_198444646841764<\/a>. Participe.<\/p>\n","protected":false},"excerpt":{"rendered":"<p>A Escola SENAI Ant\u00f4nio Sim\u00f5es \u00e9 uma das fortes candidatas a ganhar tr\u00eas bancadas com tecnologia de ponta da FESTO Didactic, empresa que desenvolve h\u00e1 25 anos softwares e equipamentos para a ind\u00fastria de automa\u00e7\u00e3o. A vota\u00e7\u00e3o est\u00e1 sendo realizada no perfil do facebook da FESTO Didactic pelo endere\u00e7o https:\/\/www.facebook.com\/FestoDidactic\/app_198444646841764. Para eleger a escola do [&hellip;]<\/p>\n","protected":false},"author":1,"featured_media":0,"comment_status":"open","ping_status":"open","sticky":false,"template":"","format":"standard","meta":{"footnotes":""},"categories":[21],"tags":[],"class_list":["post-2855","post","type-post","status-publish","format-standard","hentry","category-news"],"yoast_head":"<!-- This site is optimized with the Yoast SEO plugin v26.8 - https:\/\/yoast.com\/product\/yoast-seo-wordpress\/ -->\n<title>V\u00eddeo de educa\u00e7\u00e3o profissional do Amazonas compete na promo\u00e7\u00e3o de 25 anos da FESTO - SENAI<\/title>\n<meta name=\"robots\" content=\"index, follow, max-snippet:-1, max-image-preview:large, max-video-preview:-1\" \/>\n<link rel=\"canonical\" href=\"https:\/\/fieam.org.br\/senai\/video-de-educacao-profissional-do-amazonas-compete-na-promocao-de-25-anos-da-festo\/\" \/>\n<meta property=\"og:locale\" content=\"pt_BR\" \/>\n<meta property=\"og:type\" content=\"article\" \/>\n<meta property=\"og:title\" content=\"V\u00eddeo de educa\u00e7\u00e3o profissional do Amazonas compete na promo\u00e7\u00e3o de 25 anos da FESTO - SENAI\" \/>\n<meta property=\"og:description\" content=\"A Escola SENAI Ant\u00f4nio Sim\u00f5es \u00e9 uma das fortes candidatas a ganhar tr\u00eas bancadas com tecnologia de ponta da FESTO Didactic, empresa que desenvolve h\u00e1 25 anos softwares e equipamentos para a ind\u00fastria de automa\u00e7\u00e3o. A vota\u00e7\u00e3o est\u00e1 sendo realizada no perfil do facebook da FESTO Didactic pelo endere\u00e7o https:\/\/www.facebook.com\/FestoDidactic\/app_198444646841764. Para eleger a escola do [&hellip;]\" \/>\n<meta property=\"og:url\" content=\"https:\/\/fieam.org.br\/senai\/video-de-educacao-profissional-do-amazonas-compete-na-promocao-de-25-anos-da-festo\/\" \/>\n<meta property=\"og:site_name\" content=\"SENAI\" \/>\n<meta property=\"article:published_time\" content=\"2013-07-15T20:35:15+00:00\" \/>\n<meta name=\"author\" content=\"Autor\" \/>\n<meta name=\"twitter:card\" content=\"summary_large_image\" \/>\n<meta name=\"twitter:label1\" content=\"Escrito por\" \/>\n\t<meta name=\"twitter:data1\" content=\"Autor\" \/>\n\t<meta name=\"twitter:label2\" content=\"Est. tempo de leitura\" \/>\n\t<meta name=\"twitter:data2\" content=\"2 minutos\" \/>\n<script type=\"application\/ld+json\" class=\"yoast-schema-graph\">{\"@context\":\"https:\/\/schema.org\",\"@graph\":[{\"@type\":\"Article\",\"@id\":\"https:\/\/fieam.org.br\/senai\/video-de-educacao-profissional-do-amazonas-compete-na-promocao-de-25-anos-da-festo\/#article\",\"isPartOf\":{\"@id\":\"https:\/\/fieam.org.br\/senai\/video-de-educacao-profissional-do-amazonas-compete-na-promocao-de-25-anos-da-festo\/\"},\"author\":{\"name\":\"Autor\",\"@id\":\"https:\/\/fieam.org.br\/senai\/#\/schema\/person\/c1ceda8321521b291cee22da0a7d34be\"},\"headline\":\"V\u00eddeo de educa\u00e7\u00e3o profissional do Amazonas compete na promo\u00e7\u00e3o de 25 anos da FESTO\",\"datePublished\":\"2013-07-15T20:35:15+00:00\",\"mainEntityOfPage\":{\"@id\":\"https:\/\/fieam.org.br\/senai\/video-de-educacao-profissional-do-amazonas-compete-na-promocao-de-25-anos-da-festo\/\"},\"wordCount\":394,\"commentCount\":0,\"publisher\":{\"@id\":\"https:\/\/fieam.org.br\/senai\/#organization\"},\"articleSection\":[\"News\"],\"inLanguage\":\"pt-BR\",\"potentialAction\":[{\"@type\":\"CommentAction\",\"name\":\"Comment\",\"target\":[\"https:\/\/fieam.org.br\/senai\/video-de-educacao-profissional-do-amazonas-compete-na-promocao-de-25-anos-da-festo\/#respond\"]}]},{\"@type\":\"WebPage\",\"@id\":\"https:\/\/fieam.org.br\/senai\/video-de-educacao-profissional-do-amazonas-compete-na-promocao-de-25-anos-da-festo\/\",\"url\":\"https:\/\/fieam.org.br\/senai\/video-de-educacao-profissional-do-amazonas-compete-na-promocao-de-25-anos-da-festo\/\",\"name\":\"V\u00eddeo de educa\u00e7\u00e3o profissional do Amazonas compete na promo\u00e7\u00e3o de 25 anos da FESTO - SENAI\",\"isPartOf\":{\"@id\":\"https:\/\/fieam.org.br\/senai\/#website\"},\"datePublished\":\"2013-07-15T20:35:15+00:00\",\"breadcrumb\":{\"@id\":\"https:\/\/fieam.org.br\/senai\/video-de-educacao-profissional-do-amazonas-compete-na-promocao-de-25-anos-da-festo\/#breadcrumb\"},\"inLanguage\":\"pt-BR\",\"potentialAction\":[{\"@type\":\"ReadAction\",\"target\":[\"https:\/\/fieam.org.br\/senai\/video-de-educacao-profissional-do-amazonas-compete-na-promocao-de-25-anos-da-festo\/\"]}]},{\"@type\":\"BreadcrumbList\",\"@id\":\"https:\/\/fieam.org.br\/senai\/video-de-educacao-profissional-do-amazonas-compete-na-promocao-de-25-anos-da-festo\/#breadcrumb\",\"itemListElement\":[{\"@type\":\"ListItem\",\"position\":1,\"name\":\"In\u00edcio\",\"item\":\"https:\/\/fieam.org.br\/senai\/\"},{\"@type\":\"ListItem\",\"position\":2,\"name\":\"V\u00eddeo de educa\u00e7\u00e3o profissional do Amazonas compete na promo\u00e7\u00e3o de 25 anos da FESTO\"}]},{\"@type\":\"WebSite\",\"@id\":\"https:\/\/fieam.org.br\/senai\/#website\",\"url\":\"https:\/\/fieam.org.br\/senai\/\",\"name\":\"SENAI\",\"description\":\"Site Oficial!\",\"publisher\":{\"@id\":\"https:\/\/fieam.org.br\/senai\/#organization\"},\"potentialAction\":[{\"@type\":\"SearchAction\",\"target\":{\"@type\":\"EntryPoint\",\"urlTemplate\":\"https:\/\/fieam.org.br\/senai\/?s={search_term_string}\"},\"query-input\":{\"@type\":\"PropertyValueSpecification\",\"valueRequired\":true,\"valueName\":\"search_term_string\"}}],\"inLanguage\":\"pt-BR\"},{\"@type\":\"Organization\",\"@id\":\"https:\/\/fieam.org.br\/senai\/#organization\",\"name\":\"SENAI\",\"url\":\"https:\/\/fieam.org.br\/senai\/\",\"logo\":{\"@type\":\"ImageObject\",\"inLanguage\":\"pt-BR\",\"@id\":\"https:\/\/fieam.org.br\/senai\/#\/schema\/logo\/image\/\",\"url\":\"https:\/\/fieam.org.br\/senai\/wp-content\/uploads\/sites\/16\/2024\/03\/cropped-fav.png\",\"contentUrl\":\"https:\/\/fieam.org.br\/senai\/wp-content\/uploads\/sites\/16\/2024\/03\/cropped-fav.png\",\"width\":592,\"height\":577,\"caption\":\"SENAI\"},\"image\":{\"@id\":\"https:\/\/fieam.org.br\/senai\/#\/schema\/logo\/image\/\"}},{\"@type\":\"Person\",\"@id\":\"https:\/\/fieam.org.br\/senai\/#\/schema\/person\/c1ceda8321521b291cee22da0a7d34be\",\"name\":\"Autor\",\"image\":{\"@type\":\"ImageObject\",\"inLanguage\":\"pt-BR\",\"@id\":\"https:\/\/fieam.org.br\/senai\/#\/schema\/person\/image\/\",\"url\":\"https:\/\/secure.gravatar.com\/avatar\/3732c223e0e1fad69062a8f770955c9068d37b055204f310a0be18d4069fe380?s=96&d=mm&r=g\",\"contentUrl\":\"https:\/\/secure.gravatar.com\/avatar\/3732c223e0e1fad69062a8f770955c9068d37b055204f310a0be18d4069fe380?s=96&d=mm&r=g\",\"caption\":\"Autor\"},\"sameAs\":[\"https:\/\/marketingmassivo.com.br\"],\"url\":\"https:\/\/fieam.org.br\/senai\/author\/admin\/\"}]}<\/script>\n<!-- \/ Yoast SEO plugin. -->","yoast_head_json":{"title":"V\u00eddeo de educa\u00e7\u00e3o profissional do Amazonas compete na promo\u00e7\u00e3o de 25 anos da FESTO - SENAI","robots":{"index":"index","follow":"follow","max-snippet":"max-snippet:-1","max-image-preview":"max-image-preview:large","max-video-preview":"max-video-preview:-1"},"canonical":"https:\/\/fieam.org.br\/senai\/video-de-educacao-profissional-do-amazonas-compete-na-promocao-de-25-anos-da-festo\/","og_locale":"pt_BR","og_type":"article","og_title":"V\u00eddeo de educa\u00e7\u00e3o profissional do Amazonas compete na promo\u00e7\u00e3o de 25 anos da FESTO - SENAI","og_description":"A Escola SENAI Ant\u00f4nio Sim\u00f5es \u00e9 uma das fortes candidatas a ganhar tr\u00eas bancadas com tecnologia de ponta da FESTO Didactic, empresa que desenvolve h\u00e1 25 anos softwares e equipamentos para a ind\u00fastria de automa\u00e7\u00e3o. A vota\u00e7\u00e3o est\u00e1 sendo realizada no perfil do facebook da FESTO Didactic pelo endere\u00e7o https:\/\/www.facebook.com\/FestoDidactic\/app_198444646841764. Para eleger a escola do [&hellip;]","og_url":"https:\/\/fieam.org.br\/senai\/video-de-educacao-profissional-do-amazonas-compete-na-promocao-de-25-anos-da-festo\/","og_site_name":"SENAI","article_published_time":"2013-07-15T20:35:15+00:00","author":"Autor","twitter_card":"summary_large_image","twitter_misc":{"Escrito por":"Autor","Est. tempo de leitura":"2 minutos"},"schema":{"@context":"https:\/\/schema.org","@graph":[{"@type":"Article","@id":"https:\/\/fieam.org.br\/senai\/video-de-educacao-profissional-do-amazonas-compete-na-promocao-de-25-anos-da-festo\/#article","isPartOf":{"@id":"https:\/\/fieam.org.br\/senai\/video-de-educacao-profissional-do-amazonas-compete-na-promocao-de-25-anos-da-festo\/"},"author":{"name":"Autor","@id":"https:\/\/fieam.org.br\/senai\/#\/schema\/person\/c1ceda8321521b291cee22da0a7d34be"},"headline":"V\u00eddeo de educa\u00e7\u00e3o profissional do Amazonas compete na promo\u00e7\u00e3o de 25 anos da FESTO","datePublished":"2013-07-15T20:35:15+00:00","mainEntityOfPage":{"@id":"https:\/\/fieam.org.br\/senai\/video-de-educacao-profissional-do-amazonas-compete-na-promocao-de-25-anos-da-festo\/"},"wordCount":394,"commentCount":0,"publisher":{"@id":"https:\/\/fieam.org.br\/senai\/#organization"},"articleSection":["News"],"inLanguage":"pt-BR","potentialAction":[{"@type":"CommentAction","name":"Comment","target":["https:\/\/fieam.org.br\/senai\/video-de-educacao-profissional-do-amazonas-compete-na-promocao-de-25-anos-da-festo\/#respond"]}]},{"@type":"WebPage","@id":"https:\/\/fieam.org.br\/senai\/video-de-educacao-profissional-do-amazonas-compete-na-promocao-de-25-anos-da-festo\/","url":"https:\/\/fieam.org.br\/senai\/video-de-educacao-profissional-do-amazonas-compete-na-promocao-de-25-anos-da-festo\/","name":"V\u00eddeo de educa\u00e7\u00e3o profissional do Amazonas compete na promo\u00e7\u00e3o de 25 anos da FESTO - SENAI","isPartOf":{"@id":"https:\/\/fieam.org.br\/senai\/#website"},"datePublished":"2013-07-15T20:35:15+00:00","breadcrumb":{"@id":"https:\/\/fieam.org.br\/senai\/video-de-educacao-profissional-do-amazonas-compete-na-promocao-de-25-anos-da-festo\/#breadcrumb"},"inLanguage":"pt-BR","potentialAction":[{"@type":"ReadAction","target":["https:\/\/fieam.org.br\/senai\/video-de-educacao-profissional-do-amazonas-compete-na-promocao-de-25-anos-da-festo\/"]}]},{"@type":"BreadcrumbList","@id":"https:\/\/fieam.org.br\/senai\/video-de-educacao-profissional-do-amazonas-compete-na-promocao-de-25-anos-da-festo\/#breadcrumb","itemListElement":[{"@type":"ListItem","position":1,"name":"In\u00edcio","item":"https:\/\/fieam.org.br\/senai\/"},{"@type":"ListItem","position":2,"name":"V\u00eddeo de educa\u00e7\u00e3o profissional do Amazonas compete na promo\u00e7\u00e3o de 25 anos da FESTO"}]},{"@type":"WebSite","@id":"https:\/\/fieam.org.br\/senai\/#website","url":"https:\/\/fieam.org.br\/senai\/","name":"SENAI","description":"Site Oficial!","publisher":{"@id":"https:\/\/fieam.org.br\/senai\/#organization"},"potentialAction":[{"@type":"SearchAction","target":{"@type":"EntryPoint","urlTemplate":"https:\/\/fieam.org.br\/senai\/?s={search_term_string}"},"query-input":{"@type":"PropertyValueSpecification","valueRequired":true,"valueName":"search_term_string"}}],"inLanguage":"pt-BR"},{"@type":"Organization","@id":"https:\/\/fieam.org.br\/senai\/#organization","name":"SENAI","url":"https:\/\/fieam.org.br\/senai\/","logo":{"@type":"ImageObject","inLanguage":"pt-BR","@id":"https:\/\/fieam.org.br\/senai\/#\/schema\/logo\/image\/","url":"https:\/\/fieam.org.br\/senai\/wp-content\/uploads\/sites\/16\/2024\/03\/cropped-fav.png","contentUrl":"https:\/\/fieam.org.br\/senai\/wp-content\/uploads\/sites\/16\/2024\/03\/cropped-fav.png","width":592,"height":577,"caption":"SENAI"},"image":{"@id":"https:\/\/fieam.org.br\/senai\/#\/schema\/logo\/image\/"}},{"@type":"Person","@id":"https:\/\/fieam.org.br\/senai\/#\/schema\/person\/c1ceda8321521b291cee22da0a7d34be","name":"Autor","image":{"@type":"ImageObject","inLanguage":"pt-BR","@id":"https:\/\/fieam.org.br\/senai\/#\/schema\/person\/image\/","url":"https:\/\/secure.gravatar.com\/avatar\/3732c223e0e1fad69062a8f770955c9068d37b055204f310a0be18d4069fe380?s=96&d=mm&r=g","contentUrl":"https:\/\/secure.gravatar.com\/avatar\/3732c223e0e1fad69062a8f770955c9068d37b055204f310a0be18d4069fe380?s=96&d=mm&r=g","caption":"Autor"},"sameAs":["https:\/\/marketingmassivo.com.br"],"url":"https:\/\/fieam.org.br\/senai\/author\/admin\/"}]}},"_links":{"self":[{"href":"https:\/\/fieam.org.br\/senai\/wp-json\/wp\/v2\/posts\/2855","targetHints":{"allow":["GET"]}}],"collection":[{"href":"https:\/\/fieam.org.br\/senai\/wp-json\/wp\/v2\/posts"}],"about":[{"href":"https:\/\/fieam.org.br\/senai\/wp-json\/wp\/v2\/types\/post"}],"author":[{"embeddable":true,"href":"https:\/\/fieam.org.br\/senai\/wp-json\/wp\/v2\/users\/1"}],"replies":[{"embeddable":true,"href":"https:\/\/fieam.org.br\/senai\/wp-json\/wp\/v2\/comments?post=2855"}],"version-history":[{"count":0,"href":"https:\/\/fieam.org.br\/senai\/wp-json\/wp\/v2\/posts\/2855\/revisions"}],"wp:attachment":[{"href":"https:\/\/fieam.org.br\/senai\/wp-json\/wp\/v2\/media?parent=2855"}],"wp:term":[{"taxonomy":"category","embeddable":true,"href":"https:\/\/fieam.org.br\/senai\/wp-json\/wp\/v2\/categories?post=2855"},{"taxonomy":"post_tag","embeddable":true,"href":"https:\/\/fieam.org.br\/senai\/wp-json\/wp\/v2\/tags?post=2855"}],"curies":[{"name":"wp","href":"https:\/\/api.w.org\/{rel}","templated":true}]}}