{"id":2481,"date":"2013-01-09T20:36:18","date_gmt":"2013-01-09T20:36:18","guid":{"rendered":"http:\/\/www.fieam.org.br\/site\/senai\/?p=2481"},"modified":"2013-01-09T20:36:18","modified_gmt":"2013-01-09T20:36:18","slug":"o-sesi-e-o-senai-selecionam-talentos-4","status":"publish","type":"post","link":"https:\/\/fieam.org.br\/senai\/o-sesi-e-o-senai-selecionam-talentos-4\/","title":{"rendered":"O SESI e o SENAI selecionam talentos"},"content":{"rendered":"<p>O<strong> SESI <\/strong>e o<strong> SENAI<\/strong> selecionam talentos para atuar nas \u00e1reas abaixo solicitadas, com os seguintes perfis:<\/p>\n<p align=\"center\"><strong>SESI<\/strong><\/p>\n<p align=\"justify\"><strong>Professor \u2013 1 vaga \/ Pr\u00e9-requisitos: <\/strong>Licenciatura em Letras \u2013 Habilita\u00e7\u00e3o em L\u00edngua Portuguesa e Inglesa, habilidade em atuar na Educa\u00e7\u00e3o de Jovens e Adultos e trabalhar com diferentes projetos aplicados pelo SESI para atuar na doc\u00eancia da disciplina de forma\u00e7\u00e3o, preencher e organizar documentos de trabalho docente\/pedag\u00f3gico, envolver-se nas atividades realizadas pelo SESI inter e extraclasse, atender diferentes unidades do SESI e \/ ou SENAI de forma itinerante, disponibilidade de hor\u00e1rio e experi\u00eancia de 6 meses comprovados na \u00e1rea.<\/p>\n<p align=\"center\"><strong>SENAI<\/strong><\/p>\n<p align=\"justify\"><strong>T\u00e9cnico I \u2013 1 vaga \/ Pr\u00e9-requisitos:<\/strong> Gradua\u00e7\u00e3o completa em Desenho Industrial ou Design de Interface Digital, conhecimento de softwares, dom\u00ednio de CorelDraw, Photoshop, Ilustrador e InDesign, \u00a0disponibilidade\u00a0 para\u00a0 viagens ( caso necess\u00e1rio), experi\u00eancia de 6 meses comprovados como Designer Gr\u00e1fico para atuar na elabora\u00e7\u00e3o de desenho gr\u00e1fico, digita\u00e7\u00e3o e diagrama\u00e7\u00e3o de material did\u00e1tico.<\/p>\n<p align=\"center\"><strong>\u00a0<\/strong><\/p>\n<p>Os interessados dever\u00e3o deixar o curr\u00edculo na recep\u00e7\u00e3o do Edif\u00edcio Raimar Aguiar, localizado na Avenida Joaquim Nabuco, 1919, no per\u00edodo de 7 a 11 de janeiro de 2013. Informar no curr\u00edculo o cargo pretendido e e-mail.<\/p>\n","protected":false},"excerpt":{"rendered":"<p>O SESI e o SENAI selecionam talentos para atuar nas \u00e1reas abaixo solicitadas, com os seguintes perfis: SESI Professor \u2013 1 vaga \/ Pr\u00e9-requisitos: Licenciatura em Letras \u2013 Habilita\u00e7\u00e3o em L\u00edngua Portuguesa e Inglesa, habilidade em atuar na Educa\u00e7\u00e3o de Jovens e Adultos e trabalhar com diferentes projetos aplicados pelo SESI para atuar na doc\u00eancia [&hellip;]<\/p>\n","protected":false},"author":1,"featured_media":2482,"comment_status":"open","ping_status":"open","sticky":false,"template":"","format":"standard","meta":{"footnotes":""},"categories":[24],"tags":[],"class_list":["post-2481","post","type-post","status-publish","format-standard","has-post-thumbnail","hentry","category-selecao"],"yoast_head":"<!-- This site is optimized with the Yoast SEO plugin v26.8 - https:\/\/yoast.com\/product\/yoast-seo-wordpress\/ -->\n<title>O SESI e o SENAI selecionam talentos - SENAI<\/title>\n<meta name=\"robots\" content=\"index, follow, max-snippet:-1, max-image-preview:large, max-video-preview:-1\" \/>\n<link rel=\"canonical\" href=\"https:\/\/fieam.org.br\/senai\/o-sesi-e-o-senai-selecionam-talentos-4\/\" \/>\n<meta property=\"og:locale\" content=\"pt_BR\" \/>\n<meta property=\"og:type\" content=\"article\" \/>\n<meta property=\"og:title\" content=\"O SESI e o SENAI selecionam talentos - SENAI\" \/>\n<meta property=\"og:description\" content=\"O SESI e o SENAI selecionam talentos para atuar nas \u00e1reas abaixo solicitadas, com os seguintes perfis: SESI Professor \u2013 1 vaga \/ Pr\u00e9-requisitos: Licenciatura em Letras \u2013 Habilita\u00e7\u00e3o em L\u00edngua Portuguesa e Inglesa, habilidade em atuar na Educa\u00e7\u00e3o de Jovens e Adultos e trabalhar com diferentes projetos aplicados pelo SESI para atuar na doc\u00eancia [&hellip;]\" \/>\n<meta property=\"og:url\" content=\"https:\/\/fieam.org.br\/senai\/o-sesi-e-o-senai-selecionam-talentos-4\/\" \/>\n<meta property=\"og:site_name\" content=\"SENAI\" \/>\n<meta property=\"article:published_time\" content=\"2013-01-09T20:36:18+00:00\" \/>\n<meta property=\"og:image\" content=\"https:\/\/fieam.org.br\/senai\/wp-content\/uploads\/sites\/16\/2013\/01\/selecao.jpg\" \/>\n\t<meta property=\"og:image:width\" content=\"250\" \/>\n\t<meta property=\"og:image:height\" content=\"250\" \/>\n\t<meta property=\"og:image:type\" content=\"image\/jpeg\" \/>\n<meta name=\"author\" content=\"Autor\" \/>\n<meta name=\"twitter:card\" content=\"summary_large_image\" \/>\n<meta name=\"twitter:label1\" content=\"Escrito por\" \/>\n\t<meta name=\"twitter:data1\" content=\"Autor\" \/>\n\t<meta name=\"twitter:label2\" content=\"Est. tempo de leitura\" \/>\n\t<meta name=\"twitter:data2\" content=\"1 minuto\" \/>\n<script type=\"application\/ld+json\" class=\"yoast-schema-graph\">{\"@context\":\"https:\/\/schema.org\",\"@graph\":[{\"@type\":\"Article\",\"@id\":\"https:\/\/fieam.org.br\/senai\/o-sesi-e-o-senai-selecionam-talentos-4\/#article\",\"isPartOf\":{\"@id\":\"https:\/\/fieam.org.br\/senai\/o-sesi-e-o-senai-selecionam-talentos-4\/\"},\"author\":{\"name\":\"Autor\",\"@id\":\"https:\/\/fieam.org.br\/senai\/#\/schema\/person\/c1ceda8321521b291cee22da0a7d34be\"},\"headline\":\"O SESI e o SENAI selecionam talentos\",\"datePublished\":\"2013-01-09T20:36:18+00:00\",\"mainEntityOfPage\":{\"@id\":\"https:\/\/fieam.org.br\/senai\/o-sesi-e-o-senai-selecionam-talentos-4\/\"},\"wordCount\":209,\"commentCount\":0,\"publisher\":{\"@id\":\"https:\/\/fieam.org.br\/senai\/#organization\"},\"image\":{\"@id\":\"https:\/\/fieam.org.br\/senai\/o-sesi-e-o-senai-selecionam-talentos-4\/#primaryimage\"},\"thumbnailUrl\":\"https:\/\/fieam.org.br\/senai\/wp-content\/uploads\/sites\/16\/2013\/01\/selecao.jpg\",\"articleSection\":[\"selecao\"],\"inLanguage\":\"pt-BR\",\"potentialAction\":[{\"@type\":\"CommentAction\",\"name\":\"Comment\",\"target\":[\"https:\/\/fieam.org.br\/senai\/o-sesi-e-o-senai-selecionam-talentos-4\/#respond\"]}]},{\"@type\":\"WebPage\",\"@id\":\"https:\/\/fieam.org.br\/senai\/o-sesi-e-o-senai-selecionam-talentos-4\/\",\"url\":\"https:\/\/fieam.org.br\/senai\/o-sesi-e-o-senai-selecionam-talentos-4\/\",\"name\":\"O SESI e o SENAI selecionam talentos - SENAI\",\"isPartOf\":{\"@id\":\"https:\/\/fieam.org.br\/senai\/#website\"},\"primaryImageOfPage\":{\"@id\":\"https:\/\/fieam.org.br\/senai\/o-sesi-e-o-senai-selecionam-talentos-4\/#primaryimage\"},\"image\":{\"@id\":\"https:\/\/fieam.org.br\/senai\/o-sesi-e-o-senai-selecionam-talentos-4\/#primaryimage\"},\"thumbnailUrl\":\"https:\/\/fieam.org.br\/senai\/wp-content\/uploads\/sites\/16\/2013\/01\/selecao.jpg\",\"datePublished\":\"2013-01-09T20:36:18+00:00\",\"breadcrumb\":{\"@id\":\"https:\/\/fieam.org.br\/senai\/o-sesi-e-o-senai-selecionam-talentos-4\/#breadcrumb\"},\"inLanguage\":\"pt-BR\",\"potentialAction\":[{\"@type\":\"ReadAction\",\"target\":[\"https:\/\/fieam.org.br\/senai\/o-sesi-e-o-senai-selecionam-talentos-4\/\"]}]},{\"@type\":\"ImageObject\",\"inLanguage\":\"pt-BR\",\"@id\":\"https:\/\/fieam.org.br\/senai\/o-sesi-e-o-senai-selecionam-talentos-4\/#primaryimage\",\"url\":\"https:\/\/fieam.org.br\/senai\/wp-content\/uploads\/sites\/16\/2013\/01\/selecao.jpg\",\"contentUrl\":\"https:\/\/fieam.org.br\/senai\/wp-content\/uploads\/sites\/16\/2013\/01\/selecao.jpg\",\"width\":250,\"height\":250},{\"@type\":\"BreadcrumbList\",\"@id\":\"https:\/\/fieam.org.br\/senai\/o-sesi-e-o-senai-selecionam-talentos-4\/#breadcrumb\",\"itemListElement\":[{\"@type\":\"ListItem\",\"position\":1,\"name\":\"In\u00edcio\",\"item\":\"https:\/\/fieam.org.br\/senai\/\"},{\"@type\":\"ListItem\",\"position\":2,\"name\":\"O SESI e o SENAI selecionam talentos\"}]},{\"@type\":\"WebSite\",\"@id\":\"https:\/\/fieam.org.br\/senai\/#website\",\"url\":\"https:\/\/fieam.org.br\/senai\/\",\"name\":\"SENAI\",\"description\":\"Site Oficial!\",\"publisher\":{\"@id\":\"https:\/\/fieam.org.br\/senai\/#organization\"},\"potentialAction\":[{\"@type\":\"SearchAction\",\"target\":{\"@type\":\"EntryPoint\",\"urlTemplate\":\"https:\/\/fieam.org.br\/senai\/?s={search_term_string}\"},\"query-input\":{\"@type\":\"PropertyValueSpecification\",\"valueRequired\":true,\"valueName\":\"search_term_string\"}}],\"inLanguage\":\"pt-BR\"},{\"@type\":\"Organization\",\"@id\":\"https:\/\/fieam.org.br\/senai\/#organization\",\"name\":\"SENAI\",\"url\":\"https:\/\/fieam.org.br\/senai\/\",\"logo\":{\"@type\":\"ImageObject\",\"inLanguage\":\"pt-BR\",\"@id\":\"https:\/\/fieam.org.br\/senai\/#\/schema\/logo\/image\/\",\"url\":\"https:\/\/fieam.org.br\/senai\/wp-content\/uploads\/sites\/16\/2024\/03\/cropped-fav.png\",\"contentUrl\":\"https:\/\/fieam.org.br\/senai\/wp-content\/uploads\/sites\/16\/2024\/03\/cropped-fav.png\",\"width\":592,\"height\":577,\"caption\":\"SENAI\"},\"image\":{\"@id\":\"https:\/\/fieam.org.br\/senai\/#\/schema\/logo\/image\/\"}},{\"@type\":\"Person\",\"@id\":\"https:\/\/fieam.org.br\/senai\/#\/schema\/person\/c1ceda8321521b291cee22da0a7d34be\",\"name\":\"Autor\",\"image\":{\"@type\":\"ImageObject\",\"inLanguage\":\"pt-BR\",\"@id\":\"https:\/\/fieam.org.br\/senai\/#\/schema\/person\/image\/\",\"url\":\"https:\/\/secure.gravatar.com\/avatar\/3732c223e0e1fad69062a8f770955c9068d37b055204f310a0be18d4069fe380?s=96&d=mm&r=g\",\"contentUrl\":\"https:\/\/secure.gravatar.com\/avatar\/3732c223e0e1fad69062a8f770955c9068d37b055204f310a0be18d4069fe380?s=96&d=mm&r=g\",\"caption\":\"Autor\"},\"sameAs\":[\"https:\/\/marketingmassivo.com.br\"],\"url\":\"https:\/\/fieam.org.br\/senai\/author\/admin\/\"}]}<\/script>\n<!-- \/ Yoast SEO plugin. -->","yoast_head_json":{"title":"O SESI e o SENAI selecionam talentos - SENAI","robots":{"index":"index","follow":"follow","max-snippet":"max-snippet:-1","max-image-preview":"max-image-preview:large","max-video-preview":"max-video-preview:-1"},"canonical":"https:\/\/fieam.org.br\/senai\/o-sesi-e-o-senai-selecionam-talentos-4\/","og_locale":"pt_BR","og_type":"article","og_title":"O SESI e o SENAI selecionam talentos - SENAI","og_description":"O SESI e o SENAI selecionam talentos para atuar nas \u00e1reas abaixo solicitadas, com os seguintes perfis: SESI Professor \u2013 1 vaga \/ Pr\u00e9-requisitos: Licenciatura em Letras \u2013 Habilita\u00e7\u00e3o em L\u00edngua Portuguesa e Inglesa, habilidade em atuar na Educa\u00e7\u00e3o de Jovens e Adultos e trabalhar com diferentes projetos aplicados pelo SESI para atuar na doc\u00eancia [&hellip;]","og_url":"https:\/\/fieam.org.br\/senai\/o-sesi-e-o-senai-selecionam-talentos-4\/","og_site_name":"SENAI","article_published_time":"2013-01-09T20:36:18+00:00","og_image":[{"width":250,"height":250,"url":"https:\/\/fieam.org.br\/senai\/wp-content\/uploads\/sites\/16\/2013\/01\/selecao.jpg","type":"image\/jpeg"}],"author":"Autor","twitter_card":"summary_large_image","twitter_misc":{"Escrito por":"Autor","Est. tempo de leitura":"1 minuto"},"schema":{"@context":"https:\/\/schema.org","@graph":[{"@type":"Article","@id":"https:\/\/fieam.org.br\/senai\/o-sesi-e-o-senai-selecionam-talentos-4\/#article","isPartOf":{"@id":"https:\/\/fieam.org.br\/senai\/o-sesi-e-o-senai-selecionam-talentos-4\/"},"author":{"name":"Autor","@id":"https:\/\/fieam.org.br\/senai\/#\/schema\/person\/c1ceda8321521b291cee22da0a7d34be"},"headline":"O SESI e o SENAI selecionam talentos","datePublished":"2013-01-09T20:36:18+00:00","mainEntityOfPage":{"@id":"https:\/\/fieam.org.br\/senai\/o-sesi-e-o-senai-selecionam-talentos-4\/"},"wordCount":209,"commentCount":0,"publisher":{"@id":"https:\/\/fieam.org.br\/senai\/#organization"},"image":{"@id":"https:\/\/fieam.org.br\/senai\/o-sesi-e-o-senai-selecionam-talentos-4\/#primaryimage"},"thumbnailUrl":"https:\/\/fieam.org.br\/senai\/wp-content\/uploads\/sites\/16\/2013\/01\/selecao.jpg","articleSection":["selecao"],"inLanguage":"pt-BR","potentialAction":[{"@type":"CommentAction","name":"Comment","target":["https:\/\/fieam.org.br\/senai\/o-sesi-e-o-senai-selecionam-talentos-4\/#respond"]}]},{"@type":"WebPage","@id":"https:\/\/fieam.org.br\/senai\/o-sesi-e-o-senai-selecionam-talentos-4\/","url":"https:\/\/fieam.org.br\/senai\/o-sesi-e-o-senai-selecionam-talentos-4\/","name":"O SESI e o SENAI selecionam talentos - SENAI","isPartOf":{"@id":"https:\/\/fieam.org.br\/senai\/#website"},"primaryImageOfPage":{"@id":"https:\/\/fieam.org.br\/senai\/o-sesi-e-o-senai-selecionam-talentos-4\/#primaryimage"},"image":{"@id":"https:\/\/fieam.org.br\/senai\/o-sesi-e-o-senai-selecionam-talentos-4\/#primaryimage"},"thumbnailUrl":"https:\/\/fieam.org.br\/senai\/wp-content\/uploads\/sites\/16\/2013\/01\/selecao.jpg","datePublished":"2013-01-09T20:36:18+00:00","breadcrumb":{"@id":"https:\/\/fieam.org.br\/senai\/o-sesi-e-o-senai-selecionam-talentos-4\/#breadcrumb"},"inLanguage":"pt-BR","potentialAction":[{"@type":"ReadAction","target":["https:\/\/fieam.org.br\/senai\/o-sesi-e-o-senai-selecionam-talentos-4\/"]}]},{"@type":"ImageObject","inLanguage":"pt-BR","@id":"https:\/\/fieam.org.br\/senai\/o-sesi-e-o-senai-selecionam-talentos-4\/#primaryimage","url":"https:\/\/fieam.org.br\/senai\/wp-content\/uploads\/sites\/16\/2013\/01\/selecao.jpg","contentUrl":"https:\/\/fieam.org.br\/senai\/wp-content\/uploads\/sites\/16\/2013\/01\/selecao.jpg","width":250,"height":250},{"@type":"BreadcrumbList","@id":"https:\/\/fieam.org.br\/senai\/o-sesi-e-o-senai-selecionam-talentos-4\/#breadcrumb","itemListElement":[{"@type":"ListItem","position":1,"name":"In\u00edcio","item":"https:\/\/fieam.org.br\/senai\/"},{"@type":"ListItem","position":2,"name":"O SESI e o SENAI selecionam talentos"}]},{"@type":"WebSite","@id":"https:\/\/fieam.org.br\/senai\/#website","url":"https:\/\/fieam.org.br\/senai\/","name":"SENAI","description":"Site Oficial!","publisher":{"@id":"https:\/\/fieam.org.br\/senai\/#organization"},"potentialAction":[{"@type":"SearchAction","target":{"@type":"EntryPoint","urlTemplate":"https:\/\/fieam.org.br\/senai\/?s={search_term_string}"},"query-input":{"@type":"PropertyValueSpecification","valueRequired":true,"valueName":"search_term_string"}}],"inLanguage":"pt-BR"},{"@type":"Organization","@id":"https:\/\/fieam.org.br\/senai\/#organization","name":"SENAI","url":"https:\/\/fieam.org.br\/senai\/","logo":{"@type":"ImageObject","inLanguage":"pt-BR","@id":"https:\/\/fieam.org.br\/senai\/#\/schema\/logo\/image\/","url":"https:\/\/fieam.org.br\/senai\/wp-content\/uploads\/sites\/16\/2024\/03\/cropped-fav.png","contentUrl":"https:\/\/fieam.org.br\/senai\/wp-content\/uploads\/sites\/16\/2024\/03\/cropped-fav.png","width":592,"height":577,"caption":"SENAI"},"image":{"@id":"https:\/\/fieam.org.br\/senai\/#\/schema\/logo\/image\/"}},{"@type":"Person","@id":"https:\/\/fieam.org.br\/senai\/#\/schema\/person\/c1ceda8321521b291cee22da0a7d34be","name":"Autor","image":{"@type":"ImageObject","inLanguage":"pt-BR","@id":"https:\/\/fieam.org.br\/senai\/#\/schema\/person\/image\/","url":"https:\/\/secure.gravatar.com\/avatar\/3732c223e0e1fad69062a8f770955c9068d37b055204f310a0be18d4069fe380?s=96&d=mm&r=g","contentUrl":"https:\/\/secure.gravatar.com\/avatar\/3732c223e0e1fad69062a8f770955c9068d37b055204f310a0be18d4069fe380?s=96&d=mm&r=g","caption":"Autor"},"sameAs":["https:\/\/marketingmassivo.com.br"],"url":"https:\/\/fieam.org.br\/senai\/author\/admin\/"}]}},"_links":{"self":[{"href":"https:\/\/fieam.org.br\/senai\/wp-json\/wp\/v2\/posts\/2481","targetHints":{"allow":["GET"]}}],"collection":[{"href":"https:\/\/fieam.org.br\/senai\/wp-json\/wp\/v2\/posts"}],"about":[{"href":"https:\/\/fieam.org.br\/senai\/wp-json\/wp\/v2\/types\/post"}],"author":[{"embeddable":true,"href":"https:\/\/fieam.org.br\/senai\/wp-json\/wp\/v2\/users\/1"}],"replies":[{"embeddable":true,"href":"https:\/\/fieam.org.br\/senai\/wp-json\/wp\/v2\/comments?post=2481"}],"version-history":[{"count":0,"href":"https:\/\/fieam.org.br\/senai\/wp-json\/wp\/v2\/posts\/2481\/revisions"}],"wp:featuredmedia":[{"embeddable":true,"href":"https:\/\/fieam.org.br\/senai\/wp-json\/wp\/v2\/media\/2482"}],"wp:attachment":[{"href":"https:\/\/fieam.org.br\/senai\/wp-json\/wp\/v2\/media?parent=2481"}],"wp:term":[{"taxonomy":"category","embeddable":true,"href":"https:\/\/fieam.org.br\/senai\/wp-json\/wp\/v2\/categories?post=2481"},{"taxonomy":"post_tag","embeddable":true,"href":"https:\/\/fieam.org.br\/senai\/wp-json\/wp\/v2\/tags?post=2481"}],"curies":[{"name":"wp","href":"https:\/\/api.w.org\/{rel}","templated":true}]}}