{"id":2064,"date":"2012-07-13T00:01:28","date_gmt":"2012-07-13T00:01:28","guid":{"rendered":"http:\/\/www.fieam.org.br\/site\/senai\/?p=2064"},"modified":"2012-07-13T00:01:28","modified_gmt":"2012-07-13T00:01:28","slug":"pronatec-x-senai-oportunidade-de-nova-profissao-para-quem-esta-fora-do-mercado","status":"publish","type":"post","link":"https:\/\/fieam.org.br\/senai\/pronatec-x-senai-oportunidade-de-nova-profissao-para-quem-esta-fora-do-mercado\/","title":{"rendered":"Pronatec x SENAI: Oportunidade de nova profiss\u00e3o para quem est\u00e1 fora do mercado"},"content":{"rendered":"<p><strong>H\u00e1 mais de um ano desempregado, o ex-vigilante do <\/strong><strong><a href=\"http:\/\/www.suframa.gov.br\/\" target=\"_blank\" rel=\"noopener\">Polo Industrial de Manaus<\/a><\/strong><strong>, Ant\u00f4nio da Rocha, 42 anos, ganha a oportunidade de aprender nova profiss\u00e3o para ingressar no mercado de trabalho. Ele finaliza o curso de Mec\u00e2nico de Manuten\u00e7\u00e3o e Instala\u00e7\u00e3o de Refrigera\u00e7\u00e3o e Climatiza\u00e7\u00e3o na <\/strong><strong><a href=\"http:\/\/www.fieam.org.br\/site\/senai\/escola-senai-antonio-simoes\/\" target=\"_blank\" rel=\"noopener\">Escola SENAI Ant\u00f4nio Sim\u00f5es<\/a><\/strong><strong>. Sua qualifica\u00e7\u00e3o est\u00e1 sendo realizada totalmente gratuita, pois \u00e9 um dos participantes do <\/strong><strong><a href=\"http:\/\/pronatec.mec.gov.br\/\" target=\"_blank\" rel=\"noopener\">Programa Nacional de Acesso ao Ensino T\u00e9cnico e Emprego (Pronatec)<\/a><\/strong><strong>.<\/strong><strong><\/strong><\/p>\n<p><strong>A chance de se qualificar sem gastar o dinheiro, que j\u00e1 \u00e9 escasso, foi fator decis\u00f3rio para Ant\u00f4nio Rocha retornar \u00e0 sala de aula e reconstruir sua carreira profissional. \u201cSofri um acidente no dedo do gatilho e por conta disso n\u00e3o pude mais ser vigilante. Para mim, participar do Pronatec no <\/strong><strong><a href=\"http:\/\/www.fieam.org.br\/site\/senai\/institucional\/\" target=\"_blank\" rel=\"noopener\">SENAI<\/a><\/strong><strong> traz esperan\u00e7a de melhoria de vida, pois estou acumulando conhecimentos para competir e conquistar uma vaga de emprego, s\u00f3 que agora em outra \u00e1rea\u201d, diz Rocha. <\/strong><strong><\/strong><\/p>\n<p><strong>O Pronatec \u00e9 um programa custeado pelo <\/strong><strong><a href=\"http:\/\/www.brasil.gov.br\/\" target=\"_blank\" rel=\"noopener\">Governo Federal<\/a><\/strong><strong> e desenvolvido pelos Institutos Federais de Ci\u00eancia e Tecnologia (IFs), <\/strong><strong><a href=\"http:\/\/www.senac.br\/\" target=\"_blank\" rel=\"noopener\">Servi\u00e7o Nacional de Aprendizagem Comercial (SENAC)<\/a><\/strong><strong> e o SENAI. O programa \u00e9 destinado a candidatos do ensino m\u00e9dio da rede p\u00fablica, das For\u00e7as Armadas, inscritos no Cadastro \u00danico, e benefici\u00e1rios do Seguro-Desemprego. <\/strong><strong><\/strong><\/p>\n<p><strong>Ant\u00f4nio Rocha \u00e9 benefici\u00e1rio do <\/strong><strong><a href=\"http:\/\/www.mds.gov.br\/bolsafamilia\/\" target=\"_blank\" rel=\"noopener\">Bolsa Fam\u00edlia<\/a><\/strong><strong>, buscou informa\u00e7\u00f5es e fez a pr\u00e9-matr\u00edcula do curso ofertado pelo SENAI no <\/strong><strong><a href=\"http:\/\/www.mds.gov.br\/assistenciasocial\/protecaobasica\/cras\/\" target=\"_blank\" rel=\"noopener\">Centro de Refer\u00eancia de Assist\u00eancia Social (CRAS)<\/a><\/strong><strong>. Em Manaus, existem 18 CRAS situados nos bairros Alfredo Nascimento, Cidade Nova, Terra Nova, Mutir\u00e3o, Nossa Senhora da Concei\u00e7\u00e3o, Cachoeirinha. Bet\u00e2nia, Crespo, Compensa, Gl\u00f3ria, Alvorada, Reden\u00e7\u00e3o Uni\u00e3o, Jorge Teixeira, e S\u00e3o Jos\u00e9. <\/strong><strong><\/strong><\/p>\n<p><strong>O ex-vigilante tamb\u00e9m aproveitou para pr\u00e9-matricular o filho Sidnei dos Santos, de 17 anos, no curso de Refrigera\u00e7\u00e3o, com carga hor\u00e1ria de 240h, dispon\u00edvel nos tr\u00eas turnos. Vale ressaltar que qualquer membro da fam\u00edlia pode participar do Pronatec e n\u00e3o implica na perda do benef\u00edcio. O pr\u00e9-requisito \u00e9 estar cadastrado no <\/strong><strong><a href=\"http:\/\/www.mds.gov.br\/falemds\/perguntas-frequentes\/bolsa-familia\/cadastro-unico\/gestor\/cadunico-cadastro-de-inclusao\" target=\"_blank\" rel=\"noopener\">CAD\u00daNICO<\/a><\/strong><strong> e ter entre 16 e 59 anos. Cada participante tem direito a fazer dois cursos.\u00a0\u00a0\u00a0\u00a0 <\/strong><strong><\/strong><\/p>\n<p><strong>Para a ex-montadora do p\u00f3lo relojoeiro, Michelle Apolin\u00e1rio, 31 anos, a ind\u00fastria de eletroeletr\u00f4nico continua atraindo suas aten\u00e7\u00f5es mesmo ap\u00f3s cinco anos desempregada.\u00a0 Michelle resolveu agarrar a possibilidade de ampliar seus conhecimentos e participar do curso de Operador de Linha de Montagem da Ind\u00fastria Eletroeletr\u00f4nica.<\/strong><strong><\/strong><\/p>\n<p><strong>Assim como Ant\u00f4nio, Michelle tamb\u00e9m \u00e9 benefici\u00e1ria do Programa Bolsa Fam\u00edlia, e espera dar continuidade a sua forma\u00e7\u00e3o profissional ap\u00f3s concluir o curso atual. Com uma nova vis\u00e3o do mundo competitivo do trabalho, Michelle pretende retornar ao mercado com bastantes informa\u00e7\u00f5es t\u00e9cnicas e profissionais para que se destaque nas suas futuras atividades e conquiste maior estabilidade no ambiente de trabalho.<\/strong><strong><\/strong><\/p>\n<p><strong>De acordo com o instrutor da Escola SENAI Ant\u00f4nio Sim\u00f5es, Roberto Campos, o curso complementar ao de Operador de Linha de Montagem \u00e9 o Inspetor da Qualidade, de 260h. Segundo Roberto, a ind\u00fastria local que mais emprega \u00e9 a de eletroeletr\u00f4nica e para formar a m\u00e3o de obra para este segmento produtivo, o SENAI oferece uma variedade de cursos nas modalidades de inicia\u00e7\u00e3o, qualifica\u00e7\u00e3o, aperfei\u00e7oamento, t\u00e9cnico e aprendizagem.\u00a0 <\/strong><strong><\/strong><\/p>\n<p><strong>Desde de mar\u00e7o, o Servi\u00e7o Nacional de Aprendizagem Industrial (SENAI Amazonas) est\u00e1 com atividades intensas nas quatro escolas da institui\u00e7\u00e3o por conta do aumento do n\u00famero de alunos que participam do Pronatec. Mais de 600 alunos j\u00e1 receberam os certificados de conclus\u00e3o de curso e 1.096 est\u00e3o cursando uma dos 22 cursos profissionalizantes dispon\u00edveis em 60 turmas que est\u00e3o em andamento nos tr\u00eas turnos.<\/strong><strong><\/strong><\/p>\n<p><strong>A proposta do Pronatec \u00e9 ampliar para esse p\u00fablico a oferta de vagas na <\/strong>educa\u00e7\u00e3o profissional, oportunizando aos participantes a melhora das condi\u00e7\u00f5es de inser\u00e7\u00e3o no mundo do trabalho.<\/p>\n<p>\u201cO mundo do trabalho est\u00e1 cada vez mais seletivo, por isso aproveitar as oportunidades passou a ser uma das formas de demonstrar atitude, portanto aproveitem as oportunidades deste Programa e venham ao SENAI\u201d, explica a gerente geral de Educa\u00e7\u00e3o, Tecnologia e Inova\u00e7\u00e3o, S\u00edlvia Barros.<\/p>\n<p>S\u00edlvia lembra que as matr\u00edculas no SENAI s\u00e3o realizadas mediante o formul\u00e1rio impresso da pr\u00e9-matr\u00edcula expedido pelas secretarias das escolas p\u00fablicas, <a href=\"http:\/\/semasdh.manaus.am.gov.br\/cras\/\" target=\"_blank\" rel=\"noopener\">SEMASDH\/CRAS<\/a>, e For\u00e7as Armadas. Mais informa\u00e7\u00f5es sobre os cursos ofertados pelo site <a href=\"http:\/\/www.vocenaindustria.com.br\" target=\"_blank\" rel=\"noopener\">www.vocenaindustria.com.br<\/a> ou direto na secretaria dos \u00f3rg\u00e3os p\u00fablicos a cima citado.<\/p>\n<p>[nggallery id=49]<\/p>\n","protected":false},"excerpt":{"rendered":"<p>H\u00e1 mais de um ano desempregado, o ex-vigilante do Polo Industrial de Manaus, Ant\u00f4nio da Rocha, 42 anos, ganha a oportunidade de aprender nova profiss\u00e3o para ingressar no mercado de trabalho. Ele finaliza o curso de Mec\u00e2nico de Manuten\u00e7\u00e3o e Instala\u00e7\u00e3o de Refrigera\u00e7\u00e3o e Climatiza\u00e7\u00e3o na Escola SENAI Ant\u00f4nio Sim\u00f5es. Sua qualifica\u00e7\u00e3o est\u00e1 sendo realizada [&hellip;]<\/p>\n","protected":false},"author":1,"featured_media":0,"comment_status":"open","ping_status":"open","sticky":false,"template":"","format":"standard","meta":{"footnotes":""},"categories":[21,22],"tags":[],"class_list":["post-2064","post","type-post","status-publish","format-standard","hentry","category-news","category-news_destaque"],"yoast_head":"<!-- This site is optimized with the Yoast SEO plugin v26.8 - https:\/\/yoast.com\/product\/yoast-seo-wordpress\/ -->\n<title>Pronatec x SENAI: Oportunidade de nova profiss\u00e3o para quem est\u00e1 fora do mercado - SENAI<\/title>\n<meta name=\"robots\" content=\"index, follow, max-snippet:-1, max-image-preview:large, max-video-preview:-1\" \/>\n<link rel=\"canonical\" href=\"https:\/\/fieam.org.br\/senai\/pronatec-x-senai-oportunidade-de-nova-profissao-para-quem-esta-fora-do-mercado\/\" \/>\n<meta property=\"og:locale\" content=\"pt_BR\" \/>\n<meta property=\"og:type\" content=\"article\" \/>\n<meta property=\"og:title\" content=\"Pronatec x SENAI: Oportunidade de nova profiss\u00e3o para quem est\u00e1 fora do mercado - SENAI\" \/>\n<meta property=\"og:description\" content=\"H\u00e1 mais de um ano desempregado, o ex-vigilante do Polo Industrial de Manaus, Ant\u00f4nio da Rocha, 42 anos, ganha a oportunidade de aprender nova profiss\u00e3o para ingressar no mercado de trabalho. Ele finaliza o curso de Mec\u00e2nico de Manuten\u00e7\u00e3o e Instala\u00e7\u00e3o de Refrigera\u00e7\u00e3o e Climatiza\u00e7\u00e3o na Escola SENAI Ant\u00f4nio Sim\u00f5es. Sua qualifica\u00e7\u00e3o est\u00e1 sendo realizada [&hellip;]\" \/>\n<meta property=\"og:url\" content=\"https:\/\/fieam.org.br\/senai\/pronatec-x-senai-oportunidade-de-nova-profissao-para-quem-esta-fora-do-mercado\/\" \/>\n<meta property=\"og:site_name\" content=\"SENAI\" \/>\n<meta property=\"article:published_time\" content=\"2012-07-13T00:01:28+00:00\" \/>\n<meta name=\"author\" content=\"Autor\" \/>\n<meta name=\"twitter:card\" content=\"summary_large_image\" \/>\n<meta name=\"twitter:label1\" content=\"Escrito por\" \/>\n\t<meta name=\"twitter:data1\" content=\"Autor\" \/>\n\t<meta name=\"twitter:label2\" content=\"Est. tempo de leitura\" \/>\n\t<meta name=\"twitter:data2\" content=\"4 minutos\" \/>\n<script type=\"application\/ld+json\" class=\"yoast-schema-graph\">{\"@context\":\"https:\/\/schema.org\",\"@graph\":[{\"@type\":\"Article\",\"@id\":\"https:\/\/fieam.org.br\/senai\/pronatec-x-senai-oportunidade-de-nova-profissao-para-quem-esta-fora-do-mercado\/#article\",\"isPartOf\":{\"@id\":\"https:\/\/fieam.org.br\/senai\/pronatec-x-senai-oportunidade-de-nova-profissao-para-quem-esta-fora-do-mercado\/\"},\"author\":{\"name\":\"Autor\",\"@id\":\"https:\/\/fieam.org.br\/senai\/#\/schema\/person\/c1ceda8321521b291cee22da0a7d34be\"},\"headline\":\"Pronatec x SENAI: Oportunidade de nova profiss\u00e3o para quem est\u00e1 fora do mercado\",\"datePublished\":\"2012-07-13T00:01:28+00:00\",\"mainEntityOfPage\":{\"@id\":\"https:\/\/fieam.org.br\/senai\/pronatec-x-senai-oportunidade-de-nova-profissao-para-quem-esta-fora-do-mercado\/\"},\"wordCount\":780,\"commentCount\":0,\"publisher\":{\"@id\":\"https:\/\/fieam.org.br\/senai\/#organization\"},\"articleSection\":[\"News\",\"News Destaques\"],\"inLanguage\":\"pt-BR\",\"potentialAction\":[{\"@type\":\"CommentAction\",\"name\":\"Comment\",\"target\":[\"https:\/\/fieam.org.br\/senai\/pronatec-x-senai-oportunidade-de-nova-profissao-para-quem-esta-fora-do-mercado\/#respond\"]}]},{\"@type\":\"WebPage\",\"@id\":\"https:\/\/fieam.org.br\/senai\/pronatec-x-senai-oportunidade-de-nova-profissao-para-quem-esta-fora-do-mercado\/\",\"url\":\"https:\/\/fieam.org.br\/senai\/pronatec-x-senai-oportunidade-de-nova-profissao-para-quem-esta-fora-do-mercado\/\",\"name\":\"Pronatec x SENAI: Oportunidade de nova profiss\u00e3o para quem est\u00e1 fora do mercado - SENAI\",\"isPartOf\":{\"@id\":\"https:\/\/fieam.org.br\/senai\/#website\"},\"datePublished\":\"2012-07-13T00:01:28+00:00\",\"breadcrumb\":{\"@id\":\"https:\/\/fieam.org.br\/senai\/pronatec-x-senai-oportunidade-de-nova-profissao-para-quem-esta-fora-do-mercado\/#breadcrumb\"},\"inLanguage\":\"pt-BR\",\"potentialAction\":[{\"@type\":\"ReadAction\",\"target\":[\"https:\/\/fieam.org.br\/senai\/pronatec-x-senai-oportunidade-de-nova-profissao-para-quem-esta-fora-do-mercado\/\"]}]},{\"@type\":\"BreadcrumbList\",\"@id\":\"https:\/\/fieam.org.br\/senai\/pronatec-x-senai-oportunidade-de-nova-profissao-para-quem-esta-fora-do-mercado\/#breadcrumb\",\"itemListElement\":[{\"@type\":\"ListItem\",\"position\":1,\"name\":\"In\u00edcio\",\"item\":\"https:\/\/fieam.org.br\/senai\/\"},{\"@type\":\"ListItem\",\"position\":2,\"name\":\"Pronatec x SENAI: Oportunidade de nova profiss\u00e3o para quem est\u00e1 fora do mercado\"}]},{\"@type\":\"WebSite\",\"@id\":\"https:\/\/fieam.org.br\/senai\/#website\",\"url\":\"https:\/\/fieam.org.br\/senai\/\",\"name\":\"SENAI\",\"description\":\"Site Oficial!\",\"publisher\":{\"@id\":\"https:\/\/fieam.org.br\/senai\/#organization\"},\"potentialAction\":[{\"@type\":\"SearchAction\",\"target\":{\"@type\":\"EntryPoint\",\"urlTemplate\":\"https:\/\/fieam.org.br\/senai\/?s={search_term_string}\"},\"query-input\":{\"@type\":\"PropertyValueSpecification\",\"valueRequired\":true,\"valueName\":\"search_term_string\"}}],\"inLanguage\":\"pt-BR\"},{\"@type\":\"Organization\",\"@id\":\"https:\/\/fieam.org.br\/senai\/#organization\",\"name\":\"SENAI\",\"url\":\"https:\/\/fieam.org.br\/senai\/\",\"logo\":{\"@type\":\"ImageObject\",\"inLanguage\":\"pt-BR\",\"@id\":\"https:\/\/fieam.org.br\/senai\/#\/schema\/logo\/image\/\",\"url\":\"https:\/\/fieam.org.br\/senai\/wp-content\/uploads\/sites\/16\/2024\/03\/cropped-fav.png\",\"contentUrl\":\"https:\/\/fieam.org.br\/senai\/wp-content\/uploads\/sites\/16\/2024\/03\/cropped-fav.png\",\"width\":592,\"height\":577,\"caption\":\"SENAI\"},\"image\":{\"@id\":\"https:\/\/fieam.org.br\/senai\/#\/schema\/logo\/image\/\"}},{\"@type\":\"Person\",\"@id\":\"https:\/\/fieam.org.br\/senai\/#\/schema\/person\/c1ceda8321521b291cee22da0a7d34be\",\"name\":\"Autor\",\"image\":{\"@type\":\"ImageObject\",\"inLanguage\":\"pt-BR\",\"@id\":\"https:\/\/fieam.org.br\/senai\/#\/schema\/person\/image\/\",\"url\":\"https:\/\/secure.gravatar.com\/avatar\/3732c223e0e1fad69062a8f770955c9068d37b055204f310a0be18d4069fe380?s=96&d=mm&r=g\",\"contentUrl\":\"https:\/\/secure.gravatar.com\/avatar\/3732c223e0e1fad69062a8f770955c9068d37b055204f310a0be18d4069fe380?s=96&d=mm&r=g\",\"caption\":\"Autor\"},\"sameAs\":[\"https:\/\/marketingmassivo.com.br\"],\"url\":\"https:\/\/fieam.org.br\/senai\/author\/admin\/\"}]}<\/script>\n<!-- \/ Yoast SEO plugin. -->","yoast_head_json":{"title":"Pronatec x SENAI: Oportunidade de nova profiss\u00e3o para quem est\u00e1 fora do mercado - SENAI","robots":{"index":"index","follow":"follow","max-snippet":"max-snippet:-1","max-image-preview":"max-image-preview:large","max-video-preview":"max-video-preview:-1"},"canonical":"https:\/\/fieam.org.br\/senai\/pronatec-x-senai-oportunidade-de-nova-profissao-para-quem-esta-fora-do-mercado\/","og_locale":"pt_BR","og_type":"article","og_title":"Pronatec x SENAI: Oportunidade de nova profiss\u00e3o para quem est\u00e1 fora do mercado - SENAI","og_description":"H\u00e1 mais de um ano desempregado, o ex-vigilante do Polo Industrial de Manaus, Ant\u00f4nio da Rocha, 42 anos, ganha a oportunidade de aprender nova profiss\u00e3o para ingressar no mercado de trabalho. Ele finaliza o curso de Mec\u00e2nico de Manuten\u00e7\u00e3o e Instala\u00e7\u00e3o de Refrigera\u00e7\u00e3o e Climatiza\u00e7\u00e3o na Escola SENAI Ant\u00f4nio Sim\u00f5es. Sua qualifica\u00e7\u00e3o est\u00e1 sendo realizada [&hellip;]","og_url":"https:\/\/fieam.org.br\/senai\/pronatec-x-senai-oportunidade-de-nova-profissao-para-quem-esta-fora-do-mercado\/","og_site_name":"SENAI","article_published_time":"2012-07-13T00:01:28+00:00","author":"Autor","twitter_card":"summary_large_image","twitter_misc":{"Escrito por":"Autor","Est. tempo de leitura":"4 minutos"},"schema":{"@context":"https:\/\/schema.org","@graph":[{"@type":"Article","@id":"https:\/\/fieam.org.br\/senai\/pronatec-x-senai-oportunidade-de-nova-profissao-para-quem-esta-fora-do-mercado\/#article","isPartOf":{"@id":"https:\/\/fieam.org.br\/senai\/pronatec-x-senai-oportunidade-de-nova-profissao-para-quem-esta-fora-do-mercado\/"},"author":{"name":"Autor","@id":"https:\/\/fieam.org.br\/senai\/#\/schema\/person\/c1ceda8321521b291cee22da0a7d34be"},"headline":"Pronatec x SENAI: Oportunidade de nova profiss\u00e3o para quem est\u00e1 fora do mercado","datePublished":"2012-07-13T00:01:28+00:00","mainEntityOfPage":{"@id":"https:\/\/fieam.org.br\/senai\/pronatec-x-senai-oportunidade-de-nova-profissao-para-quem-esta-fora-do-mercado\/"},"wordCount":780,"commentCount":0,"publisher":{"@id":"https:\/\/fieam.org.br\/senai\/#organization"},"articleSection":["News","News Destaques"],"inLanguage":"pt-BR","potentialAction":[{"@type":"CommentAction","name":"Comment","target":["https:\/\/fieam.org.br\/senai\/pronatec-x-senai-oportunidade-de-nova-profissao-para-quem-esta-fora-do-mercado\/#respond"]}]},{"@type":"WebPage","@id":"https:\/\/fieam.org.br\/senai\/pronatec-x-senai-oportunidade-de-nova-profissao-para-quem-esta-fora-do-mercado\/","url":"https:\/\/fieam.org.br\/senai\/pronatec-x-senai-oportunidade-de-nova-profissao-para-quem-esta-fora-do-mercado\/","name":"Pronatec x SENAI: Oportunidade de nova profiss\u00e3o para quem est\u00e1 fora do mercado - SENAI","isPartOf":{"@id":"https:\/\/fieam.org.br\/senai\/#website"},"datePublished":"2012-07-13T00:01:28+00:00","breadcrumb":{"@id":"https:\/\/fieam.org.br\/senai\/pronatec-x-senai-oportunidade-de-nova-profissao-para-quem-esta-fora-do-mercado\/#breadcrumb"},"inLanguage":"pt-BR","potentialAction":[{"@type":"ReadAction","target":["https:\/\/fieam.org.br\/senai\/pronatec-x-senai-oportunidade-de-nova-profissao-para-quem-esta-fora-do-mercado\/"]}]},{"@type":"BreadcrumbList","@id":"https:\/\/fieam.org.br\/senai\/pronatec-x-senai-oportunidade-de-nova-profissao-para-quem-esta-fora-do-mercado\/#breadcrumb","itemListElement":[{"@type":"ListItem","position":1,"name":"In\u00edcio","item":"https:\/\/fieam.org.br\/senai\/"},{"@type":"ListItem","position":2,"name":"Pronatec x SENAI: Oportunidade de nova profiss\u00e3o para quem est\u00e1 fora do mercado"}]},{"@type":"WebSite","@id":"https:\/\/fieam.org.br\/senai\/#website","url":"https:\/\/fieam.org.br\/senai\/","name":"SENAI","description":"Site Oficial!","publisher":{"@id":"https:\/\/fieam.org.br\/senai\/#organization"},"potentialAction":[{"@type":"SearchAction","target":{"@type":"EntryPoint","urlTemplate":"https:\/\/fieam.org.br\/senai\/?s={search_term_string}"},"query-input":{"@type":"PropertyValueSpecification","valueRequired":true,"valueName":"search_term_string"}}],"inLanguage":"pt-BR"},{"@type":"Organization","@id":"https:\/\/fieam.org.br\/senai\/#organization","name":"SENAI","url":"https:\/\/fieam.org.br\/senai\/","logo":{"@type":"ImageObject","inLanguage":"pt-BR","@id":"https:\/\/fieam.org.br\/senai\/#\/schema\/logo\/image\/","url":"https:\/\/fieam.org.br\/senai\/wp-content\/uploads\/sites\/16\/2024\/03\/cropped-fav.png","contentUrl":"https:\/\/fieam.org.br\/senai\/wp-content\/uploads\/sites\/16\/2024\/03\/cropped-fav.png","width":592,"height":577,"caption":"SENAI"},"image":{"@id":"https:\/\/fieam.org.br\/senai\/#\/schema\/logo\/image\/"}},{"@type":"Person","@id":"https:\/\/fieam.org.br\/senai\/#\/schema\/person\/c1ceda8321521b291cee22da0a7d34be","name":"Autor","image":{"@type":"ImageObject","inLanguage":"pt-BR","@id":"https:\/\/fieam.org.br\/senai\/#\/schema\/person\/image\/","url":"https:\/\/secure.gravatar.com\/avatar\/3732c223e0e1fad69062a8f770955c9068d37b055204f310a0be18d4069fe380?s=96&d=mm&r=g","contentUrl":"https:\/\/secure.gravatar.com\/avatar\/3732c223e0e1fad69062a8f770955c9068d37b055204f310a0be18d4069fe380?s=96&d=mm&r=g","caption":"Autor"},"sameAs":["https:\/\/marketingmassivo.com.br"],"url":"https:\/\/fieam.org.br\/senai\/author\/admin\/"}]}},"_links":{"self":[{"href":"https:\/\/fieam.org.br\/senai\/wp-json\/wp\/v2\/posts\/2064","targetHints":{"allow":["GET"]}}],"collection":[{"href":"https:\/\/fieam.org.br\/senai\/wp-json\/wp\/v2\/posts"}],"about":[{"href":"https:\/\/fieam.org.br\/senai\/wp-json\/wp\/v2\/types\/post"}],"author":[{"embeddable":true,"href":"https:\/\/fieam.org.br\/senai\/wp-json\/wp\/v2\/users\/1"}],"replies":[{"embeddable":true,"href":"https:\/\/fieam.org.br\/senai\/wp-json\/wp\/v2\/comments?post=2064"}],"version-history":[{"count":0,"href":"https:\/\/fieam.org.br\/senai\/wp-json\/wp\/v2\/posts\/2064\/revisions"}],"wp:attachment":[{"href":"https:\/\/fieam.org.br\/senai\/wp-json\/wp\/v2\/media?parent=2064"}],"wp:term":[{"taxonomy":"category","embeddable":true,"href":"https:\/\/fieam.org.br\/senai\/wp-json\/wp\/v2\/categories?post=2064"},{"taxonomy":"post_tag","embeddable":true,"href":"https:\/\/fieam.org.br\/senai\/wp-json\/wp\/v2\/tags?post=2064"}],"curies":[{"name":"wp","href":"https:\/\/api.w.org\/{rel}","templated":true}]}}