{"id":1958,"date":"2012-06-04T21:42:24","date_gmt":"2012-06-04T21:42:24","guid":{"rendered":"http:\/\/www.fieam.org.br\/site\/senai\/?p=1958"},"modified":"2012-06-04T21:42:24","modified_gmt":"2012-06-04T21:42:24","slug":"o-sesi-e-o-senai-selecionam-talentos","status":"publish","type":"post","link":"https:\/\/fieam.org.br\/senai\/o-sesi-e-o-senai-selecionam-talentos\/","title":{"rendered":"4.06 O SESI e o SENAI selecionam talentos"},"content":{"rendered":"<p><strong>O SESI<\/strong>\u00a0<strong>e o SENAI\u00a0<\/strong>selecionam talentos para atuar na \u00e1rea abaixo solicitada, com o seguinte perfil:<\/p>\n<p><strong>Agente Administrativo \u2013 1 vaga \/ Pr\u00e9-requisitos:<\/strong>\u00a0Ensino M\u00e9dio completo, Inform\u00e1tica B\u00e1sica (Word e Excel),<strong><\/strong>desej\u00e1vel conhecimento na \u00e1rea recrutamento e sele\u00e7\u00e3o, treinamento e desenvolvimento, experi\u00eancia em arquivar documentos e atendimento a clientes. Experi\u00eancia comprovada de 6 meses na \u00e1rea administrativa.<\/p>\n<p>&nbsp;<\/p>\n<p>Os interessados dever\u00e3o deixar o curr\u00edculo na recep\u00e7\u00e3o do Edif\u00edcio Raimar Aguiar, localizado na Avenida Joaquim Nabuco, 1919, at\u00e9 esta quarta-feira (6). Informar no curr\u00edculo o cargo pretendido e e-mail.<\/p>\n","protected":false},"excerpt":{"rendered":"<p>O SESI\u00a0e o SENAI\u00a0selecionam talentos para atuar na \u00e1rea abaixo solicitada, com o seguinte perfil: Agente Administrativo \u2013 1 vaga \/ Pr\u00e9-requisitos:\u00a0Ensino M\u00e9dio completo, Inform\u00e1tica B\u00e1sica (Word e Excel),desej\u00e1vel conhecimento na \u00e1rea recrutamento e sele\u00e7\u00e3o, treinamento e desenvolvimento, experi\u00eancia em arquivar documentos e atendimento a clientes. Experi\u00eancia comprovada de 6 meses na \u00e1rea administrativa. &nbsp; [&hellip;]<\/p>\n","protected":false},"author":1,"featured_media":1959,"comment_status":"open","ping_status":"open","sticky":false,"template":"","format":"standard","meta":{"footnotes":""},"categories":[24],"tags":[],"class_list":["post-1958","post","type-post","status-publish","format-standard","has-post-thumbnail","hentry","category-selecao"],"yoast_head":"<!-- This site is optimized with the Yoast SEO plugin v26.8 - https:\/\/yoast.com\/product\/yoast-seo-wordpress\/ -->\n<title>4.06 O SESI e o SENAI selecionam talentos - SENAI<\/title>\n<meta name=\"robots\" content=\"index, follow, max-snippet:-1, max-image-preview:large, max-video-preview:-1\" \/>\n<link rel=\"canonical\" href=\"https:\/\/fieam.org.br\/senai\/o-sesi-e-o-senai-selecionam-talentos\/\" \/>\n<meta property=\"og:locale\" content=\"pt_BR\" \/>\n<meta property=\"og:type\" content=\"article\" \/>\n<meta property=\"og:title\" content=\"4.06 O SESI e o SENAI selecionam talentos - SENAI\" \/>\n<meta property=\"og:description\" content=\"O SESI\u00a0e o SENAI\u00a0selecionam talentos para atuar na \u00e1rea abaixo solicitada, com o seguinte perfil: Agente Administrativo \u2013 1 vaga \/ Pr\u00e9-requisitos:\u00a0Ensino M\u00e9dio completo, Inform\u00e1tica B\u00e1sica (Word e Excel),desej\u00e1vel conhecimento na \u00e1rea recrutamento e sele\u00e7\u00e3o, treinamento e desenvolvimento, experi\u00eancia em arquivar documentos e atendimento a clientes. Experi\u00eancia comprovada de 6 meses na \u00e1rea administrativa. &nbsp; [&hellip;]\" \/>\n<meta property=\"og:url\" content=\"https:\/\/fieam.org.br\/senai\/o-sesi-e-o-senai-selecionam-talentos\/\" \/>\n<meta property=\"og:site_name\" content=\"SENAI\" \/>\n<meta property=\"article:published_time\" content=\"2012-06-04T21:42:24+00:00\" \/>\n<meta property=\"og:image\" content=\"https:\/\/fieam.org.br\/senai\/wp-content\/uploads\/sites\/16\/2012\/06\/selecao.jpg\" \/>\n\t<meta property=\"og:image:width\" content=\"250\" \/>\n\t<meta property=\"og:image:height\" content=\"250\" \/>\n\t<meta property=\"og:image:type\" content=\"image\/jpeg\" \/>\n<meta name=\"author\" content=\"Autor\" \/>\n<meta name=\"twitter:card\" content=\"summary_large_image\" \/>\n<meta name=\"twitter:label1\" content=\"Escrito por\" \/>\n\t<meta name=\"twitter:data1\" content=\"Autor\" \/>\n<script type=\"application\/ld+json\" class=\"yoast-schema-graph\">{\"@context\":\"https:\/\/schema.org\",\"@graph\":[{\"@type\":\"Article\",\"@id\":\"https:\/\/fieam.org.br\/senai\/o-sesi-e-o-senai-selecionam-talentos\/#article\",\"isPartOf\":{\"@id\":\"https:\/\/fieam.org.br\/senai\/o-sesi-e-o-senai-selecionam-talentos\/\"},\"author\":{\"name\":\"Autor\",\"@id\":\"https:\/\/fieam.org.br\/senai\/#\/schema\/person\/c1ceda8321521b291cee22da0a7d34be\"},\"headline\":\"4.06 O SESI e o SENAI selecionam talentos\",\"datePublished\":\"2012-06-04T21:42:24+00:00\",\"mainEntityOfPage\":{\"@id\":\"https:\/\/fieam.org.br\/senai\/o-sesi-e-o-senai-selecionam-talentos\/\"},\"wordCount\":103,\"commentCount\":0,\"publisher\":{\"@id\":\"https:\/\/fieam.org.br\/senai\/#organization\"},\"image\":{\"@id\":\"https:\/\/fieam.org.br\/senai\/o-sesi-e-o-senai-selecionam-talentos\/#primaryimage\"},\"thumbnailUrl\":\"https:\/\/fieam.org.br\/senai\/wp-content\/uploads\/sites\/16\/2012\/06\/selecao.jpg\",\"articleSection\":[\"selecao\"],\"inLanguage\":\"pt-BR\",\"potentialAction\":[{\"@type\":\"CommentAction\",\"name\":\"Comment\",\"target\":[\"https:\/\/fieam.org.br\/senai\/o-sesi-e-o-senai-selecionam-talentos\/#respond\"]}]},{\"@type\":\"WebPage\",\"@id\":\"https:\/\/fieam.org.br\/senai\/o-sesi-e-o-senai-selecionam-talentos\/\",\"url\":\"https:\/\/fieam.org.br\/senai\/o-sesi-e-o-senai-selecionam-talentos\/\",\"name\":\"4.06 O SESI e o SENAI selecionam talentos - SENAI\",\"isPartOf\":{\"@id\":\"https:\/\/fieam.org.br\/senai\/#website\"},\"primaryImageOfPage\":{\"@id\":\"https:\/\/fieam.org.br\/senai\/o-sesi-e-o-senai-selecionam-talentos\/#primaryimage\"},\"image\":{\"@id\":\"https:\/\/fieam.org.br\/senai\/o-sesi-e-o-senai-selecionam-talentos\/#primaryimage\"},\"thumbnailUrl\":\"https:\/\/fieam.org.br\/senai\/wp-content\/uploads\/sites\/16\/2012\/06\/selecao.jpg\",\"datePublished\":\"2012-06-04T21:42:24+00:00\",\"breadcrumb\":{\"@id\":\"https:\/\/fieam.org.br\/senai\/o-sesi-e-o-senai-selecionam-talentos\/#breadcrumb\"},\"inLanguage\":\"pt-BR\",\"potentialAction\":[{\"@type\":\"ReadAction\",\"target\":[\"https:\/\/fieam.org.br\/senai\/o-sesi-e-o-senai-selecionam-talentos\/\"]}]},{\"@type\":\"ImageObject\",\"inLanguage\":\"pt-BR\",\"@id\":\"https:\/\/fieam.org.br\/senai\/o-sesi-e-o-senai-selecionam-talentos\/#primaryimage\",\"url\":\"https:\/\/fieam.org.br\/senai\/wp-content\/uploads\/sites\/16\/2012\/06\/selecao.jpg\",\"contentUrl\":\"https:\/\/fieam.org.br\/senai\/wp-content\/uploads\/sites\/16\/2012\/06\/selecao.jpg\",\"width\":250,\"height\":250},{\"@type\":\"BreadcrumbList\",\"@id\":\"https:\/\/fieam.org.br\/senai\/o-sesi-e-o-senai-selecionam-talentos\/#breadcrumb\",\"itemListElement\":[{\"@type\":\"ListItem\",\"position\":1,\"name\":\"In\u00edcio\",\"item\":\"https:\/\/fieam.org.br\/senai\/\"},{\"@type\":\"ListItem\",\"position\":2,\"name\":\"4.06 O SESI e o SENAI selecionam talentos\"}]},{\"@type\":\"WebSite\",\"@id\":\"https:\/\/fieam.org.br\/senai\/#website\",\"url\":\"https:\/\/fieam.org.br\/senai\/\",\"name\":\"SENAI\",\"description\":\"Site Oficial!\",\"publisher\":{\"@id\":\"https:\/\/fieam.org.br\/senai\/#organization\"},\"potentialAction\":[{\"@type\":\"SearchAction\",\"target\":{\"@type\":\"EntryPoint\",\"urlTemplate\":\"https:\/\/fieam.org.br\/senai\/?s={search_term_string}\"},\"query-input\":{\"@type\":\"PropertyValueSpecification\",\"valueRequired\":true,\"valueName\":\"search_term_string\"}}],\"inLanguage\":\"pt-BR\"},{\"@type\":\"Organization\",\"@id\":\"https:\/\/fieam.org.br\/senai\/#organization\",\"name\":\"SENAI\",\"url\":\"https:\/\/fieam.org.br\/senai\/\",\"logo\":{\"@type\":\"ImageObject\",\"inLanguage\":\"pt-BR\",\"@id\":\"https:\/\/fieam.org.br\/senai\/#\/schema\/logo\/image\/\",\"url\":\"https:\/\/fieam.org.br\/senai\/wp-content\/uploads\/sites\/16\/2024\/03\/cropped-fav.png\",\"contentUrl\":\"https:\/\/fieam.org.br\/senai\/wp-content\/uploads\/sites\/16\/2024\/03\/cropped-fav.png\",\"width\":592,\"height\":577,\"caption\":\"SENAI\"},\"image\":{\"@id\":\"https:\/\/fieam.org.br\/senai\/#\/schema\/logo\/image\/\"}},{\"@type\":\"Person\",\"@id\":\"https:\/\/fieam.org.br\/senai\/#\/schema\/person\/c1ceda8321521b291cee22da0a7d34be\",\"name\":\"Autor\",\"image\":{\"@type\":\"ImageObject\",\"inLanguage\":\"pt-BR\",\"@id\":\"https:\/\/fieam.org.br\/senai\/#\/schema\/person\/image\/\",\"url\":\"https:\/\/secure.gravatar.com\/avatar\/3732c223e0e1fad69062a8f770955c9068d37b055204f310a0be18d4069fe380?s=96&d=mm&r=g\",\"contentUrl\":\"https:\/\/secure.gravatar.com\/avatar\/3732c223e0e1fad69062a8f770955c9068d37b055204f310a0be18d4069fe380?s=96&d=mm&r=g\",\"caption\":\"Autor\"},\"sameAs\":[\"https:\/\/marketingmassivo.com.br\"],\"url\":\"https:\/\/fieam.org.br\/senai\/author\/admin\/\"}]}<\/script>\n<!-- \/ Yoast SEO plugin. -->","yoast_head_json":{"title":"4.06 O SESI e o SENAI selecionam talentos - SENAI","robots":{"index":"index","follow":"follow","max-snippet":"max-snippet:-1","max-image-preview":"max-image-preview:large","max-video-preview":"max-video-preview:-1"},"canonical":"https:\/\/fieam.org.br\/senai\/o-sesi-e-o-senai-selecionam-talentos\/","og_locale":"pt_BR","og_type":"article","og_title":"4.06 O SESI e o SENAI selecionam talentos - SENAI","og_description":"O SESI\u00a0e o SENAI\u00a0selecionam talentos para atuar na \u00e1rea abaixo solicitada, com o seguinte perfil: Agente Administrativo \u2013 1 vaga \/ Pr\u00e9-requisitos:\u00a0Ensino M\u00e9dio completo, Inform\u00e1tica B\u00e1sica (Word e Excel),desej\u00e1vel conhecimento na \u00e1rea recrutamento e sele\u00e7\u00e3o, treinamento e desenvolvimento, experi\u00eancia em arquivar documentos e atendimento a clientes. Experi\u00eancia comprovada de 6 meses na \u00e1rea administrativa. &nbsp; [&hellip;]","og_url":"https:\/\/fieam.org.br\/senai\/o-sesi-e-o-senai-selecionam-talentos\/","og_site_name":"SENAI","article_published_time":"2012-06-04T21:42:24+00:00","og_image":[{"width":250,"height":250,"url":"https:\/\/fieam.org.br\/senai\/wp-content\/uploads\/sites\/16\/2012\/06\/selecao.jpg","type":"image\/jpeg"}],"author":"Autor","twitter_card":"summary_large_image","twitter_misc":{"Escrito por":"Autor"},"schema":{"@context":"https:\/\/schema.org","@graph":[{"@type":"Article","@id":"https:\/\/fieam.org.br\/senai\/o-sesi-e-o-senai-selecionam-talentos\/#article","isPartOf":{"@id":"https:\/\/fieam.org.br\/senai\/o-sesi-e-o-senai-selecionam-talentos\/"},"author":{"name":"Autor","@id":"https:\/\/fieam.org.br\/senai\/#\/schema\/person\/c1ceda8321521b291cee22da0a7d34be"},"headline":"4.06 O SESI e o SENAI selecionam talentos","datePublished":"2012-06-04T21:42:24+00:00","mainEntityOfPage":{"@id":"https:\/\/fieam.org.br\/senai\/o-sesi-e-o-senai-selecionam-talentos\/"},"wordCount":103,"commentCount":0,"publisher":{"@id":"https:\/\/fieam.org.br\/senai\/#organization"},"image":{"@id":"https:\/\/fieam.org.br\/senai\/o-sesi-e-o-senai-selecionam-talentos\/#primaryimage"},"thumbnailUrl":"https:\/\/fieam.org.br\/senai\/wp-content\/uploads\/sites\/16\/2012\/06\/selecao.jpg","articleSection":["selecao"],"inLanguage":"pt-BR","potentialAction":[{"@type":"CommentAction","name":"Comment","target":["https:\/\/fieam.org.br\/senai\/o-sesi-e-o-senai-selecionam-talentos\/#respond"]}]},{"@type":"WebPage","@id":"https:\/\/fieam.org.br\/senai\/o-sesi-e-o-senai-selecionam-talentos\/","url":"https:\/\/fieam.org.br\/senai\/o-sesi-e-o-senai-selecionam-talentos\/","name":"4.06 O SESI e o SENAI selecionam talentos - SENAI","isPartOf":{"@id":"https:\/\/fieam.org.br\/senai\/#website"},"primaryImageOfPage":{"@id":"https:\/\/fieam.org.br\/senai\/o-sesi-e-o-senai-selecionam-talentos\/#primaryimage"},"image":{"@id":"https:\/\/fieam.org.br\/senai\/o-sesi-e-o-senai-selecionam-talentos\/#primaryimage"},"thumbnailUrl":"https:\/\/fieam.org.br\/senai\/wp-content\/uploads\/sites\/16\/2012\/06\/selecao.jpg","datePublished":"2012-06-04T21:42:24+00:00","breadcrumb":{"@id":"https:\/\/fieam.org.br\/senai\/o-sesi-e-o-senai-selecionam-talentos\/#breadcrumb"},"inLanguage":"pt-BR","potentialAction":[{"@type":"ReadAction","target":["https:\/\/fieam.org.br\/senai\/o-sesi-e-o-senai-selecionam-talentos\/"]}]},{"@type":"ImageObject","inLanguage":"pt-BR","@id":"https:\/\/fieam.org.br\/senai\/o-sesi-e-o-senai-selecionam-talentos\/#primaryimage","url":"https:\/\/fieam.org.br\/senai\/wp-content\/uploads\/sites\/16\/2012\/06\/selecao.jpg","contentUrl":"https:\/\/fieam.org.br\/senai\/wp-content\/uploads\/sites\/16\/2012\/06\/selecao.jpg","width":250,"height":250},{"@type":"BreadcrumbList","@id":"https:\/\/fieam.org.br\/senai\/o-sesi-e-o-senai-selecionam-talentos\/#breadcrumb","itemListElement":[{"@type":"ListItem","position":1,"name":"In\u00edcio","item":"https:\/\/fieam.org.br\/senai\/"},{"@type":"ListItem","position":2,"name":"4.06 O SESI e o SENAI selecionam talentos"}]},{"@type":"WebSite","@id":"https:\/\/fieam.org.br\/senai\/#website","url":"https:\/\/fieam.org.br\/senai\/","name":"SENAI","description":"Site Oficial!","publisher":{"@id":"https:\/\/fieam.org.br\/senai\/#organization"},"potentialAction":[{"@type":"SearchAction","target":{"@type":"EntryPoint","urlTemplate":"https:\/\/fieam.org.br\/senai\/?s={search_term_string}"},"query-input":{"@type":"PropertyValueSpecification","valueRequired":true,"valueName":"search_term_string"}}],"inLanguage":"pt-BR"},{"@type":"Organization","@id":"https:\/\/fieam.org.br\/senai\/#organization","name":"SENAI","url":"https:\/\/fieam.org.br\/senai\/","logo":{"@type":"ImageObject","inLanguage":"pt-BR","@id":"https:\/\/fieam.org.br\/senai\/#\/schema\/logo\/image\/","url":"https:\/\/fieam.org.br\/senai\/wp-content\/uploads\/sites\/16\/2024\/03\/cropped-fav.png","contentUrl":"https:\/\/fieam.org.br\/senai\/wp-content\/uploads\/sites\/16\/2024\/03\/cropped-fav.png","width":592,"height":577,"caption":"SENAI"},"image":{"@id":"https:\/\/fieam.org.br\/senai\/#\/schema\/logo\/image\/"}},{"@type":"Person","@id":"https:\/\/fieam.org.br\/senai\/#\/schema\/person\/c1ceda8321521b291cee22da0a7d34be","name":"Autor","image":{"@type":"ImageObject","inLanguage":"pt-BR","@id":"https:\/\/fieam.org.br\/senai\/#\/schema\/person\/image\/","url":"https:\/\/secure.gravatar.com\/avatar\/3732c223e0e1fad69062a8f770955c9068d37b055204f310a0be18d4069fe380?s=96&d=mm&r=g","contentUrl":"https:\/\/secure.gravatar.com\/avatar\/3732c223e0e1fad69062a8f770955c9068d37b055204f310a0be18d4069fe380?s=96&d=mm&r=g","caption":"Autor"},"sameAs":["https:\/\/marketingmassivo.com.br"],"url":"https:\/\/fieam.org.br\/senai\/author\/admin\/"}]}},"_links":{"self":[{"href":"https:\/\/fieam.org.br\/senai\/wp-json\/wp\/v2\/posts\/1958","targetHints":{"allow":["GET"]}}],"collection":[{"href":"https:\/\/fieam.org.br\/senai\/wp-json\/wp\/v2\/posts"}],"about":[{"href":"https:\/\/fieam.org.br\/senai\/wp-json\/wp\/v2\/types\/post"}],"author":[{"embeddable":true,"href":"https:\/\/fieam.org.br\/senai\/wp-json\/wp\/v2\/users\/1"}],"replies":[{"embeddable":true,"href":"https:\/\/fieam.org.br\/senai\/wp-json\/wp\/v2\/comments?post=1958"}],"version-history":[{"count":0,"href":"https:\/\/fieam.org.br\/senai\/wp-json\/wp\/v2\/posts\/1958\/revisions"}],"wp:featuredmedia":[{"embeddable":true,"href":"https:\/\/fieam.org.br\/senai\/wp-json\/wp\/v2\/media\/1959"}],"wp:attachment":[{"href":"https:\/\/fieam.org.br\/senai\/wp-json\/wp\/v2\/media?parent=1958"}],"wp:term":[{"taxonomy":"category","embeddable":true,"href":"https:\/\/fieam.org.br\/senai\/wp-json\/wp\/v2\/categories?post=1958"},{"taxonomy":"post_tag","embeddable":true,"href":"https:\/\/fieam.org.br\/senai\/wp-json\/wp\/v2\/tags?post=1958"}],"curies":[{"name":"wp","href":"https:\/\/api.w.org\/{rel}","templated":true}]}}