{"id":1844,"date":"2012-04-09T18:13:27","date_gmt":"2012-04-09T18:13:27","guid":{"rendered":"http:\/\/www.fieam.org.br\/site\/senai\/?p=1844"},"modified":"2012-04-09T18:13:27","modified_gmt":"2012-04-09T18:13:27","slug":"samauma-forma-376-alunos-em-novo-airao-educacao-profissional-itinerante-do-senaiam","status":"publish","type":"post","link":"https:\/\/fieam.org.br\/senai\/samauma-forma-376-alunos-em-novo-airao-educacao-profissional-itinerante-do-senaiam\/","title":{"rendered":"Sama\u00fama forma 376 alunos em Novo Air\u00e3o Educa\u00e7\u00e3o profissional itinerante do SENAI\/AM"},"content":{"rendered":"<figure id=\"attachment_1845\" aria-describedby=\"caption-attachment-1845\" style=\"width: 300px\" class=\"wp-caption alignleft\"><a href=\"http:\/\/www.fieam.org.br\/site\/senai\/files\/2012\/04\/5-A%C3%A7%C3%A3o-do-Barco-do-SENAI-AM-certifica-376-alunos-em-Novo-Air%C3%A3o.jpg\"><img fetchpriority=\"high\" decoding=\"async\" class=\"size-medium wp-image-1845\" src=\"http:\/\/www.fieam.org.br\/site\/senai\/files\/2012\/04\/5-A%C3%A7%C3%A3o-do-Barco-do-SENAI-AM-certifica-376-alunos-em-Novo-Air%C3%A3o-300x200.jpg\" alt=\"A\u00e7\u00e3o do Barco do SENAI AM certifica 376 alunos em Novo Air\u00e3o\" width=\"300\" height=\"200\" \/><\/a><figcaption id=\"caption-attachment-1845\" class=\"wp-caption-text\">A\u00e7\u00e3o do Barco do SENAI AM certifica 376 alunos em Novo Air\u00e3o<\/figcaption><\/figure>\n<p>Os 16 cursos itinerantes do barco escola Sama\u00fama, unidade m\u00f3vel fluvial do <a href=\"..\/institucional\/\" target=\"_blank\" rel=\"noopener\">Servi\u00e7o Nacional de Aprendizagem Industrial (SENAI Amazonas),<\/a> atenderam cerca de 400 alunos em Novo Air\u00e3o, munic\u00edpio distante 143 km de Manaus por via fluvial. Na \u00faltima quinta-feira (5), 376 receberam certificado de conclus\u00e3o.<\/p>\n<p>Segundo o coordenador do barco, Saulo Ramos, o Sama\u00fama desenvolve em mais de tr\u00eas d\u00e9cadas a miss\u00e3o de disseminar a educa\u00e7\u00e3o profissional em cidades de dif\u00edcil acesso e distante das capitais da Regi\u00e3o Norte, alcan\u00e7adas por embarca\u00e7\u00f5es. Ramos ressaltou que a unidade fluvial do SENAI\/AM dever\u00e1 atender uma cidade a mais na programa\u00e7\u00e3o anual deste ano.<\/p>\n<p>\u201cSer\u00e3o seis munic\u00edpios em 2012, incluindo Novo Air\u00e3o, S\u00e3o Gabriel da Cachoeira, Santa Izabel do Rio Negro, Barcelos, Mau\u00e9s e Manaquiri. A proposta do SENAI \u00e9 formar 2.400 alunos nessas cidades, contribuindo com a sustentabilidade econ\u00f4mica, emprego e renda nesses munic\u00edpios\u201d, disse o coordenador do Sama\u00fama.<\/p>\n<p>Na solenidade da entrega dos certificados de conclus\u00e3o dos cursos em Novo Air\u00e3o, o pedreiro Gilson Domingos, de 38 anos, realizou o sonho de aprender um pouco mais de sua profiss\u00e3o. Domingos trabalha como aut\u00f4nomo no munic\u00edpio, exercendo v\u00e1rias fun\u00e7\u00f5es no segmento da constru\u00e7\u00e3o civil h\u00e1 mais de 10 anos. Para o trabalhador, a oportunidade de realizar dois cursos por meio da a\u00e7\u00e3o promovida pelo SENAI foi fundamental para melhorar suas atividades profissionais.<\/p>\n<figure id=\"attachment_1847\" aria-describedby=\"caption-attachment-1847\" style=\"width: 300px\" class=\"wp-caption alignleft\"><a href=\"http:\/\/www.fieam.org.br\/site\/senai\/files\/2012\/04\/4-Com-nova-vis%C3%A3o-em-empreendedorismo-e-panifica%C3%A7%C3%A3o-Ronilson-investir-no-segmento-de-lanches-e-caf%C3%A9-da-manh%C3%A3o-em-Novo-Air%C3%A3o.jpg\"><img decoding=\"async\" class=\"size-medium wp-image-1847\" src=\"http:\/\/www.fieam.org.br\/site\/senai\/files\/2012\/04\/4-Com-nova-vis%C3%A3o-em-empreendedorismo-e-panifica%C3%A7%C3%A3o-Ronilson-investir-no-segmento-de-lanches-e-caf%C3%A9-da-manh%C3%A3o-em-Novo-Air%C3%A3o-300x208.jpg\" alt=\"Com nova vis\u00e3o em empreendedorismo e panifica\u00e7\u00e3o, Ronilson investir no segmento de lanches e caf\u00e9 da manh\u00e3o em Novo Air\u00e3o\" width=\"300\" height=\"208\" \/><\/a><figcaption id=\"caption-attachment-1847\" class=\"wp-caption-text\">Com nova vis\u00e3o em empreendedorismo e panifica\u00e7\u00e3o, Ronilson investir no segmento de lanches e caf\u00e9 da manh\u00e3o em Novo Air\u00e3o<\/figcaption><\/figure>\n<p>\u201cAprendi meu of\u00edcio na marra, observando outros pedreiros e aplicando as mesmas t\u00e9cnicas nas obras que eu realizava. Com os conhecimentos que adquiri com o instrutor Aclair no curso de Pedreiro e Instalador Hidr\u00e1ulico j\u00e1 me considero um profissional diferenciado, pois agora tenho mais t\u00e9cnicas e conhecimentos das normas de seguran\u00e7a na constru\u00e7\u00e3o civil\u201d, observou o formando.<\/p>\n<p>Para o pequeno empres\u00e1rio do ramo de alimentos, Ronilson Oliveira, a vis\u00e3o de empreendedorismo e as informa\u00e7\u00f5es sobre recebidas nos cursos de Aprender a Empreender e Padeiro ser\u00e3o muito \u00fateis para que o empres\u00e1rio possa ampliar seus neg\u00f3cios com planejamento.<\/p>\n<p>Ronilson emprega tr\u00eas funcion\u00e1rios em seu lanche e pretende abrir mais um ponto por meio do aprendizado adquirido no curso de \u201cAprender a empreender\u201d que lhe mostrou como organizar uma empresa, planejar seus custos e receitas e de como fidelizar o cliente atrav\u00e9s da oferta de produtos e servi\u00e7os de qualidade.<\/p>\n<p>Ronilson \u00e9 dono do Lanche do Nadson, uma lanchonete conhecida e bem frequentada pelos moradores de Novo Air\u00e3o. Com essa nova vis\u00e3o de mercado, o empres\u00e1rio pretende oferecer mais variedade de lanches no seu ponto, aproveitando o conhecimento repassado pelo instrutor de panifica\u00e7\u00e3o Francisco Sales.<\/p>\n<p>\u201cNo curso de panifica\u00e7\u00e3o conheci v\u00e1rias op\u00e7\u00f5es de p\u00e3es e salgados que posso produzir e vender no meu lanche. Com essas novidades tenho certeza que vou ter mais lucros e logo terei condi\u00e7\u00f5es de montar um caf\u00e9 da manh\u00e3 self service aqui em Novo Air\u00e3o\u201d, acredita Ronilson.<\/p>\n<figure id=\"attachment_1846\" aria-describedby=\"caption-attachment-1846\" style=\"width: 300px\" class=\"wp-caption alignleft\"><a href=\"http:\/\/www.fieam.org.br\/site\/senai\/files\/2012\/04\/1-Gilson-j%C3%A1-observa-a-melhora-de-seus-servi%C3%A7os-na-constru%C3%A7%C3%A3o-civil-ap%C3%B3s-participar-de-cursos-do-SENAI.jpg\"><img decoding=\"async\" class=\"size-medium wp-image-1846\" src=\"http:\/\/www.fieam.org.br\/site\/senai\/files\/2012\/04\/1-Gilson-j%C3%A1-observa-a-melhora-de-seus-servi%C3%A7os-na-constru%C3%A7%C3%A3o-civil-ap%C3%B3s-participar-de-cursos-do-SENAI-300x200.jpg\" alt=\"Gilson j\u00e1 observa a melhora de seus servi\u00e7os na constru\u00e7\u00e3o civil ap\u00f3s participar de cursos do SENAI\" width=\"300\" height=\"200\" \/><\/a><figcaption id=\"caption-attachment-1846\" class=\"wp-caption-text\">Gilson j\u00e1 observa a melhora de seus servi\u00e7os na constru\u00e7\u00e3o civil ap\u00f3s participar de cursos do SENAI<\/figcaption><\/figure>\n<p>Para dar continuidade \u00e0s a\u00e7\u00f5es de educa\u00e7\u00e3o profissional do barco escola Sama\u00fama, o SENAI conta com grandes parcerias como da <a href=\"http:\/\/www.petrobras.com.br\/\" target=\"_blank\" rel=\"noopener\">Petrobras<\/a>, <a href=\"http:\/\/www.amanco.com.br\/\" target=\"_blank\" rel=\"noopener\">Amanco<\/a>, <a href=\"http:\/\/www.schneider-eletric.com\/site\/home\" target=\"_blank\" rel=\"noopener\">Schneide<\/a>r e <a href=\"..\/..\/sesi\/institucional\/\" target=\"_blank\" rel=\"noopener\">SESI<\/a>. A unidade m\u00f3vel fluvial segue para S\u00e3o Gabriel da Cachoeira, onde deve ficar aportado nos pr\u00f3ximos dois meses para realizar cursos embarcados e desembarcados nos segmentos de inform\u00e1tica, mec\u00e2nica de motocicletas e motores a diesel, alimentos, constru\u00e7\u00e3o civil, empreendedorismo, marcenaria e confec\u00e7\u00e3o do vestu\u00e1rio.<\/p>\n","protected":false},"excerpt":{"rendered":"<p>Os 16 cursos itinerantes do barco escola Sama\u00fama, unidade m\u00f3vel fluvial do Servi\u00e7o Nacional de Aprendizagem Industrial (SENAI Amazonas), atenderam cerca de 400 alunos em Novo Air\u00e3o, munic\u00edpio distante 143 km de Manaus por via fluvial. Na \u00faltima quinta-feira (5), 376 receberam certificado de conclus\u00e3o. Segundo o coordenador do barco, Saulo Ramos, o Sama\u00fama desenvolve [&hellip;]<\/p>\n","protected":false},"author":1,"featured_media":0,"comment_status":"open","ping_status":"open","sticky":false,"template":"","format":"standard","meta":{"footnotes":""},"categories":[27],"tags":[],"class_list":["post-1844","post","type-post","status-publish","format-standard","hentry","category-uncategorized"],"yoast_head":"<!-- This site is optimized with the Yoast SEO plugin v26.8 - https:\/\/yoast.com\/product\/yoast-seo-wordpress\/ -->\n<title>Sama\u00fama forma 376 alunos em Novo Air\u00e3o Educa\u00e7\u00e3o profissional itinerante do SENAI\/AM - SENAI<\/title>\n<meta name=\"robots\" content=\"index, follow, max-snippet:-1, max-image-preview:large, max-video-preview:-1\" \/>\n<link rel=\"canonical\" href=\"https:\/\/fieam.org.br\/senai\/samauma-forma-376-alunos-em-novo-airao-educacao-profissional-itinerante-do-senaiam\/\" \/>\n<meta property=\"og:locale\" content=\"pt_BR\" \/>\n<meta property=\"og:type\" content=\"article\" \/>\n<meta property=\"og:title\" content=\"Sama\u00fama forma 376 alunos em Novo Air\u00e3o Educa\u00e7\u00e3o profissional itinerante do SENAI\/AM - SENAI\" \/>\n<meta property=\"og:description\" content=\"Os 16 cursos itinerantes do barco escola Sama\u00fama, unidade m\u00f3vel fluvial do Servi\u00e7o Nacional de Aprendizagem Industrial (SENAI Amazonas), atenderam cerca de 400 alunos em Novo Air\u00e3o, munic\u00edpio distante 143 km de Manaus por via fluvial. Na \u00faltima quinta-feira (5), 376 receberam certificado de conclus\u00e3o. Segundo o coordenador do barco, Saulo Ramos, o Sama\u00fama desenvolve [&hellip;]\" \/>\n<meta property=\"og:url\" content=\"https:\/\/fieam.org.br\/senai\/samauma-forma-376-alunos-em-novo-airao-educacao-profissional-itinerante-do-senaiam\/\" \/>\n<meta property=\"og:site_name\" content=\"SENAI\" \/>\n<meta property=\"article:published_time\" content=\"2012-04-09T18:13:27+00:00\" \/>\n<meta name=\"author\" content=\"Autor\" \/>\n<meta name=\"twitter:card\" content=\"summary_large_image\" \/>\n<meta name=\"twitter:label1\" content=\"Escrito por\" \/>\n\t<meta name=\"twitter:data1\" content=\"Autor\" \/>\n\t<meta name=\"twitter:label2\" content=\"Est. tempo de leitura\" \/>\n\t<meta name=\"twitter:data2\" content=\"3 minutos\" \/>\n<script type=\"application\/ld+json\" class=\"yoast-schema-graph\">{\"@context\":\"https:\/\/schema.org\",\"@graph\":[{\"@type\":\"Article\",\"@id\":\"https:\/\/fieam.org.br\/senai\/samauma-forma-376-alunos-em-novo-airao-educacao-profissional-itinerante-do-senaiam\/#article\",\"isPartOf\":{\"@id\":\"https:\/\/fieam.org.br\/senai\/samauma-forma-376-alunos-em-novo-airao-educacao-profissional-itinerante-do-senaiam\/\"},\"author\":{\"name\":\"Autor\",\"@id\":\"https:\/\/fieam.org.br\/senai\/#\/schema\/person\/c1ceda8321521b291cee22da0a7d34be\"},\"headline\":\"Sama\u00fama forma 376 alunos em Novo Air\u00e3o Educa\u00e7\u00e3o profissional itinerante do SENAI\/AM\",\"datePublished\":\"2012-04-09T18:13:27+00:00\",\"mainEntityOfPage\":{\"@id\":\"https:\/\/fieam.org.br\/senai\/samauma-forma-376-alunos-em-novo-airao-educacao-profissional-itinerante-do-senaiam\/\"},\"wordCount\":685,\"commentCount\":0,\"publisher\":{\"@id\":\"https:\/\/fieam.org.br\/senai\/#organization\"},\"image\":{\"@id\":\"https:\/\/fieam.org.br\/senai\/samauma-forma-376-alunos-em-novo-airao-educacao-profissional-itinerante-do-senaiam\/#primaryimage\"},\"thumbnailUrl\":\"http:\/\/www.fieam.org.br\/site\/senai\/files\/2012\/04\/5-A%C3%A7%C3%A3o-do-Barco-do-SENAI-AM-certifica-376-alunos-em-Novo-Air%C3%A3o-300x200.jpg\",\"articleSection\":[\"Uncategorized\"],\"inLanguage\":\"pt-BR\",\"potentialAction\":[{\"@type\":\"CommentAction\",\"name\":\"Comment\",\"target\":[\"https:\/\/fieam.org.br\/senai\/samauma-forma-376-alunos-em-novo-airao-educacao-profissional-itinerante-do-senaiam\/#respond\"]}]},{\"@type\":\"WebPage\",\"@id\":\"https:\/\/fieam.org.br\/senai\/samauma-forma-376-alunos-em-novo-airao-educacao-profissional-itinerante-do-senaiam\/\",\"url\":\"https:\/\/fieam.org.br\/senai\/samauma-forma-376-alunos-em-novo-airao-educacao-profissional-itinerante-do-senaiam\/\",\"name\":\"Sama\u00fama forma 376 alunos em Novo Air\u00e3o Educa\u00e7\u00e3o profissional itinerante do SENAI\/AM - SENAI\",\"isPartOf\":{\"@id\":\"https:\/\/fieam.org.br\/senai\/#website\"},\"primaryImageOfPage\":{\"@id\":\"https:\/\/fieam.org.br\/senai\/samauma-forma-376-alunos-em-novo-airao-educacao-profissional-itinerante-do-senaiam\/#primaryimage\"},\"image\":{\"@id\":\"https:\/\/fieam.org.br\/senai\/samauma-forma-376-alunos-em-novo-airao-educacao-profissional-itinerante-do-senaiam\/#primaryimage\"},\"thumbnailUrl\":\"http:\/\/www.fieam.org.br\/site\/senai\/files\/2012\/04\/5-A%C3%A7%C3%A3o-do-Barco-do-SENAI-AM-certifica-376-alunos-em-Novo-Air%C3%A3o-300x200.jpg\",\"datePublished\":\"2012-04-09T18:13:27+00:00\",\"breadcrumb\":{\"@id\":\"https:\/\/fieam.org.br\/senai\/samauma-forma-376-alunos-em-novo-airao-educacao-profissional-itinerante-do-senaiam\/#breadcrumb\"},\"inLanguage\":\"pt-BR\",\"potentialAction\":[{\"@type\":\"ReadAction\",\"target\":[\"https:\/\/fieam.org.br\/senai\/samauma-forma-376-alunos-em-novo-airao-educacao-profissional-itinerante-do-senaiam\/\"]}]},{\"@type\":\"ImageObject\",\"inLanguage\":\"pt-BR\",\"@id\":\"https:\/\/fieam.org.br\/senai\/samauma-forma-376-alunos-em-novo-airao-educacao-profissional-itinerante-do-senaiam\/#primaryimage\",\"url\":\"http:\/\/www.fieam.org.br\/site\/senai\/files\/2012\/04\/5-A%C3%A7%C3%A3o-do-Barco-do-SENAI-AM-certifica-376-alunos-em-Novo-Air%C3%A3o-300x200.jpg\",\"contentUrl\":\"http:\/\/www.fieam.org.br\/site\/senai\/files\/2012\/04\/5-A%C3%A7%C3%A3o-do-Barco-do-SENAI-AM-certifica-376-alunos-em-Novo-Air%C3%A3o-300x200.jpg\"},{\"@type\":\"BreadcrumbList\",\"@id\":\"https:\/\/fieam.org.br\/senai\/samauma-forma-376-alunos-em-novo-airao-educacao-profissional-itinerante-do-senaiam\/#breadcrumb\",\"itemListElement\":[{\"@type\":\"ListItem\",\"position\":1,\"name\":\"In\u00edcio\",\"item\":\"https:\/\/fieam.org.br\/senai\/\"},{\"@type\":\"ListItem\",\"position\":2,\"name\":\"Sama\u00fama forma 376 alunos em Novo Air\u00e3o Educa\u00e7\u00e3o profissional itinerante do SENAI\/AM\"}]},{\"@type\":\"WebSite\",\"@id\":\"https:\/\/fieam.org.br\/senai\/#website\",\"url\":\"https:\/\/fieam.org.br\/senai\/\",\"name\":\"SENAI\",\"description\":\"Site Oficial!\",\"publisher\":{\"@id\":\"https:\/\/fieam.org.br\/senai\/#organization\"},\"potentialAction\":[{\"@type\":\"SearchAction\",\"target\":{\"@type\":\"EntryPoint\",\"urlTemplate\":\"https:\/\/fieam.org.br\/senai\/?s={search_term_string}\"},\"query-input\":{\"@type\":\"PropertyValueSpecification\",\"valueRequired\":true,\"valueName\":\"search_term_string\"}}],\"inLanguage\":\"pt-BR\"},{\"@type\":\"Organization\",\"@id\":\"https:\/\/fieam.org.br\/senai\/#organization\",\"name\":\"SENAI\",\"url\":\"https:\/\/fieam.org.br\/senai\/\",\"logo\":{\"@type\":\"ImageObject\",\"inLanguage\":\"pt-BR\",\"@id\":\"https:\/\/fieam.org.br\/senai\/#\/schema\/logo\/image\/\",\"url\":\"https:\/\/fieam.org.br\/senai\/wp-content\/uploads\/sites\/16\/2024\/03\/cropped-fav.png\",\"contentUrl\":\"https:\/\/fieam.org.br\/senai\/wp-content\/uploads\/sites\/16\/2024\/03\/cropped-fav.png\",\"width\":592,\"height\":577,\"caption\":\"SENAI\"},\"image\":{\"@id\":\"https:\/\/fieam.org.br\/senai\/#\/schema\/logo\/image\/\"}},{\"@type\":\"Person\",\"@id\":\"https:\/\/fieam.org.br\/senai\/#\/schema\/person\/c1ceda8321521b291cee22da0a7d34be\",\"name\":\"Autor\",\"image\":{\"@type\":\"ImageObject\",\"inLanguage\":\"pt-BR\",\"@id\":\"https:\/\/fieam.org.br\/senai\/#\/schema\/person\/image\/\",\"url\":\"https:\/\/secure.gravatar.com\/avatar\/3732c223e0e1fad69062a8f770955c9068d37b055204f310a0be18d4069fe380?s=96&d=mm&r=g\",\"contentUrl\":\"https:\/\/secure.gravatar.com\/avatar\/3732c223e0e1fad69062a8f770955c9068d37b055204f310a0be18d4069fe380?s=96&d=mm&r=g\",\"caption\":\"Autor\"},\"sameAs\":[\"https:\/\/marketingmassivo.com.br\"],\"url\":\"https:\/\/fieam.org.br\/senai\/author\/admin\/\"}]}<\/script>\n<!-- \/ Yoast SEO plugin. -->","yoast_head_json":{"title":"Sama\u00fama forma 376 alunos em Novo Air\u00e3o Educa\u00e7\u00e3o profissional itinerante do SENAI\/AM - SENAI","robots":{"index":"index","follow":"follow","max-snippet":"max-snippet:-1","max-image-preview":"max-image-preview:large","max-video-preview":"max-video-preview:-1"},"canonical":"https:\/\/fieam.org.br\/senai\/samauma-forma-376-alunos-em-novo-airao-educacao-profissional-itinerante-do-senaiam\/","og_locale":"pt_BR","og_type":"article","og_title":"Sama\u00fama forma 376 alunos em Novo Air\u00e3o Educa\u00e7\u00e3o profissional itinerante do SENAI\/AM - SENAI","og_description":"Os 16 cursos itinerantes do barco escola Sama\u00fama, unidade m\u00f3vel fluvial do Servi\u00e7o Nacional de Aprendizagem Industrial (SENAI Amazonas), atenderam cerca de 400 alunos em Novo Air\u00e3o, munic\u00edpio distante 143 km de Manaus por via fluvial. Na \u00faltima quinta-feira (5), 376 receberam certificado de conclus\u00e3o. Segundo o coordenador do barco, Saulo Ramos, o Sama\u00fama desenvolve [&hellip;]","og_url":"https:\/\/fieam.org.br\/senai\/samauma-forma-376-alunos-em-novo-airao-educacao-profissional-itinerante-do-senaiam\/","og_site_name":"SENAI","article_published_time":"2012-04-09T18:13:27+00:00","author":"Autor","twitter_card":"summary_large_image","twitter_misc":{"Escrito por":"Autor","Est. tempo de leitura":"3 minutos"},"schema":{"@context":"https:\/\/schema.org","@graph":[{"@type":"Article","@id":"https:\/\/fieam.org.br\/senai\/samauma-forma-376-alunos-em-novo-airao-educacao-profissional-itinerante-do-senaiam\/#article","isPartOf":{"@id":"https:\/\/fieam.org.br\/senai\/samauma-forma-376-alunos-em-novo-airao-educacao-profissional-itinerante-do-senaiam\/"},"author":{"name":"Autor","@id":"https:\/\/fieam.org.br\/senai\/#\/schema\/person\/c1ceda8321521b291cee22da0a7d34be"},"headline":"Sama\u00fama forma 376 alunos em Novo Air\u00e3o Educa\u00e7\u00e3o profissional itinerante do SENAI\/AM","datePublished":"2012-04-09T18:13:27+00:00","mainEntityOfPage":{"@id":"https:\/\/fieam.org.br\/senai\/samauma-forma-376-alunos-em-novo-airao-educacao-profissional-itinerante-do-senaiam\/"},"wordCount":685,"commentCount":0,"publisher":{"@id":"https:\/\/fieam.org.br\/senai\/#organization"},"image":{"@id":"https:\/\/fieam.org.br\/senai\/samauma-forma-376-alunos-em-novo-airao-educacao-profissional-itinerante-do-senaiam\/#primaryimage"},"thumbnailUrl":"http:\/\/www.fieam.org.br\/site\/senai\/files\/2012\/04\/5-A%C3%A7%C3%A3o-do-Barco-do-SENAI-AM-certifica-376-alunos-em-Novo-Air%C3%A3o-300x200.jpg","articleSection":["Uncategorized"],"inLanguage":"pt-BR","potentialAction":[{"@type":"CommentAction","name":"Comment","target":["https:\/\/fieam.org.br\/senai\/samauma-forma-376-alunos-em-novo-airao-educacao-profissional-itinerante-do-senaiam\/#respond"]}]},{"@type":"WebPage","@id":"https:\/\/fieam.org.br\/senai\/samauma-forma-376-alunos-em-novo-airao-educacao-profissional-itinerante-do-senaiam\/","url":"https:\/\/fieam.org.br\/senai\/samauma-forma-376-alunos-em-novo-airao-educacao-profissional-itinerante-do-senaiam\/","name":"Sama\u00fama forma 376 alunos em Novo Air\u00e3o Educa\u00e7\u00e3o profissional itinerante do SENAI\/AM - SENAI","isPartOf":{"@id":"https:\/\/fieam.org.br\/senai\/#website"},"primaryImageOfPage":{"@id":"https:\/\/fieam.org.br\/senai\/samauma-forma-376-alunos-em-novo-airao-educacao-profissional-itinerante-do-senaiam\/#primaryimage"},"image":{"@id":"https:\/\/fieam.org.br\/senai\/samauma-forma-376-alunos-em-novo-airao-educacao-profissional-itinerante-do-senaiam\/#primaryimage"},"thumbnailUrl":"http:\/\/www.fieam.org.br\/site\/senai\/files\/2012\/04\/5-A%C3%A7%C3%A3o-do-Barco-do-SENAI-AM-certifica-376-alunos-em-Novo-Air%C3%A3o-300x200.jpg","datePublished":"2012-04-09T18:13:27+00:00","breadcrumb":{"@id":"https:\/\/fieam.org.br\/senai\/samauma-forma-376-alunos-em-novo-airao-educacao-profissional-itinerante-do-senaiam\/#breadcrumb"},"inLanguage":"pt-BR","potentialAction":[{"@type":"ReadAction","target":["https:\/\/fieam.org.br\/senai\/samauma-forma-376-alunos-em-novo-airao-educacao-profissional-itinerante-do-senaiam\/"]}]},{"@type":"ImageObject","inLanguage":"pt-BR","@id":"https:\/\/fieam.org.br\/senai\/samauma-forma-376-alunos-em-novo-airao-educacao-profissional-itinerante-do-senaiam\/#primaryimage","url":"http:\/\/www.fieam.org.br\/site\/senai\/files\/2012\/04\/5-A%C3%A7%C3%A3o-do-Barco-do-SENAI-AM-certifica-376-alunos-em-Novo-Air%C3%A3o-300x200.jpg","contentUrl":"http:\/\/www.fieam.org.br\/site\/senai\/files\/2012\/04\/5-A%C3%A7%C3%A3o-do-Barco-do-SENAI-AM-certifica-376-alunos-em-Novo-Air%C3%A3o-300x200.jpg"},{"@type":"BreadcrumbList","@id":"https:\/\/fieam.org.br\/senai\/samauma-forma-376-alunos-em-novo-airao-educacao-profissional-itinerante-do-senaiam\/#breadcrumb","itemListElement":[{"@type":"ListItem","position":1,"name":"In\u00edcio","item":"https:\/\/fieam.org.br\/senai\/"},{"@type":"ListItem","position":2,"name":"Sama\u00fama forma 376 alunos em Novo Air\u00e3o Educa\u00e7\u00e3o profissional itinerante do SENAI\/AM"}]},{"@type":"WebSite","@id":"https:\/\/fieam.org.br\/senai\/#website","url":"https:\/\/fieam.org.br\/senai\/","name":"SENAI","description":"Site Oficial!","publisher":{"@id":"https:\/\/fieam.org.br\/senai\/#organization"},"potentialAction":[{"@type":"SearchAction","target":{"@type":"EntryPoint","urlTemplate":"https:\/\/fieam.org.br\/senai\/?s={search_term_string}"},"query-input":{"@type":"PropertyValueSpecification","valueRequired":true,"valueName":"search_term_string"}}],"inLanguage":"pt-BR"},{"@type":"Organization","@id":"https:\/\/fieam.org.br\/senai\/#organization","name":"SENAI","url":"https:\/\/fieam.org.br\/senai\/","logo":{"@type":"ImageObject","inLanguage":"pt-BR","@id":"https:\/\/fieam.org.br\/senai\/#\/schema\/logo\/image\/","url":"https:\/\/fieam.org.br\/senai\/wp-content\/uploads\/sites\/16\/2024\/03\/cropped-fav.png","contentUrl":"https:\/\/fieam.org.br\/senai\/wp-content\/uploads\/sites\/16\/2024\/03\/cropped-fav.png","width":592,"height":577,"caption":"SENAI"},"image":{"@id":"https:\/\/fieam.org.br\/senai\/#\/schema\/logo\/image\/"}},{"@type":"Person","@id":"https:\/\/fieam.org.br\/senai\/#\/schema\/person\/c1ceda8321521b291cee22da0a7d34be","name":"Autor","image":{"@type":"ImageObject","inLanguage":"pt-BR","@id":"https:\/\/fieam.org.br\/senai\/#\/schema\/person\/image\/","url":"https:\/\/secure.gravatar.com\/avatar\/3732c223e0e1fad69062a8f770955c9068d37b055204f310a0be18d4069fe380?s=96&d=mm&r=g","contentUrl":"https:\/\/secure.gravatar.com\/avatar\/3732c223e0e1fad69062a8f770955c9068d37b055204f310a0be18d4069fe380?s=96&d=mm&r=g","caption":"Autor"},"sameAs":["https:\/\/marketingmassivo.com.br"],"url":"https:\/\/fieam.org.br\/senai\/author\/admin\/"}]}},"_links":{"self":[{"href":"https:\/\/fieam.org.br\/senai\/wp-json\/wp\/v2\/posts\/1844","targetHints":{"allow":["GET"]}}],"collection":[{"href":"https:\/\/fieam.org.br\/senai\/wp-json\/wp\/v2\/posts"}],"about":[{"href":"https:\/\/fieam.org.br\/senai\/wp-json\/wp\/v2\/types\/post"}],"author":[{"embeddable":true,"href":"https:\/\/fieam.org.br\/senai\/wp-json\/wp\/v2\/users\/1"}],"replies":[{"embeddable":true,"href":"https:\/\/fieam.org.br\/senai\/wp-json\/wp\/v2\/comments?post=1844"}],"version-history":[{"count":0,"href":"https:\/\/fieam.org.br\/senai\/wp-json\/wp\/v2\/posts\/1844\/revisions"}],"wp:attachment":[{"href":"https:\/\/fieam.org.br\/senai\/wp-json\/wp\/v2\/media?parent=1844"}],"wp:term":[{"taxonomy":"category","embeddable":true,"href":"https:\/\/fieam.org.br\/senai\/wp-json\/wp\/v2\/categories?post=1844"},{"taxonomy":"post_tag","embeddable":true,"href":"https:\/\/fieam.org.br\/senai\/wp-json\/wp\/v2\/tags?post=1844"}],"curies":[{"name":"wp","href":"https:\/\/api.w.org\/{rel}","templated":true}]}}