{"id":1835,"date":"2012-03-30T13:43:35","date_gmt":"2012-03-30T13:43:35","guid":{"rendered":"http:\/\/www.fieam.org.br\/site\/senai\/?p=1835"},"modified":"2012-03-30T13:43:35","modified_gmt":"2012-03-30T13:43:35","slug":"30-03-o-sesi-e-o-senai-selecionam-talentos-confira-os-perfis","status":"publish","type":"post","link":"https:\/\/fieam.org.br\/senai\/30-03-o-sesi-e-o-senai-selecionam-talentos-confira-os-perfis\/","title":{"rendered":"30.03 O SESI e o SENAI selecionam talentos. Confira os perfis."},"content":{"rendered":"<p>O\u00a0<strong>SESI\u00a0<\/strong>e o\u00a0<strong>SENAI<\/strong>\u00a0selecionam talentos para atuar nas \u00e1reas abaixo solicitadas, com os seguintes perfis:<\/p>\n<p style=\"text-align: center\"><strong>SESI\u00a0<\/strong><\/p>\n<p><strong>Professor ( cadastro reserva):\u00a0<\/strong>Gradua\u00e7\u00e3o completa em Letras com Licenciatura Plena em L\u00edngua Portuguesa para atuar em sala de aula do Ensino Fundamental de 6\u00ba ao 9\u00ba ano, participar de planejamentos, reuni\u00f5es e a\u00e7\u00f5es promovidas pela escola,\u00a0 e participar nas demais atividades inerentes a sua \u00e1rea. Experi\u00eancia de 6 meses comprovados na \u00e1rea.<\/p>\n<p><strong>\u00a0Professor<\/strong>\u00a0\u2013\u00a0<strong>1 vaga \/ Pr\u00e9-requisitos:\u00a0<\/strong>Gradua\u00e7\u00e3o completa em Educa\u00e7\u00e3o F\u00edsica, experi\u00eancia de 6 meses na \u00e1rea para ministrar aulas de recrea\u00e7\u00e3o e Educa\u00e7\u00e3o F\u00edsica. Ter interesse em atuar com crian\u00e7as e adolescentes.<\/p>\n<p style=\"text-align: center\">\u00a0<strong>SENAI<\/strong><\/p>\n<p><strong>Assistente T\u00e9cnico \u2013 1 vaga \/ Pr\u00e9-requisitos:<\/strong>\u00a0Ensino M\u00e9dio completo, curso T\u00e9cnico em Automa\u00e7\u00e3o Industrial ou \u00e1reas afins, Inform\u00e1tica no n\u00edvel de usu\u00e1rio, conhecimento t\u00e9cnico em Automa\u00e7\u00e3o Industrial, experi\u00eancia comprovada de 6 meses na \u00e1rea para exercer atividades t\u00e9cnicas de manuten\u00e7\u00e3o preventiva e corretiva em equipamentos e instala\u00e7\u00f5es das salas e laborat\u00f3rios de Automa\u00e7\u00e3o, apoiar docentes nas atividades pr\u00e1ticas em laborat\u00f3rios e cumprir normas internas da Institui\u00e7\u00e3o.<\/p>\n<p><strong>Assistente T\u00e9cnico \u2013 1 vaga \/ Pr\u00e9-requisitos:<\/strong>\u00a0Ensino M\u00e9dio completo, curso T\u00e9cnico em Eletr\u00f4nica ou \u00e1reas afins, Inform\u00e1tica no n\u00edvel de usu\u00e1rio, conhecimento t\u00e9cnico em Eletr\u00f4nica, experi\u00eancia comprovada de 6 meses na \u00e1rea para exercer atividades t\u00e9cnicas de manuten\u00e7\u00e3o preventiva e corretiva em equipamentos e instala\u00e7\u00f5es\u00a0 das salas e laborat\u00f3rios de Eletr\u00f4nica, apoiar docentes nas atividades pr\u00e1ticas em laborat\u00f3rios e cumprir normas internas da Institui\u00e7\u00e3o.<\/p>\n<p>Os interessados dever\u00e3o deixar o curr\u00edculo na recep\u00e7\u00e3o do Edif\u00edcio Raimar Aguiar, localizado na Avenida Joaquim Nabuco, 1919, at\u00e9 esta sexta-feira (30). Informar no curr\u00edculo o cargo pretendido e e-mail.<\/p>\n","protected":false},"excerpt":{"rendered":"<p>O\u00a0SESI\u00a0e o\u00a0SENAI\u00a0selecionam talentos para atuar nas \u00e1reas abaixo solicitadas, com os seguintes perfis: SESI\u00a0 Professor ( cadastro reserva):\u00a0Gradua\u00e7\u00e3o completa em Letras com Licenciatura Plena em L\u00edngua Portuguesa para atuar em sala de aula do Ensino Fundamental de 6\u00ba ao 9\u00ba ano, participar de planejamentos, reuni\u00f5es e a\u00e7\u00f5es promovidas pela escola,\u00a0 e participar nas demais atividades [&hellip;]<\/p>\n","protected":false},"author":1,"featured_media":1836,"comment_status":"open","ping_status":"open","sticky":false,"template":"","format":"standard","meta":{"footnotes":""},"categories":[24],"tags":[],"class_list":["post-1835","post","type-post","status-publish","format-standard","has-post-thumbnail","hentry","category-selecao"],"yoast_head":"<!-- This site is optimized with the Yoast SEO plugin v26.8 - https:\/\/yoast.com\/product\/yoast-seo-wordpress\/ -->\n<title>30.03 O SESI e o SENAI selecionam talentos. Confira os perfis. - SENAI<\/title>\n<meta name=\"robots\" content=\"index, follow, max-snippet:-1, max-image-preview:large, max-video-preview:-1\" \/>\n<link rel=\"canonical\" href=\"https:\/\/fieam.org.br\/senai\/30-03-o-sesi-e-o-senai-selecionam-talentos-confira-os-perfis\/\" \/>\n<meta property=\"og:locale\" content=\"pt_BR\" \/>\n<meta property=\"og:type\" content=\"article\" \/>\n<meta property=\"og:title\" content=\"30.03 O SESI e o SENAI selecionam talentos. Confira os perfis. - SENAI\" \/>\n<meta property=\"og:description\" content=\"O\u00a0SESI\u00a0e o\u00a0SENAI\u00a0selecionam talentos para atuar nas \u00e1reas abaixo solicitadas, com os seguintes perfis: SESI\u00a0 Professor ( cadastro reserva):\u00a0Gradua\u00e7\u00e3o completa em Letras com Licenciatura Plena em L\u00edngua Portuguesa para atuar em sala de aula do Ensino Fundamental de 6\u00ba ao 9\u00ba ano, participar de planejamentos, reuni\u00f5es e a\u00e7\u00f5es promovidas pela escola,\u00a0 e participar nas demais atividades [&hellip;]\" \/>\n<meta property=\"og:url\" content=\"https:\/\/fieam.org.br\/senai\/30-03-o-sesi-e-o-senai-selecionam-talentos-confira-os-perfis\/\" \/>\n<meta property=\"og:site_name\" content=\"SENAI\" \/>\n<meta property=\"article:published_time\" content=\"2012-03-30T13:43:35+00:00\" \/>\n<meta property=\"og:image\" content=\"https:\/\/fieam.org.br\/senai\/wp-content\/uploads\/sites\/16\/2012\/03\/selecao2.jpg\" \/>\n\t<meta property=\"og:image:width\" content=\"250\" \/>\n\t<meta property=\"og:image:height\" content=\"250\" \/>\n\t<meta property=\"og:image:type\" content=\"image\/jpeg\" \/>\n<meta name=\"author\" content=\"Autor\" \/>\n<meta name=\"twitter:card\" content=\"summary_large_image\" \/>\n<meta name=\"twitter:label1\" content=\"Escrito por\" \/>\n\t<meta name=\"twitter:data1\" content=\"Autor\" \/>\n\t<meta name=\"twitter:label2\" content=\"Est. tempo de leitura\" \/>\n\t<meta name=\"twitter:data2\" content=\"2 minutos\" \/>\n<script type=\"application\/ld+json\" class=\"yoast-schema-graph\">{\"@context\":\"https:\/\/schema.org\",\"@graph\":[{\"@type\":\"Article\",\"@id\":\"https:\/\/fieam.org.br\/senai\/30-03-o-sesi-e-o-senai-selecionam-talentos-confira-os-perfis\/#article\",\"isPartOf\":{\"@id\":\"https:\/\/fieam.org.br\/senai\/30-03-o-sesi-e-o-senai-selecionam-talentos-confira-os-perfis\/\"},\"author\":{\"name\":\"Autor\",\"@id\":\"https:\/\/fieam.org.br\/senai\/#\/schema\/person\/c1ceda8321521b291cee22da0a7d34be\"},\"headline\":\"30.03 O SESI e o SENAI selecionam talentos. Confira os perfis.\",\"datePublished\":\"2012-03-30T13:43:35+00:00\",\"mainEntityOfPage\":{\"@id\":\"https:\/\/fieam.org.br\/senai\/30-03-o-sesi-e-o-senai-selecionam-talentos-confira-os-perfis\/\"},\"wordCount\":316,\"commentCount\":0,\"publisher\":{\"@id\":\"https:\/\/fieam.org.br\/senai\/#organization\"},\"image\":{\"@id\":\"https:\/\/fieam.org.br\/senai\/30-03-o-sesi-e-o-senai-selecionam-talentos-confira-os-perfis\/#primaryimage\"},\"thumbnailUrl\":\"https:\/\/fieam.org.br\/senai\/wp-content\/uploads\/sites\/16\/2012\/03\/selecao2.jpg\",\"articleSection\":[\"selecao\"],\"inLanguage\":\"pt-BR\",\"potentialAction\":[{\"@type\":\"CommentAction\",\"name\":\"Comment\",\"target\":[\"https:\/\/fieam.org.br\/senai\/30-03-o-sesi-e-o-senai-selecionam-talentos-confira-os-perfis\/#respond\"]}]},{\"@type\":\"WebPage\",\"@id\":\"https:\/\/fieam.org.br\/senai\/30-03-o-sesi-e-o-senai-selecionam-talentos-confira-os-perfis\/\",\"url\":\"https:\/\/fieam.org.br\/senai\/30-03-o-sesi-e-o-senai-selecionam-talentos-confira-os-perfis\/\",\"name\":\"30.03 O SESI e o SENAI selecionam talentos. Confira os perfis. - SENAI\",\"isPartOf\":{\"@id\":\"https:\/\/fieam.org.br\/senai\/#website\"},\"primaryImageOfPage\":{\"@id\":\"https:\/\/fieam.org.br\/senai\/30-03-o-sesi-e-o-senai-selecionam-talentos-confira-os-perfis\/#primaryimage\"},\"image\":{\"@id\":\"https:\/\/fieam.org.br\/senai\/30-03-o-sesi-e-o-senai-selecionam-talentos-confira-os-perfis\/#primaryimage\"},\"thumbnailUrl\":\"https:\/\/fieam.org.br\/senai\/wp-content\/uploads\/sites\/16\/2012\/03\/selecao2.jpg\",\"datePublished\":\"2012-03-30T13:43:35+00:00\",\"breadcrumb\":{\"@id\":\"https:\/\/fieam.org.br\/senai\/30-03-o-sesi-e-o-senai-selecionam-talentos-confira-os-perfis\/#breadcrumb\"},\"inLanguage\":\"pt-BR\",\"potentialAction\":[{\"@type\":\"ReadAction\",\"target\":[\"https:\/\/fieam.org.br\/senai\/30-03-o-sesi-e-o-senai-selecionam-talentos-confira-os-perfis\/\"]}]},{\"@type\":\"ImageObject\",\"inLanguage\":\"pt-BR\",\"@id\":\"https:\/\/fieam.org.br\/senai\/30-03-o-sesi-e-o-senai-selecionam-talentos-confira-os-perfis\/#primaryimage\",\"url\":\"https:\/\/fieam.org.br\/senai\/wp-content\/uploads\/sites\/16\/2012\/03\/selecao2.jpg\",\"contentUrl\":\"https:\/\/fieam.org.br\/senai\/wp-content\/uploads\/sites\/16\/2012\/03\/selecao2.jpg\",\"width\":250,\"height\":250},{\"@type\":\"BreadcrumbList\",\"@id\":\"https:\/\/fieam.org.br\/senai\/30-03-o-sesi-e-o-senai-selecionam-talentos-confira-os-perfis\/#breadcrumb\",\"itemListElement\":[{\"@type\":\"ListItem\",\"position\":1,\"name\":\"In\u00edcio\",\"item\":\"https:\/\/fieam.org.br\/senai\/\"},{\"@type\":\"ListItem\",\"position\":2,\"name\":\"30.03 O SESI e o SENAI selecionam talentos. Confira os perfis.\"}]},{\"@type\":\"WebSite\",\"@id\":\"https:\/\/fieam.org.br\/senai\/#website\",\"url\":\"https:\/\/fieam.org.br\/senai\/\",\"name\":\"SENAI\",\"description\":\"Site Oficial!\",\"publisher\":{\"@id\":\"https:\/\/fieam.org.br\/senai\/#organization\"},\"potentialAction\":[{\"@type\":\"SearchAction\",\"target\":{\"@type\":\"EntryPoint\",\"urlTemplate\":\"https:\/\/fieam.org.br\/senai\/?s={search_term_string}\"},\"query-input\":{\"@type\":\"PropertyValueSpecification\",\"valueRequired\":true,\"valueName\":\"search_term_string\"}}],\"inLanguage\":\"pt-BR\"},{\"@type\":\"Organization\",\"@id\":\"https:\/\/fieam.org.br\/senai\/#organization\",\"name\":\"SENAI\",\"url\":\"https:\/\/fieam.org.br\/senai\/\",\"logo\":{\"@type\":\"ImageObject\",\"inLanguage\":\"pt-BR\",\"@id\":\"https:\/\/fieam.org.br\/senai\/#\/schema\/logo\/image\/\",\"url\":\"https:\/\/fieam.org.br\/senai\/wp-content\/uploads\/sites\/16\/2024\/03\/cropped-fav.png\",\"contentUrl\":\"https:\/\/fieam.org.br\/senai\/wp-content\/uploads\/sites\/16\/2024\/03\/cropped-fav.png\",\"width\":592,\"height\":577,\"caption\":\"SENAI\"},\"image\":{\"@id\":\"https:\/\/fieam.org.br\/senai\/#\/schema\/logo\/image\/\"}},{\"@type\":\"Person\",\"@id\":\"https:\/\/fieam.org.br\/senai\/#\/schema\/person\/c1ceda8321521b291cee22da0a7d34be\",\"name\":\"Autor\",\"image\":{\"@type\":\"ImageObject\",\"inLanguage\":\"pt-BR\",\"@id\":\"https:\/\/fieam.org.br\/senai\/#\/schema\/person\/image\/\",\"url\":\"https:\/\/secure.gravatar.com\/avatar\/3732c223e0e1fad69062a8f770955c9068d37b055204f310a0be18d4069fe380?s=96&d=mm&r=g\",\"contentUrl\":\"https:\/\/secure.gravatar.com\/avatar\/3732c223e0e1fad69062a8f770955c9068d37b055204f310a0be18d4069fe380?s=96&d=mm&r=g\",\"caption\":\"Autor\"},\"sameAs\":[\"https:\/\/marketingmassivo.com.br\"],\"url\":\"https:\/\/fieam.org.br\/senai\/author\/admin\/\"}]}<\/script>\n<!-- \/ Yoast SEO plugin. -->","yoast_head_json":{"title":"30.03 O SESI e o SENAI selecionam talentos. Confira os perfis. - SENAI","robots":{"index":"index","follow":"follow","max-snippet":"max-snippet:-1","max-image-preview":"max-image-preview:large","max-video-preview":"max-video-preview:-1"},"canonical":"https:\/\/fieam.org.br\/senai\/30-03-o-sesi-e-o-senai-selecionam-talentos-confira-os-perfis\/","og_locale":"pt_BR","og_type":"article","og_title":"30.03 O SESI e o SENAI selecionam talentos. Confira os perfis. - SENAI","og_description":"O\u00a0SESI\u00a0e o\u00a0SENAI\u00a0selecionam talentos para atuar nas \u00e1reas abaixo solicitadas, com os seguintes perfis: SESI\u00a0 Professor ( cadastro reserva):\u00a0Gradua\u00e7\u00e3o completa em Letras com Licenciatura Plena em L\u00edngua Portuguesa para atuar em sala de aula do Ensino Fundamental de 6\u00ba ao 9\u00ba ano, participar de planejamentos, reuni\u00f5es e a\u00e7\u00f5es promovidas pela escola,\u00a0 e participar nas demais atividades [&hellip;]","og_url":"https:\/\/fieam.org.br\/senai\/30-03-o-sesi-e-o-senai-selecionam-talentos-confira-os-perfis\/","og_site_name":"SENAI","article_published_time":"2012-03-30T13:43:35+00:00","og_image":[{"width":250,"height":250,"url":"https:\/\/fieam.org.br\/senai\/wp-content\/uploads\/sites\/16\/2012\/03\/selecao2.jpg","type":"image\/jpeg"}],"author":"Autor","twitter_card":"summary_large_image","twitter_misc":{"Escrito por":"Autor","Est. tempo de leitura":"2 minutos"},"schema":{"@context":"https:\/\/schema.org","@graph":[{"@type":"Article","@id":"https:\/\/fieam.org.br\/senai\/30-03-o-sesi-e-o-senai-selecionam-talentos-confira-os-perfis\/#article","isPartOf":{"@id":"https:\/\/fieam.org.br\/senai\/30-03-o-sesi-e-o-senai-selecionam-talentos-confira-os-perfis\/"},"author":{"name":"Autor","@id":"https:\/\/fieam.org.br\/senai\/#\/schema\/person\/c1ceda8321521b291cee22da0a7d34be"},"headline":"30.03 O SESI e o SENAI selecionam talentos. Confira os perfis.","datePublished":"2012-03-30T13:43:35+00:00","mainEntityOfPage":{"@id":"https:\/\/fieam.org.br\/senai\/30-03-o-sesi-e-o-senai-selecionam-talentos-confira-os-perfis\/"},"wordCount":316,"commentCount":0,"publisher":{"@id":"https:\/\/fieam.org.br\/senai\/#organization"},"image":{"@id":"https:\/\/fieam.org.br\/senai\/30-03-o-sesi-e-o-senai-selecionam-talentos-confira-os-perfis\/#primaryimage"},"thumbnailUrl":"https:\/\/fieam.org.br\/senai\/wp-content\/uploads\/sites\/16\/2012\/03\/selecao2.jpg","articleSection":["selecao"],"inLanguage":"pt-BR","potentialAction":[{"@type":"CommentAction","name":"Comment","target":["https:\/\/fieam.org.br\/senai\/30-03-o-sesi-e-o-senai-selecionam-talentos-confira-os-perfis\/#respond"]}]},{"@type":"WebPage","@id":"https:\/\/fieam.org.br\/senai\/30-03-o-sesi-e-o-senai-selecionam-talentos-confira-os-perfis\/","url":"https:\/\/fieam.org.br\/senai\/30-03-o-sesi-e-o-senai-selecionam-talentos-confira-os-perfis\/","name":"30.03 O SESI e o SENAI selecionam talentos. Confira os perfis. - SENAI","isPartOf":{"@id":"https:\/\/fieam.org.br\/senai\/#website"},"primaryImageOfPage":{"@id":"https:\/\/fieam.org.br\/senai\/30-03-o-sesi-e-o-senai-selecionam-talentos-confira-os-perfis\/#primaryimage"},"image":{"@id":"https:\/\/fieam.org.br\/senai\/30-03-o-sesi-e-o-senai-selecionam-talentos-confira-os-perfis\/#primaryimage"},"thumbnailUrl":"https:\/\/fieam.org.br\/senai\/wp-content\/uploads\/sites\/16\/2012\/03\/selecao2.jpg","datePublished":"2012-03-30T13:43:35+00:00","breadcrumb":{"@id":"https:\/\/fieam.org.br\/senai\/30-03-o-sesi-e-o-senai-selecionam-talentos-confira-os-perfis\/#breadcrumb"},"inLanguage":"pt-BR","potentialAction":[{"@type":"ReadAction","target":["https:\/\/fieam.org.br\/senai\/30-03-o-sesi-e-o-senai-selecionam-talentos-confira-os-perfis\/"]}]},{"@type":"ImageObject","inLanguage":"pt-BR","@id":"https:\/\/fieam.org.br\/senai\/30-03-o-sesi-e-o-senai-selecionam-talentos-confira-os-perfis\/#primaryimage","url":"https:\/\/fieam.org.br\/senai\/wp-content\/uploads\/sites\/16\/2012\/03\/selecao2.jpg","contentUrl":"https:\/\/fieam.org.br\/senai\/wp-content\/uploads\/sites\/16\/2012\/03\/selecao2.jpg","width":250,"height":250},{"@type":"BreadcrumbList","@id":"https:\/\/fieam.org.br\/senai\/30-03-o-sesi-e-o-senai-selecionam-talentos-confira-os-perfis\/#breadcrumb","itemListElement":[{"@type":"ListItem","position":1,"name":"In\u00edcio","item":"https:\/\/fieam.org.br\/senai\/"},{"@type":"ListItem","position":2,"name":"30.03 O SESI e o SENAI selecionam talentos. Confira os perfis."}]},{"@type":"WebSite","@id":"https:\/\/fieam.org.br\/senai\/#website","url":"https:\/\/fieam.org.br\/senai\/","name":"SENAI","description":"Site Oficial!","publisher":{"@id":"https:\/\/fieam.org.br\/senai\/#organization"},"potentialAction":[{"@type":"SearchAction","target":{"@type":"EntryPoint","urlTemplate":"https:\/\/fieam.org.br\/senai\/?s={search_term_string}"},"query-input":{"@type":"PropertyValueSpecification","valueRequired":true,"valueName":"search_term_string"}}],"inLanguage":"pt-BR"},{"@type":"Organization","@id":"https:\/\/fieam.org.br\/senai\/#organization","name":"SENAI","url":"https:\/\/fieam.org.br\/senai\/","logo":{"@type":"ImageObject","inLanguage":"pt-BR","@id":"https:\/\/fieam.org.br\/senai\/#\/schema\/logo\/image\/","url":"https:\/\/fieam.org.br\/senai\/wp-content\/uploads\/sites\/16\/2024\/03\/cropped-fav.png","contentUrl":"https:\/\/fieam.org.br\/senai\/wp-content\/uploads\/sites\/16\/2024\/03\/cropped-fav.png","width":592,"height":577,"caption":"SENAI"},"image":{"@id":"https:\/\/fieam.org.br\/senai\/#\/schema\/logo\/image\/"}},{"@type":"Person","@id":"https:\/\/fieam.org.br\/senai\/#\/schema\/person\/c1ceda8321521b291cee22da0a7d34be","name":"Autor","image":{"@type":"ImageObject","inLanguage":"pt-BR","@id":"https:\/\/fieam.org.br\/senai\/#\/schema\/person\/image\/","url":"https:\/\/secure.gravatar.com\/avatar\/3732c223e0e1fad69062a8f770955c9068d37b055204f310a0be18d4069fe380?s=96&d=mm&r=g","contentUrl":"https:\/\/secure.gravatar.com\/avatar\/3732c223e0e1fad69062a8f770955c9068d37b055204f310a0be18d4069fe380?s=96&d=mm&r=g","caption":"Autor"},"sameAs":["https:\/\/marketingmassivo.com.br"],"url":"https:\/\/fieam.org.br\/senai\/author\/admin\/"}]}},"_links":{"self":[{"href":"https:\/\/fieam.org.br\/senai\/wp-json\/wp\/v2\/posts\/1835","targetHints":{"allow":["GET"]}}],"collection":[{"href":"https:\/\/fieam.org.br\/senai\/wp-json\/wp\/v2\/posts"}],"about":[{"href":"https:\/\/fieam.org.br\/senai\/wp-json\/wp\/v2\/types\/post"}],"author":[{"embeddable":true,"href":"https:\/\/fieam.org.br\/senai\/wp-json\/wp\/v2\/users\/1"}],"replies":[{"embeddable":true,"href":"https:\/\/fieam.org.br\/senai\/wp-json\/wp\/v2\/comments?post=1835"}],"version-history":[{"count":0,"href":"https:\/\/fieam.org.br\/senai\/wp-json\/wp\/v2\/posts\/1835\/revisions"}],"wp:featuredmedia":[{"embeddable":true,"href":"https:\/\/fieam.org.br\/senai\/wp-json\/wp\/v2\/media\/1836"}],"wp:attachment":[{"href":"https:\/\/fieam.org.br\/senai\/wp-json\/wp\/v2\/media?parent=1835"}],"wp:term":[{"taxonomy":"category","embeddable":true,"href":"https:\/\/fieam.org.br\/senai\/wp-json\/wp\/v2\/categories?post=1835"},{"taxonomy":"post_tag","embeddable":true,"href":"https:\/\/fieam.org.br\/senai\/wp-json\/wp\/v2\/tags?post=1835"}],"curies":[{"name":"wp","href":"https:\/\/api.w.org\/{rel}","templated":true}]}}