{"id":1810,"date":"2012-03-23T13:12:56","date_gmt":"2012-03-23T13:12:56","guid":{"rendered":"http:\/\/www.fieam.org.br\/site\/senai\/?p=1810"},"modified":"2012-03-23T13:12:56","modified_gmt":"2012-03-23T13:12:56","slug":"23-03-o-senai-seleciona-talentos","status":"publish","type":"post","link":"https:\/\/fieam.org.br\/senai\/23-03-o-senai-seleciona-talentos\/","title":{"rendered":"23.03 O SENAI seleciona talentos"},"content":{"rendered":"<p>O <strong>SENAI<\/strong> seleciona talentos para atuar nas \u00e1reas abaixo solicitadas, com os seguintes perfis:<\/p>\n<p>&nbsp;<\/p>\n<p>\u00a0<strong>Instrutor II \u2013 1 vaga \/ Pr\u00e9-requisitos: <\/strong>\u00a0Gradua\u00e7\u00e3o completa\u00a0 em Engenharia Mecatr\u00f4nica ou \u00e1reas afins, conhecimentos em Inform\u00e1tica a n\u00edvel de usu\u00e1rio, Ingl\u00eas t\u00e9cnico, processo de manufatura envolvendo o uso de Controlador L\u00f3gico Program\u00e1vel, Eletropneum\u00e1tica, Hidr\u00e1ulica, Rob\u00f3tica e Comandos El\u00e9tricos. Experi\u00eancia comprovada de 6 meses na \u00e1rea para atuar como docente nas diversas modalidades de ensino oferecidas pelo SENAI, participar no desenvolvimento de projetos educacionais, utilizar procedimentos e formul\u00e1rios da qualidade, cumprir normas da Institui\u00e7\u00e3o e demais atividades pertinentes ao cargo.<\/p>\n<p>&nbsp;<\/p>\n<p><strong>Instrutor\u00a0 II\u00a0 \u2013 1 vaga \/ Pr\u00e9-requisitos: <\/strong>\u00a0Gradua\u00e7\u00e3o completa\u00a0 em Tecnologia da Informa\u00e7\u00e3o ou \u00e1reas afins, conhecimentos em Banco de Dados, Linguagens PHP e JAVA, UML e Engenharia de Software para atuar como docente nas modalidades de ensino oferecidas pelo SENAI, participar no desenvolvimento de projetos educacionais voltados \u00e0 \u00e1rea de Tecnologia de Informa\u00e7\u00e3o, utilizar procedimentos e formul\u00e1rios da qualidade, cumprir normas da institui\u00e7\u00e3o e demais atividades pertinentes ao cargo. Experi\u00eancia comprovada de 6 meses na \u00e1rea.<\/p>\n<p>&nbsp;<\/p>\n<p><strong>Instrutor\u00a0 II\u00a0 \u2013 2 vagas \/ Pr\u00e9-requisitos:<\/strong>\u00a0 Gradua\u00e7\u00e3o completa\u00a0 em Engenharia Mec\u00e2nica ou \u00e1reas afins, desej\u00e1vel conhecimento em sistemas de refrigera\u00e7\u00e3o dom\u00e9stica e industrial, ISO 9001:2008, Ingl\u00eas t\u00e9cnico, dom\u00ednio de Inform\u00e1tica a n\u00edvel de usu\u00e1rio para atuar como docente nas modalidades de ensino oferecidas pelo SENAI, participar no desenvolvimento de projetos educacionais, utilizar procedimentos e formul\u00e1rios da qualidade, cumprir normas da institui\u00e7\u00e3o e demais atividades pertinentes ao cargo. Experi\u00eancia comprovada de 6 meses na \u00e1rea.<\/p>\n<p>&nbsp;<\/p>\n<p><strong>T\u00e9cnico I\u00a0 \u2013 1 vaga \/ Pr\u00e9-requisitos:<\/strong>\u00a0 Gradua\u00e7\u00e3o completa em Psicologia com experi\u00eancia em Psicologia Escolar, desej\u00e1vel especializa\u00e7\u00e3o em Educa\u00e7\u00e3o Inclusiva ou Especial, conhecimentos na \u00e1rea cognitiva comportamental, experi\u00eancia de 6 meses comprovada na \u00e1rea para elaborar e acompanhar projetos educacionais nas oficinas e laborat\u00f3rios do SENAI e demais atividades pertinentes \u00e0 Educa\u00e7\u00e3o Profissional da Institui\u00e7\u00e3o.<\/p>\n<p>&nbsp;<\/p>\n<p><strong>T\u00e9cnico I\u00a0 \u2013 1 vaga \/ Pr\u00e9-requisitos: <\/strong>\u00a0Gradua\u00e7\u00e3o completa\u00a0 em Biblioteconomia, dom\u00ednio de Inform\u00e1tica a n\u00edvel de usu\u00e1rio, Ingl\u00eas t\u00e9cnico, conhecimentos da ISO 9001:2008 para atuar em servi\u00e7os t\u00e9cnicos de cataloga\u00e7\u00e3o, classifica\u00e7\u00e3o, indexa\u00e7\u00e3o, normaliza\u00e7\u00e3o, gerenciamento do acervo documental, orienta\u00e7\u00e3o ao usu\u00e1rio, Lei de Direito Autoral n\u00ba 9.610\/1998 e demais atividades pertinentes ao cargo. Experi\u00eancia comprovada de 6 meses na \u00e1rea.<\/p>\n<p>Os interessados dever\u00e3o deixar o curr\u00edculo na recep\u00e7\u00e3o do Edif\u00edcio Raimar Aguiar, localizado na Avenida Joaquim Nabuco, 1919, at\u00e9 esta sexta-feira (23) . Informar no curr\u00edculo o cargo pretendido e e-mail.<\/p>\n","protected":false},"excerpt":{"rendered":"<p>O SENAI seleciona talentos para atuar nas \u00e1reas abaixo solicitadas, com os seguintes perfis: &nbsp; \u00a0Instrutor II \u2013 1 vaga \/ Pr\u00e9-requisitos: \u00a0Gradua\u00e7\u00e3o completa\u00a0 em Engenharia Mecatr\u00f4nica ou \u00e1reas afins, conhecimentos em Inform\u00e1tica a n\u00edvel de usu\u00e1rio, Ingl\u00eas t\u00e9cnico, processo de manufatura envolvendo o uso de Controlador L\u00f3gico Program\u00e1vel, Eletropneum\u00e1tica, Hidr\u00e1ulica, Rob\u00f3tica e Comandos El\u00e9tricos. [&hellip;]<\/p>\n","protected":false},"author":1,"featured_media":1811,"comment_status":"open","ping_status":"open","sticky":false,"template":"","format":"standard","meta":{"footnotes":""},"categories":[24],"tags":[],"class_list":["post-1810","post","type-post","status-publish","format-standard","has-post-thumbnail","hentry","category-selecao"],"yoast_head":"<!-- This site is optimized with the Yoast SEO plugin v26.8 - https:\/\/yoast.com\/product\/yoast-seo-wordpress\/ -->\n<title>23.03 O SENAI seleciona talentos - SENAI<\/title>\n<meta name=\"robots\" content=\"index, follow, max-snippet:-1, max-image-preview:large, max-video-preview:-1\" \/>\n<link rel=\"canonical\" href=\"https:\/\/fieam.org.br\/senai\/23-03-o-senai-seleciona-talentos\/\" \/>\n<meta property=\"og:locale\" content=\"pt_BR\" \/>\n<meta property=\"og:type\" content=\"article\" \/>\n<meta property=\"og:title\" content=\"23.03 O SENAI seleciona talentos - SENAI\" \/>\n<meta property=\"og:description\" content=\"O SENAI seleciona talentos para atuar nas \u00e1reas abaixo solicitadas, com os seguintes perfis: &nbsp; \u00a0Instrutor II \u2013 1 vaga \/ Pr\u00e9-requisitos: \u00a0Gradua\u00e7\u00e3o completa\u00a0 em Engenharia Mecatr\u00f4nica ou \u00e1reas afins, conhecimentos em Inform\u00e1tica a n\u00edvel de usu\u00e1rio, Ingl\u00eas t\u00e9cnico, processo de manufatura envolvendo o uso de Controlador L\u00f3gico Program\u00e1vel, Eletropneum\u00e1tica, Hidr\u00e1ulica, Rob\u00f3tica e Comandos El\u00e9tricos. [&hellip;]\" \/>\n<meta property=\"og:url\" content=\"https:\/\/fieam.org.br\/senai\/23-03-o-senai-seleciona-talentos\/\" \/>\n<meta property=\"og:site_name\" content=\"SENAI\" \/>\n<meta property=\"article:published_time\" content=\"2012-03-23T13:12:56+00:00\" \/>\n<meta property=\"og:image\" content=\"https:\/\/fieam.org.br\/senai\/wp-content\/uploads\/sites\/16\/2012\/03\/selecao1.jpg\" \/>\n\t<meta property=\"og:image:width\" content=\"250\" \/>\n\t<meta property=\"og:image:height\" content=\"250\" \/>\n\t<meta property=\"og:image:type\" content=\"image\/jpeg\" \/>\n<meta name=\"author\" content=\"Autor\" \/>\n<meta name=\"twitter:card\" content=\"summary_large_image\" \/>\n<meta name=\"twitter:label1\" content=\"Escrito por\" \/>\n\t<meta name=\"twitter:data1\" content=\"Autor\" \/>\n\t<meta name=\"twitter:label2\" content=\"Est. tempo de leitura\" \/>\n\t<meta name=\"twitter:data2\" content=\"2 minutos\" \/>\n<script type=\"application\/ld+json\" class=\"yoast-schema-graph\">{\"@context\":\"https:\/\/schema.org\",\"@graph\":[{\"@type\":\"Article\",\"@id\":\"https:\/\/fieam.org.br\/senai\/23-03-o-senai-seleciona-talentos\/#article\",\"isPartOf\":{\"@id\":\"https:\/\/fieam.org.br\/senai\/23-03-o-senai-seleciona-talentos\/\"},\"author\":{\"name\":\"Autor\",\"@id\":\"https:\/\/fieam.org.br\/senai\/#\/schema\/person\/c1ceda8321521b291cee22da0a7d34be\"},\"headline\":\"23.03 O SENAI seleciona talentos\",\"datePublished\":\"2012-03-23T13:12:56+00:00\",\"mainEntityOfPage\":{\"@id\":\"https:\/\/fieam.org.br\/senai\/23-03-o-senai-seleciona-talentos\/\"},\"wordCount\":448,\"commentCount\":0,\"publisher\":{\"@id\":\"https:\/\/fieam.org.br\/senai\/#organization\"},\"image\":{\"@id\":\"https:\/\/fieam.org.br\/senai\/23-03-o-senai-seleciona-talentos\/#primaryimage\"},\"thumbnailUrl\":\"https:\/\/fieam.org.br\/senai\/wp-content\/uploads\/sites\/16\/2012\/03\/selecao1.jpg\",\"articleSection\":[\"selecao\"],\"inLanguage\":\"pt-BR\",\"potentialAction\":[{\"@type\":\"CommentAction\",\"name\":\"Comment\",\"target\":[\"https:\/\/fieam.org.br\/senai\/23-03-o-senai-seleciona-talentos\/#respond\"]}]},{\"@type\":\"WebPage\",\"@id\":\"https:\/\/fieam.org.br\/senai\/23-03-o-senai-seleciona-talentos\/\",\"url\":\"https:\/\/fieam.org.br\/senai\/23-03-o-senai-seleciona-talentos\/\",\"name\":\"23.03 O SENAI seleciona talentos - SENAI\",\"isPartOf\":{\"@id\":\"https:\/\/fieam.org.br\/senai\/#website\"},\"primaryImageOfPage\":{\"@id\":\"https:\/\/fieam.org.br\/senai\/23-03-o-senai-seleciona-talentos\/#primaryimage\"},\"image\":{\"@id\":\"https:\/\/fieam.org.br\/senai\/23-03-o-senai-seleciona-talentos\/#primaryimage\"},\"thumbnailUrl\":\"https:\/\/fieam.org.br\/senai\/wp-content\/uploads\/sites\/16\/2012\/03\/selecao1.jpg\",\"datePublished\":\"2012-03-23T13:12:56+00:00\",\"breadcrumb\":{\"@id\":\"https:\/\/fieam.org.br\/senai\/23-03-o-senai-seleciona-talentos\/#breadcrumb\"},\"inLanguage\":\"pt-BR\",\"potentialAction\":[{\"@type\":\"ReadAction\",\"target\":[\"https:\/\/fieam.org.br\/senai\/23-03-o-senai-seleciona-talentos\/\"]}]},{\"@type\":\"ImageObject\",\"inLanguage\":\"pt-BR\",\"@id\":\"https:\/\/fieam.org.br\/senai\/23-03-o-senai-seleciona-talentos\/#primaryimage\",\"url\":\"https:\/\/fieam.org.br\/senai\/wp-content\/uploads\/sites\/16\/2012\/03\/selecao1.jpg\",\"contentUrl\":\"https:\/\/fieam.org.br\/senai\/wp-content\/uploads\/sites\/16\/2012\/03\/selecao1.jpg\",\"width\":250,\"height\":250},{\"@type\":\"BreadcrumbList\",\"@id\":\"https:\/\/fieam.org.br\/senai\/23-03-o-senai-seleciona-talentos\/#breadcrumb\",\"itemListElement\":[{\"@type\":\"ListItem\",\"position\":1,\"name\":\"In\u00edcio\",\"item\":\"https:\/\/fieam.org.br\/senai\/\"},{\"@type\":\"ListItem\",\"position\":2,\"name\":\"23.03 O SENAI seleciona talentos\"}]},{\"@type\":\"WebSite\",\"@id\":\"https:\/\/fieam.org.br\/senai\/#website\",\"url\":\"https:\/\/fieam.org.br\/senai\/\",\"name\":\"SENAI\",\"description\":\"Site Oficial!\",\"publisher\":{\"@id\":\"https:\/\/fieam.org.br\/senai\/#organization\"},\"potentialAction\":[{\"@type\":\"SearchAction\",\"target\":{\"@type\":\"EntryPoint\",\"urlTemplate\":\"https:\/\/fieam.org.br\/senai\/?s={search_term_string}\"},\"query-input\":{\"@type\":\"PropertyValueSpecification\",\"valueRequired\":true,\"valueName\":\"search_term_string\"}}],\"inLanguage\":\"pt-BR\"},{\"@type\":\"Organization\",\"@id\":\"https:\/\/fieam.org.br\/senai\/#organization\",\"name\":\"SENAI\",\"url\":\"https:\/\/fieam.org.br\/senai\/\",\"logo\":{\"@type\":\"ImageObject\",\"inLanguage\":\"pt-BR\",\"@id\":\"https:\/\/fieam.org.br\/senai\/#\/schema\/logo\/image\/\",\"url\":\"https:\/\/fieam.org.br\/senai\/wp-content\/uploads\/sites\/16\/2024\/03\/cropped-fav.png\",\"contentUrl\":\"https:\/\/fieam.org.br\/senai\/wp-content\/uploads\/sites\/16\/2024\/03\/cropped-fav.png\",\"width\":592,\"height\":577,\"caption\":\"SENAI\"},\"image\":{\"@id\":\"https:\/\/fieam.org.br\/senai\/#\/schema\/logo\/image\/\"}},{\"@type\":\"Person\",\"@id\":\"https:\/\/fieam.org.br\/senai\/#\/schema\/person\/c1ceda8321521b291cee22da0a7d34be\",\"name\":\"Autor\",\"image\":{\"@type\":\"ImageObject\",\"inLanguage\":\"pt-BR\",\"@id\":\"https:\/\/fieam.org.br\/senai\/#\/schema\/person\/image\/\",\"url\":\"https:\/\/secure.gravatar.com\/avatar\/3732c223e0e1fad69062a8f770955c9068d37b055204f310a0be18d4069fe380?s=96&d=mm&r=g\",\"contentUrl\":\"https:\/\/secure.gravatar.com\/avatar\/3732c223e0e1fad69062a8f770955c9068d37b055204f310a0be18d4069fe380?s=96&d=mm&r=g\",\"caption\":\"Autor\"},\"sameAs\":[\"https:\/\/marketingmassivo.com.br\"],\"url\":\"https:\/\/fieam.org.br\/senai\/author\/admin\/\"}]}<\/script>\n<!-- \/ Yoast SEO plugin. -->","yoast_head_json":{"title":"23.03 O SENAI seleciona talentos - SENAI","robots":{"index":"index","follow":"follow","max-snippet":"max-snippet:-1","max-image-preview":"max-image-preview:large","max-video-preview":"max-video-preview:-1"},"canonical":"https:\/\/fieam.org.br\/senai\/23-03-o-senai-seleciona-talentos\/","og_locale":"pt_BR","og_type":"article","og_title":"23.03 O SENAI seleciona talentos - SENAI","og_description":"O SENAI seleciona talentos para atuar nas \u00e1reas abaixo solicitadas, com os seguintes perfis: &nbsp; \u00a0Instrutor II \u2013 1 vaga \/ Pr\u00e9-requisitos: \u00a0Gradua\u00e7\u00e3o completa\u00a0 em Engenharia Mecatr\u00f4nica ou \u00e1reas afins, conhecimentos em Inform\u00e1tica a n\u00edvel de usu\u00e1rio, Ingl\u00eas t\u00e9cnico, processo de manufatura envolvendo o uso de Controlador L\u00f3gico Program\u00e1vel, Eletropneum\u00e1tica, Hidr\u00e1ulica, Rob\u00f3tica e Comandos El\u00e9tricos. [&hellip;]","og_url":"https:\/\/fieam.org.br\/senai\/23-03-o-senai-seleciona-talentos\/","og_site_name":"SENAI","article_published_time":"2012-03-23T13:12:56+00:00","og_image":[{"width":250,"height":250,"url":"https:\/\/fieam.org.br\/senai\/wp-content\/uploads\/sites\/16\/2012\/03\/selecao1.jpg","type":"image\/jpeg"}],"author":"Autor","twitter_card":"summary_large_image","twitter_misc":{"Escrito por":"Autor","Est. tempo de leitura":"2 minutos"},"schema":{"@context":"https:\/\/schema.org","@graph":[{"@type":"Article","@id":"https:\/\/fieam.org.br\/senai\/23-03-o-senai-seleciona-talentos\/#article","isPartOf":{"@id":"https:\/\/fieam.org.br\/senai\/23-03-o-senai-seleciona-talentos\/"},"author":{"name":"Autor","@id":"https:\/\/fieam.org.br\/senai\/#\/schema\/person\/c1ceda8321521b291cee22da0a7d34be"},"headline":"23.03 O SENAI seleciona talentos","datePublished":"2012-03-23T13:12:56+00:00","mainEntityOfPage":{"@id":"https:\/\/fieam.org.br\/senai\/23-03-o-senai-seleciona-talentos\/"},"wordCount":448,"commentCount":0,"publisher":{"@id":"https:\/\/fieam.org.br\/senai\/#organization"},"image":{"@id":"https:\/\/fieam.org.br\/senai\/23-03-o-senai-seleciona-talentos\/#primaryimage"},"thumbnailUrl":"https:\/\/fieam.org.br\/senai\/wp-content\/uploads\/sites\/16\/2012\/03\/selecao1.jpg","articleSection":["selecao"],"inLanguage":"pt-BR","potentialAction":[{"@type":"CommentAction","name":"Comment","target":["https:\/\/fieam.org.br\/senai\/23-03-o-senai-seleciona-talentos\/#respond"]}]},{"@type":"WebPage","@id":"https:\/\/fieam.org.br\/senai\/23-03-o-senai-seleciona-talentos\/","url":"https:\/\/fieam.org.br\/senai\/23-03-o-senai-seleciona-talentos\/","name":"23.03 O SENAI seleciona talentos - SENAI","isPartOf":{"@id":"https:\/\/fieam.org.br\/senai\/#website"},"primaryImageOfPage":{"@id":"https:\/\/fieam.org.br\/senai\/23-03-o-senai-seleciona-talentos\/#primaryimage"},"image":{"@id":"https:\/\/fieam.org.br\/senai\/23-03-o-senai-seleciona-talentos\/#primaryimage"},"thumbnailUrl":"https:\/\/fieam.org.br\/senai\/wp-content\/uploads\/sites\/16\/2012\/03\/selecao1.jpg","datePublished":"2012-03-23T13:12:56+00:00","breadcrumb":{"@id":"https:\/\/fieam.org.br\/senai\/23-03-o-senai-seleciona-talentos\/#breadcrumb"},"inLanguage":"pt-BR","potentialAction":[{"@type":"ReadAction","target":["https:\/\/fieam.org.br\/senai\/23-03-o-senai-seleciona-talentos\/"]}]},{"@type":"ImageObject","inLanguage":"pt-BR","@id":"https:\/\/fieam.org.br\/senai\/23-03-o-senai-seleciona-talentos\/#primaryimage","url":"https:\/\/fieam.org.br\/senai\/wp-content\/uploads\/sites\/16\/2012\/03\/selecao1.jpg","contentUrl":"https:\/\/fieam.org.br\/senai\/wp-content\/uploads\/sites\/16\/2012\/03\/selecao1.jpg","width":250,"height":250},{"@type":"BreadcrumbList","@id":"https:\/\/fieam.org.br\/senai\/23-03-o-senai-seleciona-talentos\/#breadcrumb","itemListElement":[{"@type":"ListItem","position":1,"name":"In\u00edcio","item":"https:\/\/fieam.org.br\/senai\/"},{"@type":"ListItem","position":2,"name":"23.03 O SENAI seleciona talentos"}]},{"@type":"WebSite","@id":"https:\/\/fieam.org.br\/senai\/#website","url":"https:\/\/fieam.org.br\/senai\/","name":"SENAI","description":"Site Oficial!","publisher":{"@id":"https:\/\/fieam.org.br\/senai\/#organization"},"potentialAction":[{"@type":"SearchAction","target":{"@type":"EntryPoint","urlTemplate":"https:\/\/fieam.org.br\/senai\/?s={search_term_string}"},"query-input":{"@type":"PropertyValueSpecification","valueRequired":true,"valueName":"search_term_string"}}],"inLanguage":"pt-BR"},{"@type":"Organization","@id":"https:\/\/fieam.org.br\/senai\/#organization","name":"SENAI","url":"https:\/\/fieam.org.br\/senai\/","logo":{"@type":"ImageObject","inLanguage":"pt-BR","@id":"https:\/\/fieam.org.br\/senai\/#\/schema\/logo\/image\/","url":"https:\/\/fieam.org.br\/senai\/wp-content\/uploads\/sites\/16\/2024\/03\/cropped-fav.png","contentUrl":"https:\/\/fieam.org.br\/senai\/wp-content\/uploads\/sites\/16\/2024\/03\/cropped-fav.png","width":592,"height":577,"caption":"SENAI"},"image":{"@id":"https:\/\/fieam.org.br\/senai\/#\/schema\/logo\/image\/"}},{"@type":"Person","@id":"https:\/\/fieam.org.br\/senai\/#\/schema\/person\/c1ceda8321521b291cee22da0a7d34be","name":"Autor","image":{"@type":"ImageObject","inLanguage":"pt-BR","@id":"https:\/\/fieam.org.br\/senai\/#\/schema\/person\/image\/","url":"https:\/\/secure.gravatar.com\/avatar\/3732c223e0e1fad69062a8f770955c9068d37b055204f310a0be18d4069fe380?s=96&d=mm&r=g","contentUrl":"https:\/\/secure.gravatar.com\/avatar\/3732c223e0e1fad69062a8f770955c9068d37b055204f310a0be18d4069fe380?s=96&d=mm&r=g","caption":"Autor"},"sameAs":["https:\/\/marketingmassivo.com.br"],"url":"https:\/\/fieam.org.br\/senai\/author\/admin\/"}]}},"_links":{"self":[{"href":"https:\/\/fieam.org.br\/senai\/wp-json\/wp\/v2\/posts\/1810","targetHints":{"allow":["GET"]}}],"collection":[{"href":"https:\/\/fieam.org.br\/senai\/wp-json\/wp\/v2\/posts"}],"about":[{"href":"https:\/\/fieam.org.br\/senai\/wp-json\/wp\/v2\/types\/post"}],"author":[{"embeddable":true,"href":"https:\/\/fieam.org.br\/senai\/wp-json\/wp\/v2\/users\/1"}],"replies":[{"embeddable":true,"href":"https:\/\/fieam.org.br\/senai\/wp-json\/wp\/v2\/comments?post=1810"}],"version-history":[{"count":0,"href":"https:\/\/fieam.org.br\/senai\/wp-json\/wp\/v2\/posts\/1810\/revisions"}],"wp:featuredmedia":[{"embeddable":true,"href":"https:\/\/fieam.org.br\/senai\/wp-json\/wp\/v2\/media\/1811"}],"wp:attachment":[{"href":"https:\/\/fieam.org.br\/senai\/wp-json\/wp\/v2\/media?parent=1810"}],"wp:term":[{"taxonomy":"category","embeddable":true,"href":"https:\/\/fieam.org.br\/senai\/wp-json\/wp\/v2\/categories?post=1810"},{"taxonomy":"post_tag","embeddable":true,"href":"https:\/\/fieam.org.br\/senai\/wp-json\/wp\/v2\/tags?post=1810"}],"curies":[{"name":"wp","href":"https:\/\/api.w.org\/{rel}","templated":true}]}}