{"id":1716,"date":"2012-02-16T20:49:46","date_gmt":"2012-02-16T20:49:46","guid":{"rendered":"http:\/\/www.fieam.org.br\/site\/senai\/?p=1716"},"modified":"2012-02-16T20:49:46","modified_gmt":"2012-02-16T20:49:46","slug":"fuja-das-dsts-aids-e-tema-de-campanha-de-carnaval-do-sesi","status":"publish","type":"post","link":"https:\/\/fieam.org.br\/senai\/fuja-das-dsts-aids-e-tema-de-campanha-de-carnaval-do-sesi\/","title":{"rendered":"Fuja das DST\u2019s\/ AIDS \u00e9 tema de Campanha de Carnaval do SESI"},"content":{"rendered":"<p><a href=\"http:\/\/www.fieam.org.br\/site\/senai\/files\/2012\/02\/IMG_0096.jpg\"><img fetchpriority=\"high\" decoding=\"async\" class=\"alignleft size-medium wp-image-1720\" src=\"http:\/\/www.fieam.org.br\/site\/senai\/files\/2012\/02\/IMG_0096-300x200.jpg\" alt=\"\" width=\"300\" height=\"200\" srcset=\"https:\/\/fieam.org.br\/senai\/wp-content\/uploads\/sites\/16\/2012\/02\/IMG_0096-300x200.jpg 300w, https:\/\/fieam.org.br\/senai\/wp-content\/uploads\/sites\/16\/2012\/02\/IMG_0096-768x512.jpg 768w, https:\/\/fieam.org.br\/senai\/wp-content\/uploads\/sites\/16\/2012\/02\/IMG_0096.jpg 1024w\" sizes=\"(max-width: 300px) 100vw, 300px\" \/><\/a>O Sistema FIEAM promove de 13 a 17 de fevereiro campanha interna de carnaval, com o tema \u201cNeste Carnaval, fuja das DST\u2019s\/ AIDS\u201d. O evento re\u00fane divers\u00e3o e informa\u00e7\u00e3o. Com a participa\u00e7\u00e3o especial do grupo de teatro do SESI, toda for\u00e7a de trabalho est\u00e1 sendo orientada sobre o v\u00edrus da AIDS. A programa\u00e7\u00e3o conta tamb\u00e9m com a distribui\u00e7\u00e3o de panfletos e preservativos masculinos.<\/p>\n<p>A iniciativa \u00e9 do Servi\u00e7o Especializado em Engenharia de Seguran\u00e7a e Medicina do Trabalho (SESMT) e tem como objetivo sensibilizar os colaboradores quanto \u00e0 import\u00e2ncia do uso do preservativo durante o ato sexual.<\/p>\n<p>De acordo com a enfermeira do trabalho, Gabriela Diamantina, n\u00e3o se fala mais em grupo de risco e, sim, em comportamento de risco. \u201cO v\u00edrus come\u00e7ou a se espalhar de forma geral e n\u00e3o concentrado em grupos (como os de usu\u00e1rios de drogas ou homossexuais). Hoje, os n\u00fameros que mais crescem s\u00e3o os das mulheres casadas\u201d, revelou.<\/p>\n<p>Diamantina divulgou que em 2010 chegou a 1,7 casos de homens para cada um em mulheres com o v\u00edrus. \u201cN\u00e3o podemos nos deixar levar pela euforia do carnaval, \u201cpor uma rapidinha\u201d ou uma\u00a0\u00a0\u00a0\u00a0\u00a0\u00a0\u00a0\u00a0\u00a0\u00a0\u00a0\u00a0\u00a0\u00a0\u00a0 \u201cescapadinha\u201d. A preven\u00e7\u00e3o \u00e9 fundamental em todos os casos. A doen\u00e7a n\u00e3o est\u00e1 estampada no rosto. As pessoas podem ter o v\u00edrus h\u00e1 anos e nem desconfiar. Por isso, n\u00e3o podemos deixar de se prevenir em todos os tipos de rela\u00e7\u00f5es sexuais\u201d, alertou.<\/p>\n<p>A programa\u00e7\u00e3o conta ainda com Cine Pipoca, a ser realizado nesta sexta-feira (17), no audit\u00f3rio Auton Furtado Junior (FIEAM), das 12h30 \u00e0s 13h30, com o document\u00e1rio \u201cAmor em tempos de AIDS\u201d. A campanha vai rodar em todas as unidades do Sistema FIEAM, inclusive nas escolas do SESI e unidades do SENAI.<\/p>\n<p>Programa\u00e7\u00e3o:<\/p>\n<p><a href=\"http:\/\/www.fieam.org.br\/site\/senai\/files\/2012\/02\/programa%C3%A7%C3%A3o.jpg\"><img decoding=\"async\" class=\"alignleft size-full wp-image-1717\" src=\"http:\/\/www.fieam.org.br\/site\/senai\/files\/2012\/02\/programa%C3%A7%C3%A3o.jpg\" alt=\"\" width=\"312\" height=\"509\" \/><\/a>[nggallery id=39]<\/p>\n","protected":false},"excerpt":{"rendered":"<p>O Sistema FIEAM promove de 13 a 17 de fevereiro campanha interna de carnaval, com o tema \u201cNeste Carnaval, fuja das DST\u2019s\/ AIDS\u201d. O evento re\u00fane divers\u00e3o e informa\u00e7\u00e3o. Com a participa\u00e7\u00e3o especial do grupo de teatro do SESI, toda for\u00e7a de trabalho est\u00e1 sendo orientada sobre o v\u00edrus da AIDS. A programa\u00e7\u00e3o conta tamb\u00e9m [&hellip;]<\/p>\n","protected":false},"author":1,"featured_media":0,"comment_status":"open","ping_status":"open","sticky":false,"template":"","format":"standard","meta":{"footnotes":""},"categories":[21,22],"tags":[],"class_list":["post-1716","post","type-post","status-publish","format-standard","hentry","category-news","category-news_destaque"],"yoast_head":"<!-- This site is optimized with the Yoast SEO plugin v26.8 - https:\/\/yoast.com\/product\/yoast-seo-wordpress\/ -->\n<title>Fuja das DST\u2019s\/ AIDS \u00e9 tema de Campanha de Carnaval do SESI - SENAI<\/title>\n<meta name=\"robots\" content=\"index, follow, max-snippet:-1, max-image-preview:large, max-video-preview:-1\" \/>\n<link rel=\"canonical\" href=\"https:\/\/fieam.org.br\/senai\/fuja-das-dsts-aids-e-tema-de-campanha-de-carnaval-do-sesi\/\" \/>\n<meta property=\"og:locale\" content=\"pt_BR\" \/>\n<meta property=\"og:type\" content=\"article\" \/>\n<meta property=\"og:title\" content=\"Fuja das DST\u2019s\/ AIDS \u00e9 tema de Campanha de Carnaval do SESI - SENAI\" \/>\n<meta property=\"og:description\" content=\"O Sistema FIEAM promove de 13 a 17 de fevereiro campanha interna de carnaval, com o tema \u201cNeste Carnaval, fuja das DST\u2019s\/ AIDS\u201d. O evento re\u00fane divers\u00e3o e informa\u00e7\u00e3o. Com a participa\u00e7\u00e3o especial do grupo de teatro do SESI, toda for\u00e7a de trabalho est\u00e1 sendo orientada sobre o v\u00edrus da AIDS. A programa\u00e7\u00e3o conta tamb\u00e9m [&hellip;]\" \/>\n<meta property=\"og:url\" content=\"https:\/\/fieam.org.br\/senai\/fuja-das-dsts-aids-e-tema-de-campanha-de-carnaval-do-sesi\/\" \/>\n<meta property=\"og:site_name\" content=\"SENAI\" \/>\n<meta property=\"article:published_time\" content=\"2012-02-16T20:49:46+00:00\" \/>\n<meta property=\"og:image\" content=\"https:\/\/fieam.org.br\/senai\/wp-content\/uploads\/sites\/16\/2012\/02\/IMG_0096.jpg\" \/>\n\t<meta property=\"og:image:width\" content=\"1024\" \/>\n\t<meta property=\"og:image:height\" content=\"683\" \/>\n\t<meta property=\"og:image:type\" content=\"image\/jpeg\" \/>\n<meta name=\"author\" content=\"Autor\" \/>\n<meta name=\"twitter:card\" content=\"summary_large_image\" \/>\n<meta name=\"twitter:label1\" content=\"Escrito por\" \/>\n\t<meta name=\"twitter:data1\" content=\"Autor\" \/>\n\t<meta name=\"twitter:label2\" content=\"Est. tempo de leitura\" \/>\n\t<meta name=\"twitter:data2\" content=\"2 minutos\" \/>\n<script type=\"application\/ld+json\" class=\"yoast-schema-graph\">{\"@context\":\"https:\/\/schema.org\",\"@graph\":[{\"@type\":\"Article\",\"@id\":\"https:\/\/fieam.org.br\/senai\/fuja-das-dsts-aids-e-tema-de-campanha-de-carnaval-do-sesi\/#article\",\"isPartOf\":{\"@id\":\"https:\/\/fieam.org.br\/senai\/fuja-das-dsts-aids-e-tema-de-campanha-de-carnaval-do-sesi\/\"},\"author\":{\"name\":\"Autor\",\"@id\":\"https:\/\/fieam.org.br\/senai\/#\/schema\/person\/c1ceda8321521b291cee22da0a7d34be\"},\"headline\":\"Fuja das DST\u2019s\/ AIDS \u00e9 tema de Campanha de Carnaval do SESI\",\"datePublished\":\"2012-02-16T20:49:46+00:00\",\"mainEntityOfPage\":{\"@id\":\"https:\/\/fieam.org.br\/senai\/fuja-das-dsts-aids-e-tema-de-campanha-de-carnaval-do-sesi\/\"},\"wordCount\":319,\"commentCount\":0,\"publisher\":{\"@id\":\"https:\/\/fieam.org.br\/senai\/#organization\"},\"image\":{\"@id\":\"https:\/\/fieam.org.br\/senai\/fuja-das-dsts-aids-e-tema-de-campanha-de-carnaval-do-sesi\/#primaryimage\"},\"thumbnailUrl\":\"http:\/\/www.fieam.org.br\/site\/senai\/files\/2012\/02\/IMG_0096-300x200.jpg\",\"articleSection\":[\"News\",\"News Destaques\"],\"inLanguage\":\"pt-BR\",\"potentialAction\":[{\"@type\":\"CommentAction\",\"name\":\"Comment\",\"target\":[\"https:\/\/fieam.org.br\/senai\/fuja-das-dsts-aids-e-tema-de-campanha-de-carnaval-do-sesi\/#respond\"]}]},{\"@type\":\"WebPage\",\"@id\":\"https:\/\/fieam.org.br\/senai\/fuja-das-dsts-aids-e-tema-de-campanha-de-carnaval-do-sesi\/\",\"url\":\"https:\/\/fieam.org.br\/senai\/fuja-das-dsts-aids-e-tema-de-campanha-de-carnaval-do-sesi\/\",\"name\":\"Fuja das DST\u2019s\/ AIDS \u00e9 tema de Campanha de Carnaval do SESI - SENAI\",\"isPartOf\":{\"@id\":\"https:\/\/fieam.org.br\/senai\/#website\"},\"primaryImageOfPage\":{\"@id\":\"https:\/\/fieam.org.br\/senai\/fuja-das-dsts-aids-e-tema-de-campanha-de-carnaval-do-sesi\/#primaryimage\"},\"image\":{\"@id\":\"https:\/\/fieam.org.br\/senai\/fuja-das-dsts-aids-e-tema-de-campanha-de-carnaval-do-sesi\/#primaryimage\"},\"thumbnailUrl\":\"http:\/\/www.fieam.org.br\/site\/senai\/files\/2012\/02\/IMG_0096-300x200.jpg\",\"datePublished\":\"2012-02-16T20:49:46+00:00\",\"breadcrumb\":{\"@id\":\"https:\/\/fieam.org.br\/senai\/fuja-das-dsts-aids-e-tema-de-campanha-de-carnaval-do-sesi\/#breadcrumb\"},\"inLanguage\":\"pt-BR\",\"potentialAction\":[{\"@type\":\"ReadAction\",\"target\":[\"https:\/\/fieam.org.br\/senai\/fuja-das-dsts-aids-e-tema-de-campanha-de-carnaval-do-sesi\/\"]}]},{\"@type\":\"ImageObject\",\"inLanguage\":\"pt-BR\",\"@id\":\"https:\/\/fieam.org.br\/senai\/fuja-das-dsts-aids-e-tema-de-campanha-de-carnaval-do-sesi\/#primaryimage\",\"url\":\"http:\/\/www.fieam.org.br\/site\/senai\/files\/2012\/02\/IMG_0096-300x200.jpg\",\"contentUrl\":\"http:\/\/www.fieam.org.br\/site\/senai\/files\/2012\/02\/IMG_0096-300x200.jpg\"},{\"@type\":\"BreadcrumbList\",\"@id\":\"https:\/\/fieam.org.br\/senai\/fuja-das-dsts-aids-e-tema-de-campanha-de-carnaval-do-sesi\/#breadcrumb\",\"itemListElement\":[{\"@type\":\"ListItem\",\"position\":1,\"name\":\"In\u00edcio\",\"item\":\"https:\/\/fieam.org.br\/senai\/\"},{\"@type\":\"ListItem\",\"position\":2,\"name\":\"Fuja das DST\u2019s\/ AIDS \u00e9 tema de Campanha de Carnaval do SESI\"}]},{\"@type\":\"WebSite\",\"@id\":\"https:\/\/fieam.org.br\/senai\/#website\",\"url\":\"https:\/\/fieam.org.br\/senai\/\",\"name\":\"SENAI\",\"description\":\"Site Oficial!\",\"publisher\":{\"@id\":\"https:\/\/fieam.org.br\/senai\/#organization\"},\"potentialAction\":[{\"@type\":\"SearchAction\",\"target\":{\"@type\":\"EntryPoint\",\"urlTemplate\":\"https:\/\/fieam.org.br\/senai\/?s={search_term_string}\"},\"query-input\":{\"@type\":\"PropertyValueSpecification\",\"valueRequired\":true,\"valueName\":\"search_term_string\"}}],\"inLanguage\":\"pt-BR\"},{\"@type\":\"Organization\",\"@id\":\"https:\/\/fieam.org.br\/senai\/#organization\",\"name\":\"SENAI\",\"url\":\"https:\/\/fieam.org.br\/senai\/\",\"logo\":{\"@type\":\"ImageObject\",\"inLanguage\":\"pt-BR\",\"@id\":\"https:\/\/fieam.org.br\/senai\/#\/schema\/logo\/image\/\",\"url\":\"https:\/\/fieam.org.br\/senai\/wp-content\/uploads\/sites\/16\/2024\/03\/cropped-fav.png\",\"contentUrl\":\"https:\/\/fieam.org.br\/senai\/wp-content\/uploads\/sites\/16\/2024\/03\/cropped-fav.png\",\"width\":592,\"height\":577,\"caption\":\"SENAI\"},\"image\":{\"@id\":\"https:\/\/fieam.org.br\/senai\/#\/schema\/logo\/image\/\"}},{\"@type\":\"Person\",\"@id\":\"https:\/\/fieam.org.br\/senai\/#\/schema\/person\/c1ceda8321521b291cee22da0a7d34be\",\"name\":\"Autor\",\"image\":{\"@type\":\"ImageObject\",\"inLanguage\":\"pt-BR\",\"@id\":\"https:\/\/fieam.org.br\/senai\/#\/schema\/person\/image\/\",\"url\":\"https:\/\/secure.gravatar.com\/avatar\/3732c223e0e1fad69062a8f770955c9068d37b055204f310a0be18d4069fe380?s=96&d=mm&r=g\",\"contentUrl\":\"https:\/\/secure.gravatar.com\/avatar\/3732c223e0e1fad69062a8f770955c9068d37b055204f310a0be18d4069fe380?s=96&d=mm&r=g\",\"caption\":\"Autor\"},\"sameAs\":[\"https:\/\/marketingmassivo.com.br\"],\"url\":\"https:\/\/fieam.org.br\/senai\/author\/admin\/\"}]}<\/script>\n<!-- \/ Yoast SEO plugin. -->","yoast_head_json":{"title":"Fuja das DST\u2019s\/ AIDS \u00e9 tema de Campanha de Carnaval do SESI - SENAI","robots":{"index":"index","follow":"follow","max-snippet":"max-snippet:-1","max-image-preview":"max-image-preview:large","max-video-preview":"max-video-preview:-1"},"canonical":"https:\/\/fieam.org.br\/senai\/fuja-das-dsts-aids-e-tema-de-campanha-de-carnaval-do-sesi\/","og_locale":"pt_BR","og_type":"article","og_title":"Fuja das DST\u2019s\/ AIDS \u00e9 tema de Campanha de Carnaval do SESI - SENAI","og_description":"O Sistema FIEAM promove de 13 a 17 de fevereiro campanha interna de carnaval, com o tema \u201cNeste Carnaval, fuja das DST\u2019s\/ AIDS\u201d. O evento re\u00fane divers\u00e3o e informa\u00e7\u00e3o. Com a participa\u00e7\u00e3o especial do grupo de teatro do SESI, toda for\u00e7a de trabalho est\u00e1 sendo orientada sobre o v\u00edrus da AIDS. A programa\u00e7\u00e3o conta tamb\u00e9m [&hellip;]","og_url":"https:\/\/fieam.org.br\/senai\/fuja-das-dsts-aids-e-tema-de-campanha-de-carnaval-do-sesi\/","og_site_name":"SENAI","article_published_time":"2012-02-16T20:49:46+00:00","og_image":[{"width":1024,"height":683,"url":"https:\/\/fieam.org.br\/senai\/wp-content\/uploads\/sites\/16\/2012\/02\/IMG_0096.jpg","type":"image\/jpeg"}],"author":"Autor","twitter_card":"summary_large_image","twitter_misc":{"Escrito por":"Autor","Est. tempo de leitura":"2 minutos"},"schema":{"@context":"https:\/\/schema.org","@graph":[{"@type":"Article","@id":"https:\/\/fieam.org.br\/senai\/fuja-das-dsts-aids-e-tema-de-campanha-de-carnaval-do-sesi\/#article","isPartOf":{"@id":"https:\/\/fieam.org.br\/senai\/fuja-das-dsts-aids-e-tema-de-campanha-de-carnaval-do-sesi\/"},"author":{"name":"Autor","@id":"https:\/\/fieam.org.br\/senai\/#\/schema\/person\/c1ceda8321521b291cee22da0a7d34be"},"headline":"Fuja das DST\u2019s\/ AIDS \u00e9 tema de Campanha de Carnaval do SESI","datePublished":"2012-02-16T20:49:46+00:00","mainEntityOfPage":{"@id":"https:\/\/fieam.org.br\/senai\/fuja-das-dsts-aids-e-tema-de-campanha-de-carnaval-do-sesi\/"},"wordCount":319,"commentCount":0,"publisher":{"@id":"https:\/\/fieam.org.br\/senai\/#organization"},"image":{"@id":"https:\/\/fieam.org.br\/senai\/fuja-das-dsts-aids-e-tema-de-campanha-de-carnaval-do-sesi\/#primaryimage"},"thumbnailUrl":"http:\/\/www.fieam.org.br\/site\/senai\/files\/2012\/02\/IMG_0096-300x200.jpg","articleSection":["News","News Destaques"],"inLanguage":"pt-BR","potentialAction":[{"@type":"CommentAction","name":"Comment","target":["https:\/\/fieam.org.br\/senai\/fuja-das-dsts-aids-e-tema-de-campanha-de-carnaval-do-sesi\/#respond"]}]},{"@type":"WebPage","@id":"https:\/\/fieam.org.br\/senai\/fuja-das-dsts-aids-e-tema-de-campanha-de-carnaval-do-sesi\/","url":"https:\/\/fieam.org.br\/senai\/fuja-das-dsts-aids-e-tema-de-campanha-de-carnaval-do-sesi\/","name":"Fuja das DST\u2019s\/ AIDS \u00e9 tema de Campanha de Carnaval do SESI - SENAI","isPartOf":{"@id":"https:\/\/fieam.org.br\/senai\/#website"},"primaryImageOfPage":{"@id":"https:\/\/fieam.org.br\/senai\/fuja-das-dsts-aids-e-tema-de-campanha-de-carnaval-do-sesi\/#primaryimage"},"image":{"@id":"https:\/\/fieam.org.br\/senai\/fuja-das-dsts-aids-e-tema-de-campanha-de-carnaval-do-sesi\/#primaryimage"},"thumbnailUrl":"http:\/\/www.fieam.org.br\/site\/senai\/files\/2012\/02\/IMG_0096-300x200.jpg","datePublished":"2012-02-16T20:49:46+00:00","breadcrumb":{"@id":"https:\/\/fieam.org.br\/senai\/fuja-das-dsts-aids-e-tema-de-campanha-de-carnaval-do-sesi\/#breadcrumb"},"inLanguage":"pt-BR","potentialAction":[{"@type":"ReadAction","target":["https:\/\/fieam.org.br\/senai\/fuja-das-dsts-aids-e-tema-de-campanha-de-carnaval-do-sesi\/"]}]},{"@type":"ImageObject","inLanguage":"pt-BR","@id":"https:\/\/fieam.org.br\/senai\/fuja-das-dsts-aids-e-tema-de-campanha-de-carnaval-do-sesi\/#primaryimage","url":"http:\/\/www.fieam.org.br\/site\/senai\/files\/2012\/02\/IMG_0096-300x200.jpg","contentUrl":"http:\/\/www.fieam.org.br\/site\/senai\/files\/2012\/02\/IMG_0096-300x200.jpg"},{"@type":"BreadcrumbList","@id":"https:\/\/fieam.org.br\/senai\/fuja-das-dsts-aids-e-tema-de-campanha-de-carnaval-do-sesi\/#breadcrumb","itemListElement":[{"@type":"ListItem","position":1,"name":"In\u00edcio","item":"https:\/\/fieam.org.br\/senai\/"},{"@type":"ListItem","position":2,"name":"Fuja das DST\u2019s\/ AIDS \u00e9 tema de Campanha de Carnaval do SESI"}]},{"@type":"WebSite","@id":"https:\/\/fieam.org.br\/senai\/#website","url":"https:\/\/fieam.org.br\/senai\/","name":"SENAI","description":"Site Oficial!","publisher":{"@id":"https:\/\/fieam.org.br\/senai\/#organization"},"potentialAction":[{"@type":"SearchAction","target":{"@type":"EntryPoint","urlTemplate":"https:\/\/fieam.org.br\/senai\/?s={search_term_string}"},"query-input":{"@type":"PropertyValueSpecification","valueRequired":true,"valueName":"search_term_string"}}],"inLanguage":"pt-BR"},{"@type":"Organization","@id":"https:\/\/fieam.org.br\/senai\/#organization","name":"SENAI","url":"https:\/\/fieam.org.br\/senai\/","logo":{"@type":"ImageObject","inLanguage":"pt-BR","@id":"https:\/\/fieam.org.br\/senai\/#\/schema\/logo\/image\/","url":"https:\/\/fieam.org.br\/senai\/wp-content\/uploads\/sites\/16\/2024\/03\/cropped-fav.png","contentUrl":"https:\/\/fieam.org.br\/senai\/wp-content\/uploads\/sites\/16\/2024\/03\/cropped-fav.png","width":592,"height":577,"caption":"SENAI"},"image":{"@id":"https:\/\/fieam.org.br\/senai\/#\/schema\/logo\/image\/"}},{"@type":"Person","@id":"https:\/\/fieam.org.br\/senai\/#\/schema\/person\/c1ceda8321521b291cee22da0a7d34be","name":"Autor","image":{"@type":"ImageObject","inLanguage":"pt-BR","@id":"https:\/\/fieam.org.br\/senai\/#\/schema\/person\/image\/","url":"https:\/\/secure.gravatar.com\/avatar\/3732c223e0e1fad69062a8f770955c9068d37b055204f310a0be18d4069fe380?s=96&d=mm&r=g","contentUrl":"https:\/\/secure.gravatar.com\/avatar\/3732c223e0e1fad69062a8f770955c9068d37b055204f310a0be18d4069fe380?s=96&d=mm&r=g","caption":"Autor"},"sameAs":["https:\/\/marketingmassivo.com.br"],"url":"https:\/\/fieam.org.br\/senai\/author\/admin\/"}]}},"_links":{"self":[{"href":"https:\/\/fieam.org.br\/senai\/wp-json\/wp\/v2\/posts\/1716","targetHints":{"allow":["GET"]}}],"collection":[{"href":"https:\/\/fieam.org.br\/senai\/wp-json\/wp\/v2\/posts"}],"about":[{"href":"https:\/\/fieam.org.br\/senai\/wp-json\/wp\/v2\/types\/post"}],"author":[{"embeddable":true,"href":"https:\/\/fieam.org.br\/senai\/wp-json\/wp\/v2\/users\/1"}],"replies":[{"embeddable":true,"href":"https:\/\/fieam.org.br\/senai\/wp-json\/wp\/v2\/comments?post=1716"}],"version-history":[{"count":0,"href":"https:\/\/fieam.org.br\/senai\/wp-json\/wp\/v2\/posts\/1716\/revisions"}],"wp:attachment":[{"href":"https:\/\/fieam.org.br\/senai\/wp-json\/wp\/v2\/media?parent=1716"}],"wp:term":[{"taxonomy":"category","embeddable":true,"href":"https:\/\/fieam.org.br\/senai\/wp-json\/wp\/v2\/categories?post=1716"},{"taxonomy":"post_tag","embeddable":true,"href":"https:\/\/fieam.org.br\/senai\/wp-json\/wp\/v2\/tags?post=1716"}],"curies":[{"name":"wp","href":"https:\/\/api.w.org\/{rel}","templated":true}]}}