{"id":15706,"date":"2026-09-03T20:49:15","date_gmt":"2026-09-03T20:49:15","guid":{"rendered":"https:\/\/fieam.org.br\/senai\/?p=15706"},"modified":"2026-09-03T20:50:45","modified_gmt":"2026-09-03T20:50:45","slug":"samauma-ii-leva-qualificacao-profissional-em-energia-solar-a-municipios-do-amazonas","status":"publish","type":"post","link":"https:\/\/fieam.org.br\/senai\/samauma-ii-leva-qualificacao-profissional-em-energia-solar-a-municipios-do-amazonas\/","title":{"rendered":"Sama\u00fama II leva qualifica\u00e7\u00e3o profissional em energia solar a munic\u00edpios do Amazonas"},"content":{"rendered":"<p>Em uma regi\u00e3o onde os rios s\u00e3o as principais estradas do Amazonas, o Barco-escola SENAI Sama\u00fama II vence dist\u00e2ncias para levar conhecimento, tecnologia e novas perspectivas de futuro para centenas de amazonenses, a exemplo do projeto Mana\u00f3s Solar 4.0 que, ao longo de seis meses, capacitou 367 moradores dos munic\u00edpios de Tef\u00e9, Coari, Codaj\u00e1s e Parintins por meio de cursos realizados a bordo do Sama\u00fama II, em uma parceria entre a BYD Brasil e o Servi\u00e7o Nacional de Aprendizagem Industrial (SENAI).<\/p>\n<p><img fetchpriority=\"high\" decoding=\"async\" class=\"aligncenter wp-image-15708\" src=\"https:\/\/fieam.org.br\/senai\/wp-content\/uploads\/sites\/16\/2026\/09\/SENAI-leva-tecnologia-e-qualificacao-as-comunidades-do-interior.-Credito-BYD-150x150.jpg\" alt=\"\" width=\"600\" height=\"338\" srcset=\"https:\/\/fieam.org.br\/senai\/wp-content\/uploads\/sites\/16\/2026\/09\/SENAI-leva-tecnologia-e-qualificacao-as-comunidades-do-interior.-Credito-BYD-300x169.jpg 300w, https:\/\/fieam.org.br\/senai\/wp-content\/uploads\/sites\/16\/2026\/09\/SENAI-leva-tecnologia-e-qualificacao-as-comunidades-do-interior.-Credito-BYD-1024x576.jpg 1024w, https:\/\/fieam.org.br\/senai\/wp-content\/uploads\/sites\/16\/2026\/09\/SENAI-leva-tecnologia-e-qualificacao-as-comunidades-do-interior.-Credito-BYD-768x432.jpg 768w, https:\/\/fieam.org.br\/senai\/wp-content\/uploads\/sites\/16\/2026\/09\/SENAI-leva-tecnologia-e-qualificacao-as-comunidades-do-interior.-Credito-BYD.jpg 1280w\" sizes=\"(max-width: 600px) 100vw, 600px\" \/><\/p>\n<p>A iniciativa recebeu investimento superior a R$ 1,1 milh\u00e3o em pesquisa, desenvolvimento e inova\u00e7\u00e3o e teve como foco a forma\u00e7\u00e3o de profissionais nas \u00e1reas de energia solar fotovoltaica, eletricidade, tecnologia da informa\u00e7\u00e3o e Ind\u00fastria 4.0.<\/p>\n<p>De acordo com o presidente da Federa\u00e7\u00e3o das Ind\u00fastrias do Estado do Amazonas e do Conselho Regional do SENAI Amazonas, Antonio Silva, a institui\u00e7\u00e3o cumpre a miss\u00e3o de levar qualifica\u00e7\u00e3o t\u00e9cnica diretamente \u00e0s comunidades ribeirinhas, muitas vezes afastadas dos grandes centros e com acesso limitado a cursos profissionalizantes. Adaptado com estrutura educacional completa, o barco-escola percorre os rios amaz\u00f4nicos para garantir que a forma\u00e7\u00e3o chegasse a moradores que, em muitos casos, teriam dificuldades para se deslocar at\u00e9 a capital ou outros polos de ensino.<\/p>\n<p>Para desenvolver o projeto Mana\u00f3s Solar 4.0, o SENAI Amazonas ministrou conte\u00fados como os sistemas fotovoltaicos, inversores, eletricidade, ind\u00fastria 4.0, seguran\u00e7a, sustentabilidade e tecnologia da informa\u00e7\u00e3o. O conhecimento disseminado tem aplica\u00e7\u00e3o direta na realidade das comunidades do interior do Amazonas, onde muitas localidades ainda enfrentam desafios relacionados ao fornecimento de energia el\u00e9trica.<\/p>\n<p>Em algumas regi\u00f5es, o abastecimento depende de geradores movidos a diesel, solu\u00e7\u00e3o que envolve custos elevados e complexa log\u00edstica de transporte de combust\u00edvel. Nesse cen\u00e1rio, a energia solar surge como alternativa sustent\u00e1vel para ampliar o acesso \u00e0 eletricidade e melhorar a qualidade de vida da popula\u00e7\u00e3o.<\/p>\n<p>Para a estudante Dhierli Gomes, moradora da comunidade Guarani, pr\u00f3xima a Tef\u00e9, a experi\u00eancia foi motivada pela transforma\u00e7\u00e3o que a energia solar j\u00e1 havia proporcionado \u00e0 sua comunidade. Segundo ela, a instala\u00e7\u00e3o de placas solares contribuiu para solucionar problemas relacionados ao abastecimento de \u00e1gua, o que despertou o interesse em aprofundar seus conhecimentos para ajudar outras pessoas.<\/p>\n<p>\u201cN\u00f3s carregamos a \u00e1gua pela manh\u00e3, cedo, para ter em casa.\u00a0 Com essa chegada da energia fotovoltaica, veio como, posso dizer, grandiosamente, resolver nosso problema, isso fez com que eu tamb\u00e9m tivesse essa for\u00e7a de vontade de estar aqui no curso, para levar isso para mim e ajudar os pr\u00f3ximos.\u201d, afirma a estudante.<\/p>\n<p>Seu irm\u00e3o, Rainnier Gomes, tamb\u00e9m formado pelo projeto, ressalta que a capacita\u00e7\u00e3o representa uma oportunidade de aplicar o conhecimento em benef\u00edcio da pr\u00f3pria comunidade. Para ele, o curso abre caminhos para melhorar as condi\u00e7\u00f5es de vida das fam\u00edlias que dependem de solu\u00e7\u00f5es energ\u00e9ticas mais eficientes e acess\u00edveis. \u201cA gente conseguiu esse resultado grandioso para n\u00f3s, que a gente vai aplicar na nossa vida, na vida das pessoas ali que necessitam, que v\u00e3o precisar do nosso conhecimento para que possam melhorar mais as suas necessidades\u201d, aponta.<\/p>\n<p><img decoding=\"async\" class=\"aligncenter wp-image-15709\" src=\"https:\/\/fieam.org.br\/senai\/wp-content\/uploads\/sites\/16\/2026\/09\/Alunos-concluem-formacao-em-energia-solar-no-Amazonas.-Credito-BYD-150x150.jpg\" alt=\"\" width=\"600\" height=\"337\" srcset=\"https:\/\/fieam.org.br\/senai\/wp-content\/uploads\/sites\/16\/2026\/09\/Alunos-concluem-formacao-em-energia-solar-no-Amazonas.-Credito-BYD-300x169.jpg 300w, https:\/\/fieam.org.br\/senai\/wp-content\/uploads\/sites\/16\/2026\/09\/Alunos-concluem-formacao-em-energia-solar-no-Amazonas.-Credito-BYD-1024x575.jpg 1024w, https:\/\/fieam.org.br\/senai\/wp-content\/uploads\/sites\/16\/2026\/09\/Alunos-concluem-formacao-em-energia-solar-no-Amazonas.-Credito-BYD-768x431.jpg 768w, https:\/\/fieam.org.br\/senai\/wp-content\/uploads\/sites\/16\/2026\/09\/Alunos-concluem-formacao-em-energia-solar-no-Amazonas.-Credito-BYD.jpg 1280w\" sizes=\"(max-width: 600px) 100vw, 600px\" \/><\/p>\n<p>Al\u00e9m da qualifica\u00e7\u00e3o profissional, o projeto busca fortalecer a autonomia das comunidades amaz\u00f4nicas ao preparar moradores para instalar, operar e realizar manuten\u00e7\u00e3o de sistemas de energia solar em seus pr\u00f3prios territ\u00f3rios. A estrat\u00e9gia contribui para a gera\u00e7\u00e3o de renda local, reduz a depend\u00eancia de assist\u00eancia externa e estimula o desenvolvimento regional de forma sustent\u00e1vel.<\/p>\n<p>Outro diferencial da iniciativa \u00e9 o suporte t\u00e9cnico continuado oferecido aos participantes, conectando os alunos aos kits fotovoltaicos produzidos pela empresa parceira. A expectativa \u00e9 criar uma rede de profissionais aptos a disseminar conhecimento tecnol\u00f3gico em regi\u00f5es onde essas solu\u00e7\u00f5es ainda s\u00e3o pouco acess\u00edveis.<\/p>\n<p>Durante a cerim\u00f4nia de formatura, o engenheiro de Pesquisa, Desenvolvimento e Inova\u00e7\u00e3o da BYD Brasil, Wilson Kerdy, destacou a import\u00e2ncia da forma\u00e7\u00e3o para o fortalecimento das comunidades atendidas. Segundo ele, os conhecimentos adquiridos dever\u00e3o contribuir diretamente para a aplica\u00e7\u00e3o de solu\u00e7\u00f5es tecnol\u00f3gicas e sustent\u00e1veis nos munic\u00edpios de origem dos participantes. \u201cAgora voc\u00eas s\u00e3o profissionais na \u00e1rea, voc\u00eas est\u00e3o vestidos a camisa relacionado ao conhecimento que voc\u00eas adquiriram. E voc\u00eas v\u00e3o aplicar nas comunidades do munic\u00edpio de voc\u00eas. Isso da\u00ed n\u00e3o tem pre\u00e7o. Ent\u00e3o voc\u00eas t\u00eam que visar o crescimento profissional a cada dia\u201d, ressalta Kerdy.<\/p>\n<p>A formatura marcou o encerramento de uma etapa, mas tamb\u00e9m o in\u00edcio de uma nova jornada para os participantes. Emocionado, Rainnier Gomes lembrou das dificuldades enfrentadas ao longo do curso e da import\u00e2ncia da conquista para os alunos que precisaram conciliar estudos, deslocamentos e responsabilidades cotidianas. \u201cEsse momento aqui pra gente \u00e9 muito importante.\u00a0 Chegar at\u00e9 o final foi desafiador, mas com a vontade que a gente tem de querer vencer, fez com que a gente conquistasse esse momento\u201d, afirma o rec\u00e9m-formado.<\/p>\n<p>Agora, o conhecimento adquirido retorna \u00e0s comunidades junto com os novos profissionais formados. Em uma realidade onde muitos caminhos ainda s\u00e3o feitos pelos rios, iniciativas como o Mana\u00f3s Solar 4.0 demonstram que a educa\u00e7\u00e3o e a tecnologia tamb\u00e9m podem navegar pelas \u00e1guas da Amaz\u00f4nia, levando oportunidades, inclus\u00e3o produtiva e desenvolvimento sustent\u00e1vel para quem vive distante dos grandes centros.<\/p>\n<p>\ud83c\udf9e\ufe0f <a href=\"https:\/\/www.instagram.com\/reel\/Dc05-uXm2tM\/?igsi=MTdhd2s5Yjlsem9haw==\"><span style=\"color: #0000ff\">Clique aqui<\/span><\/a> para curtir o nosso reels.<\/p>\n","protected":false},"excerpt":{"rendered":"<p>Em uma regi\u00e3o onde os rios s\u00e3o as principais estradas do Amazonas, o Barco-escola SENAI Sama\u00fama II vence dist\u00e2ncias para levar conhecimento, tecnologia e novas perspectivas de futuro para centenas de amazonenses, a exemplo do projeto Mana\u00f3s Solar 4.0 que, ao longo de seis meses, capacitou 367 moradores dos munic\u00edpios de Tef\u00e9, Coari, Codaj\u00e1s e [&hellip;]<\/p>\n","protected":false},"author":18,"featured_media":15707,"comment_status":"open","ping_status":"open","sticky":false,"template":"","format":"standard","meta":{"footnotes":""},"categories":[22],"tags":[],"class_list":["post-15706","post","type-post","status-publish","format-standard","has-post-thumbnail","hentry","category-news_destaque"],"yoast_head":"<!-- This site is optimized with the Yoast SEO plugin v28.2 - https:\/\/yoast.com\/product\/yoast-seo-wordpress\/ -->\n<title>Sama\u00fama II leva qualifica\u00e7\u00e3o profissional em energia solar a munic\u00edpios do Amazonas - SENAI<\/title>\n<meta name=\"robots\" content=\"index, follow, max-snippet:-1, max-image-preview:large, max-video-preview:-1\" \/>\n<link rel=\"canonical\" href=\"https:\/\/fieam.org.br\/senai\/samauma-ii-leva-qualificacao-profissional-em-energia-solar-a-municipios-do-amazonas\/\" \/>\n<meta property=\"og:locale\" content=\"pt_BR\" \/>\n<meta property=\"og:type\" content=\"article\" \/>\n<meta property=\"og:title\" content=\"Sama\u00fama II leva qualifica\u00e7\u00e3o profissional em energia solar a munic\u00edpios do Amazonas - SENAI\" \/>\n<meta property=\"og:description\" content=\"Em uma regi\u00e3o onde os rios s\u00e3o as principais estradas do Amazonas, o Barco-escola SENAI Sama\u00fama II vence dist\u00e2ncias para levar conhecimento, tecnologia e novas perspectivas de futuro para centenas de amazonenses, a exemplo do projeto Mana\u00f3s Solar 4.0 que, ao longo de seis meses, capacitou 367 moradores dos munic\u00edpios de Tef\u00e9, Coari, Codaj\u00e1s e [&hellip;]\" \/>\n<meta property=\"og:url\" content=\"https:\/\/fieam.org.br\/senai\/samauma-ii-leva-qualificacao-profissional-em-energia-solar-a-municipios-do-amazonas\/\" \/>\n<meta property=\"og:site_name\" content=\"SENAI\" \/>\n<meta property=\"article:published_time\" content=\"2026-09-03T20:49:15+00:00\" \/>\n<meta property=\"article:modified_time\" content=\"2026-09-03T20:50:45+00:00\" \/>\n<meta property=\"og:image\" content=\"https:\/\/fieam.org.br\/senai\/wp-content\/uploads\/sites\/16\/2026\/09\/Projeto-Manaos-Solar-4.0-capacita-367-moradores-no-Amazonas.-Credito-BYD.jpg\" \/>\n\t<meta property=\"og:image:width\" content=\"1280\" \/>\n\t<meta property=\"og:image:height\" content=\"720\" \/>\n\t<meta property=\"og:image:type\" content=\"image\/jpeg\" \/>\n<meta name=\"author\" content=\"danielearaujo\" \/>\n<meta name=\"twitter:card\" content=\"summary_large_image\" \/>\n<meta name=\"twitter:label1\" content=\"Escrito por\" \/>\n\t<meta name=\"twitter:data1\" content=\"danielearaujo\" \/>\n\t<meta name=\"twitter:label2\" content=\"Est. tempo de leitura\" \/>\n\t<meta name=\"twitter:data2\" content=\"6 minutos\" \/>\n<script type=\"application\/ld+json\" class=\"yoast-schema-graph\">{\"@context\":\"https:\\\/\\\/schema.org\",\"@graph\":[{\"@type\":\"Article\",\"@id\":\"https:\\\/\\\/fieam.org.br\\\/senai\\\/samauma-ii-leva-qualificacao-profissional-em-energia-solar-a-municipios-do-amazonas\\\/#article\",\"isPartOf\":{\"@id\":\"https:\\\/\\\/fieam.org.br\\\/senai\\\/samauma-ii-leva-qualificacao-profissional-em-energia-solar-a-municipios-do-amazonas\\\/\"},\"author\":{\"name\":\"danielearaujo\",\"@id\":\"https:\\\/\\\/fieam.org.br\\\/senai\\\/#\\\/schema\\\/person\\\/39a50b5db2b5391885b2bc9e82c87805\"},\"headline\":\"Sama\u00fama II leva qualifica\u00e7\u00e3o profissional em energia solar a munic\u00edpios do Amazonas\",\"datePublished\":\"2026-09-03T20:49:15+00:00\",\"dateModified\":\"2026-09-03T20:50:45+00:00\",\"mainEntityOfPage\":{\"@id\":\"https:\\\/\\\/fieam.org.br\\\/senai\\\/samauma-ii-leva-qualificacao-profissional-em-energia-solar-a-municipios-do-amazonas\\\/\"},\"wordCount\":944,\"commentCount\":0,\"publisher\":{\"@id\":\"https:\\\/\\\/fieam.org.br\\\/senai\\\/#organization\"},\"image\":{\"@id\":\"https:\\\/\\\/fieam.org.br\\\/senai\\\/samauma-ii-leva-qualificacao-profissional-em-energia-solar-a-municipios-do-amazonas\\\/#primaryimage\"},\"thumbnailUrl\":\"https:\\\/\\\/fieam.org.br\\\/senai\\\/wp-content\\\/uploads\\\/sites\\\/16\\\/2026\\\/09\\\/Projeto-Manaos-Solar-4.0-capacita-367-moradores-no-Amazonas.-Credito-BYD.jpg\",\"articleSection\":[\"News Destaques\"],\"inLanguage\":\"pt-BR\",\"potentialAction\":[{\"@type\":\"CommentAction\",\"name\":\"Comment\",\"target\":[\"https:\\\/\\\/fieam.org.br\\\/senai\\\/samauma-ii-leva-qualificacao-profissional-em-energia-solar-a-municipios-do-amazonas\\\/#respond\"]}]},{\"@type\":\"WebPage\",\"@id\":\"https:\\\/\\\/fieam.org.br\\\/senai\\\/samauma-ii-leva-qualificacao-profissional-em-energia-solar-a-municipios-do-amazonas\\\/\",\"url\":\"https:\\\/\\\/fieam.org.br\\\/senai\\\/samauma-ii-leva-qualificacao-profissional-em-energia-solar-a-municipios-do-amazonas\\\/\",\"name\":\"Sama\u00fama II leva qualifica\u00e7\u00e3o profissional em energia solar a munic\u00edpios do Amazonas - SENAI\",\"isPartOf\":{\"@id\":\"https:\\\/\\\/fieam.org.br\\\/senai\\\/#website\"},\"primaryImageOfPage\":{\"@id\":\"https:\\\/\\\/fieam.org.br\\\/senai\\\/samauma-ii-leva-qualificacao-profissional-em-energia-solar-a-municipios-do-amazonas\\\/#primaryimage\"},\"image\":{\"@id\":\"https:\\\/\\\/fieam.org.br\\\/senai\\\/samauma-ii-leva-qualificacao-profissional-em-energia-solar-a-municipios-do-amazonas\\\/#primaryimage\"},\"thumbnailUrl\":\"https:\\\/\\\/fieam.org.br\\\/senai\\\/wp-content\\\/uploads\\\/sites\\\/16\\\/2026\\\/09\\\/Projeto-Manaos-Solar-4.0-capacita-367-moradores-no-Amazonas.-Credito-BYD.jpg\",\"datePublished\":\"2026-09-03T20:49:15+00:00\",\"dateModified\":\"2026-09-03T20:50:45+00:00\",\"breadcrumb\":{\"@id\":\"https:\\\/\\\/fieam.org.br\\\/senai\\\/samauma-ii-leva-qualificacao-profissional-em-energia-solar-a-municipios-do-amazonas\\\/#breadcrumb\"},\"inLanguage\":\"pt-BR\",\"potentialAction\":[{\"@type\":\"ReadAction\",\"target\":[\"https:\\\/\\\/fieam.org.br\\\/senai\\\/samauma-ii-leva-qualificacao-profissional-em-energia-solar-a-municipios-do-amazonas\\\/\"]}]},{\"@type\":\"ImageObject\",\"inLanguage\":\"pt-BR\",\"@id\":\"https:\\\/\\\/fieam.org.br\\\/senai\\\/samauma-ii-leva-qualificacao-profissional-em-energia-solar-a-municipios-do-amazonas\\\/#primaryimage\",\"url\":\"https:\\\/\\\/fieam.org.br\\\/senai\\\/wp-content\\\/uploads\\\/sites\\\/16\\\/2026\\\/09\\\/Projeto-Manaos-Solar-4.0-capacita-367-moradores-no-Amazonas.-Credito-BYD.jpg\",\"contentUrl\":\"https:\\\/\\\/fieam.org.br\\\/senai\\\/wp-content\\\/uploads\\\/sites\\\/16\\\/2026\\\/09\\\/Projeto-Manaos-Solar-4.0-capacita-367-moradores-no-Amazonas.-Credito-BYD.jpg\",\"width\":1280,\"height\":720},{\"@type\":\"BreadcrumbList\",\"@id\":\"https:\\\/\\\/fieam.org.br\\\/senai\\\/samauma-ii-leva-qualificacao-profissional-em-energia-solar-a-municipios-do-amazonas\\\/#breadcrumb\",\"itemListElement\":[{\"@type\":\"ListItem\",\"position\":1,\"name\":\"In\u00edcio\",\"item\":\"https:\\\/\\\/fieam.org.br\\\/senai\\\/\"},{\"@type\":\"ListItem\",\"position\":2,\"name\":\"Sama\u00fama II leva qualifica\u00e7\u00e3o profissional em energia solar a munic\u00edpios do Amazonas\"}]},{\"@type\":\"WebSite\",\"@id\":\"https:\\\/\\\/fieam.org.br\\\/senai\\\/#website\",\"url\":\"https:\\\/\\\/fieam.org.br\\\/senai\\\/\",\"name\":\"SENAI\",\"description\":\"Site Oficial!\",\"publisher\":{\"@id\":\"https:\\\/\\\/fieam.org.br\\\/senai\\\/#organization\"},\"potentialAction\":[{\"@type\":\"SearchAction\",\"target\":{\"@type\":\"EntryPoint\",\"urlTemplate\":\"https:\\\/\\\/fieam.org.br\\\/senai\\\/?s={search_term_string}\"},\"query-input\":{\"@type\":\"PropertyValueSpecification\",\"valueRequired\":true,\"valueName\":\"search_term_string\"}}],\"inLanguage\":\"pt-BR\"},{\"@type\":\"Organization\",\"@id\":\"https:\\\/\\\/fieam.org.br\\\/senai\\\/#organization\",\"name\":\"SENAI\",\"url\":\"https:\\\/\\\/fieam.org.br\\\/senai\\\/\",\"logo\":{\"@type\":\"ImageObject\",\"inLanguage\":\"pt-BR\",\"@id\":\"https:\\\/\\\/fieam.org.br\\\/senai\\\/#\\\/schema\\\/logo\\\/image\\\/\",\"url\":\"https:\\\/\\\/fieam.org.br\\\/senai\\\/wp-content\\\/uploads\\\/sites\\\/16\\\/2024\\\/03\\\/cropped-fav.png\",\"contentUrl\":\"https:\\\/\\\/fieam.org.br\\\/senai\\\/wp-content\\\/uploads\\\/sites\\\/16\\\/2024\\\/03\\\/cropped-fav.png\",\"width\":592,\"height\":577,\"caption\":\"SENAI\"},\"image\":{\"@id\":\"https:\\\/\\\/fieam.org.br\\\/senai\\\/#\\\/schema\\\/logo\\\/image\\\/\"}},{\"@type\":\"Person\",\"@id\":\"https:\\\/\\\/fieam.org.br\\\/senai\\\/#\\\/schema\\\/person\\\/39a50b5db2b5391885b2bc9e82c87805\",\"name\":\"danielearaujo\",\"image\":{\"@type\":\"ImageObject\",\"inLanguage\":\"pt-BR\",\"@id\":\"https:\\\/\\\/secure.gravatar.com\\\/avatar\\\/3d05aa1b7ec7a61527da2f5640dbbb4d48b79db9fb5693b998f5966d1b316426?s=96&d=mm&r=g\",\"url\":\"https:\\\/\\\/secure.gravatar.com\\\/avatar\\\/3d05aa1b7ec7a61527da2f5640dbbb4d48b79db9fb5693b998f5966d1b316426?s=96&d=mm&r=g\",\"contentUrl\":\"https:\\\/\\\/secure.gravatar.com\\\/avatar\\\/3d05aa1b7ec7a61527da2f5640dbbb4d48b79db9fb5693b998f5966d1b316426?s=96&d=mm&r=g\",\"caption\":\"danielearaujo\"},\"url\":\"https:\\\/\\\/fieam.org.br\\\/senai\\\/author\\\/danielearaujo\\\/\"}]}<\/script>\n<!-- \/ Yoast SEO plugin. -->","yoast_head_json":{"title":"Sama\u00fama II leva qualifica\u00e7\u00e3o profissional em energia solar a munic\u00edpios do Amazonas - SENAI","robots":{"index":"index","follow":"follow","max-snippet":"max-snippet:-1","max-image-preview":"max-image-preview:large","max-video-preview":"max-video-preview:-1"},"canonical":"https:\/\/fieam.org.br\/senai\/samauma-ii-leva-qualificacao-profissional-em-energia-solar-a-municipios-do-amazonas\/","og_locale":"pt_BR","og_type":"article","og_title":"Sama\u00fama II leva qualifica\u00e7\u00e3o profissional em energia solar a munic\u00edpios do Amazonas - SENAI","og_description":"Em uma regi\u00e3o onde os rios s\u00e3o as principais estradas do Amazonas, o Barco-escola SENAI Sama\u00fama II vence dist\u00e2ncias para levar conhecimento, tecnologia e novas perspectivas de futuro para centenas de amazonenses, a exemplo do projeto Mana\u00f3s Solar 4.0 que, ao longo de seis meses, capacitou 367 moradores dos munic\u00edpios de Tef\u00e9, Coari, Codaj\u00e1s e [&hellip;]","og_url":"https:\/\/fieam.org.br\/senai\/samauma-ii-leva-qualificacao-profissional-em-energia-solar-a-municipios-do-amazonas\/","og_site_name":"SENAI","article_published_time":"2026-09-03T20:49:15+00:00","article_modified_time":"2026-09-03T20:50:45+00:00","og_image":[{"width":1280,"height":720,"url":"https:\/\/fieam.org.br\/senai\/wp-content\/uploads\/sites\/16\/2026\/09\/Projeto-Manaos-Solar-4.0-capacita-367-moradores-no-Amazonas.-Credito-BYD.jpg","type":"image\/jpeg"}],"author":"danielearaujo","twitter_card":"summary_large_image","twitter_misc":{"Escrito por":"danielearaujo","Est. tempo de leitura":"6 minutos"},"schema":{"@context":"https:\/\/schema.org","@graph":[{"@type":"Article","@id":"https:\/\/fieam.org.br\/senai\/samauma-ii-leva-qualificacao-profissional-em-energia-solar-a-municipios-do-amazonas\/#article","isPartOf":{"@id":"https:\/\/fieam.org.br\/senai\/samauma-ii-leva-qualificacao-profissional-em-energia-solar-a-municipios-do-amazonas\/"},"author":{"name":"danielearaujo","@id":"https:\/\/fieam.org.br\/senai\/#\/schema\/person\/39a50b5db2b5391885b2bc9e82c87805"},"headline":"Sama\u00fama II leva qualifica\u00e7\u00e3o profissional em energia solar a munic\u00edpios do Amazonas","datePublished":"2026-09-03T20:49:15+00:00","dateModified":"2026-09-03T20:50:45+00:00","mainEntityOfPage":{"@id":"https:\/\/fieam.org.br\/senai\/samauma-ii-leva-qualificacao-profissional-em-energia-solar-a-municipios-do-amazonas\/"},"wordCount":944,"commentCount":0,"publisher":{"@id":"https:\/\/fieam.org.br\/senai\/#organization"},"image":{"@id":"https:\/\/fieam.org.br\/senai\/samauma-ii-leva-qualificacao-profissional-em-energia-solar-a-municipios-do-amazonas\/#primaryimage"},"thumbnailUrl":"https:\/\/fieam.org.br\/senai\/wp-content\/uploads\/sites\/16\/2026\/09\/Projeto-Manaos-Solar-4.0-capacita-367-moradores-no-Amazonas.-Credito-BYD.jpg","articleSection":["News Destaques"],"inLanguage":"pt-BR","potentialAction":[{"@type":"CommentAction","name":"Comment","target":["https:\/\/fieam.org.br\/senai\/samauma-ii-leva-qualificacao-profissional-em-energia-solar-a-municipios-do-amazonas\/#respond"]}]},{"@type":"WebPage","@id":"https:\/\/fieam.org.br\/senai\/samauma-ii-leva-qualificacao-profissional-em-energia-solar-a-municipios-do-amazonas\/","url":"https:\/\/fieam.org.br\/senai\/samauma-ii-leva-qualificacao-profissional-em-energia-solar-a-municipios-do-amazonas\/","name":"Sama\u00fama II leva qualifica\u00e7\u00e3o profissional em energia solar a munic\u00edpios do Amazonas - SENAI","isPartOf":{"@id":"https:\/\/fieam.org.br\/senai\/#website"},"primaryImageOfPage":{"@id":"https:\/\/fieam.org.br\/senai\/samauma-ii-leva-qualificacao-profissional-em-energia-solar-a-municipios-do-amazonas\/#primaryimage"},"image":{"@id":"https:\/\/fieam.org.br\/senai\/samauma-ii-leva-qualificacao-profissional-em-energia-solar-a-municipios-do-amazonas\/#primaryimage"},"thumbnailUrl":"https:\/\/fieam.org.br\/senai\/wp-content\/uploads\/sites\/16\/2026\/09\/Projeto-Manaos-Solar-4.0-capacita-367-moradores-no-Amazonas.-Credito-BYD.jpg","datePublished":"2026-09-03T20:49:15+00:00","dateModified":"2026-09-03T20:50:45+00:00","breadcrumb":{"@id":"https:\/\/fieam.org.br\/senai\/samauma-ii-leva-qualificacao-profissional-em-energia-solar-a-municipios-do-amazonas\/#breadcrumb"},"inLanguage":"pt-BR","potentialAction":[{"@type":"ReadAction","target":["https:\/\/fieam.org.br\/senai\/samauma-ii-leva-qualificacao-profissional-em-energia-solar-a-municipios-do-amazonas\/"]}]},{"@type":"ImageObject","inLanguage":"pt-BR","@id":"https:\/\/fieam.org.br\/senai\/samauma-ii-leva-qualificacao-profissional-em-energia-solar-a-municipios-do-amazonas\/#primaryimage","url":"https:\/\/fieam.org.br\/senai\/wp-content\/uploads\/sites\/16\/2026\/09\/Projeto-Manaos-Solar-4.0-capacita-367-moradores-no-Amazonas.-Credito-BYD.jpg","contentUrl":"https:\/\/fieam.org.br\/senai\/wp-content\/uploads\/sites\/16\/2026\/09\/Projeto-Manaos-Solar-4.0-capacita-367-moradores-no-Amazonas.-Credito-BYD.jpg","width":1280,"height":720},{"@type":"BreadcrumbList","@id":"https:\/\/fieam.org.br\/senai\/samauma-ii-leva-qualificacao-profissional-em-energia-solar-a-municipios-do-amazonas\/#breadcrumb","itemListElement":[{"@type":"ListItem","position":1,"name":"In\u00edcio","item":"https:\/\/fieam.org.br\/senai\/"},{"@type":"ListItem","position":2,"name":"Sama\u00fama II leva qualifica\u00e7\u00e3o profissional em energia solar a munic\u00edpios do Amazonas"}]},{"@type":"WebSite","@id":"https:\/\/fieam.org.br\/senai\/#website","url":"https:\/\/fieam.org.br\/senai\/","name":"SENAI","description":"Site Oficial!","publisher":{"@id":"https:\/\/fieam.org.br\/senai\/#organization"},"potentialAction":[{"@type":"SearchAction","target":{"@type":"EntryPoint","urlTemplate":"https:\/\/fieam.org.br\/senai\/?s={search_term_string}"},"query-input":{"@type":"PropertyValueSpecification","valueRequired":true,"valueName":"search_term_string"}}],"inLanguage":"pt-BR"},{"@type":"Organization","@id":"https:\/\/fieam.org.br\/senai\/#organization","name":"SENAI","url":"https:\/\/fieam.org.br\/senai\/","logo":{"@type":"ImageObject","inLanguage":"pt-BR","@id":"https:\/\/fieam.org.br\/senai\/#\/schema\/logo\/image\/","url":"https:\/\/fieam.org.br\/senai\/wp-content\/uploads\/sites\/16\/2024\/03\/cropped-fav.png","contentUrl":"https:\/\/fieam.org.br\/senai\/wp-content\/uploads\/sites\/16\/2024\/03\/cropped-fav.png","width":592,"height":577,"caption":"SENAI"},"image":{"@id":"https:\/\/fieam.org.br\/senai\/#\/schema\/logo\/image\/"}},{"@type":"Person","@id":"https:\/\/fieam.org.br\/senai\/#\/schema\/person\/39a50b5db2b5391885b2bc9e82c87805","name":"danielearaujo","image":{"@type":"ImageObject","inLanguage":"pt-BR","@id":"https:\/\/secure.gravatar.com\/avatar\/3d05aa1b7ec7a61527da2f5640dbbb4d48b79db9fb5693b998f5966d1b316426?s=96&d=mm&r=g","url":"https:\/\/secure.gravatar.com\/avatar\/3d05aa1b7ec7a61527da2f5640dbbb4d48b79db9fb5693b998f5966d1b316426?s=96&d=mm&r=g","contentUrl":"https:\/\/secure.gravatar.com\/avatar\/3d05aa1b7ec7a61527da2f5640dbbb4d48b79db9fb5693b998f5966d1b316426?s=96&d=mm&r=g","caption":"danielearaujo"},"url":"https:\/\/fieam.org.br\/senai\/author\/danielearaujo\/"}]}},"_links":{"self":[{"href":"https:\/\/fieam.org.br\/senai\/wp-json\/wp\/v2\/posts\/15706","targetHints":{"allow":["GET"]}}],"collection":[{"href":"https:\/\/fieam.org.br\/senai\/wp-json\/wp\/v2\/posts"}],"about":[{"href":"https:\/\/fieam.org.br\/senai\/wp-json\/wp\/v2\/types\/post"}],"author":[{"embeddable":true,"href":"https:\/\/fieam.org.br\/senai\/wp-json\/wp\/v2\/users\/18"}],"replies":[{"embeddable":true,"href":"https:\/\/fieam.org.br\/senai\/wp-json\/wp\/v2\/comments?post=15706"}],"version-history":[{"count":3,"href":"https:\/\/fieam.org.br\/senai\/wp-json\/wp\/v2\/posts\/15706\/revisions"}],"predecessor-version":[{"id":15712,"href":"https:\/\/fieam.org.br\/senai\/wp-json\/wp\/v2\/posts\/15706\/revisions\/15712"}],"wp:featuredmedia":[{"embeddable":true,"href":"https:\/\/fieam.org.br\/senai\/wp-json\/wp\/v2\/media\/15707"}],"wp:attachment":[{"href":"https:\/\/fieam.org.br\/senai\/wp-json\/wp\/v2\/media?parent=15706"}],"wp:term":[{"taxonomy":"category","embeddable":true,"href":"https:\/\/fieam.org.br\/senai\/wp-json\/wp\/v2\/categories?post=15706"},{"taxonomy":"post_tag","embeddable":true,"href":"https:\/\/fieam.org.br\/senai\/wp-json\/wp\/v2\/tags?post=15706"}],"curies":[{"name":"wp","href":"https:\/\/api.w.org\/{rel}","templated":true}]}}