{"id":14598,"date":"2026-02-10T20:22:05","date_gmt":"2026-02-10T20:22:05","guid":{"rendered":"https:\/\/fieam.org.br\/senai\/?p=14598"},"modified":"2026-02-10T20:22:05","modified_gmt":"2026-02-10T20:22:05","slug":"senai-am-integra-projeto-que-vai-mapear-cadeia-produtiva-de-refrigeracao-e-climatizacao-do-pais","status":"publish","type":"post","link":"https:\/\/fieam.org.br\/senai\/senai-am-integra-projeto-que-vai-mapear-cadeia-produtiva-de-refrigeracao-e-climatizacao-do-pais\/","title":{"rendered":"SENAI\/AM integra projeto que vai mapear cadeia produtiva de refrigera\u00e7\u00e3o e climatiza\u00e7\u00e3o do pa\u00eds"},"content":{"rendered":"<p>Representantes da Ag\u00eancia Brasileira de Desenvolvimento Industrial (ABDI), do Minist\u00e9rio de Minas e Energia, da Eletros e do Sistema Ind\u00fastria \u2014 com participa\u00e7\u00e3o do Sistema FIEAM, por meio SENAI Amazonas, do Instituto SENAI de Inova\u00e7\u00e3o em Microeletr\u00f4nica (ISI-AM), e do Sistema FIEP, por meio do Observat\u00f3rio da Ind\u00fastria \u2014, al\u00e9m da organiza\u00e7\u00e3o internacional CLASP, reuniram-se no \u00faltimo dia 2 de fevereiro, em Curitiba, para o kick-off do projeto nacional de mapeamento da cadeia produtiva de Aquecimento, Ventila\u00e7\u00e3o, Ar-Condicionado e Refrigera\u00e7\u00e3o (HVAC-R). O encontro marcou o in\u00edcio oficial dos trabalhos t\u00e9cnicos voltados \u00e0 constru\u00e7\u00e3o de uma base integrada de dados, an\u00e1lises e cen\u00e1rios estrat\u00e9gicos sobre um setor considerado chave para a competitividade industrial e para o avan\u00e7o da efici\u00eancia energ\u00e9tica no Brasil.<\/p>\n<p>Com investimento total de R$ 1,07 milh\u00e3o e vig\u00eancia de 18 meses \u2014 com atualiza\u00e7\u00e3o cont\u00ednua por cinco anos \u2014, a iniciativa faz parte de um projeto nacional mais amplo desenvolvido pela ABDI em parceria com o Minist\u00e9rio de Minas e Energia (MME) e com a CLASP, organiza\u00e7\u00e3o internacional de refer\u00eancia em efici\u00eancia energ\u00e9tica, integrando uma agenda estrat\u00e9gica que busca usar a efici\u00eancia energ\u00e9tica como instrumento de pol\u00edtica industrial, conectando regula\u00e7\u00e3o, inova\u00e7\u00e3o e competitividade.<\/p>\n<p>O mapeamento tem como objetivo identificar gargalos produtivos, oportunidades tecnol\u00f3gicas e diretrizes estrat\u00e9gicas ao longo da cadeia de HVAC-R, com an\u00e1lise integrada dos segmentos de aparelhos de ar-condicionado, refrigeradores e compressores, considerando aspectos produtivos, tecnol\u00f3gicos, econ\u00f4micos, regulat\u00f3rios e de mercado.<\/p>\n<p>De acordo com o diretor regional do SENAI-AM, Rog\u00e9rio Pereira, o projeto nasceu a partir da identifica\u00e7\u00e3o de desafios enfrentados pelo Polo Industrial de Manaus (PIM), especialmente no setor de refrigera\u00e7\u00e3o. \u201cIdentificamos gargalos relevantes, como a necessidade de certifica\u00e7\u00e3o de produtos fora do estado, e estamos trabalhando para viabilizar essa infraestrutura em Manaus. Esse estudo permitir\u00e1 melhorar processos, log\u00edstica, qualidade e efici\u00eancia de toda a cadeia produtiva, fortalecendo o PIM e a ind\u00fastria nacional\u201d, destacou.<\/p>\n<p>J\u00e1 o diretor do Instituto SENAI de Inova\u00e7\u00e3o em Microeletr\u00f4nica e gerente do Observat\u00f3rio da Ind\u00fastria do Sistema FIEAM, \u00c9lvio Dutra, ressaltou a import\u00e2ncia regional do projeto. Segundo ele, o setor de ar-condicionado instalado no Polo Industrial de Manaus representa o segundo maior polo industrial do mundo nesse segmento, com caracter\u00edsticas log\u00edsticas espec\u00edficas que refor\u00e7am a relev\u00e2ncia do estudo para o desenvolvimento regional.<\/p>\n<p>Para a gestora do projeto pela ABDI, Marcia Oleskovicz, a iniciativa integra uma estrat\u00e9gia mais ampla voltada \u00e0 efici\u00eancia energ\u00e9tica como eixo estruturante da pol\u00edtica industrial brasileira. Segundo ela, o setor HVAC-R \u00e9 estrat\u00e9gico diante do crescimento da demanda por equipamentos e do alto consumo energ\u00e9tico, o que torna essencial o fortalecimento da competitividade industrial com base em inova\u00e7\u00e3o e sustentabilidade.<\/p>\n<p>O Observat\u00f3rio da Ind\u00fastria do Sistema Fiep apresentou a metodologia que ser\u00e1 aplicada no desenvolvimento do estudo, baseada em an\u00e1lises qualitativas, estudos prospectivos, constru\u00e7\u00e3o de pain\u00e9is de dados e valida\u00e7\u00e3o colaborativa com especialistas. Os resultados ser\u00e3o consolidados em publica\u00e7\u00f5es t\u00e9cnicas, resumos executivos e plataformas digitais de intelig\u00eancia industrial.<\/p>\n<p>Sidarta Ruthes, gerente do Observat\u00f3rio da Ind\u00fastria do Sistema Fiep esclareceu que o projeto representa um avan\u00e7o relevante na organiza\u00e7\u00e3o e integra\u00e7\u00e3o de informa\u00e7\u00f5es estrat\u00e9gicas sobre o setor. Afirma, ainda que ao transformar dados em conhecimento aplicado, o mapeamento contribui para orientar decis\u00f5es empresariais e pol\u00edticas p\u00fablicas, fortalecendo a competitividade industrial em um cen\u00e1rio de transi\u00e7\u00e3o energ\u00e9tica e crescente demanda por efici\u00eancia.<\/p>\n<p>A expectativa \u00e9 que o projeto consolide uma vis\u00e3o estruturada e de longo prazo sobre a cadeia de HVAC-R no Brasil, contribuindo para o desenvolvimento industrial sustent\u00e1vel e para o fortalecimento da competitividade do setor.<\/p>\n<figure id=\"attachment_14594\" aria-describedby=\"caption-attachment-14594\" style=\"width: 600px\" class=\"wp-caption aligncenter\"><img fetchpriority=\"high\" decoding=\"async\" class=\" wp-image-14594\" src=\"https:\/\/fieam.org.br\/senai\/wp-content\/uploads\/sites\/16\/2026\/02\/Reuniao-de-kick-off-do-projeto-realizada-em-Curitiba.-Credito-Joao-Vidolin-Fiep-300x200.jpeg\" alt=\"\" width=\"600\" height=\"400\" srcset=\"https:\/\/fieam.org.br\/senai\/wp-content\/uploads\/sites\/16\/2026\/02\/Reuniao-de-kick-off-do-projeto-realizada-em-Curitiba.-Credito-Joao-Vidolin-Fiep-300x200.jpeg 300w, https:\/\/fieam.org.br\/senai\/wp-content\/uploads\/sites\/16\/2026\/02\/Reuniao-de-kick-off-do-projeto-realizada-em-Curitiba.-Credito-Joao-Vidolin-Fiep-1024x682.jpeg 1024w, https:\/\/fieam.org.br\/senai\/wp-content\/uploads\/sites\/16\/2026\/02\/Reuniao-de-kick-off-do-projeto-realizada-em-Curitiba.-Credito-Joao-Vidolin-Fiep-768x512.jpeg 768w, https:\/\/fieam.org.br\/senai\/wp-content\/uploads\/sites\/16\/2026\/02\/Reuniao-de-kick-off-do-projeto-realizada-em-Curitiba.-Credito-Joao-Vidolin-Fiep-1536x1023.jpeg 1536w, https:\/\/fieam.org.br\/senai\/wp-content\/uploads\/sites\/16\/2026\/02\/Reuniao-de-kick-off-do-projeto-realizada-em-Curitiba.-Credito-Joao-Vidolin-Fiep.jpeg 1600w\" sizes=\"(max-width: 600px) 100vw, 600px\" \/><figcaption id=\"caption-attachment-14594\" class=\"wp-caption-text\">Reuni\u00e3o de kick-off do projeto realizada em Curitiba. Cr\u00e9dito Jo\u00e3o Vidolin-Fiep<\/figcaption><\/figure>\n<p>Al\u00e9m de \u00c9lvio Dutra (Instituto SENAI de Inova\u00e7\u00e3o em Microeletr\u00f4nica), estiveram presentes na reuni\u00e3o Jorge Nascimento, Thiago Rodrigues e Renato Alves (Eletros); Marcelo Sperling (MME); Alessandra Sousa (CLASP), Marcia Oleskovicz (ABDI) e Sidarta Ruthes (Observat\u00f3rio da Ind\u00fastria do Sistema Fiep).<\/p>\n","protected":false},"excerpt":{"rendered":"<p>Representantes da Ag\u00eancia Brasileira de Desenvolvimento Industrial (ABDI), do Minist\u00e9rio de Minas e Energia, da Eletros e do Sistema Ind\u00fastria \u2014 com participa\u00e7\u00e3o do Sistema FIEAM, por meio SENAI Amazonas, do Instituto SENAI de Inova\u00e7\u00e3o em Microeletr\u00f4nica (ISI-AM), e do Sistema FIEP, por meio do Observat\u00f3rio da Ind\u00fastria \u2014, al\u00e9m da organiza\u00e7\u00e3o internacional CLASP, reuniram-se [&hellip;]<\/p>\n","protected":false},"author":18,"featured_media":14592,"comment_status":"open","ping_status":"open","sticky":false,"template":"","format":"standard","meta":{"footnotes":""},"categories":[1],"tags":[],"class_list":["post-14598","post","type-post","status-publish","format-standard","has-post-thumbnail","hentry","category-geral"],"yoast_head":"<!-- This site is optimized with the Yoast SEO plugin v26.8 - https:\/\/yoast.com\/product\/yoast-seo-wordpress\/ -->\n<title>SENAI\/AM integra projeto que vai mapear cadeia produtiva de refrigera\u00e7\u00e3o e climatiza\u00e7\u00e3o do pa\u00eds - SENAI<\/title>\n<meta name=\"robots\" content=\"index, follow, max-snippet:-1, max-image-preview:large, max-video-preview:-1\" \/>\n<link rel=\"canonical\" href=\"https:\/\/fieam.org.br\/senai\/senai-am-integra-projeto-que-vai-mapear-cadeia-produtiva-de-refrigeracao-e-climatizacao-do-pais\/\" \/>\n<meta property=\"og:locale\" content=\"pt_BR\" \/>\n<meta property=\"og:type\" content=\"article\" \/>\n<meta property=\"og:title\" content=\"SENAI\/AM integra projeto que vai mapear cadeia produtiva de refrigera\u00e7\u00e3o e climatiza\u00e7\u00e3o do pa\u00eds - SENAI\" \/>\n<meta property=\"og:description\" content=\"Representantes da Ag\u00eancia Brasileira de Desenvolvimento Industrial (ABDI), do Minist\u00e9rio de Minas e Energia, da Eletros e do Sistema Ind\u00fastria \u2014 com participa\u00e7\u00e3o do Sistema FIEAM, por meio SENAI Amazonas, do Instituto SENAI de Inova\u00e7\u00e3o em Microeletr\u00f4nica (ISI-AM), e do Sistema FIEP, por meio do Observat\u00f3rio da Ind\u00fastria \u2014, al\u00e9m da organiza\u00e7\u00e3o internacional CLASP, reuniram-se [&hellip;]\" \/>\n<meta property=\"og:url\" content=\"https:\/\/fieam.org.br\/senai\/senai-am-integra-projeto-que-vai-mapear-cadeia-produtiva-de-refrigeracao-e-climatizacao-do-pais\/\" \/>\n<meta property=\"og:site_name\" content=\"SENAI\" \/>\n<meta property=\"article:published_time\" content=\"2026-02-10T20:22:05+00:00\" \/>\n<meta property=\"og:image\" content=\"https:\/\/fieam.org.br\/senai\/wp-content\/uploads\/sites\/16\/2026\/02\/Lancamento-do-projeto-nacional-de-mapeamento-da-cadeia-HVAC-R.-Credito-Joao-Vidolin-Fiep.jpeg\" \/>\n\t<meta property=\"og:image:width\" content=\"1600\" \/>\n\t<meta property=\"og:image:height\" content=\"913\" \/>\n\t<meta property=\"og:image:type\" content=\"image\/jpeg\" \/>\n<meta name=\"author\" content=\"danielearaujo\" \/>\n<meta name=\"twitter:card\" content=\"summary_large_image\" \/>\n<meta name=\"twitter:label1\" content=\"Escrito por\" \/>\n\t<meta name=\"twitter:data1\" content=\"danielearaujo\" \/>\n\t<meta name=\"twitter:label2\" content=\"Est. tempo de leitura\" \/>\n\t<meta name=\"twitter:data2\" content=\"4 minutos\" \/>\n<script type=\"application\/ld+json\" class=\"yoast-schema-graph\">{\"@context\":\"https:\/\/schema.org\",\"@graph\":[{\"@type\":\"Article\",\"@id\":\"https:\/\/fieam.org.br\/senai\/senai-am-integra-projeto-que-vai-mapear-cadeia-produtiva-de-refrigeracao-e-climatizacao-do-pais\/#article\",\"isPartOf\":{\"@id\":\"https:\/\/fieam.org.br\/senai\/senai-am-integra-projeto-que-vai-mapear-cadeia-produtiva-de-refrigeracao-e-climatizacao-do-pais\/\"},\"author\":{\"name\":\"danielearaujo\",\"@id\":\"https:\/\/fieam.org.br\/senai\/#\/schema\/person\/2da52793836d1930a7ba5eb194412a29\"},\"headline\":\"SENAI\/AM integra projeto que vai mapear cadeia produtiva de refrigera\u00e7\u00e3o e climatiza\u00e7\u00e3o do pa\u00eds\",\"datePublished\":\"2026-02-10T20:22:05+00:00\",\"mainEntityOfPage\":{\"@id\":\"https:\/\/fieam.org.br\/senai\/senai-am-integra-projeto-que-vai-mapear-cadeia-produtiva-de-refrigeracao-e-climatizacao-do-pais\/\"},\"wordCount\":745,\"commentCount\":0,\"publisher\":{\"@id\":\"https:\/\/fieam.org.br\/senai\/#organization\"},\"image\":{\"@id\":\"https:\/\/fieam.org.br\/senai\/senai-am-integra-projeto-que-vai-mapear-cadeia-produtiva-de-refrigeracao-e-climatizacao-do-pais\/#primaryimage\"},\"thumbnailUrl\":\"https:\/\/fieam.org.br\/senai\/wp-content\/uploads\/sites\/16\/2026\/02\/Lancamento-do-projeto-nacional-de-mapeamento-da-cadeia-HVAC-R.-Credito-Joao-Vidolin-Fiep.jpeg\",\"articleSection\":[\"Geral\"],\"inLanguage\":\"pt-BR\",\"potentialAction\":[{\"@type\":\"CommentAction\",\"name\":\"Comment\",\"target\":[\"https:\/\/fieam.org.br\/senai\/senai-am-integra-projeto-que-vai-mapear-cadeia-produtiva-de-refrigeracao-e-climatizacao-do-pais\/#respond\"]}]},{\"@type\":\"WebPage\",\"@id\":\"https:\/\/fieam.org.br\/senai\/senai-am-integra-projeto-que-vai-mapear-cadeia-produtiva-de-refrigeracao-e-climatizacao-do-pais\/\",\"url\":\"https:\/\/fieam.org.br\/senai\/senai-am-integra-projeto-que-vai-mapear-cadeia-produtiva-de-refrigeracao-e-climatizacao-do-pais\/\",\"name\":\"SENAI\/AM integra projeto que vai mapear cadeia produtiva de refrigera\u00e7\u00e3o e climatiza\u00e7\u00e3o do pa\u00eds - SENAI\",\"isPartOf\":{\"@id\":\"https:\/\/fieam.org.br\/senai\/#website\"},\"primaryImageOfPage\":{\"@id\":\"https:\/\/fieam.org.br\/senai\/senai-am-integra-projeto-que-vai-mapear-cadeia-produtiva-de-refrigeracao-e-climatizacao-do-pais\/#primaryimage\"},\"image\":{\"@id\":\"https:\/\/fieam.org.br\/senai\/senai-am-integra-projeto-que-vai-mapear-cadeia-produtiva-de-refrigeracao-e-climatizacao-do-pais\/#primaryimage\"},\"thumbnailUrl\":\"https:\/\/fieam.org.br\/senai\/wp-content\/uploads\/sites\/16\/2026\/02\/Lancamento-do-projeto-nacional-de-mapeamento-da-cadeia-HVAC-R.-Credito-Joao-Vidolin-Fiep.jpeg\",\"datePublished\":\"2026-02-10T20:22:05+00:00\",\"breadcrumb\":{\"@id\":\"https:\/\/fieam.org.br\/senai\/senai-am-integra-projeto-que-vai-mapear-cadeia-produtiva-de-refrigeracao-e-climatizacao-do-pais\/#breadcrumb\"},\"inLanguage\":\"pt-BR\",\"potentialAction\":[{\"@type\":\"ReadAction\",\"target\":[\"https:\/\/fieam.org.br\/senai\/senai-am-integra-projeto-que-vai-mapear-cadeia-produtiva-de-refrigeracao-e-climatizacao-do-pais\/\"]}]},{\"@type\":\"ImageObject\",\"inLanguage\":\"pt-BR\",\"@id\":\"https:\/\/fieam.org.br\/senai\/senai-am-integra-projeto-que-vai-mapear-cadeia-produtiva-de-refrigeracao-e-climatizacao-do-pais\/#primaryimage\",\"url\":\"https:\/\/fieam.org.br\/senai\/wp-content\/uploads\/sites\/16\/2026\/02\/Lancamento-do-projeto-nacional-de-mapeamento-da-cadeia-HVAC-R.-Credito-Joao-Vidolin-Fiep.jpeg\",\"contentUrl\":\"https:\/\/fieam.org.br\/senai\/wp-content\/uploads\/sites\/16\/2026\/02\/Lancamento-do-projeto-nacional-de-mapeamento-da-cadeia-HVAC-R.-Credito-Joao-Vidolin-Fiep.jpeg\",\"width\":1600,\"height\":913},{\"@type\":\"BreadcrumbList\",\"@id\":\"https:\/\/fieam.org.br\/senai\/senai-am-integra-projeto-que-vai-mapear-cadeia-produtiva-de-refrigeracao-e-climatizacao-do-pais\/#breadcrumb\",\"itemListElement\":[{\"@type\":\"ListItem\",\"position\":1,\"name\":\"In\u00edcio\",\"item\":\"https:\/\/fieam.org.br\/senai\/\"},{\"@type\":\"ListItem\",\"position\":2,\"name\":\"SENAI\/AM integra projeto que vai mapear cadeia produtiva de refrigera\u00e7\u00e3o e climatiza\u00e7\u00e3o do pa\u00eds\"}]},{\"@type\":\"WebSite\",\"@id\":\"https:\/\/fieam.org.br\/senai\/#website\",\"url\":\"https:\/\/fieam.org.br\/senai\/\",\"name\":\"SENAI\",\"description\":\"Site Oficial!\",\"publisher\":{\"@id\":\"https:\/\/fieam.org.br\/senai\/#organization\"},\"potentialAction\":[{\"@type\":\"SearchAction\",\"target\":{\"@type\":\"EntryPoint\",\"urlTemplate\":\"https:\/\/fieam.org.br\/senai\/?s={search_term_string}\"},\"query-input\":{\"@type\":\"PropertyValueSpecification\",\"valueRequired\":true,\"valueName\":\"search_term_string\"}}],\"inLanguage\":\"pt-BR\"},{\"@type\":\"Organization\",\"@id\":\"https:\/\/fieam.org.br\/senai\/#organization\",\"name\":\"SENAI\",\"url\":\"https:\/\/fieam.org.br\/senai\/\",\"logo\":{\"@type\":\"ImageObject\",\"inLanguage\":\"pt-BR\",\"@id\":\"https:\/\/fieam.org.br\/senai\/#\/schema\/logo\/image\/\",\"url\":\"https:\/\/fieam.org.br\/senai\/wp-content\/uploads\/sites\/16\/2024\/03\/cropped-fav.png\",\"contentUrl\":\"https:\/\/fieam.org.br\/senai\/wp-content\/uploads\/sites\/16\/2024\/03\/cropped-fav.png\",\"width\":592,\"height\":577,\"caption\":\"SENAI\"},\"image\":{\"@id\":\"https:\/\/fieam.org.br\/senai\/#\/schema\/logo\/image\/\"}},{\"@type\":\"Person\",\"@id\":\"https:\/\/fieam.org.br\/senai\/#\/schema\/person\/2da52793836d1930a7ba5eb194412a29\",\"name\":\"danielearaujo\",\"image\":{\"@type\":\"ImageObject\",\"inLanguage\":\"pt-BR\",\"@id\":\"https:\/\/fieam.org.br\/senai\/#\/schema\/person\/image\/\",\"url\":\"https:\/\/secure.gravatar.com\/avatar\/3d05aa1b7ec7a61527da2f5640dbbb4d48b79db9fb5693b998f5966d1b316426?s=96&d=mm&r=g\",\"contentUrl\":\"https:\/\/secure.gravatar.com\/avatar\/3d05aa1b7ec7a61527da2f5640dbbb4d48b79db9fb5693b998f5966d1b316426?s=96&d=mm&r=g\",\"caption\":\"danielearaujo\"},\"url\":\"https:\/\/fieam.org.br\/senai\/author\/danielearaujo\/\"}]}<\/script>\n<!-- \/ Yoast SEO plugin. -->","yoast_head_json":{"title":"SENAI\/AM integra projeto que vai mapear cadeia produtiva de refrigera\u00e7\u00e3o e climatiza\u00e7\u00e3o do pa\u00eds - SENAI","robots":{"index":"index","follow":"follow","max-snippet":"max-snippet:-1","max-image-preview":"max-image-preview:large","max-video-preview":"max-video-preview:-1"},"canonical":"https:\/\/fieam.org.br\/senai\/senai-am-integra-projeto-que-vai-mapear-cadeia-produtiva-de-refrigeracao-e-climatizacao-do-pais\/","og_locale":"pt_BR","og_type":"article","og_title":"SENAI\/AM integra projeto que vai mapear cadeia produtiva de refrigera\u00e7\u00e3o e climatiza\u00e7\u00e3o do pa\u00eds - SENAI","og_description":"Representantes da Ag\u00eancia Brasileira de Desenvolvimento Industrial (ABDI), do Minist\u00e9rio de Minas e Energia, da Eletros e do Sistema Ind\u00fastria \u2014 com participa\u00e7\u00e3o do Sistema FIEAM, por meio SENAI Amazonas, do Instituto SENAI de Inova\u00e7\u00e3o em Microeletr\u00f4nica (ISI-AM), e do Sistema FIEP, por meio do Observat\u00f3rio da Ind\u00fastria \u2014, al\u00e9m da organiza\u00e7\u00e3o internacional CLASP, reuniram-se [&hellip;]","og_url":"https:\/\/fieam.org.br\/senai\/senai-am-integra-projeto-que-vai-mapear-cadeia-produtiva-de-refrigeracao-e-climatizacao-do-pais\/","og_site_name":"SENAI","article_published_time":"2026-02-10T20:22:05+00:00","og_image":[{"width":1600,"height":913,"url":"https:\/\/fieam.org.br\/senai\/wp-content\/uploads\/sites\/16\/2026\/02\/Lancamento-do-projeto-nacional-de-mapeamento-da-cadeia-HVAC-R.-Credito-Joao-Vidolin-Fiep.jpeg","type":"image\/jpeg"}],"author":"danielearaujo","twitter_card":"summary_large_image","twitter_misc":{"Escrito por":"danielearaujo","Est. tempo de leitura":"4 minutos"},"schema":{"@context":"https:\/\/schema.org","@graph":[{"@type":"Article","@id":"https:\/\/fieam.org.br\/senai\/senai-am-integra-projeto-que-vai-mapear-cadeia-produtiva-de-refrigeracao-e-climatizacao-do-pais\/#article","isPartOf":{"@id":"https:\/\/fieam.org.br\/senai\/senai-am-integra-projeto-que-vai-mapear-cadeia-produtiva-de-refrigeracao-e-climatizacao-do-pais\/"},"author":{"name":"danielearaujo","@id":"https:\/\/fieam.org.br\/senai\/#\/schema\/person\/2da52793836d1930a7ba5eb194412a29"},"headline":"SENAI\/AM integra projeto que vai mapear cadeia produtiva de refrigera\u00e7\u00e3o e climatiza\u00e7\u00e3o do pa\u00eds","datePublished":"2026-02-10T20:22:05+00:00","mainEntityOfPage":{"@id":"https:\/\/fieam.org.br\/senai\/senai-am-integra-projeto-que-vai-mapear-cadeia-produtiva-de-refrigeracao-e-climatizacao-do-pais\/"},"wordCount":745,"commentCount":0,"publisher":{"@id":"https:\/\/fieam.org.br\/senai\/#organization"},"image":{"@id":"https:\/\/fieam.org.br\/senai\/senai-am-integra-projeto-que-vai-mapear-cadeia-produtiva-de-refrigeracao-e-climatizacao-do-pais\/#primaryimage"},"thumbnailUrl":"https:\/\/fieam.org.br\/senai\/wp-content\/uploads\/sites\/16\/2026\/02\/Lancamento-do-projeto-nacional-de-mapeamento-da-cadeia-HVAC-R.-Credito-Joao-Vidolin-Fiep.jpeg","articleSection":["Geral"],"inLanguage":"pt-BR","potentialAction":[{"@type":"CommentAction","name":"Comment","target":["https:\/\/fieam.org.br\/senai\/senai-am-integra-projeto-que-vai-mapear-cadeia-produtiva-de-refrigeracao-e-climatizacao-do-pais\/#respond"]}]},{"@type":"WebPage","@id":"https:\/\/fieam.org.br\/senai\/senai-am-integra-projeto-que-vai-mapear-cadeia-produtiva-de-refrigeracao-e-climatizacao-do-pais\/","url":"https:\/\/fieam.org.br\/senai\/senai-am-integra-projeto-que-vai-mapear-cadeia-produtiva-de-refrigeracao-e-climatizacao-do-pais\/","name":"SENAI\/AM integra projeto que vai mapear cadeia produtiva de refrigera\u00e7\u00e3o e climatiza\u00e7\u00e3o do pa\u00eds - SENAI","isPartOf":{"@id":"https:\/\/fieam.org.br\/senai\/#website"},"primaryImageOfPage":{"@id":"https:\/\/fieam.org.br\/senai\/senai-am-integra-projeto-que-vai-mapear-cadeia-produtiva-de-refrigeracao-e-climatizacao-do-pais\/#primaryimage"},"image":{"@id":"https:\/\/fieam.org.br\/senai\/senai-am-integra-projeto-que-vai-mapear-cadeia-produtiva-de-refrigeracao-e-climatizacao-do-pais\/#primaryimage"},"thumbnailUrl":"https:\/\/fieam.org.br\/senai\/wp-content\/uploads\/sites\/16\/2026\/02\/Lancamento-do-projeto-nacional-de-mapeamento-da-cadeia-HVAC-R.-Credito-Joao-Vidolin-Fiep.jpeg","datePublished":"2026-02-10T20:22:05+00:00","breadcrumb":{"@id":"https:\/\/fieam.org.br\/senai\/senai-am-integra-projeto-que-vai-mapear-cadeia-produtiva-de-refrigeracao-e-climatizacao-do-pais\/#breadcrumb"},"inLanguage":"pt-BR","potentialAction":[{"@type":"ReadAction","target":["https:\/\/fieam.org.br\/senai\/senai-am-integra-projeto-que-vai-mapear-cadeia-produtiva-de-refrigeracao-e-climatizacao-do-pais\/"]}]},{"@type":"ImageObject","inLanguage":"pt-BR","@id":"https:\/\/fieam.org.br\/senai\/senai-am-integra-projeto-que-vai-mapear-cadeia-produtiva-de-refrigeracao-e-climatizacao-do-pais\/#primaryimage","url":"https:\/\/fieam.org.br\/senai\/wp-content\/uploads\/sites\/16\/2026\/02\/Lancamento-do-projeto-nacional-de-mapeamento-da-cadeia-HVAC-R.-Credito-Joao-Vidolin-Fiep.jpeg","contentUrl":"https:\/\/fieam.org.br\/senai\/wp-content\/uploads\/sites\/16\/2026\/02\/Lancamento-do-projeto-nacional-de-mapeamento-da-cadeia-HVAC-R.-Credito-Joao-Vidolin-Fiep.jpeg","width":1600,"height":913},{"@type":"BreadcrumbList","@id":"https:\/\/fieam.org.br\/senai\/senai-am-integra-projeto-que-vai-mapear-cadeia-produtiva-de-refrigeracao-e-climatizacao-do-pais\/#breadcrumb","itemListElement":[{"@type":"ListItem","position":1,"name":"In\u00edcio","item":"https:\/\/fieam.org.br\/senai\/"},{"@type":"ListItem","position":2,"name":"SENAI\/AM integra projeto que vai mapear cadeia produtiva de refrigera\u00e7\u00e3o e climatiza\u00e7\u00e3o do pa\u00eds"}]},{"@type":"WebSite","@id":"https:\/\/fieam.org.br\/senai\/#website","url":"https:\/\/fieam.org.br\/senai\/","name":"SENAI","description":"Site Oficial!","publisher":{"@id":"https:\/\/fieam.org.br\/senai\/#organization"},"potentialAction":[{"@type":"SearchAction","target":{"@type":"EntryPoint","urlTemplate":"https:\/\/fieam.org.br\/senai\/?s={search_term_string}"},"query-input":{"@type":"PropertyValueSpecification","valueRequired":true,"valueName":"search_term_string"}}],"inLanguage":"pt-BR"},{"@type":"Organization","@id":"https:\/\/fieam.org.br\/senai\/#organization","name":"SENAI","url":"https:\/\/fieam.org.br\/senai\/","logo":{"@type":"ImageObject","inLanguage":"pt-BR","@id":"https:\/\/fieam.org.br\/senai\/#\/schema\/logo\/image\/","url":"https:\/\/fieam.org.br\/senai\/wp-content\/uploads\/sites\/16\/2024\/03\/cropped-fav.png","contentUrl":"https:\/\/fieam.org.br\/senai\/wp-content\/uploads\/sites\/16\/2024\/03\/cropped-fav.png","width":592,"height":577,"caption":"SENAI"},"image":{"@id":"https:\/\/fieam.org.br\/senai\/#\/schema\/logo\/image\/"}},{"@type":"Person","@id":"https:\/\/fieam.org.br\/senai\/#\/schema\/person\/2da52793836d1930a7ba5eb194412a29","name":"danielearaujo","image":{"@type":"ImageObject","inLanguage":"pt-BR","@id":"https:\/\/fieam.org.br\/senai\/#\/schema\/person\/image\/","url":"https:\/\/secure.gravatar.com\/avatar\/3d05aa1b7ec7a61527da2f5640dbbb4d48b79db9fb5693b998f5966d1b316426?s=96&d=mm&r=g","contentUrl":"https:\/\/secure.gravatar.com\/avatar\/3d05aa1b7ec7a61527da2f5640dbbb4d48b79db9fb5693b998f5966d1b316426?s=96&d=mm&r=g","caption":"danielearaujo"},"url":"https:\/\/fieam.org.br\/senai\/author\/danielearaujo\/"}]}},"_links":{"self":[{"href":"https:\/\/fieam.org.br\/senai\/wp-json\/wp\/v2\/posts\/14598","targetHints":{"allow":["GET"]}}],"collection":[{"href":"https:\/\/fieam.org.br\/senai\/wp-json\/wp\/v2\/posts"}],"about":[{"href":"https:\/\/fieam.org.br\/senai\/wp-json\/wp\/v2\/types\/post"}],"author":[{"embeddable":true,"href":"https:\/\/fieam.org.br\/senai\/wp-json\/wp\/v2\/users\/18"}],"replies":[{"embeddable":true,"href":"https:\/\/fieam.org.br\/senai\/wp-json\/wp\/v2\/comments?post=14598"}],"version-history":[{"count":1,"href":"https:\/\/fieam.org.br\/senai\/wp-json\/wp\/v2\/posts\/14598\/revisions"}],"predecessor-version":[{"id":14642,"href":"https:\/\/fieam.org.br\/senai\/wp-json\/wp\/v2\/posts\/14598\/revisions\/14642"}],"wp:featuredmedia":[{"embeddable":true,"href":"https:\/\/fieam.org.br\/senai\/wp-json\/wp\/v2\/media\/14592"}],"wp:attachment":[{"href":"https:\/\/fieam.org.br\/senai\/wp-json\/wp\/v2\/media?parent=14598"}],"wp:term":[{"taxonomy":"category","embeddable":true,"href":"https:\/\/fieam.org.br\/senai\/wp-json\/wp\/v2\/categories?post=14598"},{"taxonomy":"post_tag","embeddable":true,"href":"https:\/\/fieam.org.br\/senai\/wp-json\/wp\/v2\/tags?post=14598"}],"curies":[{"name":"wp","href":"https:\/\/api.w.org\/{rel}","templated":true}]}}