{"id":14561,"date":"2026-01-16T18:34:53","date_gmt":"2026-01-16T18:34:53","guid":{"rendered":"https:\/\/fieam.org.br\/senai\/?p=14561"},"modified":"2026-01-16T18:52:15","modified_gmt":"2026-01-16T18:52:15","slug":"senai-am-lanca-novos-cursos-tecnicos-e-pretende-ampliar-os-servicos-tecnologicos-em-2026","status":"publish","type":"post","link":"https:\/\/fieam.org.br\/senai\/senai-am-lanca-novos-cursos-tecnicos-e-pretende-ampliar-os-servicos-tecnologicos-em-2026\/","title":{"rendered":"SENAI-AM lan\u00e7a novos cursos t\u00e9cnicos e pretende ampliar os servi\u00e7os tecnol\u00f3gicos em 2026"},"content":{"rendered":"<p>O Servi\u00e7o Nacional de Aprendizagem Industrial (SENAI Amazonas) vai lan\u00e7ar este ano tr\u00eas novos cursos t\u00e9cnicos, nas \u00e1reas de biotecnologia, farm\u00e1cia e eletromec\u00e2nica. O presidente da Federa\u00e7\u00e3o das Ind\u00fastrias do Estado do Amazonas e presidente do Conselho Regional do SENAI, Antonio Silva, disse hoje que os cursos v\u00eam para atender a necessidade do mercado e das ind\u00fastrias instaladas no Polo Industrial de Manaus (PIM).<\/p>\n<figure id=\"attachment_14563\" aria-describedby=\"caption-attachment-14563\" style=\"width: 339px\" class=\"wp-caption aligncenter\"><img fetchpriority=\"high\" decoding=\"async\" class=\"wp-image-14563\" src=\"https:\/\/fieam.org.br\/senai\/wp-content\/uploads\/sites\/16\/2026\/01\/Antonio-Silva-afirma-que-novos-cursos-estao-alinhados-as-demandas-do-PIM-200x300.jpg\" alt=\"\" width=\"339\" height=\"509\" srcset=\"https:\/\/fieam.org.br\/senai\/wp-content\/uploads\/sites\/16\/2026\/01\/Antonio-Silva-afirma-que-novos-cursos-estao-alinhados-as-demandas-do-PIM-200x300.jpg 200w, https:\/\/fieam.org.br\/senai\/wp-content\/uploads\/sites\/16\/2026\/01\/Antonio-Silva-afirma-que-novos-cursos-estao-alinhados-as-demandas-do-PIM-683x1024.jpg 683w, https:\/\/fieam.org.br\/senai\/wp-content\/uploads\/sites\/16\/2026\/01\/Antonio-Silva-afirma-que-novos-cursos-estao-alinhados-as-demandas-do-PIM-768x1152.jpg 768w, https:\/\/fieam.org.br\/senai\/wp-content\/uploads\/sites\/16\/2026\/01\/Antonio-Silva-afirma-que-novos-cursos-estao-alinhados-as-demandas-do-PIM-1024x1536.jpg 1024w, https:\/\/fieam.org.br\/senai\/wp-content\/uploads\/sites\/16\/2026\/01\/Antonio-Silva-afirma-que-novos-cursos-estao-alinhados-as-demandas-do-PIM-1365x2048.jpg 1365w, https:\/\/fieam.org.br\/senai\/wp-content\/uploads\/sites\/16\/2026\/01\/Antonio-Silva-afirma-que-novos-cursos-estao-alinhados-as-demandas-do-PIM-scaled.jpg 1707w\" sizes=\"(max-width: 339px) 100vw, 339px\" \/><figcaption id=\"caption-attachment-14563\" class=\"wp-caption-text\">Antonio Silva afirma que os novos cursos est\u00e3o alinhados \u00e0s demandas do PIM.<\/figcaption><\/figure>\n<p>O curso T\u00e9cnico em Eletromec\u00e2nica, com in\u00edcio em fevereiro, ser\u00e1 desenvolvido em parceria com o SESI, e destinado aos alunos da Escola SESI de Refer\u00eancia Dra. Emina Barbosa Mustafa. J\u00e1 o T\u00e9cnico em Farm\u00e1cia vai atender, principalmente, uma demanda da empresa Novamed por profissionais qualificados para atuar na ind\u00fastria farmac\u00eautica, e o curso de T\u00e9cnico em Biotecnologia vem para suprir necessidades de empresas, ind\u00fastrias, agroind\u00fastrias, institui\u00e7\u00f5es de pesquisas, ensino e desenvolvimento em bioci\u00eancia e produtos biotecnol\u00f3gicos, entre outros. Ambos os cursos t\u00eam in\u00edcio previsto para o primeiro trimestre deste ano.<\/p>\n<p>De acordo com o diretor regional do SENAI Amazonas, Rog\u00e9rio Pereira, a institui\u00e7\u00e3o consolidou 40.163 matr\u00edculas em 2025 em educa\u00e7\u00e3o profissional e no atendimento \u00e0s demandas da ind\u00fastria, refor\u00e7ando sua atua\u00e7\u00e3o estrat\u00e9gica no fortalecimento do PIM e no desenvolvimento socioecon\u00f4mico do estado. Deste montante, 29.536 foram ofertadas, gratuitamente, sendo 20.213 na modalidade presencial, e 9.323 em EaD (educa\u00e7\u00e3o a dist\u00e2ncia), ampliando o acesso \u00e0 qualifica\u00e7\u00e3o profissional para trabalhadores da capital e do interior.<\/p>\n<p>Al\u00e9m da forma\u00e7\u00e3o de trabalhadores, o SENAI-AM atendeu cerca de 134 empresas, de diversos segmentos industriais, por meio de cursos, consultorias t\u00e9cnicas, programas de capacita\u00e7\u00e3o e projetos de inova\u00e7\u00e3o. Entre as empresas atendidas est\u00e3o grandes ind\u00fastrias instaladas no Amazonas, como Moto Honda da Amaz\u00f4nia, Yamaha, Panasonic, LG Electronics, Ambev, Procter &amp; Gamble, Denso, Daikin, Novamed e Tutiplast, entre outras.<\/p>\n<p>Um dos pontos relevantes do SENAI no exerc\u00edcio passado foi a atua\u00e7\u00e3o no Programa Brasil Mais Produtivo, iniciativa do Governo Federal executada pelo SENAI em parceria com o Servi\u00e7o Brasileiro de Apoio \u00e0s Micro e Pequenas Empresas (Sebrae). No Amazonas, o programa superou a meta inicialmente prevista, com a contrata\u00e7\u00e3o de 71 empresas, sendo 36 microempresas, 31 pequenas empresas e quatro m\u00e9dias empresas, que receberam consultorias e capacita\u00e7\u00f5es nas \u00e1reas de Manufatura Enxuta e Efici\u00eancia Energ\u00e9tica, contribuindo para o aumento da produtividade e da competitividade do setor industrial. A meta era de 63 empresas.<\/p>\n<p>Ao longo do ano, o SENAI-AM tamb\u00e9m desenvolveu e apoiou diversos projetos estrat\u00e9gicos, em parceria com empresas e institui\u00e7\u00f5es, com destaque para programas de capacita\u00e7\u00e3o nas \u00e1reas de mec\u00e2nica, eletroeletr\u00f4nica, soldagem, energia fotovoltaica e processamento de pl\u00e1sticos, al\u00e9m da inaugura\u00e7\u00e3o do Laborat\u00f3rio de Processamento de Pl\u00e1sticos Cl\u00e1udio Barrela, na Escola SENAI Waldemiro Lustoza, fortalecendo a infraestrutura de ensino e inova\u00e7\u00e3o da institui\u00e7\u00e3o.<\/p>\n<figure id=\"attachment_14568\" aria-describedby=\"caption-attachment-14568\" style=\"width: 386px\" class=\"wp-caption aligncenter\"><img decoding=\"async\" class=\"wp-image-14568\" src=\"https:\/\/fieam.org.br\/senai\/wp-content\/uploads\/sites\/16\/2026\/01\/WhatsApp-Image-2025-08-28-at-14.52.35-1-240x300.jpeg\" alt=\"\" width=\"386\" height=\"483\" srcset=\"https:\/\/fieam.org.br\/senai\/wp-content\/uploads\/sites\/16\/2026\/01\/WhatsApp-Image-2025-08-28-at-14.52.35-1-240x300.jpeg 240w, https:\/\/fieam.org.br\/senai\/wp-content\/uploads\/sites\/16\/2026\/01\/WhatsApp-Image-2025-08-28-at-14.52.35-1-818x1024.jpeg 818w, https:\/\/fieam.org.br\/senai\/wp-content\/uploads\/sites\/16\/2026\/01\/WhatsApp-Image-2025-08-28-at-14.52.35-1-768x962.jpeg 768w, https:\/\/fieam.org.br\/senai\/wp-content\/uploads\/sites\/16\/2026\/01\/WhatsApp-Image-2025-08-28-at-14.52.35-1-1226x1536.jpeg 1226w, https:\/\/fieam.org.br\/senai\/wp-content\/uploads\/sites\/16\/2026\/01\/WhatsApp-Image-2025-08-28-at-14.52.35-1-1635x2048.jpeg 1635w, https:\/\/fieam.org.br\/senai\/wp-content\/uploads\/sites\/16\/2026\/01\/WhatsApp-Image-2025-08-28-at-14.52.35-1.jpeg 1869w\" sizes=\"(max-width: 386px) 100vw, 386px\" \/><figcaption id=\"caption-attachment-14568\" class=\"wp-caption-text\">Refer\u00eancia no setor de termopl\u00e1sticos, Claudio Barrella tem seu nome eternizado em laborat\u00f3rio do SENAI.<\/figcaption><\/figure>\n<p>A atua\u00e7\u00e3o no interior do estado foi ampliada por meio do Barco-Escola Sama\u00fama II, que realizou atendimentos nos munic\u00edpios de Manicor\u00e9 e Coari, na forma\u00e7\u00e3o de mais de 1.100 alunos em cursos nas \u00e1reas de gest\u00e3o, inform\u00e1tica, el\u00e9trica, mec\u00e2nica, refrigera\u00e7\u00e3o, vestu\u00e1rio e panifica\u00e7\u00e3o, levando educa\u00e7\u00e3o profissional a comunidades ribeirinhas e de dif\u00edcil acesso.<\/p>\n<p><strong>Perspectivas para 2026<\/strong><\/p>\n<p>Para 2026, o SENAI-AM projeta a amplia\u00e7\u00e3o de a\u00e7\u00f5es voltadas \u00e0 inova\u00e7\u00e3o, tecnologia e servi\u00e7os industriais. Entre as principais iniciativas est\u00e3o a execu\u00e7\u00e3o de novos projetos do Instituto SENAI em Microeletr\u00f4nica (ISI-ME), com previs\u00e3o de aproximadamente R$ 11 milh\u00f5es em investimentos, a expans\u00e3o do Programa Brasil Mais Produtivo para atendimento de 90 micro e pequenas empresas, a implanta\u00e7\u00e3o de novos cursos na \u00e1rea de Tecnologia da Informa\u00e7\u00e3o e a moderniza\u00e7\u00e3o de laborat\u00f3rios nas \u00e1reas de pl\u00e1sticos, qu\u00edmica, metrologia e ar-condicionado, em parceria com empresas do setor industrial.<\/p>\n<p>Silva observa que o SENAI apresentou ao longo de 2025 resultados consistentes, conforme o planejamento voltado \u00e0s demandas atuais e futuras da ind\u00fastria, demonstrando o seu compromisso com a forma\u00e7\u00e3o profissional, a inova\u00e7\u00e3o tecnol\u00f3gica e o desenvolvimento sustent\u00e1vel do Amazonas.<\/p>\n","protected":false},"excerpt":{"rendered":"<p>O Servi\u00e7o Nacional de Aprendizagem Industrial (SENAI Amazonas) vai lan\u00e7ar este ano tr\u00eas novos cursos t\u00e9cnicos, nas \u00e1reas de biotecnologia, farm\u00e1cia e eletromec\u00e2nica. O presidente da Federa\u00e7\u00e3o das Ind\u00fastrias do Estado do Amazonas e presidente do Conselho Regional do SENAI, Antonio Silva, disse hoje que os cursos v\u00eam para atender a necessidade do mercado e [&hellip;]<\/p>\n","protected":false},"author":18,"featured_media":14562,"comment_status":"open","ping_status":"open","sticky":false,"template":"","format":"standard","meta":{"footnotes":""},"categories":[1],"tags":[],"class_list":["post-14561","post","type-post","status-publish","format-standard","has-post-thumbnail","hentry","category-geral"],"yoast_head":"<!-- This site is optimized with the Yoast SEO plugin v26.8 - https:\/\/yoast.com\/product\/yoast-seo-wordpress\/ -->\n<title>SENAI-AM lan\u00e7a novos cursos t\u00e9cnicos e pretende ampliar os servi\u00e7os tecnol\u00f3gicos em 2026 - SENAI<\/title>\n<meta name=\"robots\" content=\"index, follow, max-snippet:-1, max-image-preview:large, max-video-preview:-1\" \/>\n<link rel=\"canonical\" href=\"https:\/\/fieam.org.br\/senai\/senai-am-lanca-novos-cursos-tecnicos-e-pretende-ampliar-os-servicos-tecnologicos-em-2026\/\" \/>\n<meta property=\"og:locale\" content=\"pt_BR\" \/>\n<meta property=\"og:type\" content=\"article\" \/>\n<meta property=\"og:title\" content=\"SENAI-AM lan\u00e7a novos cursos t\u00e9cnicos e pretende ampliar os servi\u00e7os tecnol\u00f3gicos em 2026 - SENAI\" \/>\n<meta property=\"og:description\" content=\"O Servi\u00e7o Nacional de Aprendizagem Industrial (SENAI Amazonas) vai lan\u00e7ar este ano tr\u00eas novos cursos t\u00e9cnicos, nas \u00e1reas de biotecnologia, farm\u00e1cia e eletromec\u00e2nica. O presidente da Federa\u00e7\u00e3o das Ind\u00fastrias do Estado do Amazonas e presidente do Conselho Regional do SENAI, Antonio Silva, disse hoje que os cursos v\u00eam para atender a necessidade do mercado e [&hellip;]\" \/>\n<meta property=\"og:url\" content=\"https:\/\/fieam.org.br\/senai\/senai-am-lanca-novos-cursos-tecnicos-e-pretende-ampliar-os-servicos-tecnologicos-em-2026\/\" \/>\n<meta property=\"og:site_name\" content=\"SENAI\" \/>\n<meta property=\"article:published_time\" content=\"2026-01-16T18:34:53+00:00\" \/>\n<meta property=\"article:modified_time\" content=\"2026-01-16T18:52:15+00:00\" \/>\n<meta property=\"og:image\" content=\"https:\/\/fieam.org.br\/senai\/wp-content\/uploads\/sites\/16\/2026\/01\/Rogerio-Pereira-diretor-no-SENAI-AM-reafirma-que-o-resultado-traz-mais-qualificacao-e-mais-oportunidades-para-a-industria-amazonense.jpg\" \/>\n\t<meta property=\"og:image:width\" content=\"2000\" \/>\n\t<meta property=\"og:image:height\" content=\"1333\" \/>\n\t<meta property=\"og:image:type\" content=\"image\/jpeg\" \/>\n<meta name=\"author\" content=\"danielearaujo\" \/>\n<meta name=\"twitter:card\" content=\"summary_large_image\" \/>\n<meta name=\"twitter:label1\" content=\"Escrito por\" \/>\n\t<meta name=\"twitter:data1\" content=\"danielearaujo\" \/>\n\t<meta name=\"twitter:label2\" content=\"Est. tempo de leitura\" \/>\n\t<meta name=\"twitter:data2\" content=\"4 minutos\" \/>\n<script type=\"application\/ld+json\" class=\"yoast-schema-graph\">{\"@context\":\"https:\/\/schema.org\",\"@graph\":[{\"@type\":\"Article\",\"@id\":\"https:\/\/fieam.org.br\/senai\/senai-am-lanca-novos-cursos-tecnicos-e-pretende-ampliar-os-servicos-tecnologicos-em-2026\/#article\",\"isPartOf\":{\"@id\":\"https:\/\/fieam.org.br\/senai\/senai-am-lanca-novos-cursos-tecnicos-e-pretende-ampliar-os-servicos-tecnologicos-em-2026\/\"},\"author\":{\"name\":\"danielearaujo\",\"@id\":\"https:\/\/fieam.org.br\/senai\/#\/schema\/person\/2da52793836d1930a7ba5eb194412a29\"},\"headline\":\"SENAI-AM lan\u00e7a novos cursos t\u00e9cnicos e pretende ampliar os servi\u00e7os tecnol\u00f3gicos em 2026\",\"datePublished\":\"2026-01-16T18:34:53+00:00\",\"dateModified\":\"2026-01-16T18:52:15+00:00\",\"mainEntityOfPage\":{\"@id\":\"https:\/\/fieam.org.br\/senai\/senai-am-lanca-novos-cursos-tecnicos-e-pretende-ampliar-os-servicos-tecnologicos-em-2026\/\"},\"wordCount\":771,\"commentCount\":0,\"publisher\":{\"@id\":\"https:\/\/fieam.org.br\/senai\/#organization\"},\"image\":{\"@id\":\"https:\/\/fieam.org.br\/senai\/senai-am-lanca-novos-cursos-tecnicos-e-pretende-ampliar-os-servicos-tecnologicos-em-2026\/#primaryimage\"},\"thumbnailUrl\":\"https:\/\/fieam.org.br\/senai\/wp-content\/uploads\/sites\/16\/2026\/01\/Rogerio-Pereira-diretor-no-SENAI-AM-reafirma-que-o-resultado-traz-mais-qualificacao-e-mais-oportunidades-para-a-industria-amazonense.jpg\",\"articleSection\":[\"Geral\"],\"inLanguage\":\"pt-BR\",\"potentialAction\":[{\"@type\":\"CommentAction\",\"name\":\"Comment\",\"target\":[\"https:\/\/fieam.org.br\/senai\/senai-am-lanca-novos-cursos-tecnicos-e-pretende-ampliar-os-servicos-tecnologicos-em-2026\/#respond\"]}]},{\"@type\":\"WebPage\",\"@id\":\"https:\/\/fieam.org.br\/senai\/senai-am-lanca-novos-cursos-tecnicos-e-pretende-ampliar-os-servicos-tecnologicos-em-2026\/\",\"url\":\"https:\/\/fieam.org.br\/senai\/senai-am-lanca-novos-cursos-tecnicos-e-pretende-ampliar-os-servicos-tecnologicos-em-2026\/\",\"name\":\"SENAI-AM lan\u00e7a novos cursos t\u00e9cnicos e pretende ampliar os servi\u00e7os tecnol\u00f3gicos em 2026 - SENAI\",\"isPartOf\":{\"@id\":\"https:\/\/fieam.org.br\/senai\/#website\"},\"primaryImageOfPage\":{\"@id\":\"https:\/\/fieam.org.br\/senai\/senai-am-lanca-novos-cursos-tecnicos-e-pretende-ampliar-os-servicos-tecnologicos-em-2026\/#primaryimage\"},\"image\":{\"@id\":\"https:\/\/fieam.org.br\/senai\/senai-am-lanca-novos-cursos-tecnicos-e-pretende-ampliar-os-servicos-tecnologicos-em-2026\/#primaryimage\"},\"thumbnailUrl\":\"https:\/\/fieam.org.br\/senai\/wp-content\/uploads\/sites\/16\/2026\/01\/Rogerio-Pereira-diretor-no-SENAI-AM-reafirma-que-o-resultado-traz-mais-qualificacao-e-mais-oportunidades-para-a-industria-amazonense.jpg\",\"datePublished\":\"2026-01-16T18:34:53+00:00\",\"dateModified\":\"2026-01-16T18:52:15+00:00\",\"breadcrumb\":{\"@id\":\"https:\/\/fieam.org.br\/senai\/senai-am-lanca-novos-cursos-tecnicos-e-pretende-ampliar-os-servicos-tecnologicos-em-2026\/#breadcrumb\"},\"inLanguage\":\"pt-BR\",\"potentialAction\":[{\"@type\":\"ReadAction\",\"target\":[\"https:\/\/fieam.org.br\/senai\/senai-am-lanca-novos-cursos-tecnicos-e-pretende-ampliar-os-servicos-tecnologicos-em-2026\/\"]}]},{\"@type\":\"ImageObject\",\"inLanguage\":\"pt-BR\",\"@id\":\"https:\/\/fieam.org.br\/senai\/senai-am-lanca-novos-cursos-tecnicos-e-pretende-ampliar-os-servicos-tecnologicos-em-2026\/#primaryimage\",\"url\":\"https:\/\/fieam.org.br\/senai\/wp-content\/uploads\/sites\/16\/2026\/01\/Rogerio-Pereira-diretor-no-SENAI-AM-reafirma-que-o-resultado-traz-mais-qualificacao-e-mais-oportunidades-para-a-industria-amazonense.jpg\",\"contentUrl\":\"https:\/\/fieam.org.br\/senai\/wp-content\/uploads\/sites\/16\/2026\/01\/Rogerio-Pereira-diretor-no-SENAI-AM-reafirma-que-o-resultado-traz-mais-qualificacao-e-mais-oportunidades-para-a-industria-amazonense.jpg\",\"width\":2000,\"height\":1333},{\"@type\":\"BreadcrumbList\",\"@id\":\"https:\/\/fieam.org.br\/senai\/senai-am-lanca-novos-cursos-tecnicos-e-pretende-ampliar-os-servicos-tecnologicos-em-2026\/#breadcrumb\",\"itemListElement\":[{\"@type\":\"ListItem\",\"position\":1,\"name\":\"In\u00edcio\",\"item\":\"https:\/\/fieam.org.br\/senai\/\"},{\"@type\":\"ListItem\",\"position\":2,\"name\":\"SENAI-AM lan\u00e7a novos cursos t\u00e9cnicos e pretende ampliar os servi\u00e7os tecnol\u00f3gicos em 2026\"}]},{\"@type\":\"WebSite\",\"@id\":\"https:\/\/fieam.org.br\/senai\/#website\",\"url\":\"https:\/\/fieam.org.br\/senai\/\",\"name\":\"SENAI\",\"description\":\"Site Oficial!\",\"publisher\":{\"@id\":\"https:\/\/fieam.org.br\/senai\/#organization\"},\"potentialAction\":[{\"@type\":\"SearchAction\",\"target\":{\"@type\":\"EntryPoint\",\"urlTemplate\":\"https:\/\/fieam.org.br\/senai\/?s={search_term_string}\"},\"query-input\":{\"@type\":\"PropertyValueSpecification\",\"valueRequired\":true,\"valueName\":\"search_term_string\"}}],\"inLanguage\":\"pt-BR\"},{\"@type\":\"Organization\",\"@id\":\"https:\/\/fieam.org.br\/senai\/#organization\",\"name\":\"SENAI\",\"url\":\"https:\/\/fieam.org.br\/senai\/\",\"logo\":{\"@type\":\"ImageObject\",\"inLanguage\":\"pt-BR\",\"@id\":\"https:\/\/fieam.org.br\/senai\/#\/schema\/logo\/image\/\",\"url\":\"https:\/\/fieam.org.br\/senai\/wp-content\/uploads\/sites\/16\/2024\/03\/cropped-fav.png\",\"contentUrl\":\"https:\/\/fieam.org.br\/senai\/wp-content\/uploads\/sites\/16\/2024\/03\/cropped-fav.png\",\"width\":592,\"height\":577,\"caption\":\"SENAI\"},\"image\":{\"@id\":\"https:\/\/fieam.org.br\/senai\/#\/schema\/logo\/image\/\"}},{\"@type\":\"Person\",\"@id\":\"https:\/\/fieam.org.br\/senai\/#\/schema\/person\/2da52793836d1930a7ba5eb194412a29\",\"name\":\"danielearaujo\",\"image\":{\"@type\":\"ImageObject\",\"inLanguage\":\"pt-BR\",\"@id\":\"https:\/\/fieam.org.br\/senai\/#\/schema\/person\/image\/\",\"url\":\"https:\/\/secure.gravatar.com\/avatar\/3d05aa1b7ec7a61527da2f5640dbbb4d48b79db9fb5693b998f5966d1b316426?s=96&d=mm&r=g\",\"contentUrl\":\"https:\/\/secure.gravatar.com\/avatar\/3d05aa1b7ec7a61527da2f5640dbbb4d48b79db9fb5693b998f5966d1b316426?s=96&d=mm&r=g\",\"caption\":\"danielearaujo\"},\"url\":\"https:\/\/fieam.org.br\/senai\/author\/danielearaujo\/\"}]}<\/script>\n<!-- \/ Yoast SEO plugin. -->","yoast_head_json":{"title":"SENAI-AM lan\u00e7a novos cursos t\u00e9cnicos e pretende ampliar os servi\u00e7os tecnol\u00f3gicos em 2026 - SENAI","robots":{"index":"index","follow":"follow","max-snippet":"max-snippet:-1","max-image-preview":"max-image-preview:large","max-video-preview":"max-video-preview:-1"},"canonical":"https:\/\/fieam.org.br\/senai\/senai-am-lanca-novos-cursos-tecnicos-e-pretende-ampliar-os-servicos-tecnologicos-em-2026\/","og_locale":"pt_BR","og_type":"article","og_title":"SENAI-AM lan\u00e7a novos cursos t\u00e9cnicos e pretende ampliar os servi\u00e7os tecnol\u00f3gicos em 2026 - SENAI","og_description":"O Servi\u00e7o Nacional de Aprendizagem Industrial (SENAI Amazonas) vai lan\u00e7ar este ano tr\u00eas novos cursos t\u00e9cnicos, nas \u00e1reas de biotecnologia, farm\u00e1cia e eletromec\u00e2nica. O presidente da Federa\u00e7\u00e3o das Ind\u00fastrias do Estado do Amazonas e presidente do Conselho Regional do SENAI, Antonio Silva, disse hoje que os cursos v\u00eam para atender a necessidade do mercado e [&hellip;]","og_url":"https:\/\/fieam.org.br\/senai\/senai-am-lanca-novos-cursos-tecnicos-e-pretende-ampliar-os-servicos-tecnologicos-em-2026\/","og_site_name":"SENAI","article_published_time":"2026-01-16T18:34:53+00:00","article_modified_time":"2026-01-16T18:52:15+00:00","og_image":[{"width":2000,"height":1333,"url":"https:\/\/fieam.org.br\/senai\/wp-content\/uploads\/sites\/16\/2026\/01\/Rogerio-Pereira-diretor-no-SENAI-AM-reafirma-que-o-resultado-traz-mais-qualificacao-e-mais-oportunidades-para-a-industria-amazonense.jpg","type":"image\/jpeg"}],"author":"danielearaujo","twitter_card":"summary_large_image","twitter_misc":{"Escrito por":"danielearaujo","Est. tempo de leitura":"4 minutos"},"schema":{"@context":"https:\/\/schema.org","@graph":[{"@type":"Article","@id":"https:\/\/fieam.org.br\/senai\/senai-am-lanca-novos-cursos-tecnicos-e-pretende-ampliar-os-servicos-tecnologicos-em-2026\/#article","isPartOf":{"@id":"https:\/\/fieam.org.br\/senai\/senai-am-lanca-novos-cursos-tecnicos-e-pretende-ampliar-os-servicos-tecnologicos-em-2026\/"},"author":{"name":"danielearaujo","@id":"https:\/\/fieam.org.br\/senai\/#\/schema\/person\/2da52793836d1930a7ba5eb194412a29"},"headline":"SENAI-AM lan\u00e7a novos cursos t\u00e9cnicos e pretende ampliar os servi\u00e7os tecnol\u00f3gicos em 2026","datePublished":"2026-01-16T18:34:53+00:00","dateModified":"2026-01-16T18:52:15+00:00","mainEntityOfPage":{"@id":"https:\/\/fieam.org.br\/senai\/senai-am-lanca-novos-cursos-tecnicos-e-pretende-ampliar-os-servicos-tecnologicos-em-2026\/"},"wordCount":771,"commentCount":0,"publisher":{"@id":"https:\/\/fieam.org.br\/senai\/#organization"},"image":{"@id":"https:\/\/fieam.org.br\/senai\/senai-am-lanca-novos-cursos-tecnicos-e-pretende-ampliar-os-servicos-tecnologicos-em-2026\/#primaryimage"},"thumbnailUrl":"https:\/\/fieam.org.br\/senai\/wp-content\/uploads\/sites\/16\/2026\/01\/Rogerio-Pereira-diretor-no-SENAI-AM-reafirma-que-o-resultado-traz-mais-qualificacao-e-mais-oportunidades-para-a-industria-amazonense.jpg","articleSection":["Geral"],"inLanguage":"pt-BR","potentialAction":[{"@type":"CommentAction","name":"Comment","target":["https:\/\/fieam.org.br\/senai\/senai-am-lanca-novos-cursos-tecnicos-e-pretende-ampliar-os-servicos-tecnologicos-em-2026\/#respond"]}]},{"@type":"WebPage","@id":"https:\/\/fieam.org.br\/senai\/senai-am-lanca-novos-cursos-tecnicos-e-pretende-ampliar-os-servicos-tecnologicos-em-2026\/","url":"https:\/\/fieam.org.br\/senai\/senai-am-lanca-novos-cursos-tecnicos-e-pretende-ampliar-os-servicos-tecnologicos-em-2026\/","name":"SENAI-AM lan\u00e7a novos cursos t\u00e9cnicos e pretende ampliar os servi\u00e7os tecnol\u00f3gicos em 2026 - SENAI","isPartOf":{"@id":"https:\/\/fieam.org.br\/senai\/#website"},"primaryImageOfPage":{"@id":"https:\/\/fieam.org.br\/senai\/senai-am-lanca-novos-cursos-tecnicos-e-pretende-ampliar-os-servicos-tecnologicos-em-2026\/#primaryimage"},"image":{"@id":"https:\/\/fieam.org.br\/senai\/senai-am-lanca-novos-cursos-tecnicos-e-pretende-ampliar-os-servicos-tecnologicos-em-2026\/#primaryimage"},"thumbnailUrl":"https:\/\/fieam.org.br\/senai\/wp-content\/uploads\/sites\/16\/2026\/01\/Rogerio-Pereira-diretor-no-SENAI-AM-reafirma-que-o-resultado-traz-mais-qualificacao-e-mais-oportunidades-para-a-industria-amazonense.jpg","datePublished":"2026-01-16T18:34:53+00:00","dateModified":"2026-01-16T18:52:15+00:00","breadcrumb":{"@id":"https:\/\/fieam.org.br\/senai\/senai-am-lanca-novos-cursos-tecnicos-e-pretende-ampliar-os-servicos-tecnologicos-em-2026\/#breadcrumb"},"inLanguage":"pt-BR","potentialAction":[{"@type":"ReadAction","target":["https:\/\/fieam.org.br\/senai\/senai-am-lanca-novos-cursos-tecnicos-e-pretende-ampliar-os-servicos-tecnologicos-em-2026\/"]}]},{"@type":"ImageObject","inLanguage":"pt-BR","@id":"https:\/\/fieam.org.br\/senai\/senai-am-lanca-novos-cursos-tecnicos-e-pretende-ampliar-os-servicos-tecnologicos-em-2026\/#primaryimage","url":"https:\/\/fieam.org.br\/senai\/wp-content\/uploads\/sites\/16\/2026\/01\/Rogerio-Pereira-diretor-no-SENAI-AM-reafirma-que-o-resultado-traz-mais-qualificacao-e-mais-oportunidades-para-a-industria-amazonense.jpg","contentUrl":"https:\/\/fieam.org.br\/senai\/wp-content\/uploads\/sites\/16\/2026\/01\/Rogerio-Pereira-diretor-no-SENAI-AM-reafirma-que-o-resultado-traz-mais-qualificacao-e-mais-oportunidades-para-a-industria-amazonense.jpg","width":2000,"height":1333},{"@type":"BreadcrumbList","@id":"https:\/\/fieam.org.br\/senai\/senai-am-lanca-novos-cursos-tecnicos-e-pretende-ampliar-os-servicos-tecnologicos-em-2026\/#breadcrumb","itemListElement":[{"@type":"ListItem","position":1,"name":"In\u00edcio","item":"https:\/\/fieam.org.br\/senai\/"},{"@type":"ListItem","position":2,"name":"SENAI-AM lan\u00e7a novos cursos t\u00e9cnicos e pretende ampliar os servi\u00e7os tecnol\u00f3gicos em 2026"}]},{"@type":"WebSite","@id":"https:\/\/fieam.org.br\/senai\/#website","url":"https:\/\/fieam.org.br\/senai\/","name":"SENAI","description":"Site Oficial!","publisher":{"@id":"https:\/\/fieam.org.br\/senai\/#organization"},"potentialAction":[{"@type":"SearchAction","target":{"@type":"EntryPoint","urlTemplate":"https:\/\/fieam.org.br\/senai\/?s={search_term_string}"},"query-input":{"@type":"PropertyValueSpecification","valueRequired":true,"valueName":"search_term_string"}}],"inLanguage":"pt-BR"},{"@type":"Organization","@id":"https:\/\/fieam.org.br\/senai\/#organization","name":"SENAI","url":"https:\/\/fieam.org.br\/senai\/","logo":{"@type":"ImageObject","inLanguage":"pt-BR","@id":"https:\/\/fieam.org.br\/senai\/#\/schema\/logo\/image\/","url":"https:\/\/fieam.org.br\/senai\/wp-content\/uploads\/sites\/16\/2024\/03\/cropped-fav.png","contentUrl":"https:\/\/fieam.org.br\/senai\/wp-content\/uploads\/sites\/16\/2024\/03\/cropped-fav.png","width":592,"height":577,"caption":"SENAI"},"image":{"@id":"https:\/\/fieam.org.br\/senai\/#\/schema\/logo\/image\/"}},{"@type":"Person","@id":"https:\/\/fieam.org.br\/senai\/#\/schema\/person\/2da52793836d1930a7ba5eb194412a29","name":"danielearaujo","image":{"@type":"ImageObject","inLanguage":"pt-BR","@id":"https:\/\/fieam.org.br\/senai\/#\/schema\/person\/image\/","url":"https:\/\/secure.gravatar.com\/avatar\/3d05aa1b7ec7a61527da2f5640dbbb4d48b79db9fb5693b998f5966d1b316426?s=96&d=mm&r=g","contentUrl":"https:\/\/secure.gravatar.com\/avatar\/3d05aa1b7ec7a61527da2f5640dbbb4d48b79db9fb5693b998f5966d1b316426?s=96&d=mm&r=g","caption":"danielearaujo"},"url":"https:\/\/fieam.org.br\/senai\/author\/danielearaujo\/"}]}},"_links":{"self":[{"href":"https:\/\/fieam.org.br\/senai\/wp-json\/wp\/v2\/posts\/14561","targetHints":{"allow":["GET"]}}],"collection":[{"href":"https:\/\/fieam.org.br\/senai\/wp-json\/wp\/v2\/posts"}],"about":[{"href":"https:\/\/fieam.org.br\/senai\/wp-json\/wp\/v2\/types\/post"}],"author":[{"embeddable":true,"href":"https:\/\/fieam.org.br\/senai\/wp-json\/wp\/v2\/users\/18"}],"replies":[{"embeddable":true,"href":"https:\/\/fieam.org.br\/senai\/wp-json\/wp\/v2\/comments?post=14561"}],"version-history":[{"count":7,"href":"https:\/\/fieam.org.br\/senai\/wp-json\/wp\/v2\/posts\/14561\/revisions"}],"predecessor-version":[{"id":14572,"href":"https:\/\/fieam.org.br\/senai\/wp-json\/wp\/v2\/posts\/14561\/revisions\/14572"}],"wp:featuredmedia":[{"embeddable":true,"href":"https:\/\/fieam.org.br\/senai\/wp-json\/wp\/v2\/media\/14562"}],"wp:attachment":[{"href":"https:\/\/fieam.org.br\/senai\/wp-json\/wp\/v2\/media?parent=14561"}],"wp:term":[{"taxonomy":"category","embeddable":true,"href":"https:\/\/fieam.org.br\/senai\/wp-json\/wp\/v2\/categories?post=14561"},{"taxonomy":"post_tag","embeddable":true,"href":"https:\/\/fieam.org.br\/senai\/wp-json\/wp\/v2\/tags?post=14561"}],"curies":[{"name":"wp","href":"https:\/\/api.w.org\/{rel}","templated":true}]}}