{"id":14553,"date":"2026-01-16T15:36:59","date_gmt":"2026-01-16T15:36:59","guid":{"rendered":"https:\/\/fieam.org.br\/senai\/?p=14553"},"modified":"2026-01-16T15:36:59","modified_gmt":"2026-01-16T15:36:59","slug":"senai-divulga-lista-de-aprovados-para-cursos-gratuitos-de-educacao-profissional","status":"publish","type":"post","link":"https:\/\/fieam.org.br\/senai\/senai-divulga-lista-de-aprovados-para-cursos-gratuitos-de-educacao-profissional\/","title":{"rendered":"SENAI divulga lista de aprovados para  cursos gratuitos de educa\u00e7\u00e3o profissional"},"content":{"rendered":"<p>O Servi\u00e7o Nacional de Aprendizagem Industrial (SENAI Amazonas), divulgou na \u00faltima ter\u00e7a-feira (13) a lista dos candidatos aprovados na 1\u00aa chamada de 2026 dos cursos de Qualifica\u00e7\u00e3o e Aperfei\u00e7oamento Profissional, ofertados por meio, do Programa de Gratuidade da institui\u00e7\u00e3o, com in\u00edcio das aulas previstas para fevereiro. A rela\u00e7\u00e3o completa dos contemplados j\u00e1 est\u00e1 dispon\u00edvel no site oficial do SENAI-AM, por meio do endere\u00e7o: <a href=\"https:\/\/fieam.org.br\/senai\/chamada-publica-no01-2026\/\">https:\/\/fieam.org.br\/senai\/chamada-publica-no01-2026\/<\/a><\/p>\n<p>As turmas abrangem diversas \u00e1reas industriais e de servi\u00e7os, com modalidades presenciais e a dist\u00e2ncia, realizadas nas unidades do SENAI-AM. Ao todo, s\u00e3o ofertadas vagas em cursos nas \u00e1reas de inform\u00e1tica, automa\u00e7\u00e3o, eletroeletr\u00f4nica, mec\u00e2nica, log\u00edstica, administra\u00e7\u00e3o, constru\u00e7\u00e3o civil, alimentos, panifica\u00e7\u00e3o, confeitaria, seguran\u00e7a eletr\u00f4nica, manuten\u00e7\u00e3o predial, entre outras.<\/p>\n<p>As forma\u00e7\u00f5es apresentam cargas hor\u00e1rias variadas, desde cursos r\u00e1pidos, com cerca de 20 horas, at\u00e9 qualifica\u00e7\u00f5es mais completas, com dura\u00e7\u00e3o de at\u00e9 200 horas. As oportunidades s\u00e3o destinadas a jovens e adultos a partir de 15 anos, respeitando os pr\u00e9-requisitos espec\u00edficos de cada curso.<\/p>\n<p>Os candidatos aprovados receber\u00e3o orienta\u00e7\u00f5es sobre o processo de matr\u00edcula por e-mail, whatsapp ou contato telef\u00f4nico, conforme dados informados no ato da inscri\u00e7\u00e3o. Mais informa\u00e7\u00f5es e atualiza\u00e7\u00f5es podem ser acompanhadas pelas nossas redes sociais oficiais:<\/p>\n<p><a href=\"https:\/\/x.com\/senaiamazonas\">https:\/\/x.com\/senaiamazonas\u00a0<\/a><\/p>\n<p><a href=\"https:\/\/web.facebook.com\/senaiamazonas\">https:\/\/web.facebook.com\/senaiamazonas<\/a><\/p>\n<p><a href=\"https:\/\/www.instagram.com\/senaiamazonas\">https:\/\/www.instagram.com\/senaiamazonas<\/a><\/p>\n<p><a href=\"https:\/\/www.linkedin.com\/company\/senaiamazonasoficial\/posts\/\">https:\/\/www.linkedin.com\/company\/senaiamazonasoficial\/posts\/<\/a><\/p>\n","protected":false},"excerpt":{"rendered":"<p>O Servi\u00e7o Nacional de Aprendizagem Industrial (SENAI Amazonas), divulgou na \u00faltima ter\u00e7a-feira (13) a lista dos candidatos aprovados na 1\u00aa chamada de 2026 dos cursos de Qualifica\u00e7\u00e3o e Aperfei\u00e7oamento Profissional, ofertados por meio, do Programa de Gratuidade da institui\u00e7\u00e3o, com in\u00edcio das aulas previstas para fevereiro. A rela\u00e7\u00e3o completa dos contemplados j\u00e1 est\u00e1 dispon\u00edvel no [&hellip;]<\/p>\n","protected":false},"author":18,"featured_media":14549,"comment_status":"open","ping_status":"open","sticky":false,"template":"","format":"standard","meta":{"footnotes":""},"categories":[1],"tags":[],"class_list":["post-14553","post","type-post","status-publish","format-standard","has-post-thumbnail","hentry","category-geral"],"yoast_head":"<!-- This site is optimized with the Yoast SEO plugin v26.8 - https:\/\/yoast.com\/product\/yoast-seo-wordpress\/ -->\n<title>SENAI divulga lista de aprovados para cursos gratuitos de educa\u00e7\u00e3o profissional - SENAI<\/title>\n<meta name=\"robots\" content=\"index, follow, max-snippet:-1, max-image-preview:large, max-video-preview:-1\" \/>\n<link rel=\"canonical\" href=\"https:\/\/fieam.org.br\/senai\/senai-divulga-lista-de-aprovados-para-cursos-gratuitos-de-educacao-profissional\/\" \/>\n<meta property=\"og:locale\" content=\"pt_BR\" \/>\n<meta property=\"og:type\" content=\"article\" \/>\n<meta property=\"og:title\" content=\"SENAI divulga lista de aprovados para cursos gratuitos de educa\u00e7\u00e3o profissional - SENAI\" \/>\n<meta property=\"og:description\" content=\"O Servi\u00e7o Nacional de Aprendizagem Industrial (SENAI Amazonas), divulgou na \u00faltima ter\u00e7a-feira (13) a lista dos candidatos aprovados na 1\u00aa chamada de 2026 dos cursos de Qualifica\u00e7\u00e3o e Aperfei\u00e7oamento Profissional, ofertados por meio, do Programa de Gratuidade da institui\u00e7\u00e3o, com in\u00edcio das aulas previstas para fevereiro. A rela\u00e7\u00e3o completa dos contemplados j\u00e1 est\u00e1 dispon\u00edvel no [&hellip;]\" \/>\n<meta property=\"og:url\" content=\"https:\/\/fieam.org.br\/senai\/senai-divulga-lista-de-aprovados-para-cursos-gratuitos-de-educacao-profissional\/\" \/>\n<meta property=\"og:site_name\" content=\"SENAI\" \/>\n<meta property=\"article:published_time\" content=\"2026-01-16T15:36:59+00:00\" \/>\n<meta property=\"og:image\" content=\"https:\/\/fieam.org.br\/senai\/wp-content\/uploads\/sites\/16\/2026\/01\/O-SENAI-AM-anuncia-os-aprovados-da-1a-chamada-2026-dos-cursos-gratuitos-do-Programa-de-Gratuidade-com-vagas-em-diversas-areas-profissionais.jpg\" \/>\n\t<meta property=\"og:image:width\" content=\"2000\" \/>\n\t<meta property=\"og:image:height\" content=\"1333\" \/>\n\t<meta property=\"og:image:type\" content=\"image\/jpeg\" \/>\n<meta name=\"author\" content=\"danielearaujo\" \/>\n<meta name=\"twitter:card\" content=\"summary_large_image\" \/>\n<meta name=\"twitter:label1\" content=\"Escrito por\" \/>\n\t<meta name=\"twitter:data1\" content=\"danielearaujo\" \/>\n\t<meta name=\"twitter:label2\" content=\"Est. tempo de leitura\" \/>\n\t<meta name=\"twitter:data2\" content=\"1 minuto\" \/>\n<script type=\"application\/ld+json\" class=\"yoast-schema-graph\">{\"@context\":\"https:\/\/schema.org\",\"@graph\":[{\"@type\":\"Article\",\"@id\":\"https:\/\/fieam.org.br\/senai\/senai-divulga-lista-de-aprovados-para-cursos-gratuitos-de-educacao-profissional\/#article\",\"isPartOf\":{\"@id\":\"https:\/\/fieam.org.br\/senai\/senai-divulga-lista-de-aprovados-para-cursos-gratuitos-de-educacao-profissional\/\"},\"author\":{\"name\":\"danielearaujo\",\"@id\":\"https:\/\/fieam.org.br\/senai\/#\/schema\/person\/2da52793836d1930a7ba5eb194412a29\"},\"headline\":\"SENAI divulga lista de aprovados para cursos gratuitos de educa\u00e7\u00e3o profissional\",\"datePublished\":\"2026-01-16T15:36:59+00:00\",\"mainEntityOfPage\":{\"@id\":\"https:\/\/fieam.org.br\/senai\/senai-divulga-lista-de-aprovados-para-cursos-gratuitos-de-educacao-profissional\/\"},\"wordCount\":261,\"commentCount\":0,\"publisher\":{\"@id\":\"https:\/\/fieam.org.br\/senai\/#organization\"},\"image\":{\"@id\":\"https:\/\/fieam.org.br\/senai\/senai-divulga-lista-de-aprovados-para-cursos-gratuitos-de-educacao-profissional\/#primaryimage\"},\"thumbnailUrl\":\"https:\/\/fieam.org.br\/senai\/wp-content\/uploads\/sites\/16\/2026\/01\/O-SENAI-AM-anuncia-os-aprovados-da-1a-chamada-2026-dos-cursos-gratuitos-do-Programa-de-Gratuidade-com-vagas-em-diversas-areas-profissionais.jpg\",\"articleSection\":[\"Geral\"],\"inLanguage\":\"pt-BR\",\"potentialAction\":[{\"@type\":\"CommentAction\",\"name\":\"Comment\",\"target\":[\"https:\/\/fieam.org.br\/senai\/senai-divulga-lista-de-aprovados-para-cursos-gratuitos-de-educacao-profissional\/#respond\"]}]},{\"@type\":\"WebPage\",\"@id\":\"https:\/\/fieam.org.br\/senai\/senai-divulga-lista-de-aprovados-para-cursos-gratuitos-de-educacao-profissional\/\",\"url\":\"https:\/\/fieam.org.br\/senai\/senai-divulga-lista-de-aprovados-para-cursos-gratuitos-de-educacao-profissional\/\",\"name\":\"SENAI divulga lista de aprovados para cursos gratuitos de educa\u00e7\u00e3o profissional - SENAI\",\"isPartOf\":{\"@id\":\"https:\/\/fieam.org.br\/senai\/#website\"},\"primaryImageOfPage\":{\"@id\":\"https:\/\/fieam.org.br\/senai\/senai-divulga-lista-de-aprovados-para-cursos-gratuitos-de-educacao-profissional\/#primaryimage\"},\"image\":{\"@id\":\"https:\/\/fieam.org.br\/senai\/senai-divulga-lista-de-aprovados-para-cursos-gratuitos-de-educacao-profissional\/#primaryimage\"},\"thumbnailUrl\":\"https:\/\/fieam.org.br\/senai\/wp-content\/uploads\/sites\/16\/2026\/01\/O-SENAI-AM-anuncia-os-aprovados-da-1a-chamada-2026-dos-cursos-gratuitos-do-Programa-de-Gratuidade-com-vagas-em-diversas-areas-profissionais.jpg\",\"datePublished\":\"2026-01-16T15:36:59+00:00\",\"breadcrumb\":{\"@id\":\"https:\/\/fieam.org.br\/senai\/senai-divulga-lista-de-aprovados-para-cursos-gratuitos-de-educacao-profissional\/#breadcrumb\"},\"inLanguage\":\"pt-BR\",\"potentialAction\":[{\"@type\":\"ReadAction\",\"target\":[\"https:\/\/fieam.org.br\/senai\/senai-divulga-lista-de-aprovados-para-cursos-gratuitos-de-educacao-profissional\/\"]}]},{\"@type\":\"ImageObject\",\"inLanguage\":\"pt-BR\",\"@id\":\"https:\/\/fieam.org.br\/senai\/senai-divulga-lista-de-aprovados-para-cursos-gratuitos-de-educacao-profissional\/#primaryimage\",\"url\":\"https:\/\/fieam.org.br\/senai\/wp-content\/uploads\/sites\/16\/2026\/01\/O-SENAI-AM-anuncia-os-aprovados-da-1a-chamada-2026-dos-cursos-gratuitos-do-Programa-de-Gratuidade-com-vagas-em-diversas-areas-profissionais.jpg\",\"contentUrl\":\"https:\/\/fieam.org.br\/senai\/wp-content\/uploads\/sites\/16\/2026\/01\/O-SENAI-AM-anuncia-os-aprovados-da-1a-chamada-2026-dos-cursos-gratuitos-do-Programa-de-Gratuidade-com-vagas-em-diversas-areas-profissionais.jpg\",\"width\":2000,\"height\":1333},{\"@type\":\"BreadcrumbList\",\"@id\":\"https:\/\/fieam.org.br\/senai\/senai-divulga-lista-de-aprovados-para-cursos-gratuitos-de-educacao-profissional\/#breadcrumb\",\"itemListElement\":[{\"@type\":\"ListItem\",\"position\":1,\"name\":\"In\u00edcio\",\"item\":\"https:\/\/fieam.org.br\/senai\/\"},{\"@type\":\"ListItem\",\"position\":2,\"name\":\"SENAI divulga lista de aprovados para cursos gratuitos de educa\u00e7\u00e3o profissional\"}]},{\"@type\":\"WebSite\",\"@id\":\"https:\/\/fieam.org.br\/senai\/#website\",\"url\":\"https:\/\/fieam.org.br\/senai\/\",\"name\":\"SENAI\",\"description\":\"Site Oficial!\",\"publisher\":{\"@id\":\"https:\/\/fieam.org.br\/senai\/#organization\"},\"potentialAction\":[{\"@type\":\"SearchAction\",\"target\":{\"@type\":\"EntryPoint\",\"urlTemplate\":\"https:\/\/fieam.org.br\/senai\/?s={search_term_string}\"},\"query-input\":{\"@type\":\"PropertyValueSpecification\",\"valueRequired\":true,\"valueName\":\"search_term_string\"}}],\"inLanguage\":\"pt-BR\"},{\"@type\":\"Organization\",\"@id\":\"https:\/\/fieam.org.br\/senai\/#organization\",\"name\":\"SENAI\",\"url\":\"https:\/\/fieam.org.br\/senai\/\",\"logo\":{\"@type\":\"ImageObject\",\"inLanguage\":\"pt-BR\",\"@id\":\"https:\/\/fieam.org.br\/senai\/#\/schema\/logo\/image\/\",\"url\":\"https:\/\/fieam.org.br\/senai\/wp-content\/uploads\/sites\/16\/2024\/03\/cropped-fav.png\",\"contentUrl\":\"https:\/\/fieam.org.br\/senai\/wp-content\/uploads\/sites\/16\/2024\/03\/cropped-fav.png\",\"width\":592,\"height\":577,\"caption\":\"SENAI\"},\"image\":{\"@id\":\"https:\/\/fieam.org.br\/senai\/#\/schema\/logo\/image\/\"}},{\"@type\":\"Person\",\"@id\":\"https:\/\/fieam.org.br\/senai\/#\/schema\/person\/2da52793836d1930a7ba5eb194412a29\",\"name\":\"danielearaujo\",\"image\":{\"@type\":\"ImageObject\",\"inLanguage\":\"pt-BR\",\"@id\":\"https:\/\/fieam.org.br\/senai\/#\/schema\/person\/image\/\",\"url\":\"https:\/\/secure.gravatar.com\/avatar\/3d05aa1b7ec7a61527da2f5640dbbb4d48b79db9fb5693b998f5966d1b316426?s=96&d=mm&r=g\",\"contentUrl\":\"https:\/\/secure.gravatar.com\/avatar\/3d05aa1b7ec7a61527da2f5640dbbb4d48b79db9fb5693b998f5966d1b316426?s=96&d=mm&r=g\",\"caption\":\"danielearaujo\"},\"url\":\"https:\/\/fieam.org.br\/senai\/author\/danielearaujo\/\"}]}<\/script>\n<!-- \/ Yoast SEO plugin. -->","yoast_head_json":{"title":"SENAI divulga lista de aprovados para cursos gratuitos de educa\u00e7\u00e3o profissional - SENAI","robots":{"index":"index","follow":"follow","max-snippet":"max-snippet:-1","max-image-preview":"max-image-preview:large","max-video-preview":"max-video-preview:-1"},"canonical":"https:\/\/fieam.org.br\/senai\/senai-divulga-lista-de-aprovados-para-cursos-gratuitos-de-educacao-profissional\/","og_locale":"pt_BR","og_type":"article","og_title":"SENAI divulga lista de aprovados para cursos gratuitos de educa\u00e7\u00e3o profissional - SENAI","og_description":"O Servi\u00e7o Nacional de Aprendizagem Industrial (SENAI Amazonas), divulgou na \u00faltima ter\u00e7a-feira (13) a lista dos candidatos aprovados na 1\u00aa chamada de 2026 dos cursos de Qualifica\u00e7\u00e3o e Aperfei\u00e7oamento Profissional, ofertados por meio, do Programa de Gratuidade da institui\u00e7\u00e3o, com in\u00edcio das aulas previstas para fevereiro. A rela\u00e7\u00e3o completa dos contemplados j\u00e1 est\u00e1 dispon\u00edvel no [&hellip;]","og_url":"https:\/\/fieam.org.br\/senai\/senai-divulga-lista-de-aprovados-para-cursos-gratuitos-de-educacao-profissional\/","og_site_name":"SENAI","article_published_time":"2026-01-16T15:36:59+00:00","og_image":[{"width":2000,"height":1333,"url":"https:\/\/fieam.org.br\/senai\/wp-content\/uploads\/sites\/16\/2026\/01\/O-SENAI-AM-anuncia-os-aprovados-da-1a-chamada-2026-dos-cursos-gratuitos-do-Programa-de-Gratuidade-com-vagas-em-diversas-areas-profissionais.jpg","type":"image\/jpeg"}],"author":"danielearaujo","twitter_card":"summary_large_image","twitter_misc":{"Escrito por":"danielearaujo","Est. tempo de leitura":"1 minuto"},"schema":{"@context":"https:\/\/schema.org","@graph":[{"@type":"Article","@id":"https:\/\/fieam.org.br\/senai\/senai-divulga-lista-de-aprovados-para-cursos-gratuitos-de-educacao-profissional\/#article","isPartOf":{"@id":"https:\/\/fieam.org.br\/senai\/senai-divulga-lista-de-aprovados-para-cursos-gratuitos-de-educacao-profissional\/"},"author":{"name":"danielearaujo","@id":"https:\/\/fieam.org.br\/senai\/#\/schema\/person\/2da52793836d1930a7ba5eb194412a29"},"headline":"SENAI divulga lista de aprovados para cursos gratuitos de educa\u00e7\u00e3o profissional","datePublished":"2026-01-16T15:36:59+00:00","mainEntityOfPage":{"@id":"https:\/\/fieam.org.br\/senai\/senai-divulga-lista-de-aprovados-para-cursos-gratuitos-de-educacao-profissional\/"},"wordCount":261,"commentCount":0,"publisher":{"@id":"https:\/\/fieam.org.br\/senai\/#organization"},"image":{"@id":"https:\/\/fieam.org.br\/senai\/senai-divulga-lista-de-aprovados-para-cursos-gratuitos-de-educacao-profissional\/#primaryimage"},"thumbnailUrl":"https:\/\/fieam.org.br\/senai\/wp-content\/uploads\/sites\/16\/2026\/01\/O-SENAI-AM-anuncia-os-aprovados-da-1a-chamada-2026-dos-cursos-gratuitos-do-Programa-de-Gratuidade-com-vagas-em-diversas-areas-profissionais.jpg","articleSection":["Geral"],"inLanguage":"pt-BR","potentialAction":[{"@type":"CommentAction","name":"Comment","target":["https:\/\/fieam.org.br\/senai\/senai-divulga-lista-de-aprovados-para-cursos-gratuitos-de-educacao-profissional\/#respond"]}]},{"@type":"WebPage","@id":"https:\/\/fieam.org.br\/senai\/senai-divulga-lista-de-aprovados-para-cursos-gratuitos-de-educacao-profissional\/","url":"https:\/\/fieam.org.br\/senai\/senai-divulga-lista-de-aprovados-para-cursos-gratuitos-de-educacao-profissional\/","name":"SENAI divulga lista de aprovados para cursos gratuitos de educa\u00e7\u00e3o profissional - SENAI","isPartOf":{"@id":"https:\/\/fieam.org.br\/senai\/#website"},"primaryImageOfPage":{"@id":"https:\/\/fieam.org.br\/senai\/senai-divulga-lista-de-aprovados-para-cursos-gratuitos-de-educacao-profissional\/#primaryimage"},"image":{"@id":"https:\/\/fieam.org.br\/senai\/senai-divulga-lista-de-aprovados-para-cursos-gratuitos-de-educacao-profissional\/#primaryimage"},"thumbnailUrl":"https:\/\/fieam.org.br\/senai\/wp-content\/uploads\/sites\/16\/2026\/01\/O-SENAI-AM-anuncia-os-aprovados-da-1a-chamada-2026-dos-cursos-gratuitos-do-Programa-de-Gratuidade-com-vagas-em-diversas-areas-profissionais.jpg","datePublished":"2026-01-16T15:36:59+00:00","breadcrumb":{"@id":"https:\/\/fieam.org.br\/senai\/senai-divulga-lista-de-aprovados-para-cursos-gratuitos-de-educacao-profissional\/#breadcrumb"},"inLanguage":"pt-BR","potentialAction":[{"@type":"ReadAction","target":["https:\/\/fieam.org.br\/senai\/senai-divulga-lista-de-aprovados-para-cursos-gratuitos-de-educacao-profissional\/"]}]},{"@type":"ImageObject","inLanguage":"pt-BR","@id":"https:\/\/fieam.org.br\/senai\/senai-divulga-lista-de-aprovados-para-cursos-gratuitos-de-educacao-profissional\/#primaryimage","url":"https:\/\/fieam.org.br\/senai\/wp-content\/uploads\/sites\/16\/2026\/01\/O-SENAI-AM-anuncia-os-aprovados-da-1a-chamada-2026-dos-cursos-gratuitos-do-Programa-de-Gratuidade-com-vagas-em-diversas-areas-profissionais.jpg","contentUrl":"https:\/\/fieam.org.br\/senai\/wp-content\/uploads\/sites\/16\/2026\/01\/O-SENAI-AM-anuncia-os-aprovados-da-1a-chamada-2026-dos-cursos-gratuitos-do-Programa-de-Gratuidade-com-vagas-em-diversas-areas-profissionais.jpg","width":2000,"height":1333},{"@type":"BreadcrumbList","@id":"https:\/\/fieam.org.br\/senai\/senai-divulga-lista-de-aprovados-para-cursos-gratuitos-de-educacao-profissional\/#breadcrumb","itemListElement":[{"@type":"ListItem","position":1,"name":"In\u00edcio","item":"https:\/\/fieam.org.br\/senai\/"},{"@type":"ListItem","position":2,"name":"SENAI divulga lista de aprovados para cursos gratuitos de educa\u00e7\u00e3o profissional"}]},{"@type":"WebSite","@id":"https:\/\/fieam.org.br\/senai\/#website","url":"https:\/\/fieam.org.br\/senai\/","name":"SENAI","description":"Site Oficial!","publisher":{"@id":"https:\/\/fieam.org.br\/senai\/#organization"},"potentialAction":[{"@type":"SearchAction","target":{"@type":"EntryPoint","urlTemplate":"https:\/\/fieam.org.br\/senai\/?s={search_term_string}"},"query-input":{"@type":"PropertyValueSpecification","valueRequired":true,"valueName":"search_term_string"}}],"inLanguage":"pt-BR"},{"@type":"Organization","@id":"https:\/\/fieam.org.br\/senai\/#organization","name":"SENAI","url":"https:\/\/fieam.org.br\/senai\/","logo":{"@type":"ImageObject","inLanguage":"pt-BR","@id":"https:\/\/fieam.org.br\/senai\/#\/schema\/logo\/image\/","url":"https:\/\/fieam.org.br\/senai\/wp-content\/uploads\/sites\/16\/2024\/03\/cropped-fav.png","contentUrl":"https:\/\/fieam.org.br\/senai\/wp-content\/uploads\/sites\/16\/2024\/03\/cropped-fav.png","width":592,"height":577,"caption":"SENAI"},"image":{"@id":"https:\/\/fieam.org.br\/senai\/#\/schema\/logo\/image\/"}},{"@type":"Person","@id":"https:\/\/fieam.org.br\/senai\/#\/schema\/person\/2da52793836d1930a7ba5eb194412a29","name":"danielearaujo","image":{"@type":"ImageObject","inLanguage":"pt-BR","@id":"https:\/\/fieam.org.br\/senai\/#\/schema\/person\/image\/","url":"https:\/\/secure.gravatar.com\/avatar\/3d05aa1b7ec7a61527da2f5640dbbb4d48b79db9fb5693b998f5966d1b316426?s=96&d=mm&r=g","contentUrl":"https:\/\/secure.gravatar.com\/avatar\/3d05aa1b7ec7a61527da2f5640dbbb4d48b79db9fb5693b998f5966d1b316426?s=96&d=mm&r=g","caption":"danielearaujo"},"url":"https:\/\/fieam.org.br\/senai\/author\/danielearaujo\/"}]}},"_links":{"self":[{"href":"https:\/\/fieam.org.br\/senai\/wp-json\/wp\/v2\/posts\/14553","targetHints":{"allow":["GET"]}}],"collection":[{"href":"https:\/\/fieam.org.br\/senai\/wp-json\/wp\/v2\/posts"}],"about":[{"href":"https:\/\/fieam.org.br\/senai\/wp-json\/wp\/v2\/types\/post"}],"author":[{"embeddable":true,"href":"https:\/\/fieam.org.br\/senai\/wp-json\/wp\/v2\/users\/18"}],"replies":[{"embeddable":true,"href":"https:\/\/fieam.org.br\/senai\/wp-json\/wp\/v2\/comments?post=14553"}],"version-history":[{"count":3,"href":"https:\/\/fieam.org.br\/senai\/wp-json\/wp\/v2\/posts\/14553\/revisions"}],"predecessor-version":[{"id":14560,"href":"https:\/\/fieam.org.br\/senai\/wp-json\/wp\/v2\/posts\/14553\/revisions\/14560"}],"wp:featuredmedia":[{"embeddable":true,"href":"https:\/\/fieam.org.br\/senai\/wp-json\/wp\/v2\/media\/14549"}],"wp:attachment":[{"href":"https:\/\/fieam.org.br\/senai\/wp-json\/wp\/v2\/media?parent=14553"}],"wp:term":[{"taxonomy":"category","embeddable":true,"href":"https:\/\/fieam.org.br\/senai\/wp-json\/wp\/v2\/categories?post=14553"},{"taxonomy":"post_tag","embeddable":true,"href":"https:\/\/fieam.org.br\/senai\/wp-json\/wp\/v2\/tags?post=14553"}],"curies":[{"name":"wp","href":"https:\/\/api.w.org\/{rel}","templated":true}]}}