{"id":13815,"date":"2025-06-24T19:15:53","date_gmt":"2025-06-24T19:15:53","guid":{"rendered":"https:\/\/fieam.org.br\/senai\/?p=13815"},"modified":"2025-06-24T19:15:53","modified_gmt":"2025-06-24T19:15:53","slug":"empresas-apresentam-resultados-com-adesao-ao-programa-brasil-mais-produtivo","status":"publish","type":"post","link":"https:\/\/fieam.org.br\/senai\/empresas-apresentam-resultados-com-adesao-ao-programa-brasil-mais-produtivo\/","title":{"rendered":"Empresas apresentam resultados com ades\u00e3o ao Programa Brasil Mais Produtivo"},"content":{"rendered":"<p style=\"text-align: center\"><em>Evento realizado pelo SENAI e Sebrae reuniu 49 empresas e apresentou cases de sucesso com ganhos reais em produtividade e economia de recursos<\/em><\/p>\n<p>&nbsp;<\/p>\n<p>Sessenta e dois representantes de 49 micro e pequenas empresas participaram ontem (12) do Roadshow do Programa Brasil Mais Produtivo, promovido pelo Servi\u00e7o Nacional de Aprendizagem Industrial (SENAI Amazonas) e o Servi\u00e7o Brasileiro de Apoio \u00e0s Micro e Pequenas Empresas (Sebrae Amazonas) na sede do SENAI Amazonas. O programa \u00e9 destinado a empresas que buscam superar desafios de gest\u00e3o e produtividade, reduzir custos, produzir mais com menos, usar novas tecnologias nos processos e manter trabalhadores qualificados.<\/p>\n<p>Na ocasi\u00e3o, o diretor regional do SENAI Amazonas, Rog\u00e9rio Pereira, destacou as micro, pequenas e m\u00e9dias empresas como a base do setor industrial no pa\u00eds e que merecem o apoio estruturado do \u2018Brasil Mais Produtivo\u2019, uma pol\u00edtica p\u00fablica feliz e bem executada, com foco em consultorias, capacita\u00e7\u00e3o e transforma\u00e7\u00e3o digital. \u201cEstamos muito orgulhosos de entregar isso gratuitamente \u00e0s empresas do nosso estado, com recursos subsidiados pelo governo federal\u201d, afirmou.<\/p>\n<p>A diretora-superintendente Ananda Carvalho Normando Pessoa tamb\u00e9m ressaltou o impacto do programa: \u201cMais de 928 pequenos neg\u00f3cios j\u00e1 foram atendidos nacionalmente pela metodologia ALI (Agente Local de Inova\u00e7\u00e3o), e aqui no Amazonas temos promovido ganhos reais com foco em produtividade e efici\u00eancia. Nosso objetivo \u00e9 ajudar o empres\u00e1rio a crescer com apoio t\u00e9cnico e especializado\u201d.<\/p>\n<p>O programa do governo federal, coordenado pelo Minist\u00e9rio do Desenvolvimento, Ind\u00fastria, Com\u00e9rcio e Servi\u00e7os (MDIC), \u00e9 uma iniciativa da pol\u00edtica Nova Ind\u00fastria Brasil voltada \u00e0 produtividade e digitaliza\u00e7\u00e3o de micro, pequenas e m\u00e9dias ind\u00fastrias. No Amazonas, \u00e9 executado pelo SENAI e pelo Sebrae, com apoio da Ag\u00eancia Brasileira de Desenvolvimento Industrial (ABDI), Embrapii, Finep e BNDES.<\/p>\n<p>O evento foi uma oportunidade para apresentar os impactos do programa na ind\u00fastria amazonense, com destaque para quatro cases locais de sucesso, entre os quais o da Amazon Ervas, do setor de suplementos naturais, que reduziu despesas mensais de energia el\u00e9trica, de R$ 13 mil para menos de R$ 2 mil, ap\u00f3s a consultoria, e com eleva\u00e7\u00e3o da produtividade. \u201cHouve ganhos concretos que seguem se refletindo todos os meses. Com o apoio do SENAI, tomamos decis\u00f5es estrat\u00e9gicas que antes pareciam invi\u00e1veis. Hoje, com os custos otimizados, conseguimos investir com recursos pr\u00f3prios em novos equipamentos exigidos pela Anvisa\u201d, afirmou a diretora Marcelina Pinheiro.<\/p>\n<p>Ap\u00f3s consultoria em efici\u00eancia energ\u00e9tica, a Mery Malhas Confec\u00e7\u00f5es apresentou ganhos, com a redu\u00e7\u00e3o em 17% na conta de energia el\u00e9trica, corrigindo falhas no sistema de compressores e redes de ar comprimido, de acordo com o diretor administrativo e financeiro da empresa, Wedson Xavier.<\/p>\n<p>Localizada no munic\u00edpio de Iranduba, a Icerol Ind\u00fastria Cer\u00e2mica Rond\u00f4nia revelou ganho de 20% em produtividade na etapa de extrus\u00e3o de tijolos, ap\u00f3s mudan\u00e7as orientadas por consultores em processos e controle de qualidade da mat\u00e9ria-prima, segundo o s\u00f3cio da empresa, Paulo Funaki.<\/p>\n<p>J\u00e1 a empres\u00e1ria Kilze Krauss, diretora-executiva da CDE-Blindex (Casa dos Espelhos), representante exclusiva da marca Blindex no Amazonas, assinalou que gra\u00e7as ao programa a empresa reduziu 65% das horas de desperd\u00edcio e aumentou em 20% a produtividade, com a implanta\u00e7\u00e3o do sistema de gest\u00e3o \u00e0 vista e treinamentos em manufatura enxuta e 5S.<\/p>\n<p>Na ocasi\u00e3o, a gestora de projetos do Sebrae Nacional, Renata C\u00e2ndido, e a especialista em transforma\u00e7\u00e3o digital e inova\u00e7\u00e3o do SENAI Nacional, Tha\u00eds Larcher, detalharam a estrutura e modalidades do programa e orientaram os participantes sobre as formas de ades\u00e3o, ao recomendarem o acesso a: https:\/\/plataformaprodutividade.com.br<\/p>\n<p>No Amazonas, o Brasil Mais Produtivo atendeu 38 empresas, com consultorias conclu\u00eddas pelo SENAI e outras 20 em andamento, com meta de alcan\u00e7ar 67 atendimentos at\u00e9 o fim de 2025, sendo 63 micro e pequenas e quatro m\u00e9dias ind\u00fastrias, nas \u00e1reas de manufatura enxuta e efici\u00eancia energ\u00e9tica. Pelo Sebrae, os atendimentos ocorrem por meio da metodologia ALI, voltada \u00e0 melhoria de processos, capacita\u00e7\u00e3o e inova\u00e7\u00e3o em pequenos neg\u00f3cios. No evento de ontem 15 empresas inscreveram-se no programa.<\/p>\n","protected":false},"excerpt":{"rendered":"<p>Evento realizado pelo SENAI e Sebrae reuniu 49 empresas e apresentou cases de sucesso com ganhos reais em produtividade e economia de recursos &nbsp; Sessenta e dois representantes de 49 micro e pequenas empresas participaram ontem (12) do Roadshow do Programa Brasil Mais Produtivo, promovido pelo Servi\u00e7o Nacional de Aprendizagem Industrial (SENAI Amazonas) e o [&hellip;]<\/p>\n","protected":false},"author":9,"featured_media":13817,"comment_status":"open","ping_status":"open","sticky":false,"template":"","format":"standard","meta":{"footnotes":""},"categories":[20,21,22],"tags":[],"class_list":["post-13815","post","type-post","status-publish","format-standard","has-post-thumbnail","hentry","category-banner-destaque","category-news","category-news_destaque"],"yoast_head":"<!-- This site is optimized with the Yoast SEO plugin v26.8 - https:\/\/yoast.com\/product\/yoast-seo-wordpress\/ -->\n<title>Empresas apresentam resultados com ades\u00e3o ao Programa Brasil Mais Produtivo - SENAI<\/title>\n<meta name=\"robots\" content=\"index, follow, max-snippet:-1, max-image-preview:large, max-video-preview:-1\" \/>\n<link rel=\"canonical\" href=\"https:\/\/fieam.org.br\/senai\/empresas-apresentam-resultados-com-adesao-ao-programa-brasil-mais-produtivo\/\" \/>\n<meta property=\"og:locale\" content=\"pt_BR\" \/>\n<meta property=\"og:type\" content=\"article\" \/>\n<meta property=\"og:title\" content=\"Empresas apresentam resultados com ades\u00e3o ao Programa Brasil Mais Produtivo - SENAI\" \/>\n<meta property=\"og:description\" content=\"Evento realizado pelo SENAI e Sebrae reuniu 49 empresas e apresentou cases de sucesso com ganhos reais em produtividade e economia de recursos &nbsp; Sessenta e dois representantes de 49 micro e pequenas empresas participaram ontem (12) do Roadshow do Programa Brasil Mais Produtivo, promovido pelo Servi\u00e7o Nacional de Aprendizagem Industrial (SENAI Amazonas) e o [&hellip;]\" \/>\n<meta property=\"og:url\" content=\"https:\/\/fieam.org.br\/senai\/empresas-apresentam-resultados-com-adesao-ao-programa-brasil-mais-produtivo\/\" \/>\n<meta property=\"og:site_name\" content=\"SENAI\" \/>\n<meta property=\"article:published_time\" content=\"2025-06-24T19:15:53+00:00\" \/>\n<meta property=\"og:image\" content=\"https:\/\/fieam.org.br\/senai\/wp-content\/uploads\/sites\/16\/2025\/06\/1000765313-2.jpg\" \/>\n\t<meta property=\"og:image:width\" content=\"1600\" \/>\n\t<meta property=\"og:image:height\" content=\"1066\" \/>\n\t<meta property=\"og:image:type\" content=\"image\/jpeg\" \/>\n<meta name=\"author\" content=\"cris\" \/>\n<meta name=\"twitter:card\" content=\"summary_large_image\" \/>\n<meta name=\"twitter:creator\" content=\"@tour-virtual@fieam.org.br\" \/>\n<meta name=\"twitter:label1\" content=\"Escrito por\" \/>\n\t<meta name=\"twitter:data1\" content=\"cris\" \/>\n\t<meta name=\"twitter:label2\" content=\"Est. tempo de leitura\" \/>\n\t<meta name=\"twitter:data2\" content=\"3 minutos\" \/>\n<script type=\"application\/ld+json\" class=\"yoast-schema-graph\">{\"@context\":\"https:\/\/schema.org\",\"@graph\":[{\"@type\":\"Article\",\"@id\":\"https:\/\/fieam.org.br\/senai\/empresas-apresentam-resultados-com-adesao-ao-programa-brasil-mais-produtivo\/#article\",\"isPartOf\":{\"@id\":\"https:\/\/fieam.org.br\/senai\/empresas-apresentam-resultados-com-adesao-ao-programa-brasil-mais-produtivo\/\"},\"author\":{\"name\":\"cris\",\"@id\":\"https:\/\/fieam.org.br\/senai\/#\/schema\/person\/ff86678b986855fb9f8d2e599eab31ae\"},\"headline\":\"Empresas apresentam resultados com ades\u00e3o ao Programa Brasil Mais Produtivo\",\"datePublished\":\"2025-06-24T19:15:53+00:00\",\"mainEntityOfPage\":{\"@id\":\"https:\/\/fieam.org.br\/senai\/empresas-apresentam-resultados-com-adesao-ao-programa-brasil-mais-produtivo\/\"},\"wordCount\":705,\"commentCount\":0,\"publisher\":{\"@id\":\"https:\/\/fieam.org.br\/senai\/#organization\"},\"image\":{\"@id\":\"https:\/\/fieam.org.br\/senai\/empresas-apresentam-resultados-com-adesao-ao-programa-brasil-mais-produtivo\/#primaryimage\"},\"thumbnailUrl\":\"https:\/\/fieam.org.br\/senai\/wp-content\/uploads\/sites\/16\/2025\/06\/1000765313-2.jpg\",\"articleSection\":[\"Banner Destaque\",\"News\",\"News Destaques\"],\"inLanguage\":\"pt-BR\",\"potentialAction\":[{\"@type\":\"CommentAction\",\"name\":\"Comment\",\"target\":[\"https:\/\/fieam.org.br\/senai\/empresas-apresentam-resultados-com-adesao-ao-programa-brasil-mais-produtivo\/#respond\"]}]},{\"@type\":\"WebPage\",\"@id\":\"https:\/\/fieam.org.br\/senai\/empresas-apresentam-resultados-com-adesao-ao-programa-brasil-mais-produtivo\/\",\"url\":\"https:\/\/fieam.org.br\/senai\/empresas-apresentam-resultados-com-adesao-ao-programa-brasil-mais-produtivo\/\",\"name\":\"Empresas apresentam resultados com ades\u00e3o ao Programa Brasil Mais Produtivo - SENAI\",\"isPartOf\":{\"@id\":\"https:\/\/fieam.org.br\/senai\/#website\"},\"primaryImageOfPage\":{\"@id\":\"https:\/\/fieam.org.br\/senai\/empresas-apresentam-resultados-com-adesao-ao-programa-brasil-mais-produtivo\/#primaryimage\"},\"image\":{\"@id\":\"https:\/\/fieam.org.br\/senai\/empresas-apresentam-resultados-com-adesao-ao-programa-brasil-mais-produtivo\/#primaryimage\"},\"thumbnailUrl\":\"https:\/\/fieam.org.br\/senai\/wp-content\/uploads\/sites\/16\/2025\/06\/1000765313-2.jpg\",\"datePublished\":\"2025-06-24T19:15:53+00:00\",\"breadcrumb\":{\"@id\":\"https:\/\/fieam.org.br\/senai\/empresas-apresentam-resultados-com-adesao-ao-programa-brasil-mais-produtivo\/#breadcrumb\"},\"inLanguage\":\"pt-BR\",\"potentialAction\":[{\"@type\":\"ReadAction\",\"target\":[\"https:\/\/fieam.org.br\/senai\/empresas-apresentam-resultados-com-adesao-ao-programa-brasil-mais-produtivo\/\"]}]},{\"@type\":\"ImageObject\",\"inLanguage\":\"pt-BR\",\"@id\":\"https:\/\/fieam.org.br\/senai\/empresas-apresentam-resultados-com-adesao-ao-programa-brasil-mais-produtivo\/#primaryimage\",\"url\":\"https:\/\/fieam.org.br\/senai\/wp-content\/uploads\/sites\/16\/2025\/06\/1000765313-2.jpg\",\"contentUrl\":\"https:\/\/fieam.org.br\/senai\/wp-content\/uploads\/sites\/16\/2025\/06\/1000765313-2.jpg\",\"width\":1600,\"height\":1066},{\"@type\":\"BreadcrumbList\",\"@id\":\"https:\/\/fieam.org.br\/senai\/empresas-apresentam-resultados-com-adesao-ao-programa-brasil-mais-produtivo\/#breadcrumb\",\"itemListElement\":[{\"@type\":\"ListItem\",\"position\":1,\"name\":\"In\u00edcio\",\"item\":\"https:\/\/fieam.org.br\/senai\/\"},{\"@type\":\"ListItem\",\"position\":2,\"name\":\"Empresas apresentam resultados com ades\u00e3o ao Programa Brasil Mais Produtivo\"}]},{\"@type\":\"WebSite\",\"@id\":\"https:\/\/fieam.org.br\/senai\/#website\",\"url\":\"https:\/\/fieam.org.br\/senai\/\",\"name\":\"SENAI\",\"description\":\"Site Oficial!\",\"publisher\":{\"@id\":\"https:\/\/fieam.org.br\/senai\/#organization\"},\"potentialAction\":[{\"@type\":\"SearchAction\",\"target\":{\"@type\":\"EntryPoint\",\"urlTemplate\":\"https:\/\/fieam.org.br\/senai\/?s={search_term_string}\"},\"query-input\":{\"@type\":\"PropertyValueSpecification\",\"valueRequired\":true,\"valueName\":\"search_term_string\"}}],\"inLanguage\":\"pt-BR\"},{\"@type\":\"Organization\",\"@id\":\"https:\/\/fieam.org.br\/senai\/#organization\",\"name\":\"SENAI\",\"url\":\"https:\/\/fieam.org.br\/senai\/\",\"logo\":{\"@type\":\"ImageObject\",\"inLanguage\":\"pt-BR\",\"@id\":\"https:\/\/fieam.org.br\/senai\/#\/schema\/logo\/image\/\",\"url\":\"https:\/\/fieam.org.br\/senai\/wp-content\/uploads\/sites\/16\/2024\/03\/cropped-fav.png\",\"contentUrl\":\"https:\/\/fieam.org.br\/senai\/wp-content\/uploads\/sites\/16\/2024\/03\/cropped-fav.png\",\"width\":592,\"height\":577,\"caption\":\"SENAI\"},\"image\":{\"@id\":\"https:\/\/fieam.org.br\/senai\/#\/schema\/logo\/image\/\"}},{\"@type\":\"Person\",\"@id\":\"https:\/\/fieam.org.br\/senai\/#\/schema\/person\/ff86678b986855fb9f8d2e599eab31ae\",\"name\":\"cris\",\"image\":{\"@type\":\"ImageObject\",\"inLanguage\":\"pt-BR\",\"@id\":\"https:\/\/fieam.org.br\/senai\/#\/schema\/person\/image\/\",\"url\":\"https:\/\/secure.gravatar.com\/avatar\/e66688f9186abb74f11662d64a816c0971765b5f3721fc721afe90af108548a3?s=96&d=mm&r=g\",\"contentUrl\":\"https:\/\/secure.gravatar.com\/avatar\/e66688f9186abb74f11662d64a816c0971765b5f3721fc721afe90af108548a3?s=96&d=mm&r=g\",\"caption\":\"cris\"},\"sameAs\":[\"https:\/\/x.com\/tour-virtual@fieam.org.br\"],\"url\":\"https:\/\/fieam.org.br\/senai\/author\/cris\/\"}]}<\/script>\n<!-- \/ Yoast SEO plugin. -->","yoast_head_json":{"title":"Empresas apresentam resultados com ades\u00e3o ao Programa Brasil Mais Produtivo - SENAI","robots":{"index":"index","follow":"follow","max-snippet":"max-snippet:-1","max-image-preview":"max-image-preview:large","max-video-preview":"max-video-preview:-1"},"canonical":"https:\/\/fieam.org.br\/senai\/empresas-apresentam-resultados-com-adesao-ao-programa-brasil-mais-produtivo\/","og_locale":"pt_BR","og_type":"article","og_title":"Empresas apresentam resultados com ades\u00e3o ao Programa Brasil Mais Produtivo - SENAI","og_description":"Evento realizado pelo SENAI e Sebrae reuniu 49 empresas e apresentou cases de sucesso com ganhos reais em produtividade e economia de recursos &nbsp; Sessenta e dois representantes de 49 micro e pequenas empresas participaram ontem (12) do Roadshow do Programa Brasil Mais Produtivo, promovido pelo Servi\u00e7o Nacional de Aprendizagem Industrial (SENAI Amazonas) e o [&hellip;]","og_url":"https:\/\/fieam.org.br\/senai\/empresas-apresentam-resultados-com-adesao-ao-programa-brasil-mais-produtivo\/","og_site_name":"SENAI","article_published_time":"2025-06-24T19:15:53+00:00","og_image":[{"width":1600,"height":1066,"url":"https:\/\/fieam.org.br\/senai\/wp-content\/uploads\/sites\/16\/2025\/06\/1000765313-2.jpg","type":"image\/jpeg"}],"author":"cris","twitter_card":"summary_large_image","twitter_creator":"@tour-virtual@fieam.org.br","twitter_misc":{"Escrito por":"cris","Est. tempo de leitura":"3 minutos"},"schema":{"@context":"https:\/\/schema.org","@graph":[{"@type":"Article","@id":"https:\/\/fieam.org.br\/senai\/empresas-apresentam-resultados-com-adesao-ao-programa-brasil-mais-produtivo\/#article","isPartOf":{"@id":"https:\/\/fieam.org.br\/senai\/empresas-apresentam-resultados-com-adesao-ao-programa-brasil-mais-produtivo\/"},"author":{"name":"cris","@id":"https:\/\/fieam.org.br\/senai\/#\/schema\/person\/ff86678b986855fb9f8d2e599eab31ae"},"headline":"Empresas apresentam resultados com ades\u00e3o ao Programa Brasil Mais Produtivo","datePublished":"2025-06-24T19:15:53+00:00","mainEntityOfPage":{"@id":"https:\/\/fieam.org.br\/senai\/empresas-apresentam-resultados-com-adesao-ao-programa-brasil-mais-produtivo\/"},"wordCount":705,"commentCount":0,"publisher":{"@id":"https:\/\/fieam.org.br\/senai\/#organization"},"image":{"@id":"https:\/\/fieam.org.br\/senai\/empresas-apresentam-resultados-com-adesao-ao-programa-brasil-mais-produtivo\/#primaryimage"},"thumbnailUrl":"https:\/\/fieam.org.br\/senai\/wp-content\/uploads\/sites\/16\/2025\/06\/1000765313-2.jpg","articleSection":["Banner Destaque","News","News Destaques"],"inLanguage":"pt-BR","potentialAction":[{"@type":"CommentAction","name":"Comment","target":["https:\/\/fieam.org.br\/senai\/empresas-apresentam-resultados-com-adesao-ao-programa-brasil-mais-produtivo\/#respond"]}]},{"@type":"WebPage","@id":"https:\/\/fieam.org.br\/senai\/empresas-apresentam-resultados-com-adesao-ao-programa-brasil-mais-produtivo\/","url":"https:\/\/fieam.org.br\/senai\/empresas-apresentam-resultados-com-adesao-ao-programa-brasil-mais-produtivo\/","name":"Empresas apresentam resultados com ades\u00e3o ao Programa Brasil Mais Produtivo - SENAI","isPartOf":{"@id":"https:\/\/fieam.org.br\/senai\/#website"},"primaryImageOfPage":{"@id":"https:\/\/fieam.org.br\/senai\/empresas-apresentam-resultados-com-adesao-ao-programa-brasil-mais-produtivo\/#primaryimage"},"image":{"@id":"https:\/\/fieam.org.br\/senai\/empresas-apresentam-resultados-com-adesao-ao-programa-brasil-mais-produtivo\/#primaryimage"},"thumbnailUrl":"https:\/\/fieam.org.br\/senai\/wp-content\/uploads\/sites\/16\/2025\/06\/1000765313-2.jpg","datePublished":"2025-06-24T19:15:53+00:00","breadcrumb":{"@id":"https:\/\/fieam.org.br\/senai\/empresas-apresentam-resultados-com-adesao-ao-programa-brasil-mais-produtivo\/#breadcrumb"},"inLanguage":"pt-BR","potentialAction":[{"@type":"ReadAction","target":["https:\/\/fieam.org.br\/senai\/empresas-apresentam-resultados-com-adesao-ao-programa-brasil-mais-produtivo\/"]}]},{"@type":"ImageObject","inLanguage":"pt-BR","@id":"https:\/\/fieam.org.br\/senai\/empresas-apresentam-resultados-com-adesao-ao-programa-brasil-mais-produtivo\/#primaryimage","url":"https:\/\/fieam.org.br\/senai\/wp-content\/uploads\/sites\/16\/2025\/06\/1000765313-2.jpg","contentUrl":"https:\/\/fieam.org.br\/senai\/wp-content\/uploads\/sites\/16\/2025\/06\/1000765313-2.jpg","width":1600,"height":1066},{"@type":"BreadcrumbList","@id":"https:\/\/fieam.org.br\/senai\/empresas-apresentam-resultados-com-adesao-ao-programa-brasil-mais-produtivo\/#breadcrumb","itemListElement":[{"@type":"ListItem","position":1,"name":"In\u00edcio","item":"https:\/\/fieam.org.br\/senai\/"},{"@type":"ListItem","position":2,"name":"Empresas apresentam resultados com ades\u00e3o ao Programa Brasil Mais Produtivo"}]},{"@type":"WebSite","@id":"https:\/\/fieam.org.br\/senai\/#website","url":"https:\/\/fieam.org.br\/senai\/","name":"SENAI","description":"Site Oficial!","publisher":{"@id":"https:\/\/fieam.org.br\/senai\/#organization"},"potentialAction":[{"@type":"SearchAction","target":{"@type":"EntryPoint","urlTemplate":"https:\/\/fieam.org.br\/senai\/?s={search_term_string}"},"query-input":{"@type":"PropertyValueSpecification","valueRequired":true,"valueName":"search_term_string"}}],"inLanguage":"pt-BR"},{"@type":"Organization","@id":"https:\/\/fieam.org.br\/senai\/#organization","name":"SENAI","url":"https:\/\/fieam.org.br\/senai\/","logo":{"@type":"ImageObject","inLanguage":"pt-BR","@id":"https:\/\/fieam.org.br\/senai\/#\/schema\/logo\/image\/","url":"https:\/\/fieam.org.br\/senai\/wp-content\/uploads\/sites\/16\/2024\/03\/cropped-fav.png","contentUrl":"https:\/\/fieam.org.br\/senai\/wp-content\/uploads\/sites\/16\/2024\/03\/cropped-fav.png","width":592,"height":577,"caption":"SENAI"},"image":{"@id":"https:\/\/fieam.org.br\/senai\/#\/schema\/logo\/image\/"}},{"@type":"Person","@id":"https:\/\/fieam.org.br\/senai\/#\/schema\/person\/ff86678b986855fb9f8d2e599eab31ae","name":"cris","image":{"@type":"ImageObject","inLanguage":"pt-BR","@id":"https:\/\/fieam.org.br\/senai\/#\/schema\/person\/image\/","url":"https:\/\/secure.gravatar.com\/avatar\/e66688f9186abb74f11662d64a816c0971765b5f3721fc721afe90af108548a3?s=96&d=mm&r=g","contentUrl":"https:\/\/secure.gravatar.com\/avatar\/e66688f9186abb74f11662d64a816c0971765b5f3721fc721afe90af108548a3?s=96&d=mm&r=g","caption":"cris"},"sameAs":["https:\/\/x.com\/tour-virtual@fieam.org.br"],"url":"https:\/\/fieam.org.br\/senai\/author\/cris\/"}]}},"_links":{"self":[{"href":"https:\/\/fieam.org.br\/senai\/wp-json\/wp\/v2\/posts\/13815","targetHints":{"allow":["GET"]}}],"collection":[{"href":"https:\/\/fieam.org.br\/senai\/wp-json\/wp\/v2\/posts"}],"about":[{"href":"https:\/\/fieam.org.br\/senai\/wp-json\/wp\/v2\/types\/post"}],"author":[{"embeddable":true,"href":"https:\/\/fieam.org.br\/senai\/wp-json\/wp\/v2\/users\/9"}],"replies":[{"embeddable":true,"href":"https:\/\/fieam.org.br\/senai\/wp-json\/wp\/v2\/comments?post=13815"}],"version-history":[{"count":1,"href":"https:\/\/fieam.org.br\/senai\/wp-json\/wp\/v2\/posts\/13815\/revisions"}],"predecessor-version":[{"id":13818,"href":"https:\/\/fieam.org.br\/senai\/wp-json\/wp\/v2\/posts\/13815\/revisions\/13818"}],"wp:featuredmedia":[{"embeddable":true,"href":"https:\/\/fieam.org.br\/senai\/wp-json\/wp\/v2\/media\/13817"}],"wp:attachment":[{"href":"https:\/\/fieam.org.br\/senai\/wp-json\/wp\/v2\/media?parent=13815"}],"wp:term":[{"taxonomy":"category","embeddable":true,"href":"https:\/\/fieam.org.br\/senai\/wp-json\/wp\/v2\/categories?post=13815"},{"taxonomy":"post_tag","embeddable":true,"href":"https:\/\/fieam.org.br\/senai\/wp-json\/wp\/v2\/tags?post=13815"}],"curies":[{"name":"wp","href":"https:\/\/api.w.org\/{rel}","templated":true}]}}