{"id":13103,"date":"2024-09-09T18:23:58","date_gmt":"2024-09-09T18:23:58","guid":{"rendered":"https:\/\/fieam.org.br\/senai\/?p=13103"},"modified":"2024-10-15T18:21:40","modified_gmt":"2024-10-15T18:21:40","slug":"comunicado-de-processo-seletivo-externo-n008-2024-cargo-tecnico-de-seguranca-do-trabalho","status":"publish","type":"post","link":"https:\/\/fieam.org.br\/senai\/comunicado-de-processo-seletivo-externo-n008-2024-cargo-tecnico-de-seguranca-do-trabalho\/","title":{"rendered":"COMUNICADO DE PROCESSO SELETIVO EXTERNO &#8211; N\u00b0008-2024\/ CARGO: T\u00e9cnico de Seguran\u00e7a do Trabalho"},"content":{"rendered":"\t\t<div data-elementor-type=\"wp-post\" data-elementor-id=\"13103\" class=\"elementor elementor-13103\" data-elementor-post-type=\"post\">\n\t\t\t\t<div class=\"elementor-element elementor-element-784de1fb e-flex e-con-boxed e-con e-parent\" data-id=\"784de1fb\" data-element_type=\"container\" data-settings=\"{&quot;ekit_has_onepagescroll_dot&quot;:&quot;yes&quot;}\">\n\t\t\t\t\t<div class=\"e-con-inner\">\n\t\t\t\t<div class=\"elementor-element elementor-element-67a3455c elementor-widget elementor-widget-text-editor\" data-id=\"67a3455c\" data-element_type=\"widget\" data-settings=\"{&quot;ekit_we_effect_on&quot;:&quot;none&quot;}\" data-widget_type=\"text-editor.default\">\n\t\t\t\t<div class=\"elementor-widget-container\">\n\t\t\t\t\t\t\t\t\t<p><strong>COMUNICADO PROCESSO SELETIVO EXTERNO \u2013 N\u00ba 008-2024<\/strong><\/p><p><strong>\u00a0<\/strong><\/p><p><strong>CARGO\/OCUPA\u00c7\u00c3O: <\/strong>T\u00c9CNICO DE SEGURAN\u00c7A DO TRABALHO<\/p><p><strong>CARGA HOR\u00c1RIA MENSAL: <\/strong>220 Horas<\/p><p><strong>SAL\u00c1RIO: <\/strong>R$ 4.578,29<\/p><p>O Servi\u00e7o Nacional de Aprendizagem Industrial \u2013 SENAI, por meio da Gest\u00e3o Geral de Pessoas\/Sele\u00e7\u00e3o de Talentos do Sistema Ind\u00fastria do Estado do Amazonas (FIEAM, SESI, SENAI e IEL), abre inscri\u00e7\u00f5es para preenchimento de 1 (uma) vaga e forma\u00e7\u00e3o de cadastro reserva para lota\u00e7\u00e3o na Gest\u00e3o Geral de Pessoas\/SESMT \u2013 Servi\u00e7o Especializado em Seguran\u00e7a e Medicina do Trabalho, na cidade de Manaus.<\/p><p><a href=\"https:\/\/fieam.org.br\/senai\/wp-content\/uploads\/sites\/16\/2024\/09\/090924-1-008-2024-PSE-SESMT-CI_TSTRABALHO.pdf\">Clique aqui para obter mais informa\u00e7\u00f5es pertinentes ao processo<\/a><\/p><p><a href=\"https:\/\/fieam.org.br\/senai\/wp-content\/uploads\/sites\/16\/2024\/09\/CADASTRO-INICIAL-NOVO.pdf\">Formul\u00e1rio de Cadastro Inicial<\/a><\/p><p><a href=\"https:\/\/fieam.org.br\/senai\/wp-content\/uploads\/sites\/16\/2024\/09\/Formulario-para-interposicao-de-recurso_V2.pdf\">Formul\u00e1rio para Interposi\u00e7\u00e3o de Recurso<\/a><\/p><p><a href=\"https:\/\/fieam.org.br\/senai\/wp-content\/uploads\/sites\/16\/2024\/09\/Formulario-protocolo-de-entrega-de-documentos-novo.pdf\">Protocolo de Entrega de Documentos<\/a><\/p><p><a href=\"https:\/\/fieam.org.br\/senai\/wp-content\/uploads\/sites\/16\/2024\/09\/16.09.24_RETIFICACAO-DO-CRONOGRAMA-002.pdf\">Retifica\u00e7\u00e3o do Cronograma<\/a><\/p><p><a href=\"https:\/\/fieam.org.br\/senai\/wp-content\/uploads\/sites\/16\/2024\/09\/180924-3-008-2024-RESULT.-PARCIAL-PSE-SESMT-CI_TSTRABALHO.pdf\">Resultado Parcial An\u00e1lise Documental &#8211; Etapa 1<\/a><\/p><p><a href=\"https:\/\/fieam.org.br\/senai\/wp-content\/uploads\/sites\/16\/2024\/09\/240924-4-008-2024-RESULT.-FINAL-PSE-SESMT-CI_TSTRABALHO.pdf\">Resultado Final An\u00e1lise Documental &#8211; Etapa 1<\/a><\/p><p><a href=\"https:\/\/fieam.org.br\/senai\/wp-content\/uploads\/sites\/16\/2024\/09\/260924-5-008-2024-RESULT.-PARCIAL-PSE-SESMT-CI_TSTRABALHO.pdf\">Resultado Parcial Prova Te\u00f3rica &#8211; Etapa 2<\/a><\/p><p><a href=\"https:\/\/fieam.org.br\/senai\/wp-content\/uploads\/sites\/16\/2024\/10\/021024-6-008-2024-RESULT.-FINAL-PROVA-TEORICA-PSE-SESMT-CI_TSTRABALHO.pdf\">Resultado Final Prova Te\u00f3rica &#8211; Etapa 2<\/a><\/p><p><a href=\"https:\/\/fieam.org.br\/senai\/wp-content\/uploads\/sites\/16\/2024\/10\/041024-7-008-2024-RESULT.-PARCIAL-ENTREVISTA-PSE-SESMT-CI_TSTRABALHO.pdf\">Resultado Parcial Entrevista Comportamental\/T\u00e9cnica &#8211; Etapa 3<\/a><\/p><p><a href=\"https:\/\/fieam.org.br\/senai\/wp-content\/uploads\/sites\/16\/2024\/10\/151024-8-008-2024-Resultado-Final-ENTREVISTA-PSE-SESMT-CI_TSTRABALHO.pdf\">Resultado Final Entrevista Comportamental\/T\u00e9cnica &#8211; Etapa 3<\/a><\/p>\t\t\t\t\t\t\t\t<\/div>\n\t\t\t\t<\/div>\n\t\t\t\t\t<\/div>\n\t\t\t\t<\/div>\n\t\t\t\t<\/div>\n\t\t","protected":false},"excerpt":{"rendered":"<p>COMUNICADO PROCESSO SELETIVO EXTERNO \u2013 N\u00ba 008-2024 \u00a0 CARGO\/OCUPA\u00c7\u00c3O: T\u00c9CNICO DE SEGURAN\u00c7A DO TRABALHO CARGA HOR\u00c1RIA MENSAL: 220 Horas SAL\u00c1RIO: R$ 4.578,29 O Servi\u00e7o Nacional de Aprendizagem Industrial \u2013 SENAI, por meio da Gest\u00e3o Geral de Pessoas\/Sele\u00e7\u00e3o de Talentos do Sistema Ind\u00fastria do Estado do Amazonas (FIEAM, SESI, SENAI e IEL), abre inscri\u00e7\u00f5es para preenchimento [&hellip;]<\/p>\n","protected":false},"author":10,"featured_media":11204,"comment_status":"open","ping_status":"open","sticky":false,"template":"","format":"standard","meta":{"footnotes":""},"categories":[24],"tags":[],"class_list":["post-13103","post","type-post","status-publish","format-standard","has-post-thumbnail","hentry","category-selecao"],"yoast_head":"<!-- This site is optimized with the Yoast SEO plugin v26.8 - https:\/\/yoast.com\/product\/yoast-seo-wordpress\/ -->\n<title>COMUNICADO DE PROCESSO SELETIVO EXTERNO - N\u00b0008-2024\/ CARGO: T\u00e9cnico de Seguran\u00e7a do Trabalho - SENAI<\/title>\n<meta name=\"robots\" content=\"index, follow, max-snippet:-1, max-image-preview:large, max-video-preview:-1\" \/>\n<link rel=\"canonical\" href=\"https:\/\/fieam.org.br\/senai\/comunicado-de-processo-seletivo-externo-n008-2024-cargo-tecnico-de-seguranca-do-trabalho\/\" \/>\n<meta property=\"og:locale\" content=\"pt_BR\" \/>\n<meta property=\"og:type\" content=\"article\" \/>\n<meta property=\"og:title\" content=\"COMUNICADO DE PROCESSO SELETIVO EXTERNO - N\u00b0008-2024\/ CARGO: T\u00e9cnico de Seguran\u00e7a do Trabalho - SENAI\" \/>\n<meta property=\"og:description\" content=\"COMUNICADO PROCESSO SELETIVO EXTERNO \u2013 N\u00ba 008-2024 \u00a0 CARGO\/OCUPA\u00c7\u00c3O: T\u00c9CNICO DE SEGURAN\u00c7A DO TRABALHO CARGA HOR\u00c1RIA MENSAL: 220 Horas SAL\u00c1RIO: R$ 4.578,29 O Servi\u00e7o Nacional de Aprendizagem Industrial \u2013 SENAI, por meio da Gest\u00e3o Geral de Pessoas\/Sele\u00e7\u00e3o de Talentos do Sistema Ind\u00fastria do Estado do Amazonas (FIEAM, SESI, SENAI e IEL), abre inscri\u00e7\u00f5es para preenchimento [&hellip;]\" \/>\n<meta property=\"og:url\" content=\"https:\/\/fieam.org.br\/senai\/comunicado-de-processo-seletivo-externo-n008-2024-cargo-tecnico-de-seguranca-do-trabalho\/\" \/>\n<meta property=\"og:site_name\" content=\"SENAI\" \/>\n<meta property=\"article:published_time\" content=\"2024-09-09T18:23:58+00:00\" \/>\n<meta property=\"article:modified_time\" content=\"2024-10-15T18:21:40+00:00\" \/>\n<meta property=\"og:image\" content=\"https:\/\/fieam.org.br\/senai\/wp-content\/uploads\/sites\/16\/2022\/10\/SENAI-SELECAO-DE-TALENTOS-PERFIL-PUBLICACAO-SENAI.jpg\" \/>\n\t<meta property=\"og:image:width\" content=\"1080\" \/>\n\t<meta property=\"og:image:height\" content=\"1080\" \/>\n\t<meta property=\"og:image:type\" content=\"image\/jpeg\" \/>\n<meta name=\"author\" content=\"renatanascimento\" \/>\n<meta name=\"twitter:card\" content=\"summary_large_image\" \/>\n<meta name=\"twitter:label1\" content=\"Escrito por\" \/>\n\t<meta name=\"twitter:data1\" content=\"renatanascimento\" \/>\n\t<meta name=\"twitter:label2\" content=\"Est. tempo de leitura\" \/>\n\t<meta name=\"twitter:data2\" content=\"1 minuto\" \/>\n<script type=\"application\/ld+json\" class=\"yoast-schema-graph\">{\"@context\":\"https:\/\/schema.org\",\"@graph\":[{\"@type\":\"Article\",\"@id\":\"https:\/\/fieam.org.br\/senai\/comunicado-de-processo-seletivo-externo-n008-2024-cargo-tecnico-de-seguranca-do-trabalho\/#article\",\"isPartOf\":{\"@id\":\"https:\/\/fieam.org.br\/senai\/comunicado-de-processo-seletivo-externo-n008-2024-cargo-tecnico-de-seguranca-do-trabalho\/\"},\"author\":{\"name\":\"renatanascimento\",\"@id\":\"https:\/\/fieam.org.br\/senai\/#\/schema\/person\/e8d01493455a4a139cdd2515461d480e\"},\"headline\":\"COMUNICADO DE PROCESSO SELETIVO EXTERNO &#8211; N\u00b0008-2024\/ CARGO: T\u00e9cnico de Seguran\u00e7a do Trabalho\",\"datePublished\":\"2024-09-09T18:23:58+00:00\",\"dateModified\":\"2024-10-15T18:21:40+00:00\",\"mainEntityOfPage\":{\"@id\":\"https:\/\/fieam.org.br\/senai\/comunicado-de-processo-seletivo-externo-n008-2024-cargo-tecnico-de-seguranca-do-trabalho\/\"},\"wordCount\":186,\"commentCount\":0,\"publisher\":{\"@id\":\"https:\/\/fieam.org.br\/senai\/#organization\"},\"image\":{\"@id\":\"https:\/\/fieam.org.br\/senai\/comunicado-de-processo-seletivo-externo-n008-2024-cargo-tecnico-de-seguranca-do-trabalho\/#primaryimage\"},\"thumbnailUrl\":\"https:\/\/fieam.org.br\/senai\/wp-content\/uploads\/sites\/16\/2022\/10\/SENAI-SELECAO-DE-TALENTOS-PERFIL-PUBLICACAO-SENAI.jpg\",\"articleSection\":[\"selecao\"],\"inLanguage\":\"pt-BR\",\"potentialAction\":[{\"@type\":\"CommentAction\",\"name\":\"Comment\",\"target\":[\"https:\/\/fieam.org.br\/senai\/comunicado-de-processo-seletivo-externo-n008-2024-cargo-tecnico-de-seguranca-do-trabalho\/#respond\"]}]},{\"@type\":\"WebPage\",\"@id\":\"https:\/\/fieam.org.br\/senai\/comunicado-de-processo-seletivo-externo-n008-2024-cargo-tecnico-de-seguranca-do-trabalho\/\",\"url\":\"https:\/\/fieam.org.br\/senai\/comunicado-de-processo-seletivo-externo-n008-2024-cargo-tecnico-de-seguranca-do-trabalho\/\",\"name\":\"COMUNICADO DE PROCESSO SELETIVO EXTERNO - N\u00b0008-2024\/ CARGO: T\u00e9cnico de Seguran\u00e7a do Trabalho - SENAI\",\"isPartOf\":{\"@id\":\"https:\/\/fieam.org.br\/senai\/#website\"},\"primaryImageOfPage\":{\"@id\":\"https:\/\/fieam.org.br\/senai\/comunicado-de-processo-seletivo-externo-n008-2024-cargo-tecnico-de-seguranca-do-trabalho\/#primaryimage\"},\"image\":{\"@id\":\"https:\/\/fieam.org.br\/senai\/comunicado-de-processo-seletivo-externo-n008-2024-cargo-tecnico-de-seguranca-do-trabalho\/#primaryimage\"},\"thumbnailUrl\":\"https:\/\/fieam.org.br\/senai\/wp-content\/uploads\/sites\/16\/2022\/10\/SENAI-SELECAO-DE-TALENTOS-PERFIL-PUBLICACAO-SENAI.jpg\",\"datePublished\":\"2024-09-09T18:23:58+00:00\",\"dateModified\":\"2024-10-15T18:21:40+00:00\",\"breadcrumb\":{\"@id\":\"https:\/\/fieam.org.br\/senai\/comunicado-de-processo-seletivo-externo-n008-2024-cargo-tecnico-de-seguranca-do-trabalho\/#breadcrumb\"},\"inLanguage\":\"pt-BR\",\"potentialAction\":[{\"@type\":\"ReadAction\",\"target\":[\"https:\/\/fieam.org.br\/senai\/comunicado-de-processo-seletivo-externo-n008-2024-cargo-tecnico-de-seguranca-do-trabalho\/\"]}]},{\"@type\":\"ImageObject\",\"inLanguage\":\"pt-BR\",\"@id\":\"https:\/\/fieam.org.br\/senai\/comunicado-de-processo-seletivo-externo-n008-2024-cargo-tecnico-de-seguranca-do-trabalho\/#primaryimage\",\"url\":\"https:\/\/fieam.org.br\/senai\/wp-content\/uploads\/sites\/16\/2022\/10\/SENAI-SELECAO-DE-TALENTOS-PERFIL-PUBLICACAO-SENAI.jpg\",\"contentUrl\":\"https:\/\/fieam.org.br\/senai\/wp-content\/uploads\/sites\/16\/2022\/10\/SENAI-SELECAO-DE-TALENTOS-PERFIL-PUBLICACAO-SENAI.jpg\",\"width\":1080,\"height\":1080},{\"@type\":\"BreadcrumbList\",\"@id\":\"https:\/\/fieam.org.br\/senai\/comunicado-de-processo-seletivo-externo-n008-2024-cargo-tecnico-de-seguranca-do-trabalho\/#breadcrumb\",\"itemListElement\":[{\"@type\":\"ListItem\",\"position\":1,\"name\":\"In\u00edcio\",\"item\":\"https:\/\/fieam.org.br\/senai\/\"},{\"@type\":\"ListItem\",\"position\":2,\"name\":\"COMUNICADO DE PROCESSO SELETIVO EXTERNO &#8211; N\u00b0008-2024\/ CARGO: T\u00e9cnico de Seguran\u00e7a do Trabalho\"}]},{\"@type\":\"WebSite\",\"@id\":\"https:\/\/fieam.org.br\/senai\/#website\",\"url\":\"https:\/\/fieam.org.br\/senai\/\",\"name\":\"SENAI\",\"description\":\"Site Oficial!\",\"publisher\":{\"@id\":\"https:\/\/fieam.org.br\/senai\/#organization\"},\"potentialAction\":[{\"@type\":\"SearchAction\",\"target\":{\"@type\":\"EntryPoint\",\"urlTemplate\":\"https:\/\/fieam.org.br\/senai\/?s={search_term_string}\"},\"query-input\":{\"@type\":\"PropertyValueSpecification\",\"valueRequired\":true,\"valueName\":\"search_term_string\"}}],\"inLanguage\":\"pt-BR\"},{\"@type\":\"Organization\",\"@id\":\"https:\/\/fieam.org.br\/senai\/#organization\",\"name\":\"SENAI\",\"url\":\"https:\/\/fieam.org.br\/senai\/\",\"logo\":{\"@type\":\"ImageObject\",\"inLanguage\":\"pt-BR\",\"@id\":\"https:\/\/fieam.org.br\/senai\/#\/schema\/logo\/image\/\",\"url\":\"https:\/\/fieam.org.br\/senai\/wp-content\/uploads\/sites\/16\/2024\/03\/cropped-fav.png\",\"contentUrl\":\"https:\/\/fieam.org.br\/senai\/wp-content\/uploads\/sites\/16\/2024\/03\/cropped-fav.png\",\"width\":592,\"height\":577,\"caption\":\"SENAI\"},\"image\":{\"@id\":\"https:\/\/fieam.org.br\/senai\/#\/schema\/logo\/image\/\"}},{\"@type\":\"Person\",\"@id\":\"https:\/\/fieam.org.br\/senai\/#\/schema\/person\/e8d01493455a4a139cdd2515461d480e\",\"name\":\"renatanascimento\",\"image\":{\"@type\":\"ImageObject\",\"inLanguage\":\"pt-BR\",\"@id\":\"https:\/\/fieam.org.br\/senai\/#\/schema\/person\/image\/\",\"url\":\"https:\/\/secure.gravatar.com\/avatar\/93de15dc95baaa908fed52352fb797e95971f7518700a292d0fc7ad450ae039d?s=96&d=mm&r=g\",\"contentUrl\":\"https:\/\/secure.gravatar.com\/avatar\/93de15dc95baaa908fed52352fb797e95971f7518700a292d0fc7ad450ae039d?s=96&d=mm&r=g\",\"caption\":\"renatanascimento\"},\"url\":\"https:\/\/fieam.org.br\/senai\/author\/renatanascimento\/\"}]}<\/script>\n<!-- \/ Yoast SEO plugin. -->","yoast_head_json":{"title":"COMUNICADO DE PROCESSO SELETIVO EXTERNO - N\u00b0008-2024\/ CARGO: T\u00e9cnico de Seguran\u00e7a do Trabalho - SENAI","robots":{"index":"index","follow":"follow","max-snippet":"max-snippet:-1","max-image-preview":"max-image-preview:large","max-video-preview":"max-video-preview:-1"},"canonical":"https:\/\/fieam.org.br\/senai\/comunicado-de-processo-seletivo-externo-n008-2024-cargo-tecnico-de-seguranca-do-trabalho\/","og_locale":"pt_BR","og_type":"article","og_title":"COMUNICADO DE PROCESSO SELETIVO EXTERNO - N\u00b0008-2024\/ CARGO: T\u00e9cnico de Seguran\u00e7a do Trabalho - SENAI","og_description":"COMUNICADO PROCESSO SELETIVO EXTERNO \u2013 N\u00ba 008-2024 \u00a0 CARGO\/OCUPA\u00c7\u00c3O: T\u00c9CNICO DE SEGURAN\u00c7A DO TRABALHO CARGA HOR\u00c1RIA MENSAL: 220 Horas SAL\u00c1RIO: R$ 4.578,29 O Servi\u00e7o Nacional de Aprendizagem Industrial \u2013 SENAI, por meio da Gest\u00e3o Geral de Pessoas\/Sele\u00e7\u00e3o de Talentos do Sistema Ind\u00fastria do Estado do Amazonas (FIEAM, SESI, SENAI e IEL), abre inscri\u00e7\u00f5es para preenchimento [&hellip;]","og_url":"https:\/\/fieam.org.br\/senai\/comunicado-de-processo-seletivo-externo-n008-2024-cargo-tecnico-de-seguranca-do-trabalho\/","og_site_name":"SENAI","article_published_time":"2024-09-09T18:23:58+00:00","article_modified_time":"2024-10-15T18:21:40+00:00","og_image":[{"width":1080,"height":1080,"url":"https:\/\/fieam.org.br\/senai\/wp-content\/uploads\/sites\/16\/2022\/10\/SENAI-SELECAO-DE-TALENTOS-PERFIL-PUBLICACAO-SENAI.jpg","type":"image\/jpeg"}],"author":"renatanascimento","twitter_card":"summary_large_image","twitter_misc":{"Escrito por":"renatanascimento","Est. tempo de leitura":"1 minuto"},"schema":{"@context":"https:\/\/schema.org","@graph":[{"@type":"Article","@id":"https:\/\/fieam.org.br\/senai\/comunicado-de-processo-seletivo-externo-n008-2024-cargo-tecnico-de-seguranca-do-trabalho\/#article","isPartOf":{"@id":"https:\/\/fieam.org.br\/senai\/comunicado-de-processo-seletivo-externo-n008-2024-cargo-tecnico-de-seguranca-do-trabalho\/"},"author":{"name":"renatanascimento","@id":"https:\/\/fieam.org.br\/senai\/#\/schema\/person\/e8d01493455a4a139cdd2515461d480e"},"headline":"COMUNICADO DE PROCESSO SELETIVO EXTERNO &#8211; N\u00b0008-2024\/ CARGO: T\u00e9cnico de Seguran\u00e7a do Trabalho","datePublished":"2024-09-09T18:23:58+00:00","dateModified":"2024-10-15T18:21:40+00:00","mainEntityOfPage":{"@id":"https:\/\/fieam.org.br\/senai\/comunicado-de-processo-seletivo-externo-n008-2024-cargo-tecnico-de-seguranca-do-trabalho\/"},"wordCount":186,"commentCount":0,"publisher":{"@id":"https:\/\/fieam.org.br\/senai\/#organization"},"image":{"@id":"https:\/\/fieam.org.br\/senai\/comunicado-de-processo-seletivo-externo-n008-2024-cargo-tecnico-de-seguranca-do-trabalho\/#primaryimage"},"thumbnailUrl":"https:\/\/fieam.org.br\/senai\/wp-content\/uploads\/sites\/16\/2022\/10\/SENAI-SELECAO-DE-TALENTOS-PERFIL-PUBLICACAO-SENAI.jpg","articleSection":["selecao"],"inLanguage":"pt-BR","potentialAction":[{"@type":"CommentAction","name":"Comment","target":["https:\/\/fieam.org.br\/senai\/comunicado-de-processo-seletivo-externo-n008-2024-cargo-tecnico-de-seguranca-do-trabalho\/#respond"]}]},{"@type":"WebPage","@id":"https:\/\/fieam.org.br\/senai\/comunicado-de-processo-seletivo-externo-n008-2024-cargo-tecnico-de-seguranca-do-trabalho\/","url":"https:\/\/fieam.org.br\/senai\/comunicado-de-processo-seletivo-externo-n008-2024-cargo-tecnico-de-seguranca-do-trabalho\/","name":"COMUNICADO DE PROCESSO SELETIVO EXTERNO - N\u00b0008-2024\/ CARGO: T\u00e9cnico de Seguran\u00e7a do Trabalho - SENAI","isPartOf":{"@id":"https:\/\/fieam.org.br\/senai\/#website"},"primaryImageOfPage":{"@id":"https:\/\/fieam.org.br\/senai\/comunicado-de-processo-seletivo-externo-n008-2024-cargo-tecnico-de-seguranca-do-trabalho\/#primaryimage"},"image":{"@id":"https:\/\/fieam.org.br\/senai\/comunicado-de-processo-seletivo-externo-n008-2024-cargo-tecnico-de-seguranca-do-trabalho\/#primaryimage"},"thumbnailUrl":"https:\/\/fieam.org.br\/senai\/wp-content\/uploads\/sites\/16\/2022\/10\/SENAI-SELECAO-DE-TALENTOS-PERFIL-PUBLICACAO-SENAI.jpg","datePublished":"2024-09-09T18:23:58+00:00","dateModified":"2024-10-15T18:21:40+00:00","breadcrumb":{"@id":"https:\/\/fieam.org.br\/senai\/comunicado-de-processo-seletivo-externo-n008-2024-cargo-tecnico-de-seguranca-do-trabalho\/#breadcrumb"},"inLanguage":"pt-BR","potentialAction":[{"@type":"ReadAction","target":["https:\/\/fieam.org.br\/senai\/comunicado-de-processo-seletivo-externo-n008-2024-cargo-tecnico-de-seguranca-do-trabalho\/"]}]},{"@type":"ImageObject","inLanguage":"pt-BR","@id":"https:\/\/fieam.org.br\/senai\/comunicado-de-processo-seletivo-externo-n008-2024-cargo-tecnico-de-seguranca-do-trabalho\/#primaryimage","url":"https:\/\/fieam.org.br\/senai\/wp-content\/uploads\/sites\/16\/2022\/10\/SENAI-SELECAO-DE-TALENTOS-PERFIL-PUBLICACAO-SENAI.jpg","contentUrl":"https:\/\/fieam.org.br\/senai\/wp-content\/uploads\/sites\/16\/2022\/10\/SENAI-SELECAO-DE-TALENTOS-PERFIL-PUBLICACAO-SENAI.jpg","width":1080,"height":1080},{"@type":"BreadcrumbList","@id":"https:\/\/fieam.org.br\/senai\/comunicado-de-processo-seletivo-externo-n008-2024-cargo-tecnico-de-seguranca-do-trabalho\/#breadcrumb","itemListElement":[{"@type":"ListItem","position":1,"name":"In\u00edcio","item":"https:\/\/fieam.org.br\/senai\/"},{"@type":"ListItem","position":2,"name":"COMUNICADO DE PROCESSO SELETIVO EXTERNO &#8211; N\u00b0008-2024\/ CARGO: T\u00e9cnico de Seguran\u00e7a do Trabalho"}]},{"@type":"WebSite","@id":"https:\/\/fieam.org.br\/senai\/#website","url":"https:\/\/fieam.org.br\/senai\/","name":"SENAI","description":"Site Oficial!","publisher":{"@id":"https:\/\/fieam.org.br\/senai\/#organization"},"potentialAction":[{"@type":"SearchAction","target":{"@type":"EntryPoint","urlTemplate":"https:\/\/fieam.org.br\/senai\/?s={search_term_string}"},"query-input":{"@type":"PropertyValueSpecification","valueRequired":true,"valueName":"search_term_string"}}],"inLanguage":"pt-BR"},{"@type":"Organization","@id":"https:\/\/fieam.org.br\/senai\/#organization","name":"SENAI","url":"https:\/\/fieam.org.br\/senai\/","logo":{"@type":"ImageObject","inLanguage":"pt-BR","@id":"https:\/\/fieam.org.br\/senai\/#\/schema\/logo\/image\/","url":"https:\/\/fieam.org.br\/senai\/wp-content\/uploads\/sites\/16\/2024\/03\/cropped-fav.png","contentUrl":"https:\/\/fieam.org.br\/senai\/wp-content\/uploads\/sites\/16\/2024\/03\/cropped-fav.png","width":592,"height":577,"caption":"SENAI"},"image":{"@id":"https:\/\/fieam.org.br\/senai\/#\/schema\/logo\/image\/"}},{"@type":"Person","@id":"https:\/\/fieam.org.br\/senai\/#\/schema\/person\/e8d01493455a4a139cdd2515461d480e","name":"renatanascimento","image":{"@type":"ImageObject","inLanguage":"pt-BR","@id":"https:\/\/fieam.org.br\/senai\/#\/schema\/person\/image\/","url":"https:\/\/secure.gravatar.com\/avatar\/93de15dc95baaa908fed52352fb797e95971f7518700a292d0fc7ad450ae039d?s=96&d=mm&r=g","contentUrl":"https:\/\/secure.gravatar.com\/avatar\/93de15dc95baaa908fed52352fb797e95971f7518700a292d0fc7ad450ae039d?s=96&d=mm&r=g","caption":"renatanascimento"},"url":"https:\/\/fieam.org.br\/senai\/author\/renatanascimento\/"}]}},"_links":{"self":[{"href":"https:\/\/fieam.org.br\/senai\/wp-json\/wp\/v2\/posts\/13103","targetHints":{"allow":["GET"]}}],"collection":[{"href":"https:\/\/fieam.org.br\/senai\/wp-json\/wp\/v2\/posts"}],"about":[{"href":"https:\/\/fieam.org.br\/senai\/wp-json\/wp\/v2\/types\/post"}],"author":[{"embeddable":true,"href":"https:\/\/fieam.org.br\/senai\/wp-json\/wp\/v2\/users\/10"}],"replies":[{"embeddable":true,"href":"https:\/\/fieam.org.br\/senai\/wp-json\/wp\/v2\/comments?post=13103"}],"version-history":[{"count":21,"href":"https:\/\/fieam.org.br\/senai\/wp-json\/wp\/v2\/posts\/13103\/revisions"}],"predecessor-version":[{"id":13185,"href":"https:\/\/fieam.org.br\/senai\/wp-json\/wp\/v2\/posts\/13103\/revisions\/13185"}],"wp:featuredmedia":[{"embeddable":true,"href":"https:\/\/fieam.org.br\/senai\/wp-json\/wp\/v2\/media\/11204"}],"wp:attachment":[{"href":"https:\/\/fieam.org.br\/senai\/wp-json\/wp\/v2\/media?parent=13103"}],"wp:term":[{"taxonomy":"category","embeddable":true,"href":"https:\/\/fieam.org.br\/senai\/wp-json\/wp\/v2\/categories?post=13103"},{"taxonomy":"post_tag","embeddable":true,"href":"https:\/\/fieam.org.br\/senai\/wp-json\/wp\/v2\/tags?post=13103"}],"curies":[{"name":"wp","href":"https:\/\/api.w.org\/{rel}","templated":true}]}}