{"id":12843,"date":"2024-07-22T15:33:42","date_gmt":"2024-07-22T15:33:42","guid":{"rendered":"https:\/\/fieam.org.br\/senai\/?p=12843"},"modified":"2024-07-22T15:33:42","modified_gmt":"2024-07-22T15:33:42","slug":"senai-anuncia-curso-de-instalacao-de-gnv","status":"publish","type":"post","link":"https:\/\/fieam.org.br\/senai\/senai-anuncia-curso-de-instalacao-de-gnv\/","title":{"rendered":"SENAI anuncia curso de instala\u00e7\u00e3o de GNV"},"content":{"rendered":"<p>A Escola SENAI Waldemiro Lustoza est\u00e1 com matr\u00edculas abertas para o novo curso de Instalador de G\u00e1s Natural Veicular, com in\u00edcio previsto para 9 de setembro, na escola localizada no bairro Cachoeirinha. O an\u00fancio foi feito pelo coordenador da escola, professor Jos\u00e9 Alan Moreira.<\/p>\n<p>\u201cO curso de GNV (G\u00e1s Natural Veicular), em parceria com a empresa WDG, na Escola SENAI Waldemiro Lustoza, oferece uma excelente oportunidade para profissionais em mec\u00e2nica automotiva. Ao especializarem-se na instala\u00e7\u00e3o e manuten\u00e7\u00e3o de GNV, esses profissionais podem atender a uma demanda crescente por ve\u00edculos mais econ\u00f4micos e ecologicamente corretos\u201d, ressalta o coordenador da escola.<\/p>\n<p><img fetchpriority=\"high\" decoding=\"async\" class=\" wp-image-12846 alignleft\" src=\"https:\/\/fieam.org.br\/senai\/wp-content\/uploads\/sites\/16\/2024\/07\/Coordenador-do-SENAI-Alan-Moreira-a-esquerda-e-o-instrutor-Wallace-Silva-300x200.jpg\" alt=\"\" width=\"474\" height=\"316\" srcset=\"https:\/\/fieam.org.br\/senai\/wp-content\/uploads\/sites\/16\/2024\/07\/Coordenador-do-SENAI-Alan-Moreira-a-esquerda-e-o-instrutor-Wallace-Silva-300x200.jpg 300w, https:\/\/fieam.org.br\/senai\/wp-content\/uploads\/sites\/16\/2024\/07\/Coordenador-do-SENAI-Alan-Moreira-a-esquerda-e-o-instrutor-Wallace-Silva-1024x683.jpg 1024w, https:\/\/fieam.org.br\/senai\/wp-content\/uploads\/sites\/16\/2024\/07\/Coordenador-do-SENAI-Alan-Moreira-a-esquerda-e-o-instrutor-Wallace-Silva-768x512.jpg 768w, https:\/\/fieam.org.br\/senai\/wp-content\/uploads\/sites\/16\/2024\/07\/Coordenador-do-SENAI-Alan-Moreira-a-esquerda-e-o-instrutor-Wallace-Silva.jpg 1500w\" sizes=\"(max-width: 474px) 100vw, 474px\" \/>Segundo Moreira, a parceria com a WDG, empresa renomada no setor automotivo e g\u00e1s natural veicular, garante acesso a tecnologias avan\u00e7adas e pr\u00e1ticas atualizadas do mercado. Al\u00e9m disso, o curso proporciona uma vantagem competitiva, permitindo que os profissionais ampliem seu leque de servi\u00e7os e alcancem novos clientes, diz Jos\u00e9 Alan.<\/p>\n<p>\u201cA forma\u00e7\u00e3o no SENAI, reconhecida pela sua qualidade e relev\u00e2ncia, valoriza ainda mais o curr\u00edculo do profissional, aumentando suas chances de empregabilidade e potencial de crescimento na carreira\u201d, acrescenta.<\/p>\n<p>O engenheiro mec\u00e2nico e instrutor da WDG Automotiva, Wallace Silva, disse que o SENAI \u00e9 a institui\u00e7\u00e3o que lan\u00e7ou esse curso em primeira m\u00e3o por conta da necessidade do mercado profissional na \u00e1rea. \u201cA gente acredita que hoje o mercado est\u00e1 competitivo e, com o aumento de pre\u00e7o da gasolina, h\u00e1 uma car\u00eancia de profissional capacitado, certificado, para atender as empresas da \u00e1rea. As empresas est\u00e3o necessitando de um profissional que tenha essa capacita\u00e7\u00e3o que o SENAI est\u00e1 oferecendo nesse momento\u201d, disse o instrutor.<\/p>\n<p>O instrutor acredita que o curso veio em boa hora, principalmente para aquela pessoa que precisa enriquecer o seu leque de conhecimento na carreira. \u201cPor ser credenciado no conselho, a pessoa que fizer o esse curso, ir\u00e1 adquirir conhecimento para lidar com o sistema de g\u00e1s natural veicular. O eletricista, o mec\u00e2nico, por n\u00e3o ter conhecimento do uso do g\u00e1s natural veicular nos carros automotores, perde muitas vezes o servi\u00e7o\u201d, diz.<\/p>\n<p><img decoding=\"async\" class=\"alignnone  wp-image-12845\" src=\"https:\/\/fieam.org.br\/senai\/wp-content\/uploads\/sites\/16\/2024\/07\/Kit-veicular-utilizado-no-curso-de-Instalador-de-GNV-300x225.jpg\" alt=\"\" width=\"851\" height=\"638\" srcset=\"https:\/\/fieam.org.br\/senai\/wp-content\/uploads\/sites\/16\/2024\/07\/Kit-veicular-utilizado-no-curso-de-Instalador-de-GNV-300x225.jpg 300w, https:\/\/fieam.org.br\/senai\/wp-content\/uploads\/sites\/16\/2024\/07\/Kit-veicular-utilizado-no-curso-de-Instalador-de-GNV-1024x768.jpg 1024w, https:\/\/fieam.org.br\/senai\/wp-content\/uploads\/sites\/16\/2024\/07\/Kit-veicular-utilizado-no-curso-de-Instalador-de-GNV-768x576.jpg 768w, https:\/\/fieam.org.br\/senai\/wp-content\/uploads\/sites\/16\/2024\/07\/Kit-veicular-utilizado-no-curso-de-Instalador-de-GNV.jpg 1500w\" sizes=\"(max-width: 851px) 100vw, 851px\" \/><\/p>\n<p>Silva tamb\u00e9m explica que, mesmo certificada, a pessoa n\u00e3o pode atuar de qualquer jeito, em qualquer lugar. Para atuar na \u00e1rea, o profissional precisa estar em uma empresa credenciada pelo Inmetro e, segundo ele, s\u00f3 existem em Manaus apenas tr\u00eas ou quatro empresas. \u201cVoc\u00ea vai se tornar um instalador do kit GNV, mas ainda n\u00e3o pode atuar sem autoriza\u00e7\u00e3o do Inmetro, voc\u00ea tem que procurar uma empresa que trabalhe no ramo GNV para se empregar, n\u00e3o pode instalar na sua casa. N\u00e3o basta estar apto, tem que estar em uma empresa credenciada\u201d, diz.<\/p>\n<p>O instrutor tamb\u00e9m alerta a todos que buscam esses profissionais para realizarem a instala\u00e7\u00e3o de GNV em seus ve\u00edculos. \u201cO GNV, o risco dele \u00e9 a quest\u00e3o do abastecimento, pois trabalha com uma alta press\u00e3o, 220 volts. Ent\u00e3o \u00e9 importante toda pessoa que for fazer uma instala\u00e7\u00e3o, sempre entrar no site do Inmetro para conhecer as empresas credenciadas para evitar problemas futuros\u201d, alerta.<\/p>\n<p>O curso do SENAI tem dura\u00e7\u00e3o de 100 horas e seu investimento \u00e9 no valor de R$ 640,00, parcelado em at\u00e9 6 vezes no cart\u00e3o de cr\u00e9dito ou \u00e0 vista no boleto banc\u00e1rio. De acordo com o instrutor, em m\u00e9dia, o t\u00e9cnico, o instalador engenheiro, ganha R$ 2.500 a 3.500, fora as comiss\u00f5es, dependendo da empresa.<\/p>\n","protected":false},"excerpt":{"rendered":"<p>A Escola SENAI Waldemiro Lustoza est\u00e1 com matr\u00edculas abertas para o novo curso de Instalador de G\u00e1s Natural Veicular, com in\u00edcio previsto para 9 de setembro, na escola localizada no bairro Cachoeirinha. O an\u00fancio foi feito pelo coordenador da escola, professor Jos\u00e9 Alan Moreira. \u201cO curso de GNV (G\u00e1s Natural Veicular), em parceria com a [&hellip;]<\/p>\n","protected":false},"author":9,"featured_media":12844,"comment_status":"open","ping_status":"open","sticky":false,"template":"","format":"standard","meta":{"footnotes":""},"categories":[21,22,23],"tags":[],"class_list":["post-12843","post","type-post","status-publish","format-standard","has-post-thumbnail","hentry","category-news","category-news_destaque","category-publicacoes"],"yoast_head":"<!-- This site is optimized with the Yoast SEO plugin v26.8 - https:\/\/yoast.com\/product\/yoast-seo-wordpress\/ -->\n<title>SENAI anuncia curso de instala\u00e7\u00e3o de GNV - SENAI<\/title>\n<meta name=\"robots\" content=\"index, follow, max-snippet:-1, max-image-preview:large, max-video-preview:-1\" \/>\n<link rel=\"canonical\" href=\"https:\/\/fieam.org.br\/senai\/senai-anuncia-curso-de-instalacao-de-gnv\/\" \/>\n<meta property=\"og:locale\" content=\"pt_BR\" \/>\n<meta property=\"og:type\" content=\"article\" \/>\n<meta property=\"og:title\" content=\"SENAI anuncia curso de instala\u00e7\u00e3o de GNV - SENAI\" \/>\n<meta property=\"og:description\" content=\"A Escola SENAI Waldemiro Lustoza est\u00e1 com matr\u00edculas abertas para o novo curso de Instalador de G\u00e1s Natural Veicular, com in\u00edcio previsto para 9 de setembro, na escola localizada no bairro Cachoeirinha. O an\u00fancio foi feito pelo coordenador da escola, professor Jos\u00e9 Alan Moreira. \u201cO curso de GNV (G\u00e1s Natural Veicular), em parceria com a [&hellip;]\" \/>\n<meta property=\"og:url\" content=\"https:\/\/fieam.org.br\/senai\/senai-anuncia-curso-de-instalacao-de-gnv\/\" \/>\n<meta property=\"og:site_name\" content=\"SENAI\" \/>\n<meta property=\"article:published_time\" content=\"2024-07-22T15:33:42+00:00\" \/>\n<meta property=\"og:image\" content=\"https:\/\/fieam.org.br\/senai\/wp-content\/uploads\/sites\/16\/2024\/07\/O-curso-de-instalador-de-GNV-tem-duracao-de-100-horas-e-inicia-em-9-de-setembro.jpg\" \/>\n\t<meta property=\"og:image:width\" content=\"1500\" \/>\n\t<meta property=\"og:image:height\" content=\"1000\" \/>\n\t<meta property=\"og:image:type\" content=\"image\/jpeg\" \/>\n<meta name=\"author\" content=\"cris\" \/>\n<meta name=\"twitter:card\" content=\"summary_large_image\" \/>\n<meta name=\"twitter:creator\" content=\"@tour-virtual@fieam.org.br\" \/>\n<meta name=\"twitter:label1\" content=\"Escrito por\" \/>\n\t<meta name=\"twitter:data1\" content=\"cris\" \/>\n\t<meta name=\"twitter:label2\" content=\"Est. tempo de leitura\" \/>\n\t<meta name=\"twitter:data2\" content=\"3 minutos\" \/>\n<script type=\"application\/ld+json\" class=\"yoast-schema-graph\">{\"@context\":\"https:\/\/schema.org\",\"@graph\":[{\"@type\":\"Article\",\"@id\":\"https:\/\/fieam.org.br\/senai\/senai-anuncia-curso-de-instalacao-de-gnv\/#article\",\"isPartOf\":{\"@id\":\"https:\/\/fieam.org.br\/senai\/senai-anuncia-curso-de-instalacao-de-gnv\/\"},\"author\":{\"name\":\"cris\",\"@id\":\"https:\/\/fieam.org.br\/senai\/#\/schema\/person\/ff86678b986855fb9f8d2e599eab31ae\"},\"headline\":\"SENAI anuncia curso de instala\u00e7\u00e3o de GNV\",\"datePublished\":\"2024-07-22T15:33:42+00:00\",\"mainEntityOfPage\":{\"@id\":\"https:\/\/fieam.org.br\/senai\/senai-anuncia-curso-de-instalacao-de-gnv\/\"},\"wordCount\":593,\"commentCount\":0,\"publisher\":{\"@id\":\"https:\/\/fieam.org.br\/senai\/#organization\"},\"image\":{\"@id\":\"https:\/\/fieam.org.br\/senai\/senai-anuncia-curso-de-instalacao-de-gnv\/#primaryimage\"},\"thumbnailUrl\":\"https:\/\/fieam.org.br\/senai\/wp-content\/uploads\/sites\/16\/2024\/07\/O-curso-de-instalador-de-GNV-tem-duracao-de-100-horas-e-inicia-em-9-de-setembro.jpg\",\"articleSection\":[\"News\",\"News Destaques\",\"Publica\u00e7\u00f5es\"],\"inLanguage\":\"pt-BR\",\"potentialAction\":[{\"@type\":\"CommentAction\",\"name\":\"Comment\",\"target\":[\"https:\/\/fieam.org.br\/senai\/senai-anuncia-curso-de-instalacao-de-gnv\/#respond\"]}]},{\"@type\":\"WebPage\",\"@id\":\"https:\/\/fieam.org.br\/senai\/senai-anuncia-curso-de-instalacao-de-gnv\/\",\"url\":\"https:\/\/fieam.org.br\/senai\/senai-anuncia-curso-de-instalacao-de-gnv\/\",\"name\":\"SENAI anuncia curso de instala\u00e7\u00e3o de GNV - SENAI\",\"isPartOf\":{\"@id\":\"https:\/\/fieam.org.br\/senai\/#website\"},\"primaryImageOfPage\":{\"@id\":\"https:\/\/fieam.org.br\/senai\/senai-anuncia-curso-de-instalacao-de-gnv\/#primaryimage\"},\"image\":{\"@id\":\"https:\/\/fieam.org.br\/senai\/senai-anuncia-curso-de-instalacao-de-gnv\/#primaryimage\"},\"thumbnailUrl\":\"https:\/\/fieam.org.br\/senai\/wp-content\/uploads\/sites\/16\/2024\/07\/O-curso-de-instalador-de-GNV-tem-duracao-de-100-horas-e-inicia-em-9-de-setembro.jpg\",\"datePublished\":\"2024-07-22T15:33:42+00:00\",\"breadcrumb\":{\"@id\":\"https:\/\/fieam.org.br\/senai\/senai-anuncia-curso-de-instalacao-de-gnv\/#breadcrumb\"},\"inLanguage\":\"pt-BR\",\"potentialAction\":[{\"@type\":\"ReadAction\",\"target\":[\"https:\/\/fieam.org.br\/senai\/senai-anuncia-curso-de-instalacao-de-gnv\/\"]}]},{\"@type\":\"ImageObject\",\"inLanguage\":\"pt-BR\",\"@id\":\"https:\/\/fieam.org.br\/senai\/senai-anuncia-curso-de-instalacao-de-gnv\/#primaryimage\",\"url\":\"https:\/\/fieam.org.br\/senai\/wp-content\/uploads\/sites\/16\/2024\/07\/O-curso-de-instalador-de-GNV-tem-duracao-de-100-horas-e-inicia-em-9-de-setembro.jpg\",\"contentUrl\":\"https:\/\/fieam.org.br\/senai\/wp-content\/uploads\/sites\/16\/2024\/07\/O-curso-de-instalador-de-GNV-tem-duracao-de-100-horas-e-inicia-em-9-de-setembro.jpg\",\"width\":1500,\"height\":1000},{\"@type\":\"BreadcrumbList\",\"@id\":\"https:\/\/fieam.org.br\/senai\/senai-anuncia-curso-de-instalacao-de-gnv\/#breadcrumb\",\"itemListElement\":[{\"@type\":\"ListItem\",\"position\":1,\"name\":\"In\u00edcio\",\"item\":\"https:\/\/fieam.org.br\/senai\/\"},{\"@type\":\"ListItem\",\"position\":2,\"name\":\"SENAI anuncia curso de instala\u00e7\u00e3o de GNV\"}]},{\"@type\":\"WebSite\",\"@id\":\"https:\/\/fieam.org.br\/senai\/#website\",\"url\":\"https:\/\/fieam.org.br\/senai\/\",\"name\":\"SENAI\",\"description\":\"Site Oficial!\",\"publisher\":{\"@id\":\"https:\/\/fieam.org.br\/senai\/#organization\"},\"potentialAction\":[{\"@type\":\"SearchAction\",\"target\":{\"@type\":\"EntryPoint\",\"urlTemplate\":\"https:\/\/fieam.org.br\/senai\/?s={search_term_string}\"},\"query-input\":{\"@type\":\"PropertyValueSpecification\",\"valueRequired\":true,\"valueName\":\"search_term_string\"}}],\"inLanguage\":\"pt-BR\"},{\"@type\":\"Organization\",\"@id\":\"https:\/\/fieam.org.br\/senai\/#organization\",\"name\":\"SENAI\",\"url\":\"https:\/\/fieam.org.br\/senai\/\",\"logo\":{\"@type\":\"ImageObject\",\"inLanguage\":\"pt-BR\",\"@id\":\"https:\/\/fieam.org.br\/senai\/#\/schema\/logo\/image\/\",\"url\":\"https:\/\/fieam.org.br\/senai\/wp-content\/uploads\/sites\/16\/2024\/03\/cropped-fav.png\",\"contentUrl\":\"https:\/\/fieam.org.br\/senai\/wp-content\/uploads\/sites\/16\/2024\/03\/cropped-fav.png\",\"width\":592,\"height\":577,\"caption\":\"SENAI\"},\"image\":{\"@id\":\"https:\/\/fieam.org.br\/senai\/#\/schema\/logo\/image\/\"}},{\"@type\":\"Person\",\"@id\":\"https:\/\/fieam.org.br\/senai\/#\/schema\/person\/ff86678b986855fb9f8d2e599eab31ae\",\"name\":\"cris\",\"image\":{\"@type\":\"ImageObject\",\"inLanguage\":\"pt-BR\",\"@id\":\"https:\/\/fieam.org.br\/senai\/#\/schema\/person\/image\/\",\"url\":\"https:\/\/secure.gravatar.com\/avatar\/e66688f9186abb74f11662d64a816c0971765b5f3721fc721afe90af108548a3?s=96&d=mm&r=g\",\"contentUrl\":\"https:\/\/secure.gravatar.com\/avatar\/e66688f9186abb74f11662d64a816c0971765b5f3721fc721afe90af108548a3?s=96&d=mm&r=g\",\"caption\":\"cris\"},\"sameAs\":[\"https:\/\/x.com\/tour-virtual@fieam.org.br\"],\"url\":\"https:\/\/fieam.org.br\/senai\/author\/cris\/\"}]}<\/script>\n<!-- \/ Yoast SEO plugin. -->","yoast_head_json":{"title":"SENAI anuncia curso de instala\u00e7\u00e3o de GNV - SENAI","robots":{"index":"index","follow":"follow","max-snippet":"max-snippet:-1","max-image-preview":"max-image-preview:large","max-video-preview":"max-video-preview:-1"},"canonical":"https:\/\/fieam.org.br\/senai\/senai-anuncia-curso-de-instalacao-de-gnv\/","og_locale":"pt_BR","og_type":"article","og_title":"SENAI anuncia curso de instala\u00e7\u00e3o de GNV - SENAI","og_description":"A Escola SENAI Waldemiro Lustoza est\u00e1 com matr\u00edculas abertas para o novo curso de Instalador de G\u00e1s Natural Veicular, com in\u00edcio previsto para 9 de setembro, na escola localizada no bairro Cachoeirinha. O an\u00fancio foi feito pelo coordenador da escola, professor Jos\u00e9 Alan Moreira. \u201cO curso de GNV (G\u00e1s Natural Veicular), em parceria com a [&hellip;]","og_url":"https:\/\/fieam.org.br\/senai\/senai-anuncia-curso-de-instalacao-de-gnv\/","og_site_name":"SENAI","article_published_time":"2024-07-22T15:33:42+00:00","og_image":[{"width":1500,"height":1000,"url":"https:\/\/fieam.org.br\/senai\/wp-content\/uploads\/sites\/16\/2024\/07\/O-curso-de-instalador-de-GNV-tem-duracao-de-100-horas-e-inicia-em-9-de-setembro.jpg","type":"image\/jpeg"}],"author":"cris","twitter_card":"summary_large_image","twitter_creator":"@tour-virtual@fieam.org.br","twitter_misc":{"Escrito por":"cris","Est. tempo de leitura":"3 minutos"},"schema":{"@context":"https:\/\/schema.org","@graph":[{"@type":"Article","@id":"https:\/\/fieam.org.br\/senai\/senai-anuncia-curso-de-instalacao-de-gnv\/#article","isPartOf":{"@id":"https:\/\/fieam.org.br\/senai\/senai-anuncia-curso-de-instalacao-de-gnv\/"},"author":{"name":"cris","@id":"https:\/\/fieam.org.br\/senai\/#\/schema\/person\/ff86678b986855fb9f8d2e599eab31ae"},"headline":"SENAI anuncia curso de instala\u00e7\u00e3o de GNV","datePublished":"2024-07-22T15:33:42+00:00","mainEntityOfPage":{"@id":"https:\/\/fieam.org.br\/senai\/senai-anuncia-curso-de-instalacao-de-gnv\/"},"wordCount":593,"commentCount":0,"publisher":{"@id":"https:\/\/fieam.org.br\/senai\/#organization"},"image":{"@id":"https:\/\/fieam.org.br\/senai\/senai-anuncia-curso-de-instalacao-de-gnv\/#primaryimage"},"thumbnailUrl":"https:\/\/fieam.org.br\/senai\/wp-content\/uploads\/sites\/16\/2024\/07\/O-curso-de-instalador-de-GNV-tem-duracao-de-100-horas-e-inicia-em-9-de-setembro.jpg","articleSection":["News","News Destaques","Publica\u00e7\u00f5es"],"inLanguage":"pt-BR","potentialAction":[{"@type":"CommentAction","name":"Comment","target":["https:\/\/fieam.org.br\/senai\/senai-anuncia-curso-de-instalacao-de-gnv\/#respond"]}]},{"@type":"WebPage","@id":"https:\/\/fieam.org.br\/senai\/senai-anuncia-curso-de-instalacao-de-gnv\/","url":"https:\/\/fieam.org.br\/senai\/senai-anuncia-curso-de-instalacao-de-gnv\/","name":"SENAI anuncia curso de instala\u00e7\u00e3o de GNV - SENAI","isPartOf":{"@id":"https:\/\/fieam.org.br\/senai\/#website"},"primaryImageOfPage":{"@id":"https:\/\/fieam.org.br\/senai\/senai-anuncia-curso-de-instalacao-de-gnv\/#primaryimage"},"image":{"@id":"https:\/\/fieam.org.br\/senai\/senai-anuncia-curso-de-instalacao-de-gnv\/#primaryimage"},"thumbnailUrl":"https:\/\/fieam.org.br\/senai\/wp-content\/uploads\/sites\/16\/2024\/07\/O-curso-de-instalador-de-GNV-tem-duracao-de-100-horas-e-inicia-em-9-de-setembro.jpg","datePublished":"2024-07-22T15:33:42+00:00","breadcrumb":{"@id":"https:\/\/fieam.org.br\/senai\/senai-anuncia-curso-de-instalacao-de-gnv\/#breadcrumb"},"inLanguage":"pt-BR","potentialAction":[{"@type":"ReadAction","target":["https:\/\/fieam.org.br\/senai\/senai-anuncia-curso-de-instalacao-de-gnv\/"]}]},{"@type":"ImageObject","inLanguage":"pt-BR","@id":"https:\/\/fieam.org.br\/senai\/senai-anuncia-curso-de-instalacao-de-gnv\/#primaryimage","url":"https:\/\/fieam.org.br\/senai\/wp-content\/uploads\/sites\/16\/2024\/07\/O-curso-de-instalador-de-GNV-tem-duracao-de-100-horas-e-inicia-em-9-de-setembro.jpg","contentUrl":"https:\/\/fieam.org.br\/senai\/wp-content\/uploads\/sites\/16\/2024\/07\/O-curso-de-instalador-de-GNV-tem-duracao-de-100-horas-e-inicia-em-9-de-setembro.jpg","width":1500,"height":1000},{"@type":"BreadcrumbList","@id":"https:\/\/fieam.org.br\/senai\/senai-anuncia-curso-de-instalacao-de-gnv\/#breadcrumb","itemListElement":[{"@type":"ListItem","position":1,"name":"In\u00edcio","item":"https:\/\/fieam.org.br\/senai\/"},{"@type":"ListItem","position":2,"name":"SENAI anuncia curso de instala\u00e7\u00e3o de GNV"}]},{"@type":"WebSite","@id":"https:\/\/fieam.org.br\/senai\/#website","url":"https:\/\/fieam.org.br\/senai\/","name":"SENAI","description":"Site Oficial!","publisher":{"@id":"https:\/\/fieam.org.br\/senai\/#organization"},"potentialAction":[{"@type":"SearchAction","target":{"@type":"EntryPoint","urlTemplate":"https:\/\/fieam.org.br\/senai\/?s={search_term_string}"},"query-input":{"@type":"PropertyValueSpecification","valueRequired":true,"valueName":"search_term_string"}}],"inLanguage":"pt-BR"},{"@type":"Organization","@id":"https:\/\/fieam.org.br\/senai\/#organization","name":"SENAI","url":"https:\/\/fieam.org.br\/senai\/","logo":{"@type":"ImageObject","inLanguage":"pt-BR","@id":"https:\/\/fieam.org.br\/senai\/#\/schema\/logo\/image\/","url":"https:\/\/fieam.org.br\/senai\/wp-content\/uploads\/sites\/16\/2024\/03\/cropped-fav.png","contentUrl":"https:\/\/fieam.org.br\/senai\/wp-content\/uploads\/sites\/16\/2024\/03\/cropped-fav.png","width":592,"height":577,"caption":"SENAI"},"image":{"@id":"https:\/\/fieam.org.br\/senai\/#\/schema\/logo\/image\/"}},{"@type":"Person","@id":"https:\/\/fieam.org.br\/senai\/#\/schema\/person\/ff86678b986855fb9f8d2e599eab31ae","name":"cris","image":{"@type":"ImageObject","inLanguage":"pt-BR","@id":"https:\/\/fieam.org.br\/senai\/#\/schema\/person\/image\/","url":"https:\/\/secure.gravatar.com\/avatar\/e66688f9186abb74f11662d64a816c0971765b5f3721fc721afe90af108548a3?s=96&d=mm&r=g","contentUrl":"https:\/\/secure.gravatar.com\/avatar\/e66688f9186abb74f11662d64a816c0971765b5f3721fc721afe90af108548a3?s=96&d=mm&r=g","caption":"cris"},"sameAs":["https:\/\/x.com\/tour-virtual@fieam.org.br"],"url":"https:\/\/fieam.org.br\/senai\/author\/cris\/"}]}},"_links":{"self":[{"href":"https:\/\/fieam.org.br\/senai\/wp-json\/wp\/v2\/posts\/12843","targetHints":{"allow":["GET"]}}],"collection":[{"href":"https:\/\/fieam.org.br\/senai\/wp-json\/wp\/v2\/posts"}],"about":[{"href":"https:\/\/fieam.org.br\/senai\/wp-json\/wp\/v2\/types\/post"}],"author":[{"embeddable":true,"href":"https:\/\/fieam.org.br\/senai\/wp-json\/wp\/v2\/users\/9"}],"replies":[{"embeddable":true,"href":"https:\/\/fieam.org.br\/senai\/wp-json\/wp\/v2\/comments?post=12843"}],"version-history":[{"count":1,"href":"https:\/\/fieam.org.br\/senai\/wp-json\/wp\/v2\/posts\/12843\/revisions"}],"predecessor-version":[{"id":12847,"href":"https:\/\/fieam.org.br\/senai\/wp-json\/wp\/v2\/posts\/12843\/revisions\/12847"}],"wp:featuredmedia":[{"embeddable":true,"href":"https:\/\/fieam.org.br\/senai\/wp-json\/wp\/v2\/media\/12844"}],"wp:attachment":[{"href":"https:\/\/fieam.org.br\/senai\/wp-json\/wp\/v2\/media?parent=12843"}],"wp:term":[{"taxonomy":"category","embeddable":true,"href":"https:\/\/fieam.org.br\/senai\/wp-json\/wp\/v2\/categories?post=12843"},{"taxonomy":"post_tag","embeddable":true,"href":"https:\/\/fieam.org.br\/senai\/wp-json\/wp\/v2\/tags?post=12843"}],"curies":[{"name":"wp","href":"https:\/\/api.w.org\/{rel}","templated":true}]}}