{"id":12610,"date":"2024-04-11T20:22:57","date_gmt":"2024-04-11T20:22:57","guid":{"rendered":"https:\/\/fieam.org.br\/senai\/?p=12610"},"modified":"2024-04-19T17:20:00","modified_gmt":"2024-04-19T17:20:00","slug":"comunicado-de-processo-seletivo-externo-no-001-2024-cargo-pns-profissional-de-nivel-superior","status":"publish","type":"post","link":"https:\/\/fieam.org.br\/senai\/comunicado-de-processo-seletivo-externo-no-001-2024-cargo-pns-profissional-de-nivel-superior\/","title":{"rendered":"COMUNICADO DE PROCESSO SELETIVO EXTERNO \u2013 N\u00ba 001-2024 \/ CARGO: PNS \u2013 Profissional de N\u00edvel Superior"},"content":{"rendered":"<p><strong>CARGO: <\/strong>PNS \u2013 Profissional de N\u00edvel Superior<\/p>\n<p><strong>OCUPA\u00c7\u00c3O: <\/strong>Analista (vendas)<\/p>\n<p><strong>CARGA HOR\u00c1RIA MENSAL: <\/strong>220 Horas<\/p>\n<p><strong>SAL\u00c1RIO: <\/strong>A combinar<\/p>\n<p>&nbsp;<\/p>\n<p>O Servi\u00e7o Nacional de Aprendizagem Industrial \u2013 SENAI, por meio do Departamento de Gest\u00e3o de Pessoas\/Sele\u00e7\u00e3o de Talentos do Sistema Ind\u00fastria do Estado do Amazonas (FIEAM, SESI, SENAI e IEL), abre inscri\u00e7\u00f5es para preenchimento de 1 (uma) vaga e forma\u00e7\u00e3o de cadastro reserva para lota\u00e7\u00e3o no Instituto SENAI de Inova\u00e7\u00e3o em Microeletr\u00f4nica (ISI-ME) na cidade de Manaus.<\/p>\n<p>&nbsp;<\/p>\n<p><a href=\"https:\/\/fieam.org.br\/senai\/wp-content\/uploads\/sites\/16\/2024\/04\/250124-1-001-2024-PSE-ISI-PNS_ANALISTA-VENDAS_Revisado.pdf\">Clique aqui para obter mais informa\u00e7\u00f5es pertinentes ao processo<\/a><\/p>\n<p><a href=\"https:\/\/fieam.org.br\/senai\/wp-content\/uploads\/sites\/16\/2024\/04\/220224-2-001-2024-Resultado-Parcial-Analise-Documental-PSE-ISI-PNS_ANALISTA-VENDAS_REVISADO-1.pdf\">Resultado Parcial An\u00e1lise Documental &#8211; Etapa 1<\/a><\/p>\n<p><a href=\"https:\/\/fieam.org.br\/senai\/wp-content\/uploads\/sites\/16\/2024\/04\/290224-3-001-2024-RESULT-FINAL-ANALISE-DOCUMENTAL-PSE-ISI-PNS_ANALISTA-VENDAS_Revisado.pdf\">Resultado Final An\u00e1lise Documental &#8211; Etapa 1<\/a><\/p>\n<p><a href=\"https:\/\/fieam.org.br\/senai\/wp-content\/uploads\/sites\/16\/2024\/04\/150424-6-001-2024-Resultado-Parcial-PSE-ISI-PNS_ANALISTA-VENDAS.pdf\">Resultado Parcial &#8211; Etapas 3 e 4\u00a0<\/a><\/p>\n<p><a href=\"https:\/\/fieam.org.br\/senai\/wp-content\/uploads\/sites\/16\/2024\/04\/190424-7-001-2024-Resultado-Final-PSE-ISI-PNS_ANALISTA-VENDAS-002.pdf\">Resultado Final &#8211; Etapas 3 e 4<\/a><\/p>\n<p>&nbsp;<\/p>\n<p>&nbsp;<\/p>\n<p>&nbsp;<\/p>\n<p>&nbsp;<\/p>\n<p>&nbsp;<\/p>\n<p>&nbsp;<\/p>\n<p>&nbsp;<\/p>\n","protected":false},"excerpt":{"rendered":"<p>CARGO: PNS \u2013 Profissional de N\u00edvel Superior OCUPA\u00c7\u00c3O: Analista (vendas) CARGA HOR\u00c1RIA MENSAL: 220 Horas SAL\u00c1RIO: A combinar &nbsp; O Servi\u00e7o Nacional de Aprendizagem Industrial \u2013 SENAI, por meio do Departamento de Gest\u00e3o de Pessoas\/Sele\u00e7\u00e3o de Talentos do Sistema Ind\u00fastria do Estado do Amazonas (FIEAM, SESI, SENAI e IEL), abre inscri\u00e7\u00f5es para preenchimento de 1 [&hellip;]<\/p>\n","protected":false},"author":10,"featured_media":11499,"comment_status":"open","ping_status":"open","sticky":false,"template":"","format":"standard","meta":{"footnotes":""},"categories":[24],"tags":[],"class_list":["post-12610","post","type-post","status-publish","format-standard","has-post-thumbnail","hentry","category-selecao"],"yoast_head":"<!-- This site is optimized with the Yoast SEO plugin v26.8 - https:\/\/yoast.com\/product\/yoast-seo-wordpress\/ -->\n<title>COMUNICADO DE PROCESSO SELETIVO EXTERNO \u2013 N\u00ba 001-2024 \/ CARGO: PNS \u2013 Profissional de N\u00edvel Superior - SENAI<\/title>\n<meta name=\"robots\" content=\"index, follow, max-snippet:-1, max-image-preview:large, max-video-preview:-1\" \/>\n<link rel=\"canonical\" href=\"https:\/\/fieam.org.br\/senai\/comunicado-de-processo-seletivo-externo-no-001-2024-cargo-pns-profissional-de-nivel-superior\/\" \/>\n<meta property=\"og:locale\" content=\"pt_BR\" \/>\n<meta property=\"og:type\" content=\"article\" \/>\n<meta property=\"og:title\" content=\"COMUNICADO DE PROCESSO SELETIVO EXTERNO \u2013 N\u00ba 001-2024 \/ CARGO: PNS \u2013 Profissional de N\u00edvel Superior - SENAI\" \/>\n<meta property=\"og:description\" content=\"CARGO: PNS \u2013 Profissional de N\u00edvel Superior OCUPA\u00c7\u00c3O: Analista (vendas) CARGA HOR\u00c1RIA MENSAL: 220 Horas SAL\u00c1RIO: A combinar &nbsp; O Servi\u00e7o Nacional de Aprendizagem Industrial \u2013 SENAI, por meio do Departamento de Gest\u00e3o de Pessoas\/Sele\u00e7\u00e3o de Talentos do Sistema Ind\u00fastria do Estado do Amazonas (FIEAM, SESI, SENAI e IEL), abre inscri\u00e7\u00f5es para preenchimento de 1 [&hellip;]\" \/>\n<meta property=\"og:url\" content=\"https:\/\/fieam.org.br\/senai\/comunicado-de-processo-seletivo-externo-no-001-2024-cargo-pns-profissional-de-nivel-superior\/\" \/>\n<meta property=\"og:site_name\" content=\"SENAI\" \/>\n<meta property=\"article:published_time\" content=\"2024-04-11T20:22:57+00:00\" \/>\n<meta property=\"article:modified_time\" content=\"2024-04-19T17:20:00+00:00\" \/>\n<meta property=\"og:image\" content=\"https:\/\/fieam.org.br\/senai\/wp-content\/uploads\/sites\/16\/2023\/01\/WhatsApp-Image-2023-01-26-at-13.40.49-1.jpeg\" \/>\n\t<meta property=\"og:image:width\" content=\"1080\" \/>\n\t<meta property=\"og:image:height\" content=\"1080\" \/>\n\t<meta property=\"og:image:type\" content=\"image\/jpeg\" \/>\n<meta name=\"author\" content=\"renatanascimento\" \/>\n<meta name=\"twitter:card\" content=\"summary_large_image\" \/>\n<meta name=\"twitter:label1\" content=\"Escrito por\" \/>\n\t<meta name=\"twitter:data1\" content=\"renatanascimento\" \/>\n\t<meta name=\"twitter:label2\" content=\"Est. tempo de leitura\" \/>\n\t<meta name=\"twitter:data2\" content=\"1 minuto\" \/>\n<script type=\"application\/ld+json\" class=\"yoast-schema-graph\">{\"@context\":\"https:\/\/schema.org\",\"@graph\":[{\"@type\":\"Article\",\"@id\":\"https:\/\/fieam.org.br\/senai\/comunicado-de-processo-seletivo-externo-no-001-2024-cargo-pns-profissional-de-nivel-superior\/#article\",\"isPartOf\":{\"@id\":\"https:\/\/fieam.org.br\/senai\/comunicado-de-processo-seletivo-externo-no-001-2024-cargo-pns-profissional-de-nivel-superior\/\"},\"author\":{\"name\":\"renatanascimento\",\"@id\":\"https:\/\/fieam.org.br\/senai\/#\/schema\/person\/e8d01493455a4a139cdd2515461d480e\"},\"headline\":\"COMUNICADO DE PROCESSO SELETIVO EXTERNO \u2013 N\u00ba 001-2024 \/ CARGO: PNS \u2013 Profissional de N\u00edvel Superior\",\"datePublished\":\"2024-04-11T20:22:57+00:00\",\"dateModified\":\"2024-04-19T17:20:00+00:00\",\"mainEntityOfPage\":{\"@id\":\"https:\/\/fieam.org.br\/senai\/comunicado-de-processo-seletivo-externo-no-001-2024-cargo-pns-profissional-de-nivel-superior\/\"},\"wordCount\":142,\"commentCount\":0,\"publisher\":{\"@id\":\"https:\/\/fieam.org.br\/senai\/#organization\"},\"image\":{\"@id\":\"https:\/\/fieam.org.br\/senai\/comunicado-de-processo-seletivo-externo-no-001-2024-cargo-pns-profissional-de-nivel-superior\/#primaryimage\"},\"thumbnailUrl\":\"https:\/\/fieam.org.br\/senai\/wp-content\/uploads\/sites\/16\/2023\/01\/WhatsApp-Image-2023-01-26-at-13.40.49-1.jpeg\",\"articleSection\":[\"selecao\"],\"inLanguage\":\"pt-BR\",\"potentialAction\":[{\"@type\":\"CommentAction\",\"name\":\"Comment\",\"target\":[\"https:\/\/fieam.org.br\/senai\/comunicado-de-processo-seletivo-externo-no-001-2024-cargo-pns-profissional-de-nivel-superior\/#respond\"]}]},{\"@type\":\"WebPage\",\"@id\":\"https:\/\/fieam.org.br\/senai\/comunicado-de-processo-seletivo-externo-no-001-2024-cargo-pns-profissional-de-nivel-superior\/\",\"url\":\"https:\/\/fieam.org.br\/senai\/comunicado-de-processo-seletivo-externo-no-001-2024-cargo-pns-profissional-de-nivel-superior\/\",\"name\":\"COMUNICADO DE PROCESSO SELETIVO EXTERNO \u2013 N\u00ba 001-2024 \/ CARGO: PNS \u2013 Profissional de N\u00edvel Superior - SENAI\",\"isPartOf\":{\"@id\":\"https:\/\/fieam.org.br\/senai\/#website\"},\"primaryImageOfPage\":{\"@id\":\"https:\/\/fieam.org.br\/senai\/comunicado-de-processo-seletivo-externo-no-001-2024-cargo-pns-profissional-de-nivel-superior\/#primaryimage\"},\"image\":{\"@id\":\"https:\/\/fieam.org.br\/senai\/comunicado-de-processo-seletivo-externo-no-001-2024-cargo-pns-profissional-de-nivel-superior\/#primaryimage\"},\"thumbnailUrl\":\"https:\/\/fieam.org.br\/senai\/wp-content\/uploads\/sites\/16\/2023\/01\/WhatsApp-Image-2023-01-26-at-13.40.49-1.jpeg\",\"datePublished\":\"2024-04-11T20:22:57+00:00\",\"dateModified\":\"2024-04-19T17:20:00+00:00\",\"breadcrumb\":{\"@id\":\"https:\/\/fieam.org.br\/senai\/comunicado-de-processo-seletivo-externo-no-001-2024-cargo-pns-profissional-de-nivel-superior\/#breadcrumb\"},\"inLanguage\":\"pt-BR\",\"potentialAction\":[{\"@type\":\"ReadAction\",\"target\":[\"https:\/\/fieam.org.br\/senai\/comunicado-de-processo-seletivo-externo-no-001-2024-cargo-pns-profissional-de-nivel-superior\/\"]}]},{\"@type\":\"ImageObject\",\"inLanguage\":\"pt-BR\",\"@id\":\"https:\/\/fieam.org.br\/senai\/comunicado-de-processo-seletivo-externo-no-001-2024-cargo-pns-profissional-de-nivel-superior\/#primaryimage\",\"url\":\"https:\/\/fieam.org.br\/senai\/wp-content\/uploads\/sites\/16\/2023\/01\/WhatsApp-Image-2023-01-26-at-13.40.49-1.jpeg\",\"contentUrl\":\"https:\/\/fieam.org.br\/senai\/wp-content\/uploads\/sites\/16\/2023\/01\/WhatsApp-Image-2023-01-26-at-13.40.49-1.jpeg\",\"width\":1080,\"height\":1080},{\"@type\":\"BreadcrumbList\",\"@id\":\"https:\/\/fieam.org.br\/senai\/comunicado-de-processo-seletivo-externo-no-001-2024-cargo-pns-profissional-de-nivel-superior\/#breadcrumb\",\"itemListElement\":[{\"@type\":\"ListItem\",\"position\":1,\"name\":\"In\u00edcio\",\"item\":\"https:\/\/fieam.org.br\/senai\/\"},{\"@type\":\"ListItem\",\"position\":2,\"name\":\"COMUNICADO DE PROCESSO SELETIVO EXTERNO \u2013 N\u00ba 001-2024 \/ CARGO: PNS \u2013 Profissional de N\u00edvel Superior\"}]},{\"@type\":\"WebSite\",\"@id\":\"https:\/\/fieam.org.br\/senai\/#website\",\"url\":\"https:\/\/fieam.org.br\/senai\/\",\"name\":\"SENAI\",\"description\":\"Site Oficial!\",\"publisher\":{\"@id\":\"https:\/\/fieam.org.br\/senai\/#organization\"},\"potentialAction\":[{\"@type\":\"SearchAction\",\"target\":{\"@type\":\"EntryPoint\",\"urlTemplate\":\"https:\/\/fieam.org.br\/senai\/?s={search_term_string}\"},\"query-input\":{\"@type\":\"PropertyValueSpecification\",\"valueRequired\":true,\"valueName\":\"search_term_string\"}}],\"inLanguage\":\"pt-BR\"},{\"@type\":\"Organization\",\"@id\":\"https:\/\/fieam.org.br\/senai\/#organization\",\"name\":\"SENAI\",\"url\":\"https:\/\/fieam.org.br\/senai\/\",\"logo\":{\"@type\":\"ImageObject\",\"inLanguage\":\"pt-BR\",\"@id\":\"https:\/\/fieam.org.br\/senai\/#\/schema\/logo\/image\/\",\"url\":\"https:\/\/fieam.org.br\/senai\/wp-content\/uploads\/sites\/16\/2024\/03\/cropped-fav.png\",\"contentUrl\":\"https:\/\/fieam.org.br\/senai\/wp-content\/uploads\/sites\/16\/2024\/03\/cropped-fav.png\",\"width\":592,\"height\":577,\"caption\":\"SENAI\"},\"image\":{\"@id\":\"https:\/\/fieam.org.br\/senai\/#\/schema\/logo\/image\/\"}},{\"@type\":\"Person\",\"@id\":\"https:\/\/fieam.org.br\/senai\/#\/schema\/person\/e8d01493455a4a139cdd2515461d480e\",\"name\":\"renatanascimento\",\"image\":{\"@type\":\"ImageObject\",\"inLanguage\":\"pt-BR\",\"@id\":\"https:\/\/fieam.org.br\/senai\/#\/schema\/person\/image\/\",\"url\":\"https:\/\/secure.gravatar.com\/avatar\/93de15dc95baaa908fed52352fb797e95971f7518700a292d0fc7ad450ae039d?s=96&d=mm&r=g\",\"contentUrl\":\"https:\/\/secure.gravatar.com\/avatar\/93de15dc95baaa908fed52352fb797e95971f7518700a292d0fc7ad450ae039d?s=96&d=mm&r=g\",\"caption\":\"renatanascimento\"},\"url\":\"https:\/\/fieam.org.br\/senai\/author\/renatanascimento\/\"}]}<\/script>\n<!-- \/ Yoast SEO plugin. -->","yoast_head_json":{"title":"COMUNICADO DE PROCESSO SELETIVO EXTERNO \u2013 N\u00ba 001-2024 \/ CARGO: PNS \u2013 Profissional de N\u00edvel Superior - SENAI","robots":{"index":"index","follow":"follow","max-snippet":"max-snippet:-1","max-image-preview":"max-image-preview:large","max-video-preview":"max-video-preview:-1"},"canonical":"https:\/\/fieam.org.br\/senai\/comunicado-de-processo-seletivo-externo-no-001-2024-cargo-pns-profissional-de-nivel-superior\/","og_locale":"pt_BR","og_type":"article","og_title":"COMUNICADO DE PROCESSO SELETIVO EXTERNO \u2013 N\u00ba 001-2024 \/ CARGO: PNS \u2013 Profissional de N\u00edvel Superior - SENAI","og_description":"CARGO: PNS \u2013 Profissional de N\u00edvel Superior OCUPA\u00c7\u00c3O: Analista (vendas) CARGA HOR\u00c1RIA MENSAL: 220 Horas SAL\u00c1RIO: A combinar &nbsp; O Servi\u00e7o Nacional de Aprendizagem Industrial \u2013 SENAI, por meio do Departamento de Gest\u00e3o de Pessoas\/Sele\u00e7\u00e3o de Talentos do Sistema Ind\u00fastria do Estado do Amazonas (FIEAM, SESI, SENAI e IEL), abre inscri\u00e7\u00f5es para preenchimento de 1 [&hellip;]","og_url":"https:\/\/fieam.org.br\/senai\/comunicado-de-processo-seletivo-externo-no-001-2024-cargo-pns-profissional-de-nivel-superior\/","og_site_name":"SENAI","article_published_time":"2024-04-11T20:22:57+00:00","article_modified_time":"2024-04-19T17:20:00+00:00","og_image":[{"width":1080,"height":1080,"url":"https:\/\/fieam.org.br\/senai\/wp-content\/uploads\/sites\/16\/2023\/01\/WhatsApp-Image-2023-01-26-at-13.40.49-1.jpeg","type":"image\/jpeg"}],"author":"renatanascimento","twitter_card":"summary_large_image","twitter_misc":{"Escrito por":"renatanascimento","Est. tempo de leitura":"1 minuto"},"schema":{"@context":"https:\/\/schema.org","@graph":[{"@type":"Article","@id":"https:\/\/fieam.org.br\/senai\/comunicado-de-processo-seletivo-externo-no-001-2024-cargo-pns-profissional-de-nivel-superior\/#article","isPartOf":{"@id":"https:\/\/fieam.org.br\/senai\/comunicado-de-processo-seletivo-externo-no-001-2024-cargo-pns-profissional-de-nivel-superior\/"},"author":{"name":"renatanascimento","@id":"https:\/\/fieam.org.br\/senai\/#\/schema\/person\/e8d01493455a4a139cdd2515461d480e"},"headline":"COMUNICADO DE PROCESSO SELETIVO EXTERNO \u2013 N\u00ba 001-2024 \/ CARGO: PNS \u2013 Profissional de N\u00edvel Superior","datePublished":"2024-04-11T20:22:57+00:00","dateModified":"2024-04-19T17:20:00+00:00","mainEntityOfPage":{"@id":"https:\/\/fieam.org.br\/senai\/comunicado-de-processo-seletivo-externo-no-001-2024-cargo-pns-profissional-de-nivel-superior\/"},"wordCount":142,"commentCount":0,"publisher":{"@id":"https:\/\/fieam.org.br\/senai\/#organization"},"image":{"@id":"https:\/\/fieam.org.br\/senai\/comunicado-de-processo-seletivo-externo-no-001-2024-cargo-pns-profissional-de-nivel-superior\/#primaryimage"},"thumbnailUrl":"https:\/\/fieam.org.br\/senai\/wp-content\/uploads\/sites\/16\/2023\/01\/WhatsApp-Image-2023-01-26-at-13.40.49-1.jpeg","articleSection":["selecao"],"inLanguage":"pt-BR","potentialAction":[{"@type":"CommentAction","name":"Comment","target":["https:\/\/fieam.org.br\/senai\/comunicado-de-processo-seletivo-externo-no-001-2024-cargo-pns-profissional-de-nivel-superior\/#respond"]}]},{"@type":"WebPage","@id":"https:\/\/fieam.org.br\/senai\/comunicado-de-processo-seletivo-externo-no-001-2024-cargo-pns-profissional-de-nivel-superior\/","url":"https:\/\/fieam.org.br\/senai\/comunicado-de-processo-seletivo-externo-no-001-2024-cargo-pns-profissional-de-nivel-superior\/","name":"COMUNICADO DE PROCESSO SELETIVO EXTERNO \u2013 N\u00ba 001-2024 \/ CARGO: PNS \u2013 Profissional de N\u00edvel Superior - SENAI","isPartOf":{"@id":"https:\/\/fieam.org.br\/senai\/#website"},"primaryImageOfPage":{"@id":"https:\/\/fieam.org.br\/senai\/comunicado-de-processo-seletivo-externo-no-001-2024-cargo-pns-profissional-de-nivel-superior\/#primaryimage"},"image":{"@id":"https:\/\/fieam.org.br\/senai\/comunicado-de-processo-seletivo-externo-no-001-2024-cargo-pns-profissional-de-nivel-superior\/#primaryimage"},"thumbnailUrl":"https:\/\/fieam.org.br\/senai\/wp-content\/uploads\/sites\/16\/2023\/01\/WhatsApp-Image-2023-01-26-at-13.40.49-1.jpeg","datePublished":"2024-04-11T20:22:57+00:00","dateModified":"2024-04-19T17:20:00+00:00","breadcrumb":{"@id":"https:\/\/fieam.org.br\/senai\/comunicado-de-processo-seletivo-externo-no-001-2024-cargo-pns-profissional-de-nivel-superior\/#breadcrumb"},"inLanguage":"pt-BR","potentialAction":[{"@type":"ReadAction","target":["https:\/\/fieam.org.br\/senai\/comunicado-de-processo-seletivo-externo-no-001-2024-cargo-pns-profissional-de-nivel-superior\/"]}]},{"@type":"ImageObject","inLanguage":"pt-BR","@id":"https:\/\/fieam.org.br\/senai\/comunicado-de-processo-seletivo-externo-no-001-2024-cargo-pns-profissional-de-nivel-superior\/#primaryimage","url":"https:\/\/fieam.org.br\/senai\/wp-content\/uploads\/sites\/16\/2023\/01\/WhatsApp-Image-2023-01-26-at-13.40.49-1.jpeg","contentUrl":"https:\/\/fieam.org.br\/senai\/wp-content\/uploads\/sites\/16\/2023\/01\/WhatsApp-Image-2023-01-26-at-13.40.49-1.jpeg","width":1080,"height":1080},{"@type":"BreadcrumbList","@id":"https:\/\/fieam.org.br\/senai\/comunicado-de-processo-seletivo-externo-no-001-2024-cargo-pns-profissional-de-nivel-superior\/#breadcrumb","itemListElement":[{"@type":"ListItem","position":1,"name":"In\u00edcio","item":"https:\/\/fieam.org.br\/senai\/"},{"@type":"ListItem","position":2,"name":"COMUNICADO DE PROCESSO SELETIVO EXTERNO \u2013 N\u00ba 001-2024 \/ CARGO: PNS \u2013 Profissional de N\u00edvel Superior"}]},{"@type":"WebSite","@id":"https:\/\/fieam.org.br\/senai\/#website","url":"https:\/\/fieam.org.br\/senai\/","name":"SENAI","description":"Site Oficial!","publisher":{"@id":"https:\/\/fieam.org.br\/senai\/#organization"},"potentialAction":[{"@type":"SearchAction","target":{"@type":"EntryPoint","urlTemplate":"https:\/\/fieam.org.br\/senai\/?s={search_term_string}"},"query-input":{"@type":"PropertyValueSpecification","valueRequired":true,"valueName":"search_term_string"}}],"inLanguage":"pt-BR"},{"@type":"Organization","@id":"https:\/\/fieam.org.br\/senai\/#organization","name":"SENAI","url":"https:\/\/fieam.org.br\/senai\/","logo":{"@type":"ImageObject","inLanguage":"pt-BR","@id":"https:\/\/fieam.org.br\/senai\/#\/schema\/logo\/image\/","url":"https:\/\/fieam.org.br\/senai\/wp-content\/uploads\/sites\/16\/2024\/03\/cropped-fav.png","contentUrl":"https:\/\/fieam.org.br\/senai\/wp-content\/uploads\/sites\/16\/2024\/03\/cropped-fav.png","width":592,"height":577,"caption":"SENAI"},"image":{"@id":"https:\/\/fieam.org.br\/senai\/#\/schema\/logo\/image\/"}},{"@type":"Person","@id":"https:\/\/fieam.org.br\/senai\/#\/schema\/person\/e8d01493455a4a139cdd2515461d480e","name":"renatanascimento","image":{"@type":"ImageObject","inLanguage":"pt-BR","@id":"https:\/\/fieam.org.br\/senai\/#\/schema\/person\/image\/","url":"https:\/\/secure.gravatar.com\/avatar\/93de15dc95baaa908fed52352fb797e95971f7518700a292d0fc7ad450ae039d?s=96&d=mm&r=g","contentUrl":"https:\/\/secure.gravatar.com\/avatar\/93de15dc95baaa908fed52352fb797e95971f7518700a292d0fc7ad450ae039d?s=96&d=mm&r=g","caption":"renatanascimento"},"url":"https:\/\/fieam.org.br\/senai\/author\/renatanascimento\/"}]}},"_links":{"self":[{"href":"https:\/\/fieam.org.br\/senai\/wp-json\/wp\/v2\/posts\/12610","targetHints":{"allow":["GET"]}}],"collection":[{"href":"https:\/\/fieam.org.br\/senai\/wp-json\/wp\/v2\/posts"}],"about":[{"href":"https:\/\/fieam.org.br\/senai\/wp-json\/wp\/v2\/types\/post"}],"author":[{"embeddable":true,"href":"https:\/\/fieam.org.br\/senai\/wp-json\/wp\/v2\/users\/10"}],"replies":[{"embeddable":true,"href":"https:\/\/fieam.org.br\/senai\/wp-json\/wp\/v2\/comments?post=12610"}],"version-history":[{"count":5,"href":"https:\/\/fieam.org.br\/senai\/wp-json\/wp\/v2\/posts\/12610\/revisions"}],"predecessor-version":[{"id":12643,"href":"https:\/\/fieam.org.br\/senai\/wp-json\/wp\/v2\/posts\/12610\/revisions\/12643"}],"wp:featuredmedia":[{"embeddable":true,"href":"https:\/\/fieam.org.br\/senai\/wp-json\/wp\/v2\/media\/11499"}],"wp:attachment":[{"href":"https:\/\/fieam.org.br\/senai\/wp-json\/wp\/v2\/media?parent=12610"}],"wp:term":[{"taxonomy":"category","embeddable":true,"href":"https:\/\/fieam.org.br\/senai\/wp-json\/wp\/v2\/categories?post=12610"},{"taxonomy":"post_tag","embeddable":true,"href":"https:\/\/fieam.org.br\/senai\/wp-json\/wp\/v2\/tags?post=12610"}],"curies":[{"name":"wp","href":"https:\/\/api.w.org\/{rel}","templated":true}]}}